{"id":9862,"date":"2013-12-06T16:15:10","date_gmt":"2013-12-06T15:15:10","guid":{"rendered":"http:\/\/www.carnico.it\/blog\/?p=9862"},"modified":"2013-12-07T14:09:19","modified_gmt":"2013-12-07T13:09:19","slug":"voci-di-mercato-4","status":"publish","type":"post","link":"https:\/\/2017.carnico.it\/blog\/2013\/12\/06\/voci-di-mercato-4\/","title":{"rendered":"VOCI DI MERCATO 4"},"content":{"rendered":"<p><em><strong>Altra puntata delle voci di mercato presa da &#8220;Il Gazzettino&#8221;. Le voci, naturalemnte si rincorrono e quello di cui si parla oggi potrebbe essere smentito gi\u00e0 domani. E&#8217; la logica del &#8220;si dice&#8221; alla quale non sfugge nemmeno il Carnico&#8230;<\/strong><br \/>\n<\/em>\u00c8 ancora il Villa il grande protagonista del mercato. Dopo il &#8220;colpo&#8221; Pellegrina, ecco un altro nome importante per il reparto avanzato: dalla Moggese arriva Daniele Iob, attaccante in grado di garantire sempre un discreto numero di gol stagionali. Dalla Moggese potrebbe arrivare anche Federico Giorgis, centrale difensivo che non ha bisogno di presentazioni. Ma per la difesa \u00e8 ancora il nome di Rudy Rupil ad essere qualcosa di pi\u00f9 che una semplice voce: alla fine l&#8217;ex giocatore dell&#8217;Ovarese raggiunger\u00e0 l&#8217;accordo col presidente Dorigo ed il prossimo anno vestir\u00e0 l&#8217;arancione.<!--more--><br \/>\nQuell&#8217;arancione, invece, che non sar\u00e0 il colore della prossima maglia dell&#8217;ex illegiano Moris Iob, che non ha chiuso con il Villa e nemmeno col Cavazzo (che lo voleva fortemente). Su di lui allora si sono di nuovo gettati i Mobilieri. Il Real, dal canto suo, dopo aver chiuso con Alessandro Di Marco, cerca un attaccante ed il nome nuovo \u00e8 quello di Daniele Della Pietra, estroso elemento dell&#8217;Ardita. Sempre dall&#8217;Ardita dovrebbe arrivare ad Arta (sponda rossoblu) Nicola Carrera, esterno di grande affidabilit\u00e0 e rendimento.<br \/>\nScendendo in Seconda categoria, l&#8217;Edera, dopo De Marchi, prender\u00e0 dal Rapid anche Marco Burba (centrocampista schierato la scorsa stagione come difensore centrale) e non Andrea Treu, come si era vociferato nei giorni scorsi. Treu, infatti, approder\u00e0 a Verzegnis, alla corte del tecnico Spiluttini, che nel frattempo ha convinto anche l&#8217;attaccante dell&#8217;Amaro Giorgio Petterin, uno che negli anni non ha perso il gusto del gol, ed il centrocampista Mauro Fior.<br \/>\nVoci in attesa di conferme sono quelle di Luigi Lorenzini (richiesto al Comeglians dal Cercivento) e di Daniele Tomat (che da Illegio dovrebbe salire ad Arta).<\/p>\n<p style=\"text-align: right;\">\u00a0\u00a0\u00a0\u00a0\u00a0\u00a0\u00a0\u00a0\u00a0\u00a0\u00a0\u00a0\u00a0\u00a0 Massimo Di Centa<\/p>\n","protected":false},"excerpt":{"rendered":"<p>Altra puntata delle voci di mercato presa da &#8220;Il Gazzettino&#8221;. Le voci, naturalemnte si rincorrono e quello di cui si parla oggi potrebbe essere smentito gi\u00e0 domani. E&#8217; la logica del &#8220;si dice&#8221; alla quale non sfugge nemmeno il Carnico&#8230; \u00c8 ancora il Villa il grande protagonista del mercato. Dopo il &#8220;colpo&#8221; Pellegrina, ecco un [&hellip;]<\/p>\n","protected":false},"author":10,"featured_media":0,"comment_status":"open","ping_status":"closed","sticky":false,"template":"","format":"standard","meta":{"footnotes":""},"categories":[3,5],"tags":[],"class_list":["post-9862","post","type-post","status-publish","format-standard","hentry","category-carnico","category-varie"],"yoast_head":"<!-- This site is optimized with the Yoast SEO plugin v27.3 - https:\/\/yoast.com\/product\/yoast-seo-wordpress\/ -->\n<title>VOCI DI MERCATO 4 - Campionato Carnico 2017<\/title>\n<meta name=\"robots\" content=\"index, follow, max-snippet:-1, max-image-preview:large, max-video-preview:-1\" \/>\n<link rel=\"canonical\" href=\"https:\/\/2017.carnico.it\/blog\/2013\/12\/06\/voci-di-mercato-4\/\" \/>\n<meta property=\"og:locale\" content=\"it_IT\" \/>\n<meta property=\"og:type\" content=\"article\" \/>\n<meta property=\"og:title\" content=\"VOCI DI MERCATO 4 - Campionato Carnico 2017\" \/>\n<meta property=\"og:description\" content=\"Altra puntata delle voci di mercato presa da &#8220;Il Gazzettino&#8221;. Le voci, naturalemnte si rincorrono e quello di cui si parla oggi potrebbe essere smentito gi\u00e0 domani. E&#8217; la logica del &#8220;si dice&#8221; alla quale non sfugge nemmeno il Carnico&#8230; \u00c8 ancora il Villa il grande protagonista del mercato. Dopo il &#8220;colpo&#8221; Pellegrina, ecco un [&hellip;]\" \/>\n<meta property=\"og:url\" content=\"https:\/\/2017.carnico.it\/blog\/2013\/12\/06\/voci-di-mercato-4\/\" \/>\n<meta property=\"og:site_name\" content=\"Campionato Carnico 2017\" \/>\n<meta property=\"article:publisher\" content=\"https:\/\/www.facebook.com\/campionatocarnico\/\" \/>\n<meta property=\"article:published_time\" content=\"2013-12-06T15:15:10+00:00\" \/>\n<meta property=\"article:modified_time\" content=\"2013-12-07T13:09:19+00:00\" \/>\n<meta name=\"author\" content=\"Redazione\" \/>\n<meta name=\"twitter:card\" content=\"summary_large_image\" \/>\n<meta name=\"twitter:label1\" content=\"Scritto da\" \/>\n\t<meta name=\"twitter:data1\" content=\"Redazione\" \/>\n\t<meta name=\"twitter:label2\" content=\"Tempo di lettura stimato\" \/>\n\t<meta name=\"twitter:data2\" content=\"2 minuti\" \/>\n<script type=\"application\/ld+json\" class=\"yoast-schema-graph\">{\"@context\":\"https:\\\/\\\/schema.org\",\"@graph\":[{\"@type\":\"Article\",\"@id\":\"https:\\\/\\\/2017.carnico.it\\\/blog\\\/2013\\\/12\\\/06\\\/voci-di-mercato-4\\\/#article\",\"isPartOf\":{\"@id\":\"https:\\\/\\\/2017.carnico.it\\\/blog\\\/2013\\\/12\\\/06\\\/voci-di-mercato-4\\\/\"},\"author\":{\"name\":\"Redazione\",\"@id\":\"https:\\\/\\\/2017.carnico.it\\\/blog\\\/#\\\/schema\\\/person\\\/a68c764693d96df3238f123ea014e78c\"},\"headline\":\"VOCI DI MERCATO 4\",\"datePublished\":\"2013-12-06T15:15:10+00:00\",\"dateModified\":\"2013-12-07T13:09:19+00:00\",\"mainEntityOfPage\":{\"@id\":\"https:\\\/\\\/2017.carnico.it\\\/blog\\\/2013\\\/12\\\/06\\\/voci-di-mercato-4\\\/\"},\"wordCount\":323,\"commentCount\":0,\"articleSection\":[\"Carnico\",\"Varie\"],\"inLanguage\":\"it-IT\",\"potentialAction\":[{\"@type\":\"CommentAction\",\"name\":\"Comment\",\"target\":[\"https:\\\/\\\/2017.carnico.it\\\/blog\\\/2013\\\/12\\\/06\\\/voci-di-mercato-4\\\/#respond\"]}]},{\"@type\":\"WebPage\",\"@id\":\"https:\\\/\\\/2017.carnico.it\\\/blog\\\/2013\\\/12\\\/06\\\/voci-di-mercato-4\\\/\",\"url\":\"https:\\\/\\\/2017.carnico.it\\\/blog\\\/2013\\\/12\\\/06\\\/voci-di-mercato-4\\\/\",\"name\":\"VOCI DI MERCATO 4 - Campionato Carnico 2017\",\"isPartOf\":{\"@id\":\"https:\\\/\\\/2017.carnico.it\\\/blog\\\/#website\"},\"datePublished\":\"2013-12-06T15:15:10+00:00\",\"dateModified\":\"2013-12-07T13:09:19+00:00\",\"author\":{\"@id\":\"https:\\\/\\\/2017.carnico.it\\\/blog\\\/#\\\/schema\\\/person\\\/a68c764693d96df3238f123ea014e78c\"},\"breadcrumb\":{\"@id\":\"https:\\\/\\\/2017.carnico.it\\\/blog\\\/2013\\\/12\\\/06\\\/voci-di-mercato-4\\\/#breadcrumb\"},\"inLanguage\":\"it-IT\",\"potentialAction\":[{\"@type\":\"ReadAction\",\"target\":[\"https:\\\/\\\/2017.carnico.it\\\/blog\\\/2013\\\/12\\\/06\\\/voci-di-mercato-4\\\/\"]}]},{\"@type\":\"BreadcrumbList\",\"@id\":\"https:\\\/\\\/2017.carnico.it\\\/blog\\\/2013\\\/12\\\/06\\\/voci-di-mercato-4\\\/#breadcrumb\",\"itemListElement\":[{\"@type\":\"ListItem\",\"position\":1,\"name\":\"Home\",\"item\":\"https:\\\/\\\/2017.carnico.it\\\/blog\\\/\"},{\"@type\":\"ListItem\",\"position\":2,\"name\":\"VOCI DI MERCATO 4\"}]},{\"@type\":\"WebSite\",\"@id\":\"https:\\\/\\\/2017.carnico.it\\\/blog\\\/#website\",\"url\":\"https:\\\/\\\/2017.carnico.it\\\/blog\\\/\",\"name\":\"Campionato Carnico 2017\",\"description\":\"Notizie e aggiornamenti in tempo reale sul campionato Carnico\",\"potentialAction\":[{\"@type\":\"SearchAction\",\"target\":{\"@type\":\"EntryPoint\",\"urlTemplate\":\"https:\\\/\\\/2017.carnico.it\\\/blog\\\/?s={search_term_string}\"},\"query-input\":{\"@type\":\"PropertyValueSpecification\",\"valueRequired\":true,\"valueName\":\"search_term_string\"}}],\"inLanguage\":\"it-IT\"},{\"@type\":\"Person\",\"@id\":\"https:\\\/\\\/2017.carnico.it\\\/blog\\\/#\\\/schema\\\/person\\\/a68c764693d96df3238f123ea014e78c\",\"name\":\"Redazione\",\"image\":{\"@type\":\"ImageObject\",\"inLanguage\":\"it-IT\",\"@id\":\"https:\\\/\\\/secure.gravatar.com\\\/avatar\\\/6c05bd4dddbea475e283f76b4aa2d778ecb35c06fd92df5f6e0cac552163e2ac?s=96&d=mm&r=g\",\"url\":\"https:\\\/\\\/secure.gravatar.com\\\/avatar\\\/6c05bd4dddbea475e283f76b4aa2d778ecb35c06fd92df5f6e0cac552163e2ac?s=96&d=mm&r=g\",\"contentUrl\":\"https:\\\/\\\/secure.gravatar.com\\\/avatar\\\/6c05bd4dddbea475e283f76b4aa2d778ecb35c06fd92df5f6e0cac552163e2ac?s=96&d=mm&r=g\",\"caption\":\"Redazione\"},\"url\":\"https:\\\/\\\/2017.carnico.it\\\/blog\\\/author\\\/clyco-admin\\\/\"}]}<\/script>\n<!-- \/ Yoast SEO plugin. -->","yoast_head_json":{"title":"VOCI DI MERCATO 4 - Campionato Carnico 2017","robots":{"index":"index","follow":"follow","max-snippet":"max-snippet:-1","max-image-preview":"max-image-preview:large","max-video-preview":"max-video-preview:-1"},"canonical":"https:\/\/2017.carnico.it\/blog\/2013\/12\/06\/voci-di-mercato-4\/","og_locale":"it_IT","og_type":"article","og_title":"VOCI DI MERCATO 4 - Campionato Carnico 2017","og_description":"Altra puntata delle voci di mercato presa da &#8220;Il Gazzettino&#8221;. Le voci, naturalemnte si rincorrono e quello di cui si parla oggi potrebbe essere smentito gi\u00e0 domani. E&#8217; la logica del &#8220;si dice&#8221; alla quale non sfugge nemmeno il Carnico&#8230; \u00c8 ancora il Villa il grande protagonista del mercato. Dopo il &#8220;colpo&#8221; Pellegrina, ecco un [&hellip;]","og_url":"https:\/\/2017.carnico.it\/blog\/2013\/12\/06\/voci-di-mercato-4\/","og_site_name":"Campionato Carnico 2017","article_publisher":"https:\/\/www.facebook.com\/campionatocarnico\/","article_published_time":"2013-12-06T15:15:10+00:00","article_modified_time":"2013-12-07T13:09:19+00:00","author":"Redazione","twitter_card":"summary_large_image","twitter_misc":{"Scritto da":"Redazione","Tempo di lettura stimato":"2 minuti"},"schema":{"@context":"https:\/\/schema.org","@graph":[{"@type":"Article","@id":"https:\/\/2017.carnico.it\/blog\/2013\/12\/06\/voci-di-mercato-4\/#article","isPartOf":{"@id":"https:\/\/2017.carnico.it\/blog\/2013\/12\/06\/voci-di-mercato-4\/"},"author":{"name":"Redazione","@id":"https:\/\/2017.carnico.it\/blog\/#\/schema\/person\/a68c764693d96df3238f123ea014e78c"},"headline":"VOCI DI MERCATO 4","datePublished":"2013-12-06T15:15:10+00:00","dateModified":"2013-12-07T13:09:19+00:00","mainEntityOfPage":{"@id":"https:\/\/2017.carnico.it\/blog\/2013\/12\/06\/voci-di-mercato-4\/"},"wordCount":323,"commentCount":0,"articleSection":["Carnico","Varie"],"inLanguage":"it-IT","potentialAction":[{"@type":"CommentAction","name":"Comment","target":["https:\/\/2017.carnico.it\/blog\/2013\/12\/06\/voci-di-mercato-4\/#respond"]}]},{"@type":"WebPage","@id":"https:\/\/2017.carnico.it\/blog\/2013\/12\/06\/voci-di-mercato-4\/","url":"https:\/\/2017.carnico.it\/blog\/2013\/12\/06\/voci-di-mercato-4\/","name":"VOCI DI MERCATO 4 - Campionato Carnico 2017","isPartOf":{"@id":"https:\/\/2017.carnico.it\/blog\/#website"},"datePublished":"2013-12-06T15:15:10+00:00","dateModified":"2013-12-07T13:09:19+00:00","author":{"@id":"https:\/\/2017.carnico.it\/blog\/#\/schema\/person\/a68c764693d96df3238f123ea014e78c"},"breadcrumb":{"@id":"https:\/\/2017.carnico.it\/blog\/2013\/12\/06\/voci-di-mercato-4\/#breadcrumb"},"inLanguage":"it-IT","potentialAction":[{"@type":"ReadAction","target":["https:\/\/2017.carnico.it\/blog\/2013\/12\/06\/voci-di-mercato-4\/"]}]},{"@type":"BreadcrumbList","@id":"https:\/\/2017.carnico.it\/blog\/2013\/12\/06\/voci-di-mercato-4\/#breadcrumb","itemListElement":[{"@type":"ListItem","position":1,"name":"Home","item":"https:\/\/2017.carnico.it\/blog\/"},{"@type":"ListItem","position":2,"name":"VOCI DI MERCATO 4"}]},{"@type":"WebSite","@id":"https:\/\/2017.carnico.it\/blog\/#website","url":"https:\/\/2017.carnico.it\/blog\/","name":"Campionato Carnico 2017","description":"Notizie e aggiornamenti in tempo reale sul campionato Carnico","potentialAction":[{"@type":"SearchAction","target":{"@type":"EntryPoint","urlTemplate":"https:\/\/2017.carnico.it\/blog\/?s={search_term_string}"},"query-input":{"@type":"PropertyValueSpecification","valueRequired":true,"valueName":"search_term_string"}}],"inLanguage":"it-IT"},{"@type":"Person","@id":"https:\/\/2017.carnico.it\/blog\/#\/schema\/person\/a68c764693d96df3238f123ea014e78c","name":"Redazione","image":{"@type":"ImageObject","inLanguage":"it-IT","@id":"https:\/\/secure.gravatar.com\/avatar\/6c05bd4dddbea475e283f76b4aa2d778ecb35c06fd92df5f6e0cac552163e2ac?s=96&d=mm&r=g","url":"https:\/\/secure.gravatar.com\/avatar\/6c05bd4dddbea475e283f76b4aa2d778ecb35c06fd92df5f6e0cac552163e2ac?s=96&d=mm&r=g","contentUrl":"https:\/\/secure.gravatar.com\/avatar\/6c05bd4dddbea475e283f76b4aa2d778ecb35c06fd92df5f6e0cac552163e2ac?s=96&d=mm&r=g","caption":"Redazione"},"url":"https:\/\/2017.carnico.it\/blog\/author\/clyco-admin\/"}]}},"_links":{"self":[{"href":"https:\/\/2017.carnico.it\/blog\/wp-json\/wp\/v2\/posts\/9862","targetHints":{"allow":["GET"]}}],"collection":[{"href":"https:\/\/2017.carnico.it\/blog\/wp-json\/wp\/v2\/posts"}],"about":[{"href":"https:\/\/2017.carnico.it\/blog\/wp-json\/wp\/v2\/types\/post"}],"author":[{"embeddable":true,"href":"https:\/\/2017.carnico.it\/blog\/wp-json\/wp\/v2\/users\/10"}],"replies":[{"embeddable":true,"href":"https:\/\/2017.carnico.it\/blog\/wp-json\/wp\/v2\/comments?post=9862"}],"version-history":[{"count":2,"href":"https:\/\/2017.carnico.it\/blog\/wp-json\/wp\/v2\/posts\/9862\/revisions"}],"predecessor-version":[{"id":9865,"href":"https:\/\/2017.carnico.it\/blog\/wp-json\/wp\/v2\/posts\/9862\/revisions\/9865"}],"wp:attachment":[{"href":"https:\/\/2017.carnico.it\/blog\/wp-json\/wp\/v2\/media?parent=9862"}],"wp:term":[{"taxonomy":"category","embeddable":true,"href":"https:\/\/2017.carnico.it\/blog\/wp-json\/wp\/v2\/categories?post=9862"},{"taxonomy":"post_tag","embeddable":true,"href":"https:\/\/2017.carnico.it\/blog\/wp-json\/wp\/v2\/tags?post=9862"}],"curies":[{"name":"wp","href":"https:\/\/api.w.org\/{rel}","templated":true}]}}