{"id":9845,"date":"2013-11-19T14:56:15","date_gmt":"2013-11-19T13:56:15","guid":{"rendered":"http:\/\/www.carnico.it\/blog\/?p=9845"},"modified":"2013-11-25T18:32:51","modified_gmt":"2013-11-25T17:32:51","slug":"voci-di-mercato-3","status":"publish","type":"post","link":"https:\/\/2017.carnico.it\/blog\/2013\/11\/19\/voci-di-mercato-3\/","title":{"rendered":"VOCI DI MERCATO 3"},"content":{"rendered":"<p><em><strong>Ancora spifferi di mercato dalle pagine de &#8220;Il Gazzettino&#8221; &#8230;<\/strong><\/em><\/p>\n<p>In attesa dell\u2019assemblea delle societ\u00e0 (domenica 24, ore 10, a Lauco, presso la \u201cCasa del Popolo\u201d), ancora spifferi di mercato del Carnico, mercato che di certo potrebbe prendere, per qualche squadra, una piega diversa se proprio nell\u2019assemblea sar\u00e0 ufficializzata l\u2019abolizione della regola relativa ai giovani da schierare. E andiamo coi rumors: il Cedarchis risolve il problema portiere e allenatore con due \u2026 conferme: Simone Gonano rester\u00e0 in giallorosso, mentre Luciano Candoni (affiancato da Caludio Pradolin) continuer\u00e0 il suo lavoro sulla panchina dei campioni.<!--more--> Restando ad Arta, qualche movimento anche sulla sponda rossoblu: Matteo Adami (scudettato la scorsa stagione col Cedarchis) e Matteo Veritti (reduce dall\u2019esperienza con l\u2019Illegiana) sono nomi \u201ccaldi\u201d: due giovani (ma gi\u00e0 con buona esperienza) che rinforzerebbero la rosa mantenendo bassa l\u2019et\u00e0 media. Un ex di Arta e Cedarchis, ovvero Giuliano Candoni \u00e8 la punta che serviva al Paluzza e che dovrebbe approdare alla corte di Francesco Moser. La societ\u00e0 nerazzurra \u00e8 poi alla ricerca di un centrale difensivo di esperienza ma qui il discorso diventa complicato, con alcune richieste (Pagavino del Bordano e Stramondo del Cedarchis) che per\u00f2 appaiono obiettivi di difficile attuazione. In Seconda categoria, attivissima \u00e8 l\u2019Edera, che ha gi\u00e0 messo a segno tre colpi importanti: dal Malborghetto \u00e8 arrivato il portiere Andrea Kravanja, desideroso di rivincite personali, mentre dal Rapid ecco una coppia che dovrebbe portare esperienza e gol: Giordano De Marchi, attaccante, ed Andrea Treu, difensore o centrocampista abilissimo nei calci piazzati.<br \/>\nMassimo Di Centa<\/p>\n","protected":false},"excerpt":{"rendered":"<p>Ancora spifferi di mercato dalle pagine de &#8220;Il Gazzettino&#8221; &#8230; In attesa dell\u2019assemblea delle societ\u00e0 (domenica 24, ore 10, a Lauco, presso la \u201cCasa del Popolo\u201d), ancora spifferi di mercato del Carnico, mercato che di certo potrebbe prendere, per qualche squadra, una piega diversa se proprio nell\u2019assemblea sar\u00e0 ufficializzata l\u2019abolizione della regola relativa ai giovani [&hellip;]<\/p>\n","protected":false},"author":10,"featured_media":0,"comment_status":"open","ping_status":"closed","sticky":false,"template":"","format":"standard","meta":{"footnotes":""},"categories":[3,5],"tags":[],"class_list":["post-9845","post","type-post","status-publish","format-standard","hentry","category-carnico","category-varie"],"yoast_head":"<!-- This site is optimized with the Yoast SEO plugin v27.3 - https:\/\/yoast.com\/product\/yoast-seo-wordpress\/ -->\n<title>VOCI DI MERCATO 3 - Campionato Carnico 2017<\/title>\n<meta name=\"robots\" content=\"index, follow, max-snippet:-1, max-image-preview:large, max-video-preview:-1\" \/>\n<link rel=\"canonical\" href=\"https:\/\/2017.carnico.it\/blog\/2013\/11\/19\/voci-di-mercato-3\/\" \/>\n<meta property=\"og:locale\" content=\"it_IT\" \/>\n<meta property=\"og:type\" content=\"article\" \/>\n<meta property=\"og:title\" content=\"VOCI DI MERCATO 3 - Campionato Carnico 2017\" \/>\n<meta property=\"og:description\" content=\"Ancora spifferi di mercato dalle pagine de &#8220;Il Gazzettino&#8221; &#8230; In attesa dell\u2019assemblea delle societ\u00e0 (domenica 24, ore 10, a Lauco, presso la \u201cCasa del Popolo\u201d), ancora spifferi di mercato del Carnico, mercato che di certo potrebbe prendere, per qualche squadra, una piega diversa se proprio nell\u2019assemblea sar\u00e0 ufficializzata l\u2019abolizione della regola relativa ai giovani [&hellip;]\" \/>\n<meta property=\"og:url\" content=\"https:\/\/2017.carnico.it\/blog\/2013\/11\/19\/voci-di-mercato-3\/\" \/>\n<meta property=\"og:site_name\" content=\"Campionato Carnico 2017\" \/>\n<meta property=\"article:publisher\" content=\"https:\/\/www.facebook.com\/campionatocarnico\/\" \/>\n<meta property=\"article:published_time\" content=\"2013-11-19T13:56:15+00:00\" \/>\n<meta property=\"article:modified_time\" content=\"2013-11-25T17:32:51+00:00\" \/>\n<meta name=\"author\" content=\"Redazione\" \/>\n<meta name=\"twitter:card\" content=\"summary_large_image\" \/>\n<meta name=\"twitter:label1\" content=\"Scritto da\" \/>\n\t<meta name=\"twitter:data1\" content=\"Redazione\" \/>\n\t<meta name=\"twitter:label2\" content=\"Tempo di lettura stimato\" \/>\n\t<meta name=\"twitter:data2\" content=\"1 minuto\" \/>\n<script type=\"application\/ld+json\" class=\"yoast-schema-graph\">{\"@context\":\"https:\\\/\\\/schema.org\",\"@graph\":[{\"@type\":\"Article\",\"@id\":\"https:\\\/\\\/2017.carnico.it\\\/blog\\\/2013\\\/11\\\/19\\\/voci-di-mercato-3\\\/#article\",\"isPartOf\":{\"@id\":\"https:\\\/\\\/2017.carnico.it\\\/blog\\\/2013\\\/11\\\/19\\\/voci-di-mercato-3\\\/\"},\"author\":{\"name\":\"Redazione\",\"@id\":\"https:\\\/\\\/2017.carnico.it\\\/blog\\\/#\\\/schema\\\/person\\\/a68c764693d96df3238f123ea014e78c\"},\"headline\":\"VOCI DI MERCATO 3\",\"datePublished\":\"2013-11-19T13:56:15+00:00\",\"dateModified\":\"2013-11-25T17:32:51+00:00\",\"mainEntityOfPage\":{\"@id\":\"https:\\\/\\\/2017.carnico.it\\\/blog\\\/2013\\\/11\\\/19\\\/voci-di-mercato-3\\\/\"},\"wordCount\":254,\"commentCount\":24,\"articleSection\":[\"Carnico\",\"Varie\"],\"inLanguage\":\"it-IT\",\"potentialAction\":[{\"@type\":\"CommentAction\",\"name\":\"Comment\",\"target\":[\"https:\\\/\\\/2017.carnico.it\\\/blog\\\/2013\\\/11\\\/19\\\/voci-di-mercato-3\\\/#respond\"]}]},{\"@type\":\"WebPage\",\"@id\":\"https:\\\/\\\/2017.carnico.it\\\/blog\\\/2013\\\/11\\\/19\\\/voci-di-mercato-3\\\/\",\"url\":\"https:\\\/\\\/2017.carnico.it\\\/blog\\\/2013\\\/11\\\/19\\\/voci-di-mercato-3\\\/\",\"name\":\"VOCI DI MERCATO 3 - Campionato Carnico 2017\",\"isPartOf\":{\"@id\":\"https:\\\/\\\/2017.carnico.it\\\/blog\\\/#website\"},\"datePublished\":\"2013-11-19T13:56:15+00:00\",\"dateModified\":\"2013-11-25T17:32:51+00:00\",\"author\":{\"@id\":\"https:\\\/\\\/2017.carnico.it\\\/blog\\\/#\\\/schema\\\/person\\\/a68c764693d96df3238f123ea014e78c\"},\"breadcrumb\":{\"@id\":\"https:\\\/\\\/2017.carnico.it\\\/blog\\\/2013\\\/11\\\/19\\\/voci-di-mercato-3\\\/#breadcrumb\"},\"inLanguage\":\"it-IT\",\"potentialAction\":[{\"@type\":\"ReadAction\",\"target\":[\"https:\\\/\\\/2017.carnico.it\\\/blog\\\/2013\\\/11\\\/19\\\/voci-di-mercato-3\\\/\"]}]},{\"@type\":\"BreadcrumbList\",\"@id\":\"https:\\\/\\\/2017.carnico.it\\\/blog\\\/2013\\\/11\\\/19\\\/voci-di-mercato-3\\\/#breadcrumb\",\"itemListElement\":[{\"@type\":\"ListItem\",\"position\":1,\"name\":\"Home\",\"item\":\"https:\\\/\\\/2017.carnico.it\\\/blog\\\/\"},{\"@type\":\"ListItem\",\"position\":2,\"name\":\"VOCI DI MERCATO 3\"}]},{\"@type\":\"WebSite\",\"@id\":\"https:\\\/\\\/2017.carnico.it\\\/blog\\\/#website\",\"url\":\"https:\\\/\\\/2017.carnico.it\\\/blog\\\/\",\"name\":\"Campionato Carnico 2017\",\"description\":\"Notizie e aggiornamenti in tempo reale sul campionato Carnico\",\"potentialAction\":[{\"@type\":\"SearchAction\",\"target\":{\"@type\":\"EntryPoint\",\"urlTemplate\":\"https:\\\/\\\/2017.carnico.it\\\/blog\\\/?s={search_term_string}\"},\"query-input\":{\"@type\":\"PropertyValueSpecification\",\"valueRequired\":true,\"valueName\":\"search_term_string\"}}],\"inLanguage\":\"it-IT\"},{\"@type\":\"Person\",\"@id\":\"https:\\\/\\\/2017.carnico.it\\\/blog\\\/#\\\/schema\\\/person\\\/a68c764693d96df3238f123ea014e78c\",\"name\":\"Redazione\",\"image\":{\"@type\":\"ImageObject\",\"inLanguage\":\"it-IT\",\"@id\":\"https:\\\/\\\/secure.gravatar.com\\\/avatar\\\/6c05bd4dddbea475e283f76b4aa2d778ecb35c06fd92df5f6e0cac552163e2ac?s=96&d=mm&r=g\",\"url\":\"https:\\\/\\\/secure.gravatar.com\\\/avatar\\\/6c05bd4dddbea475e283f76b4aa2d778ecb35c06fd92df5f6e0cac552163e2ac?s=96&d=mm&r=g\",\"contentUrl\":\"https:\\\/\\\/secure.gravatar.com\\\/avatar\\\/6c05bd4dddbea475e283f76b4aa2d778ecb35c06fd92df5f6e0cac552163e2ac?s=96&d=mm&r=g\",\"caption\":\"Redazione\"},\"url\":\"https:\\\/\\\/2017.carnico.it\\\/blog\\\/author\\\/clyco-admin\\\/\"}]}<\/script>\n<!-- \/ Yoast SEO plugin. -->","yoast_head_json":{"title":"VOCI DI MERCATO 3 - Campionato Carnico 2017","robots":{"index":"index","follow":"follow","max-snippet":"max-snippet:-1","max-image-preview":"max-image-preview:large","max-video-preview":"max-video-preview:-1"},"canonical":"https:\/\/2017.carnico.it\/blog\/2013\/11\/19\/voci-di-mercato-3\/","og_locale":"it_IT","og_type":"article","og_title":"VOCI DI MERCATO 3 - Campionato Carnico 2017","og_description":"Ancora spifferi di mercato dalle pagine de &#8220;Il Gazzettino&#8221; &#8230; In attesa dell\u2019assemblea delle societ\u00e0 (domenica 24, ore 10, a Lauco, presso la \u201cCasa del Popolo\u201d), ancora spifferi di mercato del Carnico, mercato che di certo potrebbe prendere, per qualche squadra, una piega diversa se proprio nell\u2019assemblea sar\u00e0 ufficializzata l\u2019abolizione della regola relativa ai giovani [&hellip;]","og_url":"https:\/\/2017.carnico.it\/blog\/2013\/11\/19\/voci-di-mercato-3\/","og_site_name":"Campionato Carnico 2017","article_publisher":"https:\/\/www.facebook.com\/campionatocarnico\/","article_published_time":"2013-11-19T13:56:15+00:00","article_modified_time":"2013-11-25T17:32:51+00:00","author":"Redazione","twitter_card":"summary_large_image","twitter_misc":{"Scritto da":"Redazione","Tempo di lettura stimato":"1 minuto"},"schema":{"@context":"https:\/\/schema.org","@graph":[{"@type":"Article","@id":"https:\/\/2017.carnico.it\/blog\/2013\/11\/19\/voci-di-mercato-3\/#article","isPartOf":{"@id":"https:\/\/2017.carnico.it\/blog\/2013\/11\/19\/voci-di-mercato-3\/"},"author":{"name":"Redazione","@id":"https:\/\/2017.carnico.it\/blog\/#\/schema\/person\/a68c764693d96df3238f123ea014e78c"},"headline":"VOCI DI MERCATO 3","datePublished":"2013-11-19T13:56:15+00:00","dateModified":"2013-11-25T17:32:51+00:00","mainEntityOfPage":{"@id":"https:\/\/2017.carnico.it\/blog\/2013\/11\/19\/voci-di-mercato-3\/"},"wordCount":254,"commentCount":24,"articleSection":["Carnico","Varie"],"inLanguage":"it-IT","potentialAction":[{"@type":"CommentAction","name":"Comment","target":["https:\/\/2017.carnico.it\/blog\/2013\/11\/19\/voci-di-mercato-3\/#respond"]}]},{"@type":"WebPage","@id":"https:\/\/2017.carnico.it\/blog\/2013\/11\/19\/voci-di-mercato-3\/","url":"https:\/\/2017.carnico.it\/blog\/2013\/11\/19\/voci-di-mercato-3\/","name":"VOCI DI MERCATO 3 - Campionato Carnico 2017","isPartOf":{"@id":"https:\/\/2017.carnico.it\/blog\/#website"},"datePublished":"2013-11-19T13:56:15+00:00","dateModified":"2013-11-25T17:32:51+00:00","author":{"@id":"https:\/\/2017.carnico.it\/blog\/#\/schema\/person\/a68c764693d96df3238f123ea014e78c"},"breadcrumb":{"@id":"https:\/\/2017.carnico.it\/blog\/2013\/11\/19\/voci-di-mercato-3\/#breadcrumb"},"inLanguage":"it-IT","potentialAction":[{"@type":"ReadAction","target":["https:\/\/2017.carnico.it\/blog\/2013\/11\/19\/voci-di-mercato-3\/"]}]},{"@type":"BreadcrumbList","@id":"https:\/\/2017.carnico.it\/blog\/2013\/11\/19\/voci-di-mercato-3\/#breadcrumb","itemListElement":[{"@type":"ListItem","position":1,"name":"Home","item":"https:\/\/2017.carnico.it\/blog\/"},{"@type":"ListItem","position":2,"name":"VOCI DI MERCATO 3"}]},{"@type":"WebSite","@id":"https:\/\/2017.carnico.it\/blog\/#website","url":"https:\/\/2017.carnico.it\/blog\/","name":"Campionato Carnico 2017","description":"Notizie e aggiornamenti in tempo reale sul campionato Carnico","potentialAction":[{"@type":"SearchAction","target":{"@type":"EntryPoint","urlTemplate":"https:\/\/2017.carnico.it\/blog\/?s={search_term_string}"},"query-input":{"@type":"PropertyValueSpecification","valueRequired":true,"valueName":"search_term_string"}}],"inLanguage":"it-IT"},{"@type":"Person","@id":"https:\/\/2017.carnico.it\/blog\/#\/schema\/person\/a68c764693d96df3238f123ea014e78c","name":"Redazione","image":{"@type":"ImageObject","inLanguage":"it-IT","@id":"https:\/\/secure.gravatar.com\/avatar\/6c05bd4dddbea475e283f76b4aa2d778ecb35c06fd92df5f6e0cac552163e2ac?s=96&d=mm&r=g","url":"https:\/\/secure.gravatar.com\/avatar\/6c05bd4dddbea475e283f76b4aa2d778ecb35c06fd92df5f6e0cac552163e2ac?s=96&d=mm&r=g","contentUrl":"https:\/\/secure.gravatar.com\/avatar\/6c05bd4dddbea475e283f76b4aa2d778ecb35c06fd92df5f6e0cac552163e2ac?s=96&d=mm&r=g","caption":"Redazione"},"url":"https:\/\/2017.carnico.it\/blog\/author\/clyco-admin\/"}]}},"_links":{"self":[{"href":"https:\/\/2017.carnico.it\/blog\/wp-json\/wp\/v2\/posts\/9845","targetHints":{"allow":["GET"]}}],"collection":[{"href":"https:\/\/2017.carnico.it\/blog\/wp-json\/wp\/v2\/posts"}],"about":[{"href":"https:\/\/2017.carnico.it\/blog\/wp-json\/wp\/v2\/types\/post"}],"author":[{"embeddable":true,"href":"https:\/\/2017.carnico.it\/blog\/wp-json\/wp\/v2\/users\/10"}],"replies":[{"embeddable":true,"href":"https:\/\/2017.carnico.it\/blog\/wp-json\/wp\/v2\/comments?post=9845"}],"version-history":[{"count":2,"href":"https:\/\/2017.carnico.it\/blog\/wp-json\/wp\/v2\/posts\/9845\/revisions"}],"predecessor-version":[{"id":9848,"href":"https:\/\/2017.carnico.it\/blog\/wp-json\/wp\/v2\/posts\/9845\/revisions\/9848"}],"wp:attachment":[{"href":"https:\/\/2017.carnico.it\/blog\/wp-json\/wp\/v2\/media?parent=9845"}],"wp:term":[{"taxonomy":"category","embeddable":true,"href":"https:\/\/2017.carnico.it\/blog\/wp-json\/wp\/v2\/categories?post=9845"},{"taxonomy":"post_tag","embeddable":true,"href":"https:\/\/2017.carnico.it\/blog\/wp-json\/wp\/v2\/tags?post=9845"}],"curies":[{"name":"wp","href":"https:\/\/api.w.org\/{rel}","templated":true}]}}