{"id":9829,"date":"2013-11-07T18:44:52","date_gmt":"2013-11-07T17:44:52","guid":{"rendered":"http:\/\/www.carnico.it\/blog\/?p=9829"},"modified":"2013-11-07T18:44:52","modified_gmt":"2013-11-07T17:44:52","slug":"voci-di-mercato","status":"publish","type":"post","link":"https:\/\/2017.carnico.it\/blog\/2013\/11\/07\/voci-di-mercato\/","title":{"rendered":"VOCI DI MERCATO"},"content":{"rendered":"<div id=\"attachment_9830\" style=\"width: 310px\" class=\"wp-caption alignleft\"><a href=\"https:\/\/www.carnico.it\/blog\/2013\/11\/07\/voci-di-mercato\/vezzi-pochero\/\" rel=\"attachment wp-att-9830\"><img loading=\"lazy\" decoding=\"async\" aria-describedby=\"caption-attachment-9830\" class=\"size-medium wp-image-9830\" alt=\"Pochero e Vezzi:compagni nel Villa del prossimo anno?\" src=\"https:\/\/www.carnico.it\/blog\/wp-content\/uploads\/2013\/11\/vezzi-pochero-300x200.jpg\" width=\"300\" height=\"200\" srcset=\"https:\/\/2017.carnico.it\/blog\/wp-content\/uploads\/2013\/11\/vezzi-pochero-300x200.jpg 300w, https:\/\/2017.carnico.it\/blog\/wp-content\/uploads\/2013\/11\/vezzi-pochero-450x300.jpg 450w, https:\/\/2017.carnico.it\/blog\/wp-content\/uploads\/2013\/11\/vezzi-pochero-630x420.jpg 630w, https:\/\/2017.carnico.it\/blog\/wp-content\/uploads\/2013\/11\/vezzi-pochero.jpg 960w\" sizes=\"auto, (max-width: 300px) 100vw, 300px\" \/><\/a><p id=\"caption-attachment-9830\" class=\"wp-caption-text\">Pochero e Vezzi: compagni nel Villa del prossimo anno?<\/p><\/div>\n<p style=\"text-align: left;\"><em><strong>Da &#8220;Il Gazzettino&#8221;<\/strong><\/em><\/p>\n<p style=\"text-align: left;\">Non sono sole le voci circa le squadre a rischio iscrizione a movimentare l\u2019autunno del calcio carnico, ma anche quelle relative ai trasferimenti . Tra le societ\u00e0 pi\u00f9 attive c\u2019\u00e8 il Villa, che dopo la delusione dello scorso anno cerca i rinforzi per riprovarci, soprattutto in considerazione del fatto che alcuni dei protagonisti dell\u2019ultima stagione potrebbero non fermarsi in arancione: \u00e8 il caso di Alessandro Agostinis, Lancerotto, Piu e Di Lenarda, tutti alle prese con problematiche di permanenza diverse. <!--more-->Ecco che allora il presidente Dorigo su indicazione del confermato tecnico Barburini, sta sondando varie ipotesi: per il reparto avanzato si cerca di convincere Stefano Moro (neo campione col Cedarchis), gi\u00e0 cercato nelle scorse stagioni. Un pensiero come si dice da tempo, \u00e8 stato fatto anche per Loris Vezzi, talentino del Cercivento, che molto bene ha fatto nel campionato juniores, nel quale era in prestito proprio al Villa, anche se le ultime voci lo vogliono vicinissimo alla permanenza in maglia biancorossa.Per la difesa , il sogno riamane Rudi Rupil, dell\u2019Ovarese, acquisto che sarebbe graditissimo a Barburini. Anche i Mobilieri, sull\u2019onda del bel campionato disputato, stanno pensando di sistemare alcuni ruoli, insistendo per\u00f2 nella valorizzazione dei tanti giovani provenienti dal vivaio: i nomi pi\u00f9 caldi sono quelli di Davide Urban del Real I.C., giocatore in grado di agire sia da centrocampista avanzato che da seconda punta , e di Moris Iob dell\u2019Illegiana. Le tre neo promosse in Prima, Arta, Folgore e Fusca sono alla ricerca di giocatori esperti ed affidabili; la societ\u00e0 di Curiedi si \u00e8 gi\u00e0 assicurata il difensore Lorenzo Simonetti, ex Arta e quest\u2019anno al Cedarchis.<br \/>\nMassimo Di Centa<\/p>\n","protected":false},"excerpt":{"rendered":"<p>Da &#8220;Il Gazzettino&#8221; Non sono sole le voci circa le squadre a rischio iscrizione a movimentare l\u2019autunno del calcio carnico, ma anche quelle relative ai trasferimenti . Tra le societ\u00e0 pi\u00f9 attive c\u2019\u00e8 il Villa, che dopo la delusione dello scorso anno cerca i rinforzi per riprovarci, soprattutto in considerazione del fatto che alcuni dei [&hellip;]<\/p>\n","protected":false},"author":10,"featured_media":0,"comment_status":"open","ping_status":"closed","sticky":false,"template":"","format":"standard","meta":{"footnotes":""},"categories":[3,5],"tags":[],"class_list":["post-9829","post","type-post","status-publish","format-standard","hentry","category-carnico","category-varie"],"yoast_head":"<!-- This site is optimized with the Yoast SEO plugin v27.3 - https:\/\/yoast.com\/product\/yoast-seo-wordpress\/ -->\n<title>VOCI DI MERCATO - Campionato Carnico 2017<\/title>\n<meta name=\"robots\" content=\"index, follow, max-snippet:-1, max-image-preview:large, max-video-preview:-1\" \/>\n<link rel=\"canonical\" href=\"https:\/\/2017.carnico.it\/blog\/2013\/11\/07\/voci-di-mercato\/\" \/>\n<meta property=\"og:locale\" content=\"it_IT\" \/>\n<meta property=\"og:type\" content=\"article\" \/>\n<meta property=\"og:title\" content=\"VOCI DI MERCATO - Campionato Carnico 2017\" \/>\n<meta property=\"og:description\" content=\"Da &#8220;Il Gazzettino&#8221; Non sono sole le voci circa le squadre a rischio iscrizione a movimentare l\u2019autunno del calcio carnico, ma anche quelle relative ai trasferimenti . Tra le societ\u00e0 pi\u00f9 attive c\u2019\u00e8 il Villa, che dopo la delusione dello scorso anno cerca i rinforzi per riprovarci, soprattutto in considerazione del fatto che alcuni dei [&hellip;]\" \/>\n<meta property=\"og:url\" content=\"https:\/\/2017.carnico.it\/blog\/2013\/11\/07\/voci-di-mercato\/\" \/>\n<meta property=\"og:site_name\" content=\"Campionato Carnico 2017\" \/>\n<meta property=\"article:publisher\" content=\"https:\/\/www.facebook.com\/campionatocarnico\/\" \/>\n<meta property=\"article:published_time\" content=\"2013-11-07T17:44:52+00:00\" \/>\n<meta property=\"og:image\" content=\"https:\/\/www.carnico.it\/blog\/wp-content\/uploads\/2013\/11\/vezzi-pochero-300x200.jpg\" \/>\n<meta name=\"author\" content=\"Redazione\" \/>\n<meta name=\"twitter:card\" content=\"summary_large_image\" \/>\n<meta name=\"twitter:label1\" content=\"Scritto da\" \/>\n\t<meta name=\"twitter:data1\" content=\"Redazione\" \/>\n\t<meta name=\"twitter:label2\" content=\"Tempo di lettura stimato\" \/>\n\t<meta name=\"twitter:data2\" content=\"1 minuto\" \/>\n<script type=\"application\/ld+json\" class=\"yoast-schema-graph\">{\"@context\":\"https:\\\/\\\/schema.org\",\"@graph\":[{\"@type\":\"Article\",\"@id\":\"https:\\\/\\\/2017.carnico.it\\\/blog\\\/2013\\\/11\\\/07\\\/voci-di-mercato\\\/#article\",\"isPartOf\":{\"@id\":\"https:\\\/\\\/2017.carnico.it\\\/blog\\\/2013\\\/11\\\/07\\\/voci-di-mercato\\\/\"},\"author\":{\"name\":\"Redazione\",\"@id\":\"https:\\\/\\\/2017.carnico.it\\\/blog\\\/#\\\/schema\\\/person\\\/a68c764693d96df3238f123ea014e78c\"},\"headline\":\"VOCI DI MERCATO\",\"datePublished\":\"2013-11-07T17:44:52+00:00\",\"mainEntityOfPage\":{\"@id\":\"https:\\\/\\\/2017.carnico.it\\\/blog\\\/2013\\\/11\\\/07\\\/voci-di-mercato\\\/\"},\"wordCount\":293,\"commentCount\":2,\"image\":{\"@id\":\"https:\\\/\\\/2017.carnico.it\\\/blog\\\/2013\\\/11\\\/07\\\/voci-di-mercato\\\/#primaryimage\"},\"thumbnailUrl\":\"https:\\\/\\\/www.carnico.it\\\/blog\\\/wp-content\\\/uploads\\\/2013\\\/11\\\/vezzi-pochero-300x200.jpg\",\"articleSection\":[\"Carnico\",\"Varie\"],\"inLanguage\":\"it-IT\",\"potentialAction\":[{\"@type\":\"CommentAction\",\"name\":\"Comment\",\"target\":[\"https:\\\/\\\/2017.carnico.it\\\/blog\\\/2013\\\/11\\\/07\\\/voci-di-mercato\\\/#respond\"]}]},{\"@type\":\"WebPage\",\"@id\":\"https:\\\/\\\/2017.carnico.it\\\/blog\\\/2013\\\/11\\\/07\\\/voci-di-mercato\\\/\",\"url\":\"https:\\\/\\\/2017.carnico.it\\\/blog\\\/2013\\\/11\\\/07\\\/voci-di-mercato\\\/\",\"name\":\"VOCI DI MERCATO - Campionato Carnico 2017\",\"isPartOf\":{\"@id\":\"https:\\\/\\\/2017.carnico.it\\\/blog\\\/#website\"},\"primaryImageOfPage\":{\"@id\":\"https:\\\/\\\/2017.carnico.it\\\/blog\\\/2013\\\/11\\\/07\\\/voci-di-mercato\\\/#primaryimage\"},\"image\":{\"@id\":\"https:\\\/\\\/2017.carnico.it\\\/blog\\\/2013\\\/11\\\/07\\\/voci-di-mercato\\\/#primaryimage\"},\"thumbnailUrl\":\"https:\\\/\\\/www.carnico.it\\\/blog\\\/wp-content\\\/uploads\\\/2013\\\/11\\\/vezzi-pochero-300x200.jpg\",\"datePublished\":\"2013-11-07T17:44:52+00:00\",\"author\":{\"@id\":\"https:\\\/\\\/2017.carnico.it\\\/blog\\\/#\\\/schema\\\/person\\\/a68c764693d96df3238f123ea014e78c\"},\"breadcrumb\":{\"@id\":\"https:\\\/\\\/2017.carnico.it\\\/blog\\\/2013\\\/11\\\/07\\\/voci-di-mercato\\\/#breadcrumb\"},\"inLanguage\":\"it-IT\",\"potentialAction\":[{\"@type\":\"ReadAction\",\"target\":[\"https:\\\/\\\/2017.carnico.it\\\/blog\\\/2013\\\/11\\\/07\\\/voci-di-mercato\\\/\"]}]},{\"@type\":\"ImageObject\",\"inLanguage\":\"it-IT\",\"@id\":\"https:\\\/\\\/2017.carnico.it\\\/blog\\\/2013\\\/11\\\/07\\\/voci-di-mercato\\\/#primaryimage\",\"url\":\"https:\\\/\\\/www.carnico.it\\\/blog\\\/wp-content\\\/uploads\\\/2013\\\/11\\\/vezzi-pochero-300x200.jpg\",\"contentUrl\":\"https:\\\/\\\/www.carnico.it\\\/blog\\\/wp-content\\\/uploads\\\/2013\\\/11\\\/vezzi-pochero-300x200.jpg\"},{\"@type\":\"BreadcrumbList\",\"@id\":\"https:\\\/\\\/2017.carnico.it\\\/blog\\\/2013\\\/11\\\/07\\\/voci-di-mercato\\\/#breadcrumb\",\"itemListElement\":[{\"@type\":\"ListItem\",\"position\":1,\"name\":\"Home\",\"item\":\"https:\\\/\\\/2017.carnico.it\\\/blog\\\/\"},{\"@type\":\"ListItem\",\"position\":2,\"name\":\"VOCI DI MERCATO\"}]},{\"@type\":\"WebSite\",\"@id\":\"https:\\\/\\\/2017.carnico.it\\\/blog\\\/#website\",\"url\":\"https:\\\/\\\/2017.carnico.it\\\/blog\\\/\",\"name\":\"Campionato Carnico 2017\",\"description\":\"Notizie e aggiornamenti in tempo reale sul campionato Carnico\",\"potentialAction\":[{\"@type\":\"SearchAction\",\"target\":{\"@type\":\"EntryPoint\",\"urlTemplate\":\"https:\\\/\\\/2017.carnico.it\\\/blog\\\/?s={search_term_string}\"},\"query-input\":{\"@type\":\"PropertyValueSpecification\",\"valueRequired\":true,\"valueName\":\"search_term_string\"}}],\"inLanguage\":\"it-IT\"},{\"@type\":\"Person\",\"@id\":\"https:\\\/\\\/2017.carnico.it\\\/blog\\\/#\\\/schema\\\/person\\\/a68c764693d96df3238f123ea014e78c\",\"name\":\"Redazione\",\"image\":{\"@type\":\"ImageObject\",\"inLanguage\":\"it-IT\",\"@id\":\"https:\\\/\\\/secure.gravatar.com\\\/avatar\\\/6c05bd4dddbea475e283f76b4aa2d778ecb35c06fd92df5f6e0cac552163e2ac?s=96&d=mm&r=g\",\"url\":\"https:\\\/\\\/secure.gravatar.com\\\/avatar\\\/6c05bd4dddbea475e283f76b4aa2d778ecb35c06fd92df5f6e0cac552163e2ac?s=96&d=mm&r=g\",\"contentUrl\":\"https:\\\/\\\/secure.gravatar.com\\\/avatar\\\/6c05bd4dddbea475e283f76b4aa2d778ecb35c06fd92df5f6e0cac552163e2ac?s=96&d=mm&r=g\",\"caption\":\"Redazione\"},\"url\":\"https:\\\/\\\/2017.carnico.it\\\/blog\\\/author\\\/clyco-admin\\\/\"}]}<\/script>\n<!-- \/ Yoast SEO plugin. -->","yoast_head_json":{"title":"VOCI DI MERCATO - Campionato Carnico 2017","robots":{"index":"index","follow":"follow","max-snippet":"max-snippet:-1","max-image-preview":"max-image-preview:large","max-video-preview":"max-video-preview:-1"},"canonical":"https:\/\/2017.carnico.it\/blog\/2013\/11\/07\/voci-di-mercato\/","og_locale":"it_IT","og_type":"article","og_title":"VOCI DI MERCATO - Campionato Carnico 2017","og_description":"Da &#8220;Il Gazzettino&#8221; Non sono sole le voci circa le squadre a rischio iscrizione a movimentare l\u2019autunno del calcio carnico, ma anche quelle relative ai trasferimenti . Tra le societ\u00e0 pi\u00f9 attive c\u2019\u00e8 il Villa, che dopo la delusione dello scorso anno cerca i rinforzi per riprovarci, soprattutto in considerazione del fatto che alcuni dei [&hellip;]","og_url":"https:\/\/2017.carnico.it\/blog\/2013\/11\/07\/voci-di-mercato\/","og_site_name":"Campionato Carnico 2017","article_publisher":"https:\/\/www.facebook.com\/campionatocarnico\/","article_published_time":"2013-11-07T17:44:52+00:00","og_image":[{"url":"https:\/\/www.carnico.it\/blog\/wp-content\/uploads\/2013\/11\/vezzi-pochero-300x200.jpg","type":"","width":"","height":""}],"author":"Redazione","twitter_card":"summary_large_image","twitter_misc":{"Scritto da":"Redazione","Tempo di lettura stimato":"1 minuto"},"schema":{"@context":"https:\/\/schema.org","@graph":[{"@type":"Article","@id":"https:\/\/2017.carnico.it\/blog\/2013\/11\/07\/voci-di-mercato\/#article","isPartOf":{"@id":"https:\/\/2017.carnico.it\/blog\/2013\/11\/07\/voci-di-mercato\/"},"author":{"name":"Redazione","@id":"https:\/\/2017.carnico.it\/blog\/#\/schema\/person\/a68c764693d96df3238f123ea014e78c"},"headline":"VOCI DI MERCATO","datePublished":"2013-11-07T17:44:52+00:00","mainEntityOfPage":{"@id":"https:\/\/2017.carnico.it\/blog\/2013\/11\/07\/voci-di-mercato\/"},"wordCount":293,"commentCount":2,"image":{"@id":"https:\/\/2017.carnico.it\/blog\/2013\/11\/07\/voci-di-mercato\/#primaryimage"},"thumbnailUrl":"https:\/\/www.carnico.it\/blog\/wp-content\/uploads\/2013\/11\/vezzi-pochero-300x200.jpg","articleSection":["Carnico","Varie"],"inLanguage":"it-IT","potentialAction":[{"@type":"CommentAction","name":"Comment","target":["https:\/\/2017.carnico.it\/blog\/2013\/11\/07\/voci-di-mercato\/#respond"]}]},{"@type":"WebPage","@id":"https:\/\/2017.carnico.it\/blog\/2013\/11\/07\/voci-di-mercato\/","url":"https:\/\/2017.carnico.it\/blog\/2013\/11\/07\/voci-di-mercato\/","name":"VOCI DI MERCATO - Campionato Carnico 2017","isPartOf":{"@id":"https:\/\/2017.carnico.it\/blog\/#website"},"primaryImageOfPage":{"@id":"https:\/\/2017.carnico.it\/blog\/2013\/11\/07\/voci-di-mercato\/#primaryimage"},"image":{"@id":"https:\/\/2017.carnico.it\/blog\/2013\/11\/07\/voci-di-mercato\/#primaryimage"},"thumbnailUrl":"https:\/\/www.carnico.it\/blog\/wp-content\/uploads\/2013\/11\/vezzi-pochero-300x200.jpg","datePublished":"2013-11-07T17:44:52+00:00","author":{"@id":"https:\/\/2017.carnico.it\/blog\/#\/schema\/person\/a68c764693d96df3238f123ea014e78c"},"breadcrumb":{"@id":"https:\/\/2017.carnico.it\/blog\/2013\/11\/07\/voci-di-mercato\/#breadcrumb"},"inLanguage":"it-IT","potentialAction":[{"@type":"ReadAction","target":["https:\/\/2017.carnico.it\/blog\/2013\/11\/07\/voci-di-mercato\/"]}]},{"@type":"ImageObject","inLanguage":"it-IT","@id":"https:\/\/2017.carnico.it\/blog\/2013\/11\/07\/voci-di-mercato\/#primaryimage","url":"https:\/\/www.carnico.it\/blog\/wp-content\/uploads\/2013\/11\/vezzi-pochero-300x200.jpg","contentUrl":"https:\/\/www.carnico.it\/blog\/wp-content\/uploads\/2013\/11\/vezzi-pochero-300x200.jpg"},{"@type":"BreadcrumbList","@id":"https:\/\/2017.carnico.it\/blog\/2013\/11\/07\/voci-di-mercato\/#breadcrumb","itemListElement":[{"@type":"ListItem","position":1,"name":"Home","item":"https:\/\/2017.carnico.it\/blog\/"},{"@type":"ListItem","position":2,"name":"VOCI DI MERCATO"}]},{"@type":"WebSite","@id":"https:\/\/2017.carnico.it\/blog\/#website","url":"https:\/\/2017.carnico.it\/blog\/","name":"Campionato Carnico 2017","description":"Notizie e aggiornamenti in tempo reale sul campionato Carnico","potentialAction":[{"@type":"SearchAction","target":{"@type":"EntryPoint","urlTemplate":"https:\/\/2017.carnico.it\/blog\/?s={search_term_string}"},"query-input":{"@type":"PropertyValueSpecification","valueRequired":true,"valueName":"search_term_string"}}],"inLanguage":"it-IT"},{"@type":"Person","@id":"https:\/\/2017.carnico.it\/blog\/#\/schema\/person\/a68c764693d96df3238f123ea014e78c","name":"Redazione","image":{"@type":"ImageObject","inLanguage":"it-IT","@id":"https:\/\/secure.gravatar.com\/avatar\/6c05bd4dddbea475e283f76b4aa2d778ecb35c06fd92df5f6e0cac552163e2ac?s=96&d=mm&r=g","url":"https:\/\/secure.gravatar.com\/avatar\/6c05bd4dddbea475e283f76b4aa2d778ecb35c06fd92df5f6e0cac552163e2ac?s=96&d=mm&r=g","contentUrl":"https:\/\/secure.gravatar.com\/avatar\/6c05bd4dddbea475e283f76b4aa2d778ecb35c06fd92df5f6e0cac552163e2ac?s=96&d=mm&r=g","caption":"Redazione"},"url":"https:\/\/2017.carnico.it\/blog\/author\/clyco-admin\/"}]}},"_links":{"self":[{"href":"https:\/\/2017.carnico.it\/blog\/wp-json\/wp\/v2\/posts\/9829","targetHints":{"allow":["GET"]}}],"collection":[{"href":"https:\/\/2017.carnico.it\/blog\/wp-json\/wp\/v2\/posts"}],"about":[{"href":"https:\/\/2017.carnico.it\/blog\/wp-json\/wp\/v2\/types\/post"}],"author":[{"embeddable":true,"href":"https:\/\/2017.carnico.it\/blog\/wp-json\/wp\/v2\/users\/10"}],"replies":[{"embeddable":true,"href":"https:\/\/2017.carnico.it\/blog\/wp-json\/wp\/v2\/comments?post=9829"}],"version-history":[{"count":3,"href":"https:\/\/2017.carnico.it\/blog\/wp-json\/wp\/v2\/posts\/9829\/revisions"}],"predecessor-version":[{"id":9833,"href":"https:\/\/2017.carnico.it\/blog\/wp-json\/wp\/v2\/posts\/9829\/revisions\/9833"}],"wp:attachment":[{"href":"https:\/\/2017.carnico.it\/blog\/wp-json\/wp\/v2\/media?parent=9829"}],"wp:term":[{"taxonomy":"category","embeddable":true,"href":"https:\/\/2017.carnico.it\/blog\/wp-json\/wp\/v2\/categories?post=9829"},{"taxonomy":"post_tag","embeddable":true,"href":"https:\/\/2017.carnico.it\/blog\/wp-json\/wp\/v2\/tags?post=9829"}],"curies":[{"name":"wp","href":"https:\/\/api.w.org\/{rel}","templated":true}]}}