{"id":9758,"date":"2013-10-07T18:36:40","date_gmt":"2013-10-07T16:36:40","guid":{"rendered":"http:\/\/www.carnico.it\/blog\/?p=9758"},"modified":"2013-10-07T18:38:31","modified_gmt":"2013-10-07T16:38:31","slug":"chicchi-di-carnico-17","status":"publish","type":"post","link":"https:\/\/2017.carnico.it\/blog\/2013\/10\/07\/chicchi-di-carnico-17\/","title":{"rendered":"CHICCHI DI CARNICO"},"content":{"rendered":"<div id=\"attachment_9759\" style=\"width: 310px\" class=\"wp-caption alignleft\"><a href=\"https:\/\/www.carnico.it\/blog\/2013\/10\/07\/chicchi-di-carnico-17\/piu-2\/\" rel=\"attachment wp-att-9759\"><img loading=\"lazy\" decoding=\"async\" aria-describedby=\"caption-attachment-9759\" class=\"size-medium wp-image-9759\" alt=\"Francesco Piu\" src=\"https:\/\/www.carnico.it\/blog\/wp-content\/uploads\/2013\/10\/PIU-300x198.jpg\" width=\"300\" height=\"198\" srcset=\"https:\/\/2017.carnico.it\/blog\/wp-content\/uploads\/2013\/10\/PIU-300x198.jpg 300w, https:\/\/2017.carnico.it\/blog\/wp-content\/uploads\/2013\/10\/PIU-450x297.jpg 450w, https:\/\/2017.carnico.it\/blog\/wp-content\/uploads\/2013\/10\/PIU-630x416.jpg 630w, https:\/\/2017.carnico.it\/blog\/wp-content\/uploads\/2013\/10\/PIU.jpg 792w\" sizes=\"auto, (max-width: 300px) 100vw, 300px\" \/><\/a><p id=\"caption-attachment-9759\" class=\"wp-caption-text\">Francesco Piu (foto A. Cella)<\/p><\/div>\n<p>Uscendo dal campo pi\u00f9 o meno dopo un quarto d\u2019ora della ripresa per far posto a Carnir, Francesco Piu ha annunciato, proprio l\u00ec sul campo, che si trattava della sua ultima partita. L\u2019applauso partito dalla panchina del Villa ha coinvolto immediatamente anche quella del Real per tributare il giusto omaggio ad un calciatore che ha deliziato il Carnico col suo talento e i suoi lampi di genio. Alla fine si \u00e8 dovuto arrendere solo alla \u2026 cartilagine consumata. Beh, che dire: grazie Francesco!<!--more--><\/p>\n<p>&nbsp;<\/p>\n<p>\u201cRoberto Quaglia e Fabio Rella sono gli unici due giocatori del Cedarchis presenti dal lontano 1974 in tutte le formazioni giallorosse terminate al primo posto nelle nove stagioni degli scudetti\u201d. Pi\u00f9 che un chicco, questa \u00e8 una perla dell\u2019amico Renato Damiani sul \u201cMessaggero Veneto\u201d. Occorre infatti considerare due cose: la prima \u00e8 che Roberto (nato il 20\/08\/1974) e Fabio (nato il 28\/06\/1974) sono cedarchini \u2026 ancor prima di nascere. La seconda, il fatto che se si termina al primo posto, lo scudetto \u00e8 garantito! Visto che il grande Renato \u00e8 a letto con la febbre alta, evidentemente i sintomi influenzali stavano gi\u00e0 facendo il loro effetto al momento della stesura dell\u2019articolo \u2026<\/p>\n<p>&nbsp;<\/p>\n<p>Svelato il motivo per cui Luca De Giudici ha voluto essere in campo a difendere la porta del Real nonostante un dolore fortissimo al fianco sinistro in una partita del tutto ininfluente per la sua squadra. Temeva che una sua eventuale assenza avrebbe sollevato sospetti che non appartengono alla sua lealt\u00e0 sportiva. Davvero una bella parata, quella di \u201cLucone\u201d!<\/p>\n<p>&nbsp;<\/p>\n<p>Il dopo partita di Real \u2013 Villa non \u00e8 stato caratterizzato solo dalla delusione dell\u2019ambiente arancione, ma anche dalla rivisitazione del rigore tirato da Graziano Morassi. Il suo \u201ccucchiaio\u201d (finito sulla traversa) era stato annunciato nell\u2019allenamento di venerd\u00ec. \u201cSe c\u2019\u00e8 un rigore lo tiro io e faccio il cucchiaio\u201d aveva annunciato Morassi. E Vincenzo Radina (che dopo l\u2019autogol al Cedarchis non gliene perdona una!) gli ribadiva di continuo \u201dGra, a ti nencje un piron!\u201d. Per\u00f2 almeno il difensore biancorosso ha mantenuto la par condicio tra le due duellanti per il titolo!<\/p>\n<p>&nbsp;<\/p>\n<p>\u201cStabilit\u00e0 dell\u2019appoggio monopodalico e traumatismi distorsivi dell\u2019arto inferiore nei calciatori dilettanti del campionato Carnico\u201d. E\u2019 questo il titolo di una tesi di laurea che uno studente gemonese discuter\u00e0 il prossimo 21 novembre presso la\u201d Facolt\u00e0 di medicina e chirurgia \u2013 corso di laurea in fisioterapia\u201d. Il tutto prendendo spunto da un articolo del sottoscritto comparso sul sito qualche anno fa. Beh, almeno una bevuta il neo dottore me la dovr\u00e0 \u2026<\/p>\n","protected":false},"excerpt":{"rendered":"<p>Uscendo dal campo pi\u00f9 o meno dopo un quarto d\u2019ora della ripresa per far posto a Carnir, Francesco Piu ha annunciato, proprio l\u00ec sul campo, che si trattava della sua ultima partita. L\u2019applauso partito dalla panchina del Villa ha coinvolto immediatamente anche quella del Real per tributare il giusto omaggio ad un calciatore che ha [&hellip;]<\/p>\n","protected":false},"author":10,"featured_media":0,"comment_status":"open","ping_status":"closed","sticky":false,"template":"","format":"standard","meta":{"footnotes":""},"categories":[3,5],"tags":[],"class_list":["post-9758","post","type-post","status-publish","format-standard","hentry","category-carnico","category-varie"],"yoast_head":"<!-- This site is optimized with the Yoast SEO plugin v27.3 - https:\/\/yoast.com\/product\/yoast-seo-wordpress\/ -->\n<title>CHICCHI DI CARNICO - Campionato Carnico 2017<\/title>\n<meta name=\"robots\" content=\"index, follow, max-snippet:-1, max-image-preview:large, max-video-preview:-1\" \/>\n<link rel=\"canonical\" href=\"https:\/\/2017.carnico.it\/blog\/2013\/10\/07\/chicchi-di-carnico-17\/\" \/>\n<meta property=\"og:locale\" content=\"it_IT\" \/>\n<meta property=\"og:type\" content=\"article\" \/>\n<meta property=\"og:title\" content=\"CHICCHI DI CARNICO - Campionato Carnico 2017\" \/>\n<meta property=\"og:description\" content=\"Uscendo dal campo pi\u00f9 o meno dopo un quarto d\u2019ora della ripresa per far posto a Carnir, Francesco Piu ha annunciato, proprio l\u00ec sul campo, che si trattava della sua ultima partita. L\u2019applauso partito dalla panchina del Villa ha coinvolto immediatamente anche quella del Real per tributare il giusto omaggio ad un calciatore che ha [&hellip;]\" \/>\n<meta property=\"og:url\" content=\"https:\/\/2017.carnico.it\/blog\/2013\/10\/07\/chicchi-di-carnico-17\/\" \/>\n<meta property=\"og:site_name\" content=\"Campionato Carnico 2017\" \/>\n<meta property=\"article:publisher\" content=\"https:\/\/www.facebook.com\/campionatocarnico\/\" \/>\n<meta property=\"article:published_time\" content=\"2013-10-07T16:36:40+00:00\" \/>\n<meta property=\"article:modified_time\" content=\"2013-10-07T16:38:31+00:00\" \/>\n<meta property=\"og:image\" content=\"https:\/\/www.carnico.it\/blog\/wp-content\/uploads\/2013\/10\/PIU-300x198.jpg\" \/>\n<meta name=\"author\" content=\"Redazione\" \/>\n<meta name=\"twitter:card\" content=\"summary_large_image\" \/>\n<meta name=\"twitter:label1\" content=\"Scritto da\" \/>\n\t<meta name=\"twitter:data1\" content=\"Redazione\" \/>\n\t<meta name=\"twitter:label2\" content=\"Tempo di lettura stimato\" \/>\n\t<meta name=\"twitter:data2\" content=\"2 minuti\" \/>\n<script type=\"application\/ld+json\" class=\"yoast-schema-graph\">{\"@context\":\"https:\\\/\\\/schema.org\",\"@graph\":[{\"@type\":\"Article\",\"@id\":\"https:\\\/\\\/2017.carnico.it\\\/blog\\\/2013\\\/10\\\/07\\\/chicchi-di-carnico-17\\\/#article\",\"isPartOf\":{\"@id\":\"https:\\\/\\\/2017.carnico.it\\\/blog\\\/2013\\\/10\\\/07\\\/chicchi-di-carnico-17\\\/\"},\"author\":{\"name\":\"Redazione\",\"@id\":\"https:\\\/\\\/2017.carnico.it\\\/blog\\\/#\\\/schema\\\/person\\\/a68c764693d96df3238f123ea014e78c\"},\"headline\":\"CHICCHI DI CARNICO\",\"datePublished\":\"2013-10-07T16:36:40+00:00\",\"dateModified\":\"2013-10-07T16:38:31+00:00\",\"mainEntityOfPage\":{\"@id\":\"https:\\\/\\\/2017.carnico.it\\\/blog\\\/2013\\\/10\\\/07\\\/chicchi-di-carnico-17\\\/\"},\"wordCount\":428,\"commentCount\":7,\"image\":{\"@id\":\"https:\\\/\\\/2017.carnico.it\\\/blog\\\/2013\\\/10\\\/07\\\/chicchi-di-carnico-17\\\/#primaryimage\"},\"thumbnailUrl\":\"https:\\\/\\\/www.carnico.it\\\/blog\\\/wp-content\\\/uploads\\\/2013\\\/10\\\/PIU-300x198.jpg\",\"articleSection\":[\"Carnico\",\"Varie\"],\"inLanguage\":\"it-IT\",\"potentialAction\":[{\"@type\":\"CommentAction\",\"name\":\"Comment\",\"target\":[\"https:\\\/\\\/2017.carnico.it\\\/blog\\\/2013\\\/10\\\/07\\\/chicchi-di-carnico-17\\\/#respond\"]}]},{\"@type\":\"WebPage\",\"@id\":\"https:\\\/\\\/2017.carnico.it\\\/blog\\\/2013\\\/10\\\/07\\\/chicchi-di-carnico-17\\\/\",\"url\":\"https:\\\/\\\/2017.carnico.it\\\/blog\\\/2013\\\/10\\\/07\\\/chicchi-di-carnico-17\\\/\",\"name\":\"CHICCHI DI CARNICO - Campionato Carnico 2017\",\"isPartOf\":{\"@id\":\"https:\\\/\\\/2017.carnico.it\\\/blog\\\/#website\"},\"primaryImageOfPage\":{\"@id\":\"https:\\\/\\\/2017.carnico.it\\\/blog\\\/2013\\\/10\\\/07\\\/chicchi-di-carnico-17\\\/#primaryimage\"},\"image\":{\"@id\":\"https:\\\/\\\/2017.carnico.it\\\/blog\\\/2013\\\/10\\\/07\\\/chicchi-di-carnico-17\\\/#primaryimage\"},\"thumbnailUrl\":\"https:\\\/\\\/www.carnico.it\\\/blog\\\/wp-content\\\/uploads\\\/2013\\\/10\\\/PIU-300x198.jpg\",\"datePublished\":\"2013-10-07T16:36:40+00:00\",\"dateModified\":\"2013-10-07T16:38:31+00:00\",\"author\":{\"@id\":\"https:\\\/\\\/2017.carnico.it\\\/blog\\\/#\\\/schema\\\/person\\\/a68c764693d96df3238f123ea014e78c\"},\"breadcrumb\":{\"@id\":\"https:\\\/\\\/2017.carnico.it\\\/blog\\\/2013\\\/10\\\/07\\\/chicchi-di-carnico-17\\\/#breadcrumb\"},\"inLanguage\":\"it-IT\",\"potentialAction\":[{\"@type\":\"ReadAction\",\"target\":[\"https:\\\/\\\/2017.carnico.it\\\/blog\\\/2013\\\/10\\\/07\\\/chicchi-di-carnico-17\\\/\"]}]},{\"@type\":\"ImageObject\",\"inLanguage\":\"it-IT\",\"@id\":\"https:\\\/\\\/2017.carnico.it\\\/blog\\\/2013\\\/10\\\/07\\\/chicchi-di-carnico-17\\\/#primaryimage\",\"url\":\"https:\\\/\\\/www.carnico.it\\\/blog\\\/wp-content\\\/uploads\\\/2013\\\/10\\\/PIU-300x198.jpg\",\"contentUrl\":\"https:\\\/\\\/www.carnico.it\\\/blog\\\/wp-content\\\/uploads\\\/2013\\\/10\\\/PIU-300x198.jpg\"},{\"@type\":\"BreadcrumbList\",\"@id\":\"https:\\\/\\\/2017.carnico.it\\\/blog\\\/2013\\\/10\\\/07\\\/chicchi-di-carnico-17\\\/#breadcrumb\",\"itemListElement\":[{\"@type\":\"ListItem\",\"position\":1,\"name\":\"Home\",\"item\":\"https:\\\/\\\/2017.carnico.it\\\/blog\\\/\"},{\"@type\":\"ListItem\",\"position\":2,\"name\":\"CHICCHI DI CARNICO\"}]},{\"@type\":\"WebSite\",\"@id\":\"https:\\\/\\\/2017.carnico.it\\\/blog\\\/#website\",\"url\":\"https:\\\/\\\/2017.carnico.it\\\/blog\\\/\",\"name\":\"Campionato Carnico 2017\",\"description\":\"Notizie e aggiornamenti in tempo reale sul campionato Carnico\",\"potentialAction\":[{\"@type\":\"SearchAction\",\"target\":{\"@type\":\"EntryPoint\",\"urlTemplate\":\"https:\\\/\\\/2017.carnico.it\\\/blog\\\/?s={search_term_string}\"},\"query-input\":{\"@type\":\"PropertyValueSpecification\",\"valueRequired\":true,\"valueName\":\"search_term_string\"}}],\"inLanguage\":\"it-IT\"},{\"@type\":\"Person\",\"@id\":\"https:\\\/\\\/2017.carnico.it\\\/blog\\\/#\\\/schema\\\/person\\\/a68c764693d96df3238f123ea014e78c\",\"name\":\"Redazione\",\"image\":{\"@type\":\"ImageObject\",\"inLanguage\":\"it-IT\",\"@id\":\"https:\\\/\\\/secure.gravatar.com\\\/avatar\\\/6c05bd4dddbea475e283f76b4aa2d778ecb35c06fd92df5f6e0cac552163e2ac?s=96&d=mm&r=g\",\"url\":\"https:\\\/\\\/secure.gravatar.com\\\/avatar\\\/6c05bd4dddbea475e283f76b4aa2d778ecb35c06fd92df5f6e0cac552163e2ac?s=96&d=mm&r=g\",\"contentUrl\":\"https:\\\/\\\/secure.gravatar.com\\\/avatar\\\/6c05bd4dddbea475e283f76b4aa2d778ecb35c06fd92df5f6e0cac552163e2ac?s=96&d=mm&r=g\",\"caption\":\"Redazione\"},\"url\":\"https:\\\/\\\/2017.carnico.it\\\/blog\\\/author\\\/clyco-admin\\\/\"}]}<\/script>\n<!-- \/ Yoast SEO plugin. -->","yoast_head_json":{"title":"CHICCHI DI CARNICO - Campionato Carnico 2017","robots":{"index":"index","follow":"follow","max-snippet":"max-snippet:-1","max-image-preview":"max-image-preview:large","max-video-preview":"max-video-preview:-1"},"canonical":"https:\/\/2017.carnico.it\/blog\/2013\/10\/07\/chicchi-di-carnico-17\/","og_locale":"it_IT","og_type":"article","og_title":"CHICCHI DI CARNICO - Campionato Carnico 2017","og_description":"Uscendo dal campo pi\u00f9 o meno dopo un quarto d\u2019ora della ripresa per far posto a Carnir, Francesco Piu ha annunciato, proprio l\u00ec sul campo, che si trattava della sua ultima partita. L\u2019applauso partito dalla panchina del Villa ha coinvolto immediatamente anche quella del Real per tributare il giusto omaggio ad un calciatore che ha [&hellip;]","og_url":"https:\/\/2017.carnico.it\/blog\/2013\/10\/07\/chicchi-di-carnico-17\/","og_site_name":"Campionato Carnico 2017","article_publisher":"https:\/\/www.facebook.com\/campionatocarnico\/","article_published_time":"2013-10-07T16:36:40+00:00","article_modified_time":"2013-10-07T16:38:31+00:00","og_image":[{"url":"https:\/\/www.carnico.it\/blog\/wp-content\/uploads\/2013\/10\/PIU-300x198.jpg","type":"","width":"","height":""}],"author":"Redazione","twitter_card":"summary_large_image","twitter_misc":{"Scritto da":"Redazione","Tempo di lettura stimato":"2 minuti"},"schema":{"@context":"https:\/\/schema.org","@graph":[{"@type":"Article","@id":"https:\/\/2017.carnico.it\/blog\/2013\/10\/07\/chicchi-di-carnico-17\/#article","isPartOf":{"@id":"https:\/\/2017.carnico.it\/blog\/2013\/10\/07\/chicchi-di-carnico-17\/"},"author":{"name":"Redazione","@id":"https:\/\/2017.carnico.it\/blog\/#\/schema\/person\/a68c764693d96df3238f123ea014e78c"},"headline":"CHICCHI DI CARNICO","datePublished":"2013-10-07T16:36:40+00:00","dateModified":"2013-10-07T16:38:31+00:00","mainEntityOfPage":{"@id":"https:\/\/2017.carnico.it\/blog\/2013\/10\/07\/chicchi-di-carnico-17\/"},"wordCount":428,"commentCount":7,"image":{"@id":"https:\/\/2017.carnico.it\/blog\/2013\/10\/07\/chicchi-di-carnico-17\/#primaryimage"},"thumbnailUrl":"https:\/\/www.carnico.it\/blog\/wp-content\/uploads\/2013\/10\/PIU-300x198.jpg","articleSection":["Carnico","Varie"],"inLanguage":"it-IT","potentialAction":[{"@type":"CommentAction","name":"Comment","target":["https:\/\/2017.carnico.it\/blog\/2013\/10\/07\/chicchi-di-carnico-17\/#respond"]}]},{"@type":"WebPage","@id":"https:\/\/2017.carnico.it\/blog\/2013\/10\/07\/chicchi-di-carnico-17\/","url":"https:\/\/2017.carnico.it\/blog\/2013\/10\/07\/chicchi-di-carnico-17\/","name":"CHICCHI DI CARNICO - Campionato Carnico 2017","isPartOf":{"@id":"https:\/\/2017.carnico.it\/blog\/#website"},"primaryImageOfPage":{"@id":"https:\/\/2017.carnico.it\/blog\/2013\/10\/07\/chicchi-di-carnico-17\/#primaryimage"},"image":{"@id":"https:\/\/2017.carnico.it\/blog\/2013\/10\/07\/chicchi-di-carnico-17\/#primaryimage"},"thumbnailUrl":"https:\/\/www.carnico.it\/blog\/wp-content\/uploads\/2013\/10\/PIU-300x198.jpg","datePublished":"2013-10-07T16:36:40+00:00","dateModified":"2013-10-07T16:38:31+00:00","author":{"@id":"https:\/\/2017.carnico.it\/blog\/#\/schema\/person\/a68c764693d96df3238f123ea014e78c"},"breadcrumb":{"@id":"https:\/\/2017.carnico.it\/blog\/2013\/10\/07\/chicchi-di-carnico-17\/#breadcrumb"},"inLanguage":"it-IT","potentialAction":[{"@type":"ReadAction","target":["https:\/\/2017.carnico.it\/blog\/2013\/10\/07\/chicchi-di-carnico-17\/"]}]},{"@type":"ImageObject","inLanguage":"it-IT","@id":"https:\/\/2017.carnico.it\/blog\/2013\/10\/07\/chicchi-di-carnico-17\/#primaryimage","url":"https:\/\/www.carnico.it\/blog\/wp-content\/uploads\/2013\/10\/PIU-300x198.jpg","contentUrl":"https:\/\/www.carnico.it\/blog\/wp-content\/uploads\/2013\/10\/PIU-300x198.jpg"},{"@type":"BreadcrumbList","@id":"https:\/\/2017.carnico.it\/blog\/2013\/10\/07\/chicchi-di-carnico-17\/#breadcrumb","itemListElement":[{"@type":"ListItem","position":1,"name":"Home","item":"https:\/\/2017.carnico.it\/blog\/"},{"@type":"ListItem","position":2,"name":"CHICCHI DI CARNICO"}]},{"@type":"WebSite","@id":"https:\/\/2017.carnico.it\/blog\/#website","url":"https:\/\/2017.carnico.it\/blog\/","name":"Campionato Carnico 2017","description":"Notizie e aggiornamenti in tempo reale sul campionato Carnico","potentialAction":[{"@type":"SearchAction","target":{"@type":"EntryPoint","urlTemplate":"https:\/\/2017.carnico.it\/blog\/?s={search_term_string}"},"query-input":{"@type":"PropertyValueSpecification","valueRequired":true,"valueName":"search_term_string"}}],"inLanguage":"it-IT"},{"@type":"Person","@id":"https:\/\/2017.carnico.it\/blog\/#\/schema\/person\/a68c764693d96df3238f123ea014e78c","name":"Redazione","image":{"@type":"ImageObject","inLanguage":"it-IT","@id":"https:\/\/secure.gravatar.com\/avatar\/6c05bd4dddbea475e283f76b4aa2d778ecb35c06fd92df5f6e0cac552163e2ac?s=96&d=mm&r=g","url":"https:\/\/secure.gravatar.com\/avatar\/6c05bd4dddbea475e283f76b4aa2d778ecb35c06fd92df5f6e0cac552163e2ac?s=96&d=mm&r=g","contentUrl":"https:\/\/secure.gravatar.com\/avatar\/6c05bd4dddbea475e283f76b4aa2d778ecb35c06fd92df5f6e0cac552163e2ac?s=96&d=mm&r=g","caption":"Redazione"},"url":"https:\/\/2017.carnico.it\/blog\/author\/clyco-admin\/"}]}},"_links":{"self":[{"href":"https:\/\/2017.carnico.it\/blog\/wp-json\/wp\/v2\/posts\/9758","targetHints":{"allow":["GET"]}}],"collection":[{"href":"https:\/\/2017.carnico.it\/blog\/wp-json\/wp\/v2\/posts"}],"about":[{"href":"https:\/\/2017.carnico.it\/blog\/wp-json\/wp\/v2\/types\/post"}],"author":[{"embeddable":true,"href":"https:\/\/2017.carnico.it\/blog\/wp-json\/wp\/v2\/users\/10"}],"replies":[{"embeddable":true,"href":"https:\/\/2017.carnico.it\/blog\/wp-json\/wp\/v2\/comments?post=9758"}],"version-history":[{"count":4,"href":"https:\/\/2017.carnico.it\/blog\/wp-json\/wp\/v2\/posts\/9758\/revisions"}],"predecessor-version":[{"id":9764,"href":"https:\/\/2017.carnico.it\/blog\/wp-json\/wp\/v2\/posts\/9758\/revisions\/9764"}],"wp:attachment":[{"href":"https:\/\/2017.carnico.it\/blog\/wp-json\/wp\/v2\/media?parent=9758"}],"wp:term":[{"taxonomy":"category","embeddable":true,"href":"https:\/\/2017.carnico.it\/blog\/wp-json\/wp\/v2\/categories?post=9758"},{"taxonomy":"post_tag","embeddable":true,"href":"https:\/\/2017.carnico.it\/blog\/wp-json\/wp\/v2\/tags?post=9758"}],"curies":[{"name":"wp","href":"https:\/\/api.w.org\/{rel}","templated":true}]}}