{"id":9735,"date":"2013-10-04T23:09:30","date_gmt":"2013-10-04T21:09:30","guid":{"rendered":"http:\/\/www.carnico.it\/blog\/?p=9735"},"modified":"2013-10-14T00:03:49","modified_gmt":"2013-10-13T22:03:49","slug":"la-palla-nel-pozzo","status":"publish","type":"post","link":"https:\/\/2017.carnico.it\/blog\/2013\/10\/04\/la-palla-nel-pozzo\/","title":{"rendered":"LA PALLA NEL POZZO"},"content":{"rendered":"<p><strong>Le condizioni del tempo hanno fatto slittare la 7.a edizione del Torneo \u201cLa palla nel pozzo\u201d a domenica 20 ottobre con l&#8217;orario di inizio fissato alle ore 14.30. Visto lo scopo benefico della manifestazione sarebbe auspicabile seriet\u00e0 e puntualit\u00e0 da parte dei giocatori convocati.<br \/>\n<\/strong><br \/>\n<strong>L\u2019IDEA<\/strong>&#8211; L\u2019Associazione \u201cLa voce della speranza\u201d, dopo l\u2019 esperienza positiva degli scorsi anni, e i risultati raggiunti grazie al vostro contributo, ha deciso di rendere questa iniziativa un appuntamento annuale fisso, un momento di incontro e di riepilogo di quanto fatto con i fondi raccolti, oltre che una circostanza gioiosa e allegra e un avvenimento sportivo di qualit\u00e0.<!--more--><br \/>\nSi \u00e8 pensato cos\u00ec, (con l\u2019 appoggio dei giornalisti di Radio Studio Nord\u2026) di organizzare un quadrangolare che oltre la rappresentativa dei giovani vedr\u00e0 scendere in campo i giocatori delle tre categorie che pi\u00f9 hanno meritato in campo durante il campionato in corso. La selezione verr\u00e0 fatta dai rispettivi allenatori incaricati delle rappresentative .<\/p>\n<p><strong>LA SOLIDARIETA\u2019-<\/strong>\u201cLa palla nel pozzo\u201d \u00e8 un\u2019iniziativa di solidariet\u00e0 nata con la finalit\u00e0 alla raccolta di fondi da destinare al villaggio di Ayma (Bolivia), un paese situato a 4000 mt. di altitudine, che oggi pu\u00f2 , grazie anche agli sforzi dei giocatori del carnico, avvalersi di un pozzo per il rifornimento idrico. Ora non vogliamo fermarci e grazie ai contatti creati con i medici del centro oncologico dell\u2019ospedale EL NINO di LA PAZ collaboriamo con loro per offrire l\u2019opportunit\u00e0 di guarigione ai bambini colpiti da tumore.<\/p>\n<p><strong>LA PARTITA<\/strong> sar\u00e0 il degno coronamento di questo progetto. In quella occasione, il Comitato organizzatore illustrer\u00e0 tutti i dettagli del progetto e vi far\u00e0 partecipi dei risultati gi\u00e0 ottenuti quest\u2019 anno grazie alla vostra disponibilit\u00e0, attraverso fotografie, video e quant\u2019altro.<\/p>\n<p>A1 A.C. PALUZZA All Stars 1^ Categoria<br \/>\nA2 A.S. ARTA TERME All Stars 2^ Categoria<br \/>\nB1 A.C. RAVASCLETTO All Stars 3^ Categoria<br \/>\nB2 U.C. CEDARCHIS Rapp. 1^ &#8211; 2^ e 3^ Categoria<\/p>\n<p>Tutte le partite avranno la durata di 40\u2019 cadauna. Al termine dei tempi regolamentari se dovesse verificarsi il punteggio di parit\u00e0 si proceder\u00e0 alla battuta di n\u00b0 3 calci di rigore; in caso di persistente parit\u00e0, si andr\u00e0 ad oltranza.<br \/>\nCALENDARIO DELLE GARE<br \/>\nORE 14.30 A.C. PALUZZA \u2013 A.S. ARTA TERME Gara di Eliminazione<br \/>\nORE 15.30 A.C. RAVASCLETTO \u2013 U.C. CEDARCHIS Gara di Eliminazione<br \/>\nORE 16.30 Perdente Girone \u201cA\u201d Contro Perdente Girone \u201dB\u201d Terzo quarto posto<br \/>\nORE 17.30 Vincente Girone \u201cA\u201d Contro Vincente Girone \u201cB\u201d Primo secondo posto<\/p>\n<p>L\u2019Associazione \u201cLa voce della speranza\u201d si fa garante dell\u2019effettivo e totale utilizzo dei fondi per lo scopo previsto dal progetto, giacch\u00e9 saranno membri del Comitato stesso che cureranno la consegna dei fondi e il loro impiego, senza l\u2019 utilizzo di terzi,documenteranno in maniera esaustiva l\u2019utilizza delle donazioni per le finalit\u00e0 prefissate.<\/p>\n","protected":false},"excerpt":{"rendered":"<p>Le condizioni del tempo hanno fatto slittare la 7.a edizione del Torneo \u201cLa palla nel pozzo\u201d a domenica 20 ottobre con l&#8217;orario di inizio fissato alle ore 14.30. Visto lo scopo benefico della manifestazione sarebbe auspicabile seriet\u00e0 e puntualit\u00e0 da parte dei giocatori convocati. L\u2019IDEA&#8211; L\u2019Associazione \u201cLa voce della speranza\u201d, dopo l\u2019 esperienza positiva degli [&hellip;]<\/p>\n","protected":false},"author":10,"featured_media":0,"comment_status":"open","ping_status":"closed","sticky":false,"template":"","format":"standard","meta":{"footnotes":""},"categories":[3,5],"tags":[],"class_list":["post-9735","post","type-post","status-publish","format-standard","hentry","category-carnico","category-varie"],"yoast_head":"<!-- This site is optimized with the Yoast SEO plugin v27.3 - https:\/\/yoast.com\/product\/yoast-seo-wordpress\/ -->\n<title>LA PALLA NEL POZZO - Campionato Carnico 2017<\/title>\n<meta name=\"robots\" content=\"index, follow, max-snippet:-1, max-image-preview:large, max-video-preview:-1\" \/>\n<link rel=\"canonical\" href=\"https:\/\/2017.carnico.it\/blog\/2013\/10\/04\/la-palla-nel-pozzo\/\" \/>\n<meta property=\"og:locale\" content=\"it_IT\" \/>\n<meta property=\"og:type\" content=\"article\" \/>\n<meta property=\"og:title\" content=\"LA PALLA NEL POZZO - Campionato Carnico 2017\" \/>\n<meta property=\"og:description\" content=\"Le condizioni del tempo hanno fatto slittare la 7.a edizione del Torneo \u201cLa palla nel pozzo\u201d a domenica 20 ottobre con l&#8217;orario di inizio fissato alle ore 14.30. Visto lo scopo benefico della manifestazione sarebbe auspicabile seriet\u00e0 e puntualit\u00e0 da parte dei giocatori convocati. L\u2019IDEA&#8211; L\u2019Associazione \u201cLa voce della speranza\u201d, dopo l\u2019 esperienza positiva degli [&hellip;]\" \/>\n<meta property=\"og:url\" content=\"https:\/\/2017.carnico.it\/blog\/2013\/10\/04\/la-palla-nel-pozzo\/\" \/>\n<meta property=\"og:site_name\" content=\"Campionato Carnico 2017\" \/>\n<meta property=\"article:publisher\" content=\"https:\/\/www.facebook.com\/campionatocarnico\/\" \/>\n<meta property=\"article:published_time\" content=\"2013-10-04T21:09:30+00:00\" \/>\n<meta property=\"article:modified_time\" content=\"2013-10-13T22:03:49+00:00\" \/>\n<meta name=\"author\" content=\"Redazione\" \/>\n<meta name=\"twitter:card\" content=\"summary_large_image\" \/>\n<meta name=\"twitter:label1\" content=\"Scritto da\" \/>\n\t<meta name=\"twitter:data1\" content=\"Redazione\" \/>\n\t<meta name=\"twitter:label2\" content=\"Tempo di lettura stimato\" \/>\n\t<meta name=\"twitter:data2\" content=\"2 minuti\" \/>\n<script type=\"application\/ld+json\" class=\"yoast-schema-graph\">{\"@context\":\"https:\\\/\\\/schema.org\",\"@graph\":[{\"@type\":\"Article\",\"@id\":\"https:\\\/\\\/2017.carnico.it\\\/blog\\\/2013\\\/10\\\/04\\\/la-palla-nel-pozzo\\\/#article\",\"isPartOf\":{\"@id\":\"https:\\\/\\\/2017.carnico.it\\\/blog\\\/2013\\\/10\\\/04\\\/la-palla-nel-pozzo\\\/\"},\"author\":{\"name\":\"Redazione\",\"@id\":\"https:\\\/\\\/2017.carnico.it\\\/blog\\\/#\\\/schema\\\/person\\\/a68c764693d96df3238f123ea014e78c\"},\"headline\":\"LA PALLA NEL POZZO\",\"datePublished\":\"2013-10-04T21:09:30+00:00\",\"dateModified\":\"2013-10-13T22:03:49+00:00\",\"mainEntityOfPage\":{\"@id\":\"https:\\\/\\\/2017.carnico.it\\\/blog\\\/2013\\\/10\\\/04\\\/la-palla-nel-pozzo\\\/\"},\"wordCount\":457,\"commentCount\":2,\"articleSection\":[\"Carnico\",\"Varie\"],\"inLanguage\":\"it-IT\",\"potentialAction\":[{\"@type\":\"CommentAction\",\"name\":\"Comment\",\"target\":[\"https:\\\/\\\/2017.carnico.it\\\/blog\\\/2013\\\/10\\\/04\\\/la-palla-nel-pozzo\\\/#respond\"]}]},{\"@type\":\"WebPage\",\"@id\":\"https:\\\/\\\/2017.carnico.it\\\/blog\\\/2013\\\/10\\\/04\\\/la-palla-nel-pozzo\\\/\",\"url\":\"https:\\\/\\\/2017.carnico.it\\\/blog\\\/2013\\\/10\\\/04\\\/la-palla-nel-pozzo\\\/\",\"name\":\"LA PALLA NEL POZZO - Campionato Carnico 2017\",\"isPartOf\":{\"@id\":\"https:\\\/\\\/2017.carnico.it\\\/blog\\\/#website\"},\"datePublished\":\"2013-10-04T21:09:30+00:00\",\"dateModified\":\"2013-10-13T22:03:49+00:00\",\"author\":{\"@id\":\"https:\\\/\\\/2017.carnico.it\\\/blog\\\/#\\\/schema\\\/person\\\/a68c764693d96df3238f123ea014e78c\"},\"breadcrumb\":{\"@id\":\"https:\\\/\\\/2017.carnico.it\\\/blog\\\/2013\\\/10\\\/04\\\/la-palla-nel-pozzo\\\/#breadcrumb\"},\"inLanguage\":\"it-IT\",\"potentialAction\":[{\"@type\":\"ReadAction\",\"target\":[\"https:\\\/\\\/2017.carnico.it\\\/blog\\\/2013\\\/10\\\/04\\\/la-palla-nel-pozzo\\\/\"]}]},{\"@type\":\"BreadcrumbList\",\"@id\":\"https:\\\/\\\/2017.carnico.it\\\/blog\\\/2013\\\/10\\\/04\\\/la-palla-nel-pozzo\\\/#breadcrumb\",\"itemListElement\":[{\"@type\":\"ListItem\",\"position\":1,\"name\":\"Home\",\"item\":\"https:\\\/\\\/2017.carnico.it\\\/blog\\\/\"},{\"@type\":\"ListItem\",\"position\":2,\"name\":\"LA PALLA NEL POZZO\"}]},{\"@type\":\"WebSite\",\"@id\":\"https:\\\/\\\/2017.carnico.it\\\/blog\\\/#website\",\"url\":\"https:\\\/\\\/2017.carnico.it\\\/blog\\\/\",\"name\":\"Campionato Carnico 2017\",\"description\":\"Notizie e aggiornamenti in tempo reale sul campionato Carnico\",\"potentialAction\":[{\"@type\":\"SearchAction\",\"target\":{\"@type\":\"EntryPoint\",\"urlTemplate\":\"https:\\\/\\\/2017.carnico.it\\\/blog\\\/?s={search_term_string}\"},\"query-input\":{\"@type\":\"PropertyValueSpecification\",\"valueRequired\":true,\"valueName\":\"search_term_string\"}}],\"inLanguage\":\"it-IT\"},{\"@type\":\"Person\",\"@id\":\"https:\\\/\\\/2017.carnico.it\\\/blog\\\/#\\\/schema\\\/person\\\/a68c764693d96df3238f123ea014e78c\",\"name\":\"Redazione\",\"image\":{\"@type\":\"ImageObject\",\"inLanguage\":\"it-IT\",\"@id\":\"https:\\\/\\\/secure.gravatar.com\\\/avatar\\\/6c05bd4dddbea475e283f76b4aa2d778ecb35c06fd92df5f6e0cac552163e2ac?s=96&d=mm&r=g\",\"url\":\"https:\\\/\\\/secure.gravatar.com\\\/avatar\\\/6c05bd4dddbea475e283f76b4aa2d778ecb35c06fd92df5f6e0cac552163e2ac?s=96&d=mm&r=g\",\"contentUrl\":\"https:\\\/\\\/secure.gravatar.com\\\/avatar\\\/6c05bd4dddbea475e283f76b4aa2d778ecb35c06fd92df5f6e0cac552163e2ac?s=96&d=mm&r=g\",\"caption\":\"Redazione\"},\"url\":\"https:\\\/\\\/2017.carnico.it\\\/blog\\\/author\\\/clyco-admin\\\/\"}]}<\/script>\n<!-- \/ Yoast SEO plugin. -->","yoast_head_json":{"title":"LA PALLA NEL POZZO - Campionato Carnico 2017","robots":{"index":"index","follow":"follow","max-snippet":"max-snippet:-1","max-image-preview":"max-image-preview:large","max-video-preview":"max-video-preview:-1"},"canonical":"https:\/\/2017.carnico.it\/blog\/2013\/10\/04\/la-palla-nel-pozzo\/","og_locale":"it_IT","og_type":"article","og_title":"LA PALLA NEL POZZO - Campionato Carnico 2017","og_description":"Le condizioni del tempo hanno fatto slittare la 7.a edizione del Torneo \u201cLa palla nel pozzo\u201d a domenica 20 ottobre con l&#8217;orario di inizio fissato alle ore 14.30. Visto lo scopo benefico della manifestazione sarebbe auspicabile seriet\u00e0 e puntualit\u00e0 da parte dei giocatori convocati. L\u2019IDEA&#8211; L\u2019Associazione \u201cLa voce della speranza\u201d, dopo l\u2019 esperienza positiva degli [&hellip;]","og_url":"https:\/\/2017.carnico.it\/blog\/2013\/10\/04\/la-palla-nel-pozzo\/","og_site_name":"Campionato Carnico 2017","article_publisher":"https:\/\/www.facebook.com\/campionatocarnico\/","article_published_time":"2013-10-04T21:09:30+00:00","article_modified_time":"2013-10-13T22:03:49+00:00","author":"Redazione","twitter_card":"summary_large_image","twitter_misc":{"Scritto da":"Redazione","Tempo di lettura stimato":"2 minuti"},"schema":{"@context":"https:\/\/schema.org","@graph":[{"@type":"Article","@id":"https:\/\/2017.carnico.it\/blog\/2013\/10\/04\/la-palla-nel-pozzo\/#article","isPartOf":{"@id":"https:\/\/2017.carnico.it\/blog\/2013\/10\/04\/la-palla-nel-pozzo\/"},"author":{"name":"Redazione","@id":"https:\/\/2017.carnico.it\/blog\/#\/schema\/person\/a68c764693d96df3238f123ea014e78c"},"headline":"LA PALLA NEL POZZO","datePublished":"2013-10-04T21:09:30+00:00","dateModified":"2013-10-13T22:03:49+00:00","mainEntityOfPage":{"@id":"https:\/\/2017.carnico.it\/blog\/2013\/10\/04\/la-palla-nel-pozzo\/"},"wordCount":457,"commentCount":2,"articleSection":["Carnico","Varie"],"inLanguage":"it-IT","potentialAction":[{"@type":"CommentAction","name":"Comment","target":["https:\/\/2017.carnico.it\/blog\/2013\/10\/04\/la-palla-nel-pozzo\/#respond"]}]},{"@type":"WebPage","@id":"https:\/\/2017.carnico.it\/blog\/2013\/10\/04\/la-palla-nel-pozzo\/","url":"https:\/\/2017.carnico.it\/blog\/2013\/10\/04\/la-palla-nel-pozzo\/","name":"LA PALLA NEL POZZO - Campionato Carnico 2017","isPartOf":{"@id":"https:\/\/2017.carnico.it\/blog\/#website"},"datePublished":"2013-10-04T21:09:30+00:00","dateModified":"2013-10-13T22:03:49+00:00","author":{"@id":"https:\/\/2017.carnico.it\/blog\/#\/schema\/person\/a68c764693d96df3238f123ea014e78c"},"breadcrumb":{"@id":"https:\/\/2017.carnico.it\/blog\/2013\/10\/04\/la-palla-nel-pozzo\/#breadcrumb"},"inLanguage":"it-IT","potentialAction":[{"@type":"ReadAction","target":["https:\/\/2017.carnico.it\/blog\/2013\/10\/04\/la-palla-nel-pozzo\/"]}]},{"@type":"BreadcrumbList","@id":"https:\/\/2017.carnico.it\/blog\/2013\/10\/04\/la-palla-nel-pozzo\/#breadcrumb","itemListElement":[{"@type":"ListItem","position":1,"name":"Home","item":"https:\/\/2017.carnico.it\/blog\/"},{"@type":"ListItem","position":2,"name":"LA PALLA NEL POZZO"}]},{"@type":"WebSite","@id":"https:\/\/2017.carnico.it\/blog\/#website","url":"https:\/\/2017.carnico.it\/blog\/","name":"Campionato Carnico 2017","description":"Notizie e aggiornamenti in tempo reale sul campionato Carnico","potentialAction":[{"@type":"SearchAction","target":{"@type":"EntryPoint","urlTemplate":"https:\/\/2017.carnico.it\/blog\/?s={search_term_string}"},"query-input":{"@type":"PropertyValueSpecification","valueRequired":true,"valueName":"search_term_string"}}],"inLanguage":"it-IT"},{"@type":"Person","@id":"https:\/\/2017.carnico.it\/blog\/#\/schema\/person\/a68c764693d96df3238f123ea014e78c","name":"Redazione","image":{"@type":"ImageObject","inLanguage":"it-IT","@id":"https:\/\/secure.gravatar.com\/avatar\/6c05bd4dddbea475e283f76b4aa2d778ecb35c06fd92df5f6e0cac552163e2ac?s=96&d=mm&r=g","url":"https:\/\/secure.gravatar.com\/avatar\/6c05bd4dddbea475e283f76b4aa2d778ecb35c06fd92df5f6e0cac552163e2ac?s=96&d=mm&r=g","contentUrl":"https:\/\/secure.gravatar.com\/avatar\/6c05bd4dddbea475e283f76b4aa2d778ecb35c06fd92df5f6e0cac552163e2ac?s=96&d=mm&r=g","caption":"Redazione"},"url":"https:\/\/2017.carnico.it\/blog\/author\/clyco-admin\/"}]}},"_links":{"self":[{"href":"https:\/\/2017.carnico.it\/blog\/wp-json\/wp\/v2\/posts\/9735","targetHints":{"allow":["GET"]}}],"collection":[{"href":"https:\/\/2017.carnico.it\/blog\/wp-json\/wp\/v2\/posts"}],"about":[{"href":"https:\/\/2017.carnico.it\/blog\/wp-json\/wp\/v2\/types\/post"}],"author":[{"embeddable":true,"href":"https:\/\/2017.carnico.it\/blog\/wp-json\/wp\/v2\/users\/10"}],"replies":[{"embeddable":true,"href":"https:\/\/2017.carnico.it\/blog\/wp-json\/wp\/v2\/comments?post=9735"}],"version-history":[{"count":5,"href":"https:\/\/2017.carnico.it\/blog\/wp-json\/wp\/v2\/posts\/9735\/revisions"}],"predecessor-version":[{"id":9786,"href":"https:\/\/2017.carnico.it\/blog\/wp-json\/wp\/v2\/posts\/9735\/revisions\/9786"}],"wp:attachment":[{"href":"https:\/\/2017.carnico.it\/blog\/wp-json\/wp\/v2\/media?parent=9735"}],"wp:term":[{"taxonomy":"category","embeddable":true,"href":"https:\/\/2017.carnico.it\/blog\/wp-json\/wp\/v2\/categories?post=9735"},{"taxonomy":"post_tag","embeddable":true,"href":"https:\/\/2017.carnico.it\/blog\/wp-json\/wp\/v2\/tags?post=9735"}],"curies":[{"name":"wp","href":"https:\/\/api.w.org\/{rel}","templated":true}]}}