{"id":9666,"date":"2013-09-22T12:03:45","date_gmt":"2013-09-22T10:03:45","guid":{"rendered":"http:\/\/www.carnico.it\/blog\/?p=9666"},"modified":"2013-09-22T20:09:59","modified_gmt":"2013-09-22T18:09:59","slug":"un-gol-per-beatrice","status":"publish","type":"post","link":"https:\/\/2017.carnico.it\/blog\/2013\/09\/22\/un-gol-per-beatrice\/","title":{"rendered":"UN GOL PER BEATRICE"},"content":{"rendered":"<p>Beatrice Naso \u00e8 una bambina di Cafasse in provincia di Torino, affetta da una patologia sconosciuta che porta alla calcificazione delle articolazioni dello scheletro ed attualmente \u00e8 l\u2019unico caso conosciuto. La comunit\u00e0 di Verzegnis si \u00e8 attivata per mettere in moto la macchina della solidariet\u00e0 con una raccolta di fondi e manifestazioni varie. Tra queste, una <strong>maratona benefica che partir\u00e0 da\u00a0 Verzegnis, marted\u00ec 1 ottobre, alle ore 9,30<\/strong>: sei atleti correranno a staffetta fino a Cafasse. I primi km saranno percorsi assieme ai bambini delle scuole di Verzegnis, dalle autorit\u00e0 dei comuni di Verzegnis e Cafasse, i presidenti delle associazioni dei due paesi e da tuuti coloro che vorranno unirsi al gruppo.<br \/>\nAlla redazione di questo sito \u00e8 venuto in mente di far partecipare a questa gara di solidariet\u00e0 anche il grande cuore del Carnico, come sempre sensibile a queste situazioni. Per chiunque, anche con un piccolo gesto, volesse sostenere l\u2019iniziativa, pubblichiamo il codice IBAN:<br \/>\nIT55P0558401004000000002450 &#8211; causale: Naso Beatrice.<br \/>\nSuggeriamo inoltre una visita ai sotto elencati siti che parlano del caso:<br \/>\nSito: https:\/\/sites.google.com\/site\/maratonainsiemeperbeatrice\/<br \/>\nPagina Facebook: https:\/\/m.facebook.com\/MaratonaBeneficaInsiemePerBeatrice<br \/>\nCerchiamo, insomma, di segnare tutti insieme, un gol per Beatrice!<\/p>\n","protected":false},"excerpt":{"rendered":"<p>Beatrice Naso \u00e8 una bambina di Cafasse in provincia di Torino, affetta da una patologia sconosciuta che porta alla calcificazione delle articolazioni dello scheletro ed attualmente \u00e8 l\u2019unico caso conosciuto. La comunit\u00e0 di Verzegnis si \u00e8 attivata per mettere in moto la macchina della solidariet\u00e0 con una raccolta di fondi e manifestazioni varie. Tra queste, [&hellip;]<\/p>\n","protected":false},"author":10,"featured_media":0,"comment_status":"open","ping_status":"closed","sticky":false,"template":"","format":"standard","meta":{"footnotes":""},"categories":[5],"tags":[],"class_list":["post-9666","post","type-post","status-publish","format-standard","hentry","category-varie"],"yoast_head":"<!-- This site is optimized with the Yoast SEO plugin v27.3 - https:\/\/yoast.com\/product\/yoast-seo-wordpress\/ -->\n<title>UN GOL PER BEATRICE - Campionato Carnico 2017<\/title>\n<meta name=\"robots\" content=\"index, follow, max-snippet:-1, max-image-preview:large, max-video-preview:-1\" \/>\n<link rel=\"canonical\" href=\"https:\/\/2017.carnico.it\/blog\/2013\/09\/22\/un-gol-per-beatrice\/\" \/>\n<meta property=\"og:locale\" content=\"it_IT\" \/>\n<meta property=\"og:type\" content=\"article\" \/>\n<meta property=\"og:title\" content=\"UN GOL PER BEATRICE - Campionato Carnico 2017\" \/>\n<meta property=\"og:description\" content=\"Beatrice Naso \u00e8 una bambina di Cafasse in provincia di Torino, affetta da una patologia sconosciuta che porta alla calcificazione delle articolazioni dello scheletro ed attualmente \u00e8 l\u2019unico caso conosciuto. La comunit\u00e0 di Verzegnis si \u00e8 attivata per mettere in moto la macchina della solidariet\u00e0 con una raccolta di fondi e manifestazioni varie. Tra queste, [&hellip;]\" \/>\n<meta property=\"og:url\" content=\"https:\/\/2017.carnico.it\/blog\/2013\/09\/22\/un-gol-per-beatrice\/\" \/>\n<meta property=\"og:site_name\" content=\"Campionato Carnico 2017\" \/>\n<meta property=\"article:publisher\" content=\"https:\/\/www.facebook.com\/campionatocarnico\/\" \/>\n<meta property=\"article:published_time\" content=\"2013-09-22T10:03:45+00:00\" \/>\n<meta property=\"article:modified_time\" content=\"2013-09-22T18:09:59+00:00\" \/>\n<meta name=\"author\" content=\"Redazione\" \/>\n<meta name=\"twitter:card\" content=\"summary_large_image\" \/>\n<meta name=\"twitter:label1\" content=\"Scritto da\" \/>\n\t<meta name=\"twitter:data1\" content=\"Redazione\" \/>\n\t<meta name=\"twitter:label2\" content=\"Tempo di lettura stimato\" \/>\n\t<meta name=\"twitter:data2\" content=\"1 minuto\" \/>\n<script type=\"application\/ld+json\" class=\"yoast-schema-graph\">{\"@context\":\"https:\\\/\\\/schema.org\",\"@graph\":[{\"@type\":\"Article\",\"@id\":\"https:\\\/\\\/2017.carnico.it\\\/blog\\\/2013\\\/09\\\/22\\\/un-gol-per-beatrice\\\/#article\",\"isPartOf\":{\"@id\":\"https:\\\/\\\/2017.carnico.it\\\/blog\\\/2013\\\/09\\\/22\\\/un-gol-per-beatrice\\\/\"},\"author\":{\"name\":\"Redazione\",\"@id\":\"https:\\\/\\\/2017.carnico.it\\\/blog\\\/#\\\/schema\\\/person\\\/a68c764693d96df3238f123ea014e78c\"},\"headline\":\"UN GOL PER BEATRICE\",\"datePublished\":\"2013-09-22T10:03:45+00:00\",\"dateModified\":\"2013-09-22T18:09:59+00:00\",\"mainEntityOfPage\":{\"@id\":\"https:\\\/\\\/2017.carnico.it\\\/blog\\\/2013\\\/09\\\/22\\\/un-gol-per-beatrice\\\/\"},\"wordCount\":197,\"commentCount\":1,\"articleSection\":[\"Varie\"],\"inLanguage\":\"it-IT\",\"potentialAction\":[{\"@type\":\"CommentAction\",\"name\":\"Comment\",\"target\":[\"https:\\\/\\\/2017.carnico.it\\\/blog\\\/2013\\\/09\\\/22\\\/un-gol-per-beatrice\\\/#respond\"]}]},{\"@type\":\"WebPage\",\"@id\":\"https:\\\/\\\/2017.carnico.it\\\/blog\\\/2013\\\/09\\\/22\\\/un-gol-per-beatrice\\\/\",\"url\":\"https:\\\/\\\/2017.carnico.it\\\/blog\\\/2013\\\/09\\\/22\\\/un-gol-per-beatrice\\\/\",\"name\":\"UN GOL PER BEATRICE - Campionato Carnico 2017\",\"isPartOf\":{\"@id\":\"https:\\\/\\\/2017.carnico.it\\\/blog\\\/#website\"},\"datePublished\":\"2013-09-22T10:03:45+00:00\",\"dateModified\":\"2013-09-22T18:09:59+00:00\",\"author\":{\"@id\":\"https:\\\/\\\/2017.carnico.it\\\/blog\\\/#\\\/schema\\\/person\\\/a68c764693d96df3238f123ea014e78c\"},\"breadcrumb\":{\"@id\":\"https:\\\/\\\/2017.carnico.it\\\/blog\\\/2013\\\/09\\\/22\\\/un-gol-per-beatrice\\\/#breadcrumb\"},\"inLanguage\":\"it-IT\",\"potentialAction\":[{\"@type\":\"ReadAction\",\"target\":[\"https:\\\/\\\/2017.carnico.it\\\/blog\\\/2013\\\/09\\\/22\\\/un-gol-per-beatrice\\\/\"]}]},{\"@type\":\"BreadcrumbList\",\"@id\":\"https:\\\/\\\/2017.carnico.it\\\/blog\\\/2013\\\/09\\\/22\\\/un-gol-per-beatrice\\\/#breadcrumb\",\"itemListElement\":[{\"@type\":\"ListItem\",\"position\":1,\"name\":\"Home\",\"item\":\"https:\\\/\\\/2017.carnico.it\\\/blog\\\/\"},{\"@type\":\"ListItem\",\"position\":2,\"name\":\"UN GOL PER BEATRICE\"}]},{\"@type\":\"WebSite\",\"@id\":\"https:\\\/\\\/2017.carnico.it\\\/blog\\\/#website\",\"url\":\"https:\\\/\\\/2017.carnico.it\\\/blog\\\/\",\"name\":\"Campionato Carnico 2017\",\"description\":\"Notizie e aggiornamenti in tempo reale sul campionato Carnico\",\"potentialAction\":[{\"@type\":\"SearchAction\",\"target\":{\"@type\":\"EntryPoint\",\"urlTemplate\":\"https:\\\/\\\/2017.carnico.it\\\/blog\\\/?s={search_term_string}\"},\"query-input\":{\"@type\":\"PropertyValueSpecification\",\"valueRequired\":true,\"valueName\":\"search_term_string\"}}],\"inLanguage\":\"it-IT\"},{\"@type\":\"Person\",\"@id\":\"https:\\\/\\\/2017.carnico.it\\\/blog\\\/#\\\/schema\\\/person\\\/a68c764693d96df3238f123ea014e78c\",\"name\":\"Redazione\",\"image\":{\"@type\":\"ImageObject\",\"inLanguage\":\"it-IT\",\"@id\":\"https:\\\/\\\/secure.gravatar.com\\\/avatar\\\/6c05bd4dddbea475e283f76b4aa2d778ecb35c06fd92df5f6e0cac552163e2ac?s=96&d=mm&r=g\",\"url\":\"https:\\\/\\\/secure.gravatar.com\\\/avatar\\\/6c05bd4dddbea475e283f76b4aa2d778ecb35c06fd92df5f6e0cac552163e2ac?s=96&d=mm&r=g\",\"contentUrl\":\"https:\\\/\\\/secure.gravatar.com\\\/avatar\\\/6c05bd4dddbea475e283f76b4aa2d778ecb35c06fd92df5f6e0cac552163e2ac?s=96&d=mm&r=g\",\"caption\":\"Redazione\"},\"url\":\"https:\\\/\\\/2017.carnico.it\\\/blog\\\/author\\\/clyco-admin\\\/\"}]}<\/script>\n<!-- \/ Yoast SEO plugin. -->","yoast_head_json":{"title":"UN GOL PER BEATRICE - Campionato Carnico 2017","robots":{"index":"index","follow":"follow","max-snippet":"max-snippet:-1","max-image-preview":"max-image-preview:large","max-video-preview":"max-video-preview:-1"},"canonical":"https:\/\/2017.carnico.it\/blog\/2013\/09\/22\/un-gol-per-beatrice\/","og_locale":"it_IT","og_type":"article","og_title":"UN GOL PER BEATRICE - Campionato Carnico 2017","og_description":"Beatrice Naso \u00e8 una bambina di Cafasse in provincia di Torino, affetta da una patologia sconosciuta che porta alla calcificazione delle articolazioni dello scheletro ed attualmente \u00e8 l\u2019unico caso conosciuto. La comunit\u00e0 di Verzegnis si \u00e8 attivata per mettere in moto la macchina della solidariet\u00e0 con una raccolta di fondi e manifestazioni varie. Tra queste, [&hellip;]","og_url":"https:\/\/2017.carnico.it\/blog\/2013\/09\/22\/un-gol-per-beatrice\/","og_site_name":"Campionato Carnico 2017","article_publisher":"https:\/\/www.facebook.com\/campionatocarnico\/","article_published_time":"2013-09-22T10:03:45+00:00","article_modified_time":"2013-09-22T18:09:59+00:00","author":"Redazione","twitter_card":"summary_large_image","twitter_misc":{"Scritto da":"Redazione","Tempo di lettura stimato":"1 minuto"},"schema":{"@context":"https:\/\/schema.org","@graph":[{"@type":"Article","@id":"https:\/\/2017.carnico.it\/blog\/2013\/09\/22\/un-gol-per-beatrice\/#article","isPartOf":{"@id":"https:\/\/2017.carnico.it\/blog\/2013\/09\/22\/un-gol-per-beatrice\/"},"author":{"name":"Redazione","@id":"https:\/\/2017.carnico.it\/blog\/#\/schema\/person\/a68c764693d96df3238f123ea014e78c"},"headline":"UN GOL PER BEATRICE","datePublished":"2013-09-22T10:03:45+00:00","dateModified":"2013-09-22T18:09:59+00:00","mainEntityOfPage":{"@id":"https:\/\/2017.carnico.it\/blog\/2013\/09\/22\/un-gol-per-beatrice\/"},"wordCount":197,"commentCount":1,"articleSection":["Varie"],"inLanguage":"it-IT","potentialAction":[{"@type":"CommentAction","name":"Comment","target":["https:\/\/2017.carnico.it\/blog\/2013\/09\/22\/un-gol-per-beatrice\/#respond"]}]},{"@type":"WebPage","@id":"https:\/\/2017.carnico.it\/blog\/2013\/09\/22\/un-gol-per-beatrice\/","url":"https:\/\/2017.carnico.it\/blog\/2013\/09\/22\/un-gol-per-beatrice\/","name":"UN GOL PER BEATRICE - Campionato Carnico 2017","isPartOf":{"@id":"https:\/\/2017.carnico.it\/blog\/#website"},"datePublished":"2013-09-22T10:03:45+00:00","dateModified":"2013-09-22T18:09:59+00:00","author":{"@id":"https:\/\/2017.carnico.it\/blog\/#\/schema\/person\/a68c764693d96df3238f123ea014e78c"},"breadcrumb":{"@id":"https:\/\/2017.carnico.it\/blog\/2013\/09\/22\/un-gol-per-beatrice\/#breadcrumb"},"inLanguage":"it-IT","potentialAction":[{"@type":"ReadAction","target":["https:\/\/2017.carnico.it\/blog\/2013\/09\/22\/un-gol-per-beatrice\/"]}]},{"@type":"BreadcrumbList","@id":"https:\/\/2017.carnico.it\/blog\/2013\/09\/22\/un-gol-per-beatrice\/#breadcrumb","itemListElement":[{"@type":"ListItem","position":1,"name":"Home","item":"https:\/\/2017.carnico.it\/blog\/"},{"@type":"ListItem","position":2,"name":"UN GOL PER BEATRICE"}]},{"@type":"WebSite","@id":"https:\/\/2017.carnico.it\/blog\/#website","url":"https:\/\/2017.carnico.it\/blog\/","name":"Campionato Carnico 2017","description":"Notizie e aggiornamenti in tempo reale sul campionato Carnico","potentialAction":[{"@type":"SearchAction","target":{"@type":"EntryPoint","urlTemplate":"https:\/\/2017.carnico.it\/blog\/?s={search_term_string}"},"query-input":{"@type":"PropertyValueSpecification","valueRequired":true,"valueName":"search_term_string"}}],"inLanguage":"it-IT"},{"@type":"Person","@id":"https:\/\/2017.carnico.it\/blog\/#\/schema\/person\/a68c764693d96df3238f123ea014e78c","name":"Redazione","image":{"@type":"ImageObject","inLanguage":"it-IT","@id":"https:\/\/secure.gravatar.com\/avatar\/6c05bd4dddbea475e283f76b4aa2d778ecb35c06fd92df5f6e0cac552163e2ac?s=96&d=mm&r=g","url":"https:\/\/secure.gravatar.com\/avatar\/6c05bd4dddbea475e283f76b4aa2d778ecb35c06fd92df5f6e0cac552163e2ac?s=96&d=mm&r=g","contentUrl":"https:\/\/secure.gravatar.com\/avatar\/6c05bd4dddbea475e283f76b4aa2d778ecb35c06fd92df5f6e0cac552163e2ac?s=96&d=mm&r=g","caption":"Redazione"},"url":"https:\/\/2017.carnico.it\/blog\/author\/clyco-admin\/"}]}},"_links":{"self":[{"href":"https:\/\/2017.carnico.it\/blog\/wp-json\/wp\/v2\/posts\/9666","targetHints":{"allow":["GET"]}}],"collection":[{"href":"https:\/\/2017.carnico.it\/blog\/wp-json\/wp\/v2\/posts"}],"about":[{"href":"https:\/\/2017.carnico.it\/blog\/wp-json\/wp\/v2\/types\/post"}],"author":[{"embeddable":true,"href":"https:\/\/2017.carnico.it\/blog\/wp-json\/wp\/v2\/users\/10"}],"replies":[{"embeddable":true,"href":"https:\/\/2017.carnico.it\/blog\/wp-json\/wp\/v2\/comments?post=9666"}],"version-history":[{"count":3,"href":"https:\/\/2017.carnico.it\/blog\/wp-json\/wp\/v2\/posts\/9666\/revisions"}],"predecessor-version":[{"id":9669,"href":"https:\/\/2017.carnico.it\/blog\/wp-json\/wp\/v2\/posts\/9666\/revisions\/9669"}],"wp:attachment":[{"href":"https:\/\/2017.carnico.it\/blog\/wp-json\/wp\/v2\/media?parent=9666"}],"wp:term":[{"taxonomy":"category","embeddable":true,"href":"https:\/\/2017.carnico.it\/blog\/wp-json\/wp\/v2\/categories?post=9666"},{"taxonomy":"post_tag","embeddable":true,"href":"https:\/\/2017.carnico.it\/blog\/wp-json\/wp\/v2\/tags?post=9666"}],"curies":[{"name":"wp","href":"https:\/\/api.w.org\/{rel}","templated":true}]}}