{"id":9654,"date":"2013-09-18T23:11:44","date_gmt":"2013-09-18T21:11:44","guid":{"rendered":"http:\/\/www.carnico.it\/blog\/?p=9654"},"modified":"2013-09-19T18:21:01","modified_gmt":"2013-09-19T16:21:01","slug":"val-del-lago-e-la-delizia-in-seconda","status":"publish","type":"post","link":"https:\/\/2017.carnico.it\/blog\/2013\/09\/18\/val-del-lago-e-la-delizia-in-seconda\/","title":{"rendered":"VAL DEL LAGO E LA DELIZIA IN SECONDA!"},"content":{"rendered":"<div id=\"attachment_9655\" style=\"width: 130px\" class=\"wp-caption alignleft\"><a href=\"https:\/\/www.carnico.it\/blog\/2013\/09\/18\/val-del-lago-e-la-delizia-in-seconda\/megdiu\/\" rel=\"attachment wp-att-9655\"><img loading=\"lazy\" decoding=\"async\" aria-describedby=\"caption-attachment-9655\" class=\"size-full wp-image-9655\" alt=\"Per Megdiu, doppietta nella golaeada promozione della Val del Lago\" src=\"https:\/\/www.carnico.it\/blog\/wp-content\/uploads\/2013\/09\/MEGDIU.jpg\" width=\"120\" height=\"160\" \/><\/a><p id=\"caption-attachment-9655\" class=\"wp-caption-text\">Per Megdiu, doppietta nella golaeada promozione della Val del Lago<\/p><\/div>\n<p>Vincendo in goleada il posticipo di Tarvisio (6 a 1!), la Val Del Lago \u00e8 matematicamente promossa in Seconda categoria. Il successo della squadra di Fabio Picco trascina alla promozione anche La Delizia, che a 50 punti non pu\u00f2 pi\u00f9 essere raggiunta n\u00e9 dal Ravascletto, n\u00e8 dal Tarvisio. Per completare il terzetto delle promosse, ora, all&#8217;Edera baster\u00e0 conquistare un punto nelle due partite che le retsano da giocare (contro Stella Azzurra in casa e in trasferta a Verzegnis).<\/p>\n","protected":false},"excerpt":{"rendered":"<p>Vincendo in goleada il posticipo di Tarvisio (6 a 1!), la Val Del Lago \u00e8 matematicamente promossa in Seconda categoria. Il successo della squadra di Fabio Picco trascina alla promozione anche La Delizia, che a 50 punti non pu\u00f2 pi\u00f9 essere raggiunta n\u00e9 dal Ravascletto, n\u00e8 dal Tarvisio. Per completare il terzetto delle promosse, ora, [&hellip;]<\/p>\n","protected":false},"author":10,"featured_media":0,"comment_status":"open","ping_status":"closed","sticky":false,"template":"","format":"standard","meta":{"footnotes":""},"categories":[3,5],"tags":[],"class_list":["post-9654","post","type-post","status-publish","format-standard","hentry","category-carnico","category-varie"],"yoast_head":"<!-- This site is optimized with the Yoast SEO plugin v27.3 - https:\/\/yoast.com\/product\/yoast-seo-wordpress\/ -->\n<title>VAL DEL LAGO E LA DELIZIA IN SECONDA! - Campionato Carnico 2017<\/title>\n<meta name=\"robots\" content=\"index, follow, max-snippet:-1, max-image-preview:large, max-video-preview:-1\" \/>\n<link rel=\"canonical\" href=\"https:\/\/2017.carnico.it\/blog\/2013\/09\/18\/val-del-lago-e-la-delizia-in-seconda\/\" \/>\n<meta property=\"og:locale\" content=\"it_IT\" \/>\n<meta property=\"og:type\" content=\"article\" \/>\n<meta property=\"og:title\" content=\"VAL DEL LAGO E LA DELIZIA IN SECONDA! - Campionato Carnico 2017\" \/>\n<meta property=\"og:description\" content=\"Vincendo in goleada il posticipo di Tarvisio (6 a 1!), la Val Del Lago \u00e8 matematicamente promossa in Seconda categoria. Il successo della squadra di Fabio Picco trascina alla promozione anche La Delizia, che a 50 punti non pu\u00f2 pi\u00f9 essere raggiunta n\u00e9 dal Ravascletto, n\u00e8 dal Tarvisio. Per completare il terzetto delle promosse, ora, [&hellip;]\" \/>\n<meta property=\"og:url\" content=\"https:\/\/2017.carnico.it\/blog\/2013\/09\/18\/val-del-lago-e-la-delizia-in-seconda\/\" \/>\n<meta property=\"og:site_name\" content=\"Campionato Carnico 2017\" \/>\n<meta property=\"article:publisher\" content=\"https:\/\/www.facebook.com\/campionatocarnico\/\" \/>\n<meta property=\"article:published_time\" content=\"2013-09-18T21:11:44+00:00\" \/>\n<meta property=\"article:modified_time\" content=\"2013-09-19T16:21:01+00:00\" \/>\n<meta property=\"og:image\" content=\"https:\/\/www.carnico.it\/blog\/wp-content\/uploads\/2013\/09\/MEGDIU.jpg\" \/>\n<meta name=\"author\" content=\"Redazione\" \/>\n<meta name=\"twitter:card\" content=\"summary_large_image\" \/>\n<meta name=\"twitter:label1\" content=\"Scritto da\" \/>\n\t<meta name=\"twitter:data1\" content=\"Redazione\" \/>\n<script type=\"application\/ld+json\" class=\"yoast-schema-graph\">{\"@context\":\"https:\\\/\\\/schema.org\",\"@graph\":[{\"@type\":\"Article\",\"@id\":\"https:\\\/\\\/2017.carnico.it\\\/blog\\\/2013\\\/09\\\/18\\\/val-del-lago-e-la-delizia-in-seconda\\\/#article\",\"isPartOf\":{\"@id\":\"https:\\\/\\\/2017.carnico.it\\\/blog\\\/2013\\\/09\\\/18\\\/val-del-lago-e-la-delizia-in-seconda\\\/\"},\"author\":{\"name\":\"Redazione\",\"@id\":\"https:\\\/\\\/2017.carnico.it\\\/blog\\\/#\\\/schema\\\/person\\\/a68c764693d96df3238f123ea014e78c\"},\"headline\":\"VAL DEL LAGO E LA DELIZIA IN SECONDA!\",\"datePublished\":\"2013-09-18T21:11:44+00:00\",\"dateModified\":\"2013-09-19T16:21:01+00:00\",\"mainEntityOfPage\":{\"@id\":\"https:\\\/\\\/2017.carnico.it\\\/blog\\\/2013\\\/09\\\/18\\\/val-del-lago-e-la-delizia-in-seconda\\\/\"},\"wordCount\":100,\"commentCount\":10,\"image\":{\"@id\":\"https:\\\/\\\/2017.carnico.it\\\/blog\\\/2013\\\/09\\\/18\\\/val-del-lago-e-la-delizia-in-seconda\\\/#primaryimage\"},\"thumbnailUrl\":\"https:\\\/\\\/www.carnico.it\\\/blog\\\/wp-content\\\/uploads\\\/2013\\\/09\\\/MEGDIU.jpg\",\"articleSection\":[\"Carnico\",\"Varie\"],\"inLanguage\":\"it-IT\",\"potentialAction\":[{\"@type\":\"CommentAction\",\"name\":\"Comment\",\"target\":[\"https:\\\/\\\/2017.carnico.it\\\/blog\\\/2013\\\/09\\\/18\\\/val-del-lago-e-la-delizia-in-seconda\\\/#respond\"]}]},{\"@type\":\"WebPage\",\"@id\":\"https:\\\/\\\/2017.carnico.it\\\/blog\\\/2013\\\/09\\\/18\\\/val-del-lago-e-la-delizia-in-seconda\\\/\",\"url\":\"https:\\\/\\\/2017.carnico.it\\\/blog\\\/2013\\\/09\\\/18\\\/val-del-lago-e-la-delizia-in-seconda\\\/\",\"name\":\"VAL DEL LAGO E LA DELIZIA IN SECONDA! - Campionato Carnico 2017\",\"isPartOf\":{\"@id\":\"https:\\\/\\\/2017.carnico.it\\\/blog\\\/#website\"},\"primaryImageOfPage\":{\"@id\":\"https:\\\/\\\/2017.carnico.it\\\/blog\\\/2013\\\/09\\\/18\\\/val-del-lago-e-la-delizia-in-seconda\\\/#primaryimage\"},\"image\":{\"@id\":\"https:\\\/\\\/2017.carnico.it\\\/blog\\\/2013\\\/09\\\/18\\\/val-del-lago-e-la-delizia-in-seconda\\\/#primaryimage\"},\"thumbnailUrl\":\"https:\\\/\\\/www.carnico.it\\\/blog\\\/wp-content\\\/uploads\\\/2013\\\/09\\\/MEGDIU.jpg\",\"datePublished\":\"2013-09-18T21:11:44+00:00\",\"dateModified\":\"2013-09-19T16:21:01+00:00\",\"author\":{\"@id\":\"https:\\\/\\\/2017.carnico.it\\\/blog\\\/#\\\/schema\\\/person\\\/a68c764693d96df3238f123ea014e78c\"},\"breadcrumb\":{\"@id\":\"https:\\\/\\\/2017.carnico.it\\\/blog\\\/2013\\\/09\\\/18\\\/val-del-lago-e-la-delizia-in-seconda\\\/#breadcrumb\"},\"inLanguage\":\"it-IT\",\"potentialAction\":[{\"@type\":\"ReadAction\",\"target\":[\"https:\\\/\\\/2017.carnico.it\\\/blog\\\/2013\\\/09\\\/18\\\/val-del-lago-e-la-delizia-in-seconda\\\/\"]}]},{\"@type\":\"ImageObject\",\"inLanguage\":\"it-IT\",\"@id\":\"https:\\\/\\\/2017.carnico.it\\\/blog\\\/2013\\\/09\\\/18\\\/val-del-lago-e-la-delizia-in-seconda\\\/#primaryimage\",\"url\":\"https:\\\/\\\/www.carnico.it\\\/blog\\\/wp-content\\\/uploads\\\/2013\\\/09\\\/MEGDIU.jpg\",\"contentUrl\":\"https:\\\/\\\/www.carnico.it\\\/blog\\\/wp-content\\\/uploads\\\/2013\\\/09\\\/MEGDIU.jpg\"},{\"@type\":\"BreadcrumbList\",\"@id\":\"https:\\\/\\\/2017.carnico.it\\\/blog\\\/2013\\\/09\\\/18\\\/val-del-lago-e-la-delizia-in-seconda\\\/#breadcrumb\",\"itemListElement\":[{\"@type\":\"ListItem\",\"position\":1,\"name\":\"Home\",\"item\":\"https:\\\/\\\/2017.carnico.it\\\/blog\\\/\"},{\"@type\":\"ListItem\",\"position\":2,\"name\":\"VAL DEL LAGO E LA DELIZIA IN SECONDA!\"}]},{\"@type\":\"WebSite\",\"@id\":\"https:\\\/\\\/2017.carnico.it\\\/blog\\\/#website\",\"url\":\"https:\\\/\\\/2017.carnico.it\\\/blog\\\/\",\"name\":\"Campionato Carnico 2017\",\"description\":\"Notizie e aggiornamenti in tempo reale sul campionato Carnico\",\"potentialAction\":[{\"@type\":\"SearchAction\",\"target\":{\"@type\":\"EntryPoint\",\"urlTemplate\":\"https:\\\/\\\/2017.carnico.it\\\/blog\\\/?s={search_term_string}\"},\"query-input\":{\"@type\":\"PropertyValueSpecification\",\"valueRequired\":true,\"valueName\":\"search_term_string\"}}],\"inLanguage\":\"it-IT\"},{\"@type\":\"Person\",\"@id\":\"https:\\\/\\\/2017.carnico.it\\\/blog\\\/#\\\/schema\\\/person\\\/a68c764693d96df3238f123ea014e78c\",\"name\":\"Redazione\",\"image\":{\"@type\":\"ImageObject\",\"inLanguage\":\"it-IT\",\"@id\":\"https:\\\/\\\/secure.gravatar.com\\\/avatar\\\/6c05bd4dddbea475e283f76b4aa2d778ecb35c06fd92df5f6e0cac552163e2ac?s=96&d=mm&r=g\",\"url\":\"https:\\\/\\\/secure.gravatar.com\\\/avatar\\\/6c05bd4dddbea475e283f76b4aa2d778ecb35c06fd92df5f6e0cac552163e2ac?s=96&d=mm&r=g\",\"contentUrl\":\"https:\\\/\\\/secure.gravatar.com\\\/avatar\\\/6c05bd4dddbea475e283f76b4aa2d778ecb35c06fd92df5f6e0cac552163e2ac?s=96&d=mm&r=g\",\"caption\":\"Redazione\"},\"url\":\"https:\\\/\\\/2017.carnico.it\\\/blog\\\/author\\\/clyco-admin\\\/\"}]}<\/script>\n<!-- \/ Yoast SEO plugin. -->","yoast_head_json":{"title":"VAL DEL LAGO E LA DELIZIA IN SECONDA! - Campionato Carnico 2017","robots":{"index":"index","follow":"follow","max-snippet":"max-snippet:-1","max-image-preview":"max-image-preview:large","max-video-preview":"max-video-preview:-1"},"canonical":"https:\/\/2017.carnico.it\/blog\/2013\/09\/18\/val-del-lago-e-la-delizia-in-seconda\/","og_locale":"it_IT","og_type":"article","og_title":"VAL DEL LAGO E LA DELIZIA IN SECONDA! - Campionato Carnico 2017","og_description":"Vincendo in goleada il posticipo di Tarvisio (6 a 1!), la Val Del Lago \u00e8 matematicamente promossa in Seconda categoria. Il successo della squadra di Fabio Picco trascina alla promozione anche La Delizia, che a 50 punti non pu\u00f2 pi\u00f9 essere raggiunta n\u00e9 dal Ravascletto, n\u00e8 dal Tarvisio. Per completare il terzetto delle promosse, ora, [&hellip;]","og_url":"https:\/\/2017.carnico.it\/blog\/2013\/09\/18\/val-del-lago-e-la-delizia-in-seconda\/","og_site_name":"Campionato Carnico 2017","article_publisher":"https:\/\/www.facebook.com\/campionatocarnico\/","article_published_time":"2013-09-18T21:11:44+00:00","article_modified_time":"2013-09-19T16:21:01+00:00","og_image":[{"url":"https:\/\/www.carnico.it\/blog\/wp-content\/uploads\/2013\/09\/MEGDIU.jpg","type":"","width":"","height":""}],"author":"Redazione","twitter_card":"summary_large_image","twitter_misc":{"Scritto da":"Redazione"},"schema":{"@context":"https:\/\/schema.org","@graph":[{"@type":"Article","@id":"https:\/\/2017.carnico.it\/blog\/2013\/09\/18\/val-del-lago-e-la-delizia-in-seconda\/#article","isPartOf":{"@id":"https:\/\/2017.carnico.it\/blog\/2013\/09\/18\/val-del-lago-e-la-delizia-in-seconda\/"},"author":{"name":"Redazione","@id":"https:\/\/2017.carnico.it\/blog\/#\/schema\/person\/a68c764693d96df3238f123ea014e78c"},"headline":"VAL DEL LAGO E LA DELIZIA IN SECONDA!","datePublished":"2013-09-18T21:11:44+00:00","dateModified":"2013-09-19T16:21:01+00:00","mainEntityOfPage":{"@id":"https:\/\/2017.carnico.it\/blog\/2013\/09\/18\/val-del-lago-e-la-delizia-in-seconda\/"},"wordCount":100,"commentCount":10,"image":{"@id":"https:\/\/2017.carnico.it\/blog\/2013\/09\/18\/val-del-lago-e-la-delizia-in-seconda\/#primaryimage"},"thumbnailUrl":"https:\/\/www.carnico.it\/blog\/wp-content\/uploads\/2013\/09\/MEGDIU.jpg","articleSection":["Carnico","Varie"],"inLanguage":"it-IT","potentialAction":[{"@type":"CommentAction","name":"Comment","target":["https:\/\/2017.carnico.it\/blog\/2013\/09\/18\/val-del-lago-e-la-delizia-in-seconda\/#respond"]}]},{"@type":"WebPage","@id":"https:\/\/2017.carnico.it\/blog\/2013\/09\/18\/val-del-lago-e-la-delizia-in-seconda\/","url":"https:\/\/2017.carnico.it\/blog\/2013\/09\/18\/val-del-lago-e-la-delizia-in-seconda\/","name":"VAL DEL LAGO E LA DELIZIA IN SECONDA! - Campionato Carnico 2017","isPartOf":{"@id":"https:\/\/2017.carnico.it\/blog\/#website"},"primaryImageOfPage":{"@id":"https:\/\/2017.carnico.it\/blog\/2013\/09\/18\/val-del-lago-e-la-delizia-in-seconda\/#primaryimage"},"image":{"@id":"https:\/\/2017.carnico.it\/blog\/2013\/09\/18\/val-del-lago-e-la-delizia-in-seconda\/#primaryimage"},"thumbnailUrl":"https:\/\/www.carnico.it\/blog\/wp-content\/uploads\/2013\/09\/MEGDIU.jpg","datePublished":"2013-09-18T21:11:44+00:00","dateModified":"2013-09-19T16:21:01+00:00","author":{"@id":"https:\/\/2017.carnico.it\/blog\/#\/schema\/person\/a68c764693d96df3238f123ea014e78c"},"breadcrumb":{"@id":"https:\/\/2017.carnico.it\/blog\/2013\/09\/18\/val-del-lago-e-la-delizia-in-seconda\/#breadcrumb"},"inLanguage":"it-IT","potentialAction":[{"@type":"ReadAction","target":["https:\/\/2017.carnico.it\/blog\/2013\/09\/18\/val-del-lago-e-la-delizia-in-seconda\/"]}]},{"@type":"ImageObject","inLanguage":"it-IT","@id":"https:\/\/2017.carnico.it\/blog\/2013\/09\/18\/val-del-lago-e-la-delizia-in-seconda\/#primaryimage","url":"https:\/\/www.carnico.it\/blog\/wp-content\/uploads\/2013\/09\/MEGDIU.jpg","contentUrl":"https:\/\/www.carnico.it\/blog\/wp-content\/uploads\/2013\/09\/MEGDIU.jpg"},{"@type":"BreadcrumbList","@id":"https:\/\/2017.carnico.it\/blog\/2013\/09\/18\/val-del-lago-e-la-delizia-in-seconda\/#breadcrumb","itemListElement":[{"@type":"ListItem","position":1,"name":"Home","item":"https:\/\/2017.carnico.it\/blog\/"},{"@type":"ListItem","position":2,"name":"VAL DEL LAGO E LA DELIZIA IN SECONDA!"}]},{"@type":"WebSite","@id":"https:\/\/2017.carnico.it\/blog\/#website","url":"https:\/\/2017.carnico.it\/blog\/","name":"Campionato Carnico 2017","description":"Notizie e aggiornamenti in tempo reale sul campionato Carnico","potentialAction":[{"@type":"SearchAction","target":{"@type":"EntryPoint","urlTemplate":"https:\/\/2017.carnico.it\/blog\/?s={search_term_string}"},"query-input":{"@type":"PropertyValueSpecification","valueRequired":true,"valueName":"search_term_string"}}],"inLanguage":"it-IT"},{"@type":"Person","@id":"https:\/\/2017.carnico.it\/blog\/#\/schema\/person\/a68c764693d96df3238f123ea014e78c","name":"Redazione","image":{"@type":"ImageObject","inLanguage":"it-IT","@id":"https:\/\/secure.gravatar.com\/avatar\/6c05bd4dddbea475e283f76b4aa2d778ecb35c06fd92df5f6e0cac552163e2ac?s=96&d=mm&r=g","url":"https:\/\/secure.gravatar.com\/avatar\/6c05bd4dddbea475e283f76b4aa2d778ecb35c06fd92df5f6e0cac552163e2ac?s=96&d=mm&r=g","contentUrl":"https:\/\/secure.gravatar.com\/avatar\/6c05bd4dddbea475e283f76b4aa2d778ecb35c06fd92df5f6e0cac552163e2ac?s=96&d=mm&r=g","caption":"Redazione"},"url":"https:\/\/2017.carnico.it\/blog\/author\/clyco-admin\/"}]}},"_links":{"self":[{"href":"https:\/\/2017.carnico.it\/blog\/wp-json\/wp\/v2\/posts\/9654","targetHints":{"allow":["GET"]}}],"collection":[{"href":"https:\/\/2017.carnico.it\/blog\/wp-json\/wp\/v2\/posts"}],"about":[{"href":"https:\/\/2017.carnico.it\/blog\/wp-json\/wp\/v2\/types\/post"}],"author":[{"embeddable":true,"href":"https:\/\/2017.carnico.it\/blog\/wp-json\/wp\/v2\/users\/10"}],"replies":[{"embeddable":true,"href":"https:\/\/2017.carnico.it\/blog\/wp-json\/wp\/v2\/comments?post=9654"}],"version-history":[{"count":3,"href":"https:\/\/2017.carnico.it\/blog\/wp-json\/wp\/v2\/posts\/9654\/revisions"}],"predecessor-version":[{"id":9658,"href":"https:\/\/2017.carnico.it\/blog\/wp-json\/wp\/v2\/posts\/9654\/revisions\/9658"}],"wp:attachment":[{"href":"https:\/\/2017.carnico.it\/blog\/wp-json\/wp\/v2\/media?parent=9654"}],"wp:term":[{"taxonomy":"category","embeddable":true,"href":"https:\/\/2017.carnico.it\/blog\/wp-json\/wp\/v2\/categories?post=9654"},{"taxonomy":"post_tag","embeddable":true,"href":"https:\/\/2017.carnico.it\/blog\/wp-json\/wp\/v2\/tags?post=9654"}],"curies":[{"name":"wp","href":"https:\/\/api.w.org\/{rel}","templated":true}]}}