{"id":9411,"date":"2013-08-09T16:11:10","date_gmt":"2013-08-09T14:11:10","guid":{"rendered":"http:\/\/www.carnico.it\/blog\/?p=9411"},"modified":"2013-08-09T16:11:10","modified_gmt":"2013-08-09T14:11:10","slug":"troppi-errori-nei-referti-degli-arbitri-del-carnico","status":"publish","type":"post","link":"https:\/\/2017.carnico.it\/blog\/2013\/08\/09\/troppi-errori-nei-referti-degli-arbitri-del-carnico\/","title":{"rendered":"TROPPI ERRORI NEI REFERTI DEGLI ARBITRI DEL CARNICO"},"content":{"rendered":"<div id=\"attachment_9412\" style=\"width: 160px\" class=\"wp-caption alignleft\"><a href=\"https:\/\/www.carnico.it\/blog\/wp-content\/uploads\/2013\/08\/VERZEGNIS-Alessandro-Fior.jpg\"><img loading=\"lazy\" decoding=\"async\" aria-describedby=\"caption-attachment-9412\" class=\"size-thumbnail wp-image-9412\" alt=\"Alessandro Fior, il sostituito &quot;fantasma&quot;\" src=\"https:\/\/www.carnico.it\/blog\/wp-content\/uploads\/2013\/08\/VERZEGNIS-Alessandro-Fior-150x200.jpg\" width=\"150\" height=\"200\" \/><\/a><p id=\"caption-attachment-9412\" class=\"wp-caption-text\">Alessandro Fior, il sostituito &#8220;fantasma&#8221;<\/p><\/div>\n<p>Per la seconda volta nel Carnico 2013 una squadra si \u00e8 vista sconfitta a tavolino per aver giocato qualche minuto senza un \u00abgiovane\u00bb in campo. E, come accaduto il 22 giugno in Il Castello-Rapid, a determinare la sanzione \u00e8 stato quasi certamente un errore arbitrale.<br \/>\nA Gemona le conseguenze furono pesanti, perch\u00e8 il Rapid perse una partita conclusa in parit\u00e0 in quanto il direttore di gara riport\u00f2 nel referto un numero anzich\u00e8 un altro, come confermato dagli stessi avversari.<br \/>\nDomenica scorsa in Verzegnis-Comeglians pare essere accaduta la stessa cosa: l&#8217;arbitro Desenibus di Monfalcone scrive che ad inizio ripresa l&#8217;unico \u00abgiovane\u00bb in campo, il numero 7 Alessandro Fior, viene sostituito con il quarantunenne Mario Fior. Ma, come spiega l&#8217;allenatore del Verzegnis Luciano Patat, in realt\u00e0 il cambio ha riguardaro il numero 11 Celaia.<br \/>\n<!--more-->In questo caso il danno \u00e8 stato minimo, visto che il Comeglians si era imposto sul campo per 2-1, ma ricordando anche quanto accaduto quasi un mese fa nella nota vicenda degli insulti razzisti, con due tesserati (Tessitori del Cercivento e Blanzan della Velox) squalificati ingiustamente per molti mesi a causa di uno scambio di persona con conseguente accusa infamante sul groppone, \u00e8 doveroso pretendere dagli arbitri l&#8217;assoluta precisione nella compilazione del referto, cosa che evidentemente non sempre accade. E comunque le societ\u00e0 farebbero bene a chiedere sempre a fine partita il rapportino, in modo tale da contestare subito eventuali anomalie.<\/p>\n<p><strong>Bruno TAVOSANIS (<em>dal Gazzettino<\/em>)<\/strong><\/p>\n","protected":false},"excerpt":{"rendered":"<p>Per la seconda volta nel Carnico 2013 una squadra si \u00e8 vista sconfitta a tavolino per aver giocato qualche minuto senza un \u00abgiovane\u00bb in campo. E, come accaduto il 22 giugno in Il Castello-Rapid, a determinare la sanzione \u00e8 stato quasi certamente un errore arbitrale. A Gemona le conseguenze furono pesanti, perch\u00e8 il Rapid perse [&hellip;]<\/p>\n","protected":false},"author":10,"featured_media":0,"comment_status":"open","ping_status":"closed","sticky":false,"template":"","format":"standard","meta":{"footnotes":""},"categories":[3,1,5],"tags":[],"class_list":["post-9411","post","type-post","status-publish","format-standard","hentry","category-carnico","category-commento-campionato","category-varie"],"yoast_head":"<!-- This site is optimized with the Yoast SEO plugin v27.3 - https:\/\/yoast.com\/product\/yoast-seo-wordpress\/ -->\n<title>TROPPI ERRORI NEI REFERTI DEGLI ARBITRI DEL CARNICO - Campionato Carnico 2017<\/title>\n<meta name=\"robots\" content=\"index, follow, max-snippet:-1, max-image-preview:large, max-video-preview:-1\" \/>\n<link rel=\"canonical\" href=\"https:\/\/2017.carnico.it\/blog\/2013\/08\/09\/troppi-errori-nei-referti-degli-arbitri-del-carnico\/\" \/>\n<meta property=\"og:locale\" content=\"it_IT\" \/>\n<meta property=\"og:type\" content=\"article\" \/>\n<meta property=\"og:title\" content=\"TROPPI ERRORI NEI REFERTI DEGLI ARBITRI DEL CARNICO - Campionato Carnico 2017\" \/>\n<meta property=\"og:description\" content=\"Per la seconda volta nel Carnico 2013 una squadra si \u00e8 vista sconfitta a tavolino per aver giocato qualche minuto senza un \u00abgiovane\u00bb in campo. E, come accaduto il 22 giugno in Il Castello-Rapid, a determinare la sanzione \u00e8 stato quasi certamente un errore arbitrale. A Gemona le conseguenze furono pesanti, perch\u00e8 il Rapid perse [&hellip;]\" \/>\n<meta property=\"og:url\" content=\"https:\/\/2017.carnico.it\/blog\/2013\/08\/09\/troppi-errori-nei-referti-degli-arbitri-del-carnico\/\" \/>\n<meta property=\"og:site_name\" content=\"Campionato Carnico 2017\" \/>\n<meta property=\"article:publisher\" content=\"https:\/\/www.facebook.com\/campionatocarnico\/\" \/>\n<meta property=\"article:published_time\" content=\"2013-08-09T14:11:10+00:00\" \/>\n<meta property=\"og:image\" content=\"https:\/\/www.carnico.it\/blog\/wp-content\/uploads\/2013\/08\/VERZEGNIS-Alessandro-Fior-150x200.jpg\" \/>\n<meta name=\"author\" content=\"Redazione\" \/>\n<meta name=\"twitter:card\" content=\"summary_large_image\" \/>\n<meta name=\"twitter:label1\" content=\"Scritto da\" \/>\n\t<meta name=\"twitter:data1\" content=\"Redazione\" \/>\n\t<meta name=\"twitter:label2\" content=\"Tempo di lettura stimato\" \/>\n\t<meta name=\"twitter:data2\" content=\"1 minuto\" \/>\n<script type=\"application\/ld+json\" class=\"yoast-schema-graph\">{\"@context\":\"https:\\\/\\\/schema.org\",\"@graph\":[{\"@type\":\"Article\",\"@id\":\"https:\\\/\\\/2017.carnico.it\\\/blog\\\/2013\\\/08\\\/09\\\/troppi-errori-nei-referti-degli-arbitri-del-carnico\\\/#article\",\"isPartOf\":{\"@id\":\"https:\\\/\\\/2017.carnico.it\\\/blog\\\/2013\\\/08\\\/09\\\/troppi-errori-nei-referti-degli-arbitri-del-carnico\\\/\"},\"author\":{\"name\":\"Redazione\",\"@id\":\"https:\\\/\\\/2017.carnico.it\\\/blog\\\/#\\\/schema\\\/person\\\/a68c764693d96df3238f123ea014e78c\"},\"headline\":\"TROPPI ERRORI NEI REFERTI DEGLI ARBITRI DEL CARNICO\",\"datePublished\":\"2013-08-09T14:11:10+00:00\",\"mainEntityOfPage\":{\"@id\":\"https:\\\/\\\/2017.carnico.it\\\/blog\\\/2013\\\/08\\\/09\\\/troppi-errori-nei-referti-degli-arbitri-del-carnico\\\/\"},\"wordCount\":253,\"commentCount\":19,\"image\":{\"@id\":\"https:\\\/\\\/2017.carnico.it\\\/blog\\\/2013\\\/08\\\/09\\\/troppi-errori-nei-referti-degli-arbitri-del-carnico\\\/#primaryimage\"},\"thumbnailUrl\":\"https:\\\/\\\/www.carnico.it\\\/blog\\\/wp-content\\\/uploads\\\/2013\\\/08\\\/VERZEGNIS-Alessandro-Fior-150x200.jpg\",\"articleSection\":[\"Carnico\",\"Commento al campionato\",\"Varie\"],\"inLanguage\":\"it-IT\",\"potentialAction\":[{\"@type\":\"CommentAction\",\"name\":\"Comment\",\"target\":[\"https:\\\/\\\/2017.carnico.it\\\/blog\\\/2013\\\/08\\\/09\\\/troppi-errori-nei-referti-degli-arbitri-del-carnico\\\/#respond\"]}]},{\"@type\":\"WebPage\",\"@id\":\"https:\\\/\\\/2017.carnico.it\\\/blog\\\/2013\\\/08\\\/09\\\/troppi-errori-nei-referti-degli-arbitri-del-carnico\\\/\",\"url\":\"https:\\\/\\\/2017.carnico.it\\\/blog\\\/2013\\\/08\\\/09\\\/troppi-errori-nei-referti-degli-arbitri-del-carnico\\\/\",\"name\":\"TROPPI ERRORI NEI REFERTI DEGLI ARBITRI DEL CARNICO - Campionato Carnico 2017\",\"isPartOf\":{\"@id\":\"https:\\\/\\\/2017.carnico.it\\\/blog\\\/#website\"},\"primaryImageOfPage\":{\"@id\":\"https:\\\/\\\/2017.carnico.it\\\/blog\\\/2013\\\/08\\\/09\\\/troppi-errori-nei-referti-degli-arbitri-del-carnico\\\/#primaryimage\"},\"image\":{\"@id\":\"https:\\\/\\\/2017.carnico.it\\\/blog\\\/2013\\\/08\\\/09\\\/troppi-errori-nei-referti-degli-arbitri-del-carnico\\\/#primaryimage\"},\"thumbnailUrl\":\"https:\\\/\\\/www.carnico.it\\\/blog\\\/wp-content\\\/uploads\\\/2013\\\/08\\\/VERZEGNIS-Alessandro-Fior-150x200.jpg\",\"datePublished\":\"2013-08-09T14:11:10+00:00\",\"author\":{\"@id\":\"https:\\\/\\\/2017.carnico.it\\\/blog\\\/#\\\/schema\\\/person\\\/a68c764693d96df3238f123ea014e78c\"},\"breadcrumb\":{\"@id\":\"https:\\\/\\\/2017.carnico.it\\\/blog\\\/2013\\\/08\\\/09\\\/troppi-errori-nei-referti-degli-arbitri-del-carnico\\\/#breadcrumb\"},\"inLanguage\":\"it-IT\",\"potentialAction\":[{\"@type\":\"ReadAction\",\"target\":[\"https:\\\/\\\/2017.carnico.it\\\/blog\\\/2013\\\/08\\\/09\\\/troppi-errori-nei-referti-degli-arbitri-del-carnico\\\/\"]}]},{\"@type\":\"ImageObject\",\"inLanguage\":\"it-IT\",\"@id\":\"https:\\\/\\\/2017.carnico.it\\\/blog\\\/2013\\\/08\\\/09\\\/troppi-errori-nei-referti-degli-arbitri-del-carnico\\\/#primaryimage\",\"url\":\"https:\\\/\\\/www.carnico.it\\\/blog\\\/wp-content\\\/uploads\\\/2013\\\/08\\\/VERZEGNIS-Alessandro-Fior-150x200.jpg\",\"contentUrl\":\"https:\\\/\\\/www.carnico.it\\\/blog\\\/wp-content\\\/uploads\\\/2013\\\/08\\\/VERZEGNIS-Alessandro-Fior-150x200.jpg\"},{\"@type\":\"BreadcrumbList\",\"@id\":\"https:\\\/\\\/2017.carnico.it\\\/blog\\\/2013\\\/08\\\/09\\\/troppi-errori-nei-referti-degli-arbitri-del-carnico\\\/#breadcrumb\",\"itemListElement\":[{\"@type\":\"ListItem\",\"position\":1,\"name\":\"Home\",\"item\":\"https:\\\/\\\/2017.carnico.it\\\/blog\\\/\"},{\"@type\":\"ListItem\",\"position\":2,\"name\":\"TROPPI ERRORI NEI REFERTI DEGLI ARBITRI DEL CARNICO\"}]},{\"@type\":\"WebSite\",\"@id\":\"https:\\\/\\\/2017.carnico.it\\\/blog\\\/#website\",\"url\":\"https:\\\/\\\/2017.carnico.it\\\/blog\\\/\",\"name\":\"Campionato Carnico 2017\",\"description\":\"Notizie e aggiornamenti in tempo reale sul campionato Carnico\",\"potentialAction\":[{\"@type\":\"SearchAction\",\"target\":{\"@type\":\"EntryPoint\",\"urlTemplate\":\"https:\\\/\\\/2017.carnico.it\\\/blog\\\/?s={search_term_string}\"},\"query-input\":{\"@type\":\"PropertyValueSpecification\",\"valueRequired\":true,\"valueName\":\"search_term_string\"}}],\"inLanguage\":\"it-IT\"},{\"@type\":\"Person\",\"@id\":\"https:\\\/\\\/2017.carnico.it\\\/blog\\\/#\\\/schema\\\/person\\\/a68c764693d96df3238f123ea014e78c\",\"name\":\"Redazione\",\"image\":{\"@type\":\"ImageObject\",\"inLanguage\":\"it-IT\",\"@id\":\"https:\\\/\\\/secure.gravatar.com\\\/avatar\\\/6c05bd4dddbea475e283f76b4aa2d778ecb35c06fd92df5f6e0cac552163e2ac?s=96&d=mm&r=g\",\"url\":\"https:\\\/\\\/secure.gravatar.com\\\/avatar\\\/6c05bd4dddbea475e283f76b4aa2d778ecb35c06fd92df5f6e0cac552163e2ac?s=96&d=mm&r=g\",\"contentUrl\":\"https:\\\/\\\/secure.gravatar.com\\\/avatar\\\/6c05bd4dddbea475e283f76b4aa2d778ecb35c06fd92df5f6e0cac552163e2ac?s=96&d=mm&r=g\",\"caption\":\"Redazione\"},\"url\":\"https:\\\/\\\/2017.carnico.it\\\/blog\\\/author\\\/clyco-admin\\\/\"}]}<\/script>\n<!-- \/ Yoast SEO plugin. -->","yoast_head_json":{"title":"TROPPI ERRORI NEI REFERTI DEGLI ARBITRI DEL CARNICO - Campionato Carnico 2017","robots":{"index":"index","follow":"follow","max-snippet":"max-snippet:-1","max-image-preview":"max-image-preview:large","max-video-preview":"max-video-preview:-1"},"canonical":"https:\/\/2017.carnico.it\/blog\/2013\/08\/09\/troppi-errori-nei-referti-degli-arbitri-del-carnico\/","og_locale":"it_IT","og_type":"article","og_title":"TROPPI ERRORI NEI REFERTI DEGLI ARBITRI DEL CARNICO - Campionato Carnico 2017","og_description":"Per la seconda volta nel Carnico 2013 una squadra si \u00e8 vista sconfitta a tavolino per aver giocato qualche minuto senza un \u00abgiovane\u00bb in campo. E, come accaduto il 22 giugno in Il Castello-Rapid, a determinare la sanzione \u00e8 stato quasi certamente un errore arbitrale. A Gemona le conseguenze furono pesanti, perch\u00e8 il Rapid perse [&hellip;]","og_url":"https:\/\/2017.carnico.it\/blog\/2013\/08\/09\/troppi-errori-nei-referti-degli-arbitri-del-carnico\/","og_site_name":"Campionato Carnico 2017","article_publisher":"https:\/\/www.facebook.com\/campionatocarnico\/","article_published_time":"2013-08-09T14:11:10+00:00","og_image":[{"url":"https:\/\/www.carnico.it\/blog\/wp-content\/uploads\/2013\/08\/VERZEGNIS-Alessandro-Fior-150x200.jpg","type":"","width":"","height":""}],"author":"Redazione","twitter_card":"summary_large_image","twitter_misc":{"Scritto da":"Redazione","Tempo di lettura stimato":"1 minuto"},"schema":{"@context":"https:\/\/schema.org","@graph":[{"@type":"Article","@id":"https:\/\/2017.carnico.it\/blog\/2013\/08\/09\/troppi-errori-nei-referti-degli-arbitri-del-carnico\/#article","isPartOf":{"@id":"https:\/\/2017.carnico.it\/blog\/2013\/08\/09\/troppi-errori-nei-referti-degli-arbitri-del-carnico\/"},"author":{"name":"Redazione","@id":"https:\/\/2017.carnico.it\/blog\/#\/schema\/person\/a68c764693d96df3238f123ea014e78c"},"headline":"TROPPI ERRORI NEI REFERTI DEGLI ARBITRI DEL CARNICO","datePublished":"2013-08-09T14:11:10+00:00","mainEntityOfPage":{"@id":"https:\/\/2017.carnico.it\/blog\/2013\/08\/09\/troppi-errori-nei-referti-degli-arbitri-del-carnico\/"},"wordCount":253,"commentCount":19,"image":{"@id":"https:\/\/2017.carnico.it\/blog\/2013\/08\/09\/troppi-errori-nei-referti-degli-arbitri-del-carnico\/#primaryimage"},"thumbnailUrl":"https:\/\/www.carnico.it\/blog\/wp-content\/uploads\/2013\/08\/VERZEGNIS-Alessandro-Fior-150x200.jpg","articleSection":["Carnico","Commento al campionato","Varie"],"inLanguage":"it-IT","potentialAction":[{"@type":"CommentAction","name":"Comment","target":["https:\/\/2017.carnico.it\/blog\/2013\/08\/09\/troppi-errori-nei-referti-degli-arbitri-del-carnico\/#respond"]}]},{"@type":"WebPage","@id":"https:\/\/2017.carnico.it\/blog\/2013\/08\/09\/troppi-errori-nei-referti-degli-arbitri-del-carnico\/","url":"https:\/\/2017.carnico.it\/blog\/2013\/08\/09\/troppi-errori-nei-referti-degli-arbitri-del-carnico\/","name":"TROPPI ERRORI NEI REFERTI DEGLI ARBITRI DEL CARNICO - Campionato Carnico 2017","isPartOf":{"@id":"https:\/\/2017.carnico.it\/blog\/#website"},"primaryImageOfPage":{"@id":"https:\/\/2017.carnico.it\/blog\/2013\/08\/09\/troppi-errori-nei-referti-degli-arbitri-del-carnico\/#primaryimage"},"image":{"@id":"https:\/\/2017.carnico.it\/blog\/2013\/08\/09\/troppi-errori-nei-referti-degli-arbitri-del-carnico\/#primaryimage"},"thumbnailUrl":"https:\/\/www.carnico.it\/blog\/wp-content\/uploads\/2013\/08\/VERZEGNIS-Alessandro-Fior-150x200.jpg","datePublished":"2013-08-09T14:11:10+00:00","author":{"@id":"https:\/\/2017.carnico.it\/blog\/#\/schema\/person\/a68c764693d96df3238f123ea014e78c"},"breadcrumb":{"@id":"https:\/\/2017.carnico.it\/blog\/2013\/08\/09\/troppi-errori-nei-referti-degli-arbitri-del-carnico\/#breadcrumb"},"inLanguage":"it-IT","potentialAction":[{"@type":"ReadAction","target":["https:\/\/2017.carnico.it\/blog\/2013\/08\/09\/troppi-errori-nei-referti-degli-arbitri-del-carnico\/"]}]},{"@type":"ImageObject","inLanguage":"it-IT","@id":"https:\/\/2017.carnico.it\/blog\/2013\/08\/09\/troppi-errori-nei-referti-degli-arbitri-del-carnico\/#primaryimage","url":"https:\/\/www.carnico.it\/blog\/wp-content\/uploads\/2013\/08\/VERZEGNIS-Alessandro-Fior-150x200.jpg","contentUrl":"https:\/\/www.carnico.it\/blog\/wp-content\/uploads\/2013\/08\/VERZEGNIS-Alessandro-Fior-150x200.jpg"},{"@type":"BreadcrumbList","@id":"https:\/\/2017.carnico.it\/blog\/2013\/08\/09\/troppi-errori-nei-referti-degli-arbitri-del-carnico\/#breadcrumb","itemListElement":[{"@type":"ListItem","position":1,"name":"Home","item":"https:\/\/2017.carnico.it\/blog\/"},{"@type":"ListItem","position":2,"name":"TROPPI ERRORI NEI REFERTI DEGLI ARBITRI DEL CARNICO"}]},{"@type":"WebSite","@id":"https:\/\/2017.carnico.it\/blog\/#website","url":"https:\/\/2017.carnico.it\/blog\/","name":"Campionato Carnico 2017","description":"Notizie e aggiornamenti in tempo reale sul campionato Carnico","potentialAction":[{"@type":"SearchAction","target":{"@type":"EntryPoint","urlTemplate":"https:\/\/2017.carnico.it\/blog\/?s={search_term_string}"},"query-input":{"@type":"PropertyValueSpecification","valueRequired":true,"valueName":"search_term_string"}}],"inLanguage":"it-IT"},{"@type":"Person","@id":"https:\/\/2017.carnico.it\/blog\/#\/schema\/person\/a68c764693d96df3238f123ea014e78c","name":"Redazione","image":{"@type":"ImageObject","inLanguage":"it-IT","@id":"https:\/\/secure.gravatar.com\/avatar\/6c05bd4dddbea475e283f76b4aa2d778ecb35c06fd92df5f6e0cac552163e2ac?s=96&d=mm&r=g","url":"https:\/\/secure.gravatar.com\/avatar\/6c05bd4dddbea475e283f76b4aa2d778ecb35c06fd92df5f6e0cac552163e2ac?s=96&d=mm&r=g","contentUrl":"https:\/\/secure.gravatar.com\/avatar\/6c05bd4dddbea475e283f76b4aa2d778ecb35c06fd92df5f6e0cac552163e2ac?s=96&d=mm&r=g","caption":"Redazione"},"url":"https:\/\/2017.carnico.it\/blog\/author\/clyco-admin\/"}]}},"_links":{"self":[{"href":"https:\/\/2017.carnico.it\/blog\/wp-json\/wp\/v2\/posts\/9411","targetHints":{"allow":["GET"]}}],"collection":[{"href":"https:\/\/2017.carnico.it\/blog\/wp-json\/wp\/v2\/posts"}],"about":[{"href":"https:\/\/2017.carnico.it\/blog\/wp-json\/wp\/v2\/types\/post"}],"author":[{"embeddable":true,"href":"https:\/\/2017.carnico.it\/blog\/wp-json\/wp\/v2\/users\/10"}],"replies":[{"embeddable":true,"href":"https:\/\/2017.carnico.it\/blog\/wp-json\/wp\/v2\/comments?post=9411"}],"version-history":[{"count":3,"href":"https:\/\/2017.carnico.it\/blog\/wp-json\/wp\/v2\/posts\/9411\/revisions"}],"predecessor-version":[{"id":9415,"href":"https:\/\/2017.carnico.it\/blog\/wp-json\/wp\/v2\/posts\/9411\/revisions\/9415"}],"wp:attachment":[{"href":"https:\/\/2017.carnico.it\/blog\/wp-json\/wp\/v2\/media?parent=9411"}],"wp:term":[{"taxonomy":"category","embeddable":true,"href":"https:\/\/2017.carnico.it\/blog\/wp-json\/wp\/v2\/categories?post=9411"},{"taxonomy":"post_tag","embeddable":true,"href":"https:\/\/2017.carnico.it\/blog\/wp-json\/wp\/v2\/tags?post=9411"}],"curies":[{"name":"wp","href":"https:\/\/api.w.org\/{rel}","templated":true}]}}