{"id":5860,"date":"2012-04-16T22:03:34","date_gmt":"2012-04-16T20:03:34","guid":{"rendered":"http:\/\/www.carnico.it\/blog\/?p=5860"},"modified":"2012-04-17T14:34:22","modified_gmt":"2012-04-17T12:34:22","slug":"antognoni-relatore-al-convegno-sul-fair-play-del-torneo-delle-colline-carniche","status":"publish","type":"post","link":"https:\/\/2017.carnico.it\/blog\/2012\/04\/16\/antognoni-relatore-al-convegno-sul-fair-play-del-torneo-delle-colline-carniche\/","title":{"rendered":"ANTOGNONI AL CONVEGNO SUL FAIR PLAY DEL TORNEO DELLE COLLINE CARNICHE"},"content":{"rendered":"<div id=\"attachment_5874\" style=\"width: 160px\" class=\"wp-caption alignleft\"><a href=\"https:\/\/www.carnico.it\/blog\/2012\/04\/16\/antognoni-relatore-al-convegno-sul-fair-play-del-torneo-delle-colline-carniche\/antognoni2-e1334606499750-150x150\/\" rel=\"attachment wp-att-5874\"><img loading=\"lazy\" decoding=\"async\" aria-describedby=\"caption-attachment-5874\" class=\"size-full wp-image-5874\" title=\"ANTOGNONI2-e1334606499750-150x150\" src=\"https:\/\/www.carnico.it\/blog\/wp-content\/uploads\/2012\/04\/ANTOGNONI2-e1334606499750-150x1501.jpg\" alt=\"\" width=\"150\" height=\"150\" \/><\/a><p id=\"caption-attachment-5874\" class=\"wp-caption-text\">Giancarlo Antognoni campione del mondo nel 1982<\/p><\/div>\n<p>Sar\u00e0 l\u2019indimenticato campione del mondo del Mundial \u201882 Giancarlo Antognoni, l\u2019ospite d\u2019eccezione al convegno che lancer\u00e0 il &#8220;4\u00b0 Torneo nazionale di calcio giovanile Parco delle Colline<br \/>\nCarniche \u2013 Lottotalent\u201d, sabato 19 maggio alle 10.00 a Villa Santina. Oggetto dell\u2019evento sar\u00e0 il Fair Play. Nell\u2019occasione saranno presentate squadre e calendario del torneo che si disputer\u00e0 il 2 e 3 giugno sui campi da calcio dei comuni che fanno parte il Parco: Villa Santina, Enemonzo, Raveo e Lauco. Il titolo del convegno sar\u00e0 \u201cFair Play: il modo vincente. Chi gioca lealmente \u00e8 sempre vincitore&#8221;. Al tavolo dei relatori tra gli altri saranno presenti Giovanni Pullini, presidente Fair Play del comitato provinciale di Udine e Giovanni Messina, coordinatore federale regionale Figc del settore giovanile e scolastico.<!--more-->Un prologo della manifestazione si vivr\u00e0 luned\u00ec 7 maggio nel territorio del Parco a Lauco, in localit\u00e0 Porteal, dove alle 10.30 in occasione della Giornata europea 2012 (che ricorda la dichiarazione Schuman del 1950) e del Fair Play gli alunni dell&#8217;Istituto Comprensivo Val Tagliamento, della direzione didattica di Gemona e del liceo pedagogico di Klagenfurt incontreranno il capitano dell\u2019Udinese Antonio Di Natale e gli ex calciatori bianconeri Paolo Poggi e Valerio Bertotto. Quest\u2019ultimo, coordinatore tecnico del Torneo, che ha inserito nel circuito LottoTalent, per la crescita e valorizzazione dei giovani talenti.Il Torneo Nazionale di calcio giovanile Parco delle Colline Carniche \u00e8 riservato alle categorie pulcini e giovanissimi, gode del sostegno di enti pubblici quali la Regione Friuli Venezia Giulia e dei comuni di Villa Santina, Enemonzo, Raveo, Lauco. Il supporto del mondo dello sport \u00e8 garantito dalla Figc, Federazione Italiana Gioco Calcio settore giovanile e scolastico e della delegazione distrettuale di Tolmezzo, dell&#8217;Aiac Associazione Italiana Allenatori Calcio sezione carnica e dell&#8217;Aia Associazione italiana arbitri. Infine la gestione logistica e sportiva \u00e8 affidata alle Asd Villa, Folgore, Lauco, Edera e Rapid.<\/p>\n","protected":false},"excerpt":{"rendered":"<p>Sar\u00e0 l\u2019indimenticato campione del mondo del Mundial \u201882 Giancarlo Antognoni, l\u2019ospite d\u2019eccezione al convegno che lancer\u00e0 il &#8220;4\u00b0 Torneo nazionale di calcio giovanile Parco delle Colline Carniche \u2013 Lottotalent\u201d, sabato 19 maggio alle 10.00 a Villa Santina. Oggetto dell\u2019evento sar\u00e0 il Fair Play. Nell\u2019occasione saranno presentate squadre e calendario del torneo che si disputer\u00e0 il [&hellip;]<\/p>\n","protected":false},"author":10,"featured_media":0,"comment_status":"open","ping_status":"closed","sticky":false,"template":"","format":"standard","meta":{"footnotes":""},"categories":[3],"tags":[],"class_list":["post-5860","post","type-post","status-publish","format-standard","hentry","category-carnico"],"yoast_head":"<!-- This site is optimized with the Yoast SEO plugin v27.3 - https:\/\/yoast.com\/product\/yoast-seo-wordpress\/ -->\n<title>ANTOGNONI AL CONVEGNO SUL FAIR PLAY DEL TORNEO DELLE COLLINE CARNICHE - Campionato Carnico 2017<\/title>\n<meta name=\"robots\" content=\"index, follow, max-snippet:-1, max-image-preview:large, max-video-preview:-1\" \/>\n<link rel=\"canonical\" href=\"https:\/\/2017.carnico.it\/blog\/2012\/04\/16\/antognoni-relatore-al-convegno-sul-fair-play-del-torneo-delle-colline-carniche\/\" \/>\n<meta property=\"og:locale\" content=\"it_IT\" \/>\n<meta property=\"og:type\" content=\"article\" \/>\n<meta property=\"og:title\" content=\"ANTOGNONI AL CONVEGNO SUL FAIR PLAY DEL TORNEO DELLE COLLINE CARNICHE - Campionato Carnico 2017\" \/>\n<meta property=\"og:description\" content=\"Sar\u00e0 l\u2019indimenticato campione del mondo del Mundial \u201882 Giancarlo Antognoni, l\u2019ospite d\u2019eccezione al convegno che lancer\u00e0 il &#8220;4\u00b0 Torneo nazionale di calcio giovanile Parco delle Colline Carniche \u2013 Lottotalent\u201d, sabato 19 maggio alle 10.00 a Villa Santina. Oggetto dell\u2019evento sar\u00e0 il Fair Play. Nell\u2019occasione saranno presentate squadre e calendario del torneo che si disputer\u00e0 il [&hellip;]\" \/>\n<meta property=\"og:url\" content=\"https:\/\/2017.carnico.it\/blog\/2012\/04\/16\/antognoni-relatore-al-convegno-sul-fair-play-del-torneo-delle-colline-carniche\/\" \/>\n<meta property=\"og:site_name\" content=\"Campionato Carnico 2017\" \/>\n<meta property=\"article:publisher\" content=\"https:\/\/www.facebook.com\/campionatocarnico\/\" \/>\n<meta property=\"article:published_time\" content=\"2012-04-16T20:03:34+00:00\" \/>\n<meta property=\"article:modified_time\" content=\"2012-04-17T12:34:22+00:00\" \/>\n<meta property=\"og:image\" content=\"https:\/\/www.carnico.it\/blog\/wp-content\/uploads\/2012\/04\/ANTOGNONI2-e1334606499750-150x1501.jpg\" \/>\n<meta name=\"author\" content=\"Redazione\" \/>\n<meta name=\"twitter:card\" content=\"summary_large_image\" \/>\n<meta name=\"twitter:label1\" content=\"Scritto da\" \/>\n\t<meta name=\"twitter:data1\" content=\"Redazione\" \/>\n\t<meta name=\"twitter:label2\" content=\"Tempo di lettura stimato\" \/>\n\t<meta name=\"twitter:data2\" content=\"2 minuti\" \/>\n<script type=\"application\/ld+json\" class=\"yoast-schema-graph\">{\"@context\":\"https:\\\/\\\/schema.org\",\"@graph\":[{\"@type\":\"Article\",\"@id\":\"https:\\\/\\\/2017.carnico.it\\\/blog\\\/2012\\\/04\\\/16\\\/antognoni-relatore-al-convegno-sul-fair-play-del-torneo-delle-colline-carniche\\\/#article\",\"isPartOf\":{\"@id\":\"https:\\\/\\\/2017.carnico.it\\\/blog\\\/2012\\\/04\\\/16\\\/antognoni-relatore-al-convegno-sul-fair-play-del-torneo-delle-colline-carniche\\\/\"},\"author\":{\"name\":\"Redazione\",\"@id\":\"https:\\\/\\\/2017.carnico.it\\\/blog\\\/#\\\/schema\\\/person\\\/a68c764693d96df3238f123ea014e78c\"},\"headline\":\"ANTOGNONI AL CONVEGNO SUL FAIR PLAY DEL TORNEO DELLE COLLINE CARNICHE\",\"datePublished\":\"2012-04-16T20:03:34+00:00\",\"dateModified\":\"2012-04-17T12:34:22+00:00\",\"mainEntityOfPage\":{\"@id\":\"https:\\\/\\\/2017.carnico.it\\\/blog\\\/2012\\\/04\\\/16\\\/antognoni-relatore-al-convegno-sul-fair-play-del-torneo-delle-colline-carniche\\\/\"},\"wordCount\":324,\"commentCount\":4,\"image\":{\"@id\":\"https:\\\/\\\/2017.carnico.it\\\/blog\\\/2012\\\/04\\\/16\\\/antognoni-relatore-al-convegno-sul-fair-play-del-torneo-delle-colline-carniche\\\/#primaryimage\"},\"thumbnailUrl\":\"https:\\\/\\\/www.carnico.it\\\/blog\\\/wp-content\\\/uploads\\\/2012\\\/04\\\/ANTOGNONI2-e1334606499750-150x1501.jpg\",\"articleSection\":[\"Carnico\"],\"inLanguage\":\"it-IT\",\"potentialAction\":[{\"@type\":\"CommentAction\",\"name\":\"Comment\",\"target\":[\"https:\\\/\\\/2017.carnico.it\\\/blog\\\/2012\\\/04\\\/16\\\/antognoni-relatore-al-convegno-sul-fair-play-del-torneo-delle-colline-carniche\\\/#respond\"]}]},{\"@type\":\"WebPage\",\"@id\":\"https:\\\/\\\/2017.carnico.it\\\/blog\\\/2012\\\/04\\\/16\\\/antognoni-relatore-al-convegno-sul-fair-play-del-torneo-delle-colline-carniche\\\/\",\"url\":\"https:\\\/\\\/2017.carnico.it\\\/blog\\\/2012\\\/04\\\/16\\\/antognoni-relatore-al-convegno-sul-fair-play-del-torneo-delle-colline-carniche\\\/\",\"name\":\"ANTOGNONI AL CONVEGNO SUL FAIR PLAY DEL TORNEO DELLE COLLINE CARNICHE - Campionato Carnico 2017\",\"isPartOf\":{\"@id\":\"https:\\\/\\\/2017.carnico.it\\\/blog\\\/#website\"},\"primaryImageOfPage\":{\"@id\":\"https:\\\/\\\/2017.carnico.it\\\/blog\\\/2012\\\/04\\\/16\\\/antognoni-relatore-al-convegno-sul-fair-play-del-torneo-delle-colline-carniche\\\/#primaryimage\"},\"image\":{\"@id\":\"https:\\\/\\\/2017.carnico.it\\\/blog\\\/2012\\\/04\\\/16\\\/antognoni-relatore-al-convegno-sul-fair-play-del-torneo-delle-colline-carniche\\\/#primaryimage\"},\"thumbnailUrl\":\"https:\\\/\\\/www.carnico.it\\\/blog\\\/wp-content\\\/uploads\\\/2012\\\/04\\\/ANTOGNONI2-e1334606499750-150x1501.jpg\",\"datePublished\":\"2012-04-16T20:03:34+00:00\",\"dateModified\":\"2012-04-17T12:34:22+00:00\",\"author\":{\"@id\":\"https:\\\/\\\/2017.carnico.it\\\/blog\\\/#\\\/schema\\\/person\\\/a68c764693d96df3238f123ea014e78c\"},\"breadcrumb\":{\"@id\":\"https:\\\/\\\/2017.carnico.it\\\/blog\\\/2012\\\/04\\\/16\\\/antognoni-relatore-al-convegno-sul-fair-play-del-torneo-delle-colline-carniche\\\/#breadcrumb\"},\"inLanguage\":\"it-IT\",\"potentialAction\":[{\"@type\":\"ReadAction\",\"target\":[\"https:\\\/\\\/2017.carnico.it\\\/blog\\\/2012\\\/04\\\/16\\\/antognoni-relatore-al-convegno-sul-fair-play-del-torneo-delle-colline-carniche\\\/\"]}]},{\"@type\":\"ImageObject\",\"inLanguage\":\"it-IT\",\"@id\":\"https:\\\/\\\/2017.carnico.it\\\/blog\\\/2012\\\/04\\\/16\\\/antognoni-relatore-al-convegno-sul-fair-play-del-torneo-delle-colline-carniche\\\/#primaryimage\",\"url\":\"https:\\\/\\\/www.carnico.it\\\/blog\\\/wp-content\\\/uploads\\\/2012\\\/04\\\/ANTOGNONI2-e1334606499750-150x1501.jpg\",\"contentUrl\":\"https:\\\/\\\/www.carnico.it\\\/blog\\\/wp-content\\\/uploads\\\/2012\\\/04\\\/ANTOGNONI2-e1334606499750-150x1501.jpg\"},{\"@type\":\"BreadcrumbList\",\"@id\":\"https:\\\/\\\/2017.carnico.it\\\/blog\\\/2012\\\/04\\\/16\\\/antognoni-relatore-al-convegno-sul-fair-play-del-torneo-delle-colline-carniche\\\/#breadcrumb\",\"itemListElement\":[{\"@type\":\"ListItem\",\"position\":1,\"name\":\"Home\",\"item\":\"https:\\\/\\\/2017.carnico.it\\\/blog\\\/\"},{\"@type\":\"ListItem\",\"position\":2,\"name\":\"ANTOGNONI AL CONVEGNO SUL FAIR PLAY DEL TORNEO DELLE COLLINE CARNICHE\"}]},{\"@type\":\"WebSite\",\"@id\":\"https:\\\/\\\/2017.carnico.it\\\/blog\\\/#website\",\"url\":\"https:\\\/\\\/2017.carnico.it\\\/blog\\\/\",\"name\":\"Campionato Carnico 2017\",\"description\":\"Notizie e aggiornamenti in tempo reale sul campionato Carnico\",\"potentialAction\":[{\"@type\":\"SearchAction\",\"target\":{\"@type\":\"EntryPoint\",\"urlTemplate\":\"https:\\\/\\\/2017.carnico.it\\\/blog\\\/?s={search_term_string}\"},\"query-input\":{\"@type\":\"PropertyValueSpecification\",\"valueRequired\":true,\"valueName\":\"search_term_string\"}}],\"inLanguage\":\"it-IT\"},{\"@type\":\"Person\",\"@id\":\"https:\\\/\\\/2017.carnico.it\\\/blog\\\/#\\\/schema\\\/person\\\/a68c764693d96df3238f123ea014e78c\",\"name\":\"Redazione\",\"image\":{\"@type\":\"ImageObject\",\"inLanguage\":\"it-IT\",\"@id\":\"https:\\\/\\\/secure.gravatar.com\\\/avatar\\\/6c05bd4dddbea475e283f76b4aa2d778ecb35c06fd92df5f6e0cac552163e2ac?s=96&d=mm&r=g\",\"url\":\"https:\\\/\\\/secure.gravatar.com\\\/avatar\\\/6c05bd4dddbea475e283f76b4aa2d778ecb35c06fd92df5f6e0cac552163e2ac?s=96&d=mm&r=g\",\"contentUrl\":\"https:\\\/\\\/secure.gravatar.com\\\/avatar\\\/6c05bd4dddbea475e283f76b4aa2d778ecb35c06fd92df5f6e0cac552163e2ac?s=96&d=mm&r=g\",\"caption\":\"Redazione\"},\"url\":\"https:\\\/\\\/2017.carnico.it\\\/blog\\\/author\\\/clyco-admin\\\/\"}]}<\/script>\n<!-- \/ Yoast SEO plugin. -->","yoast_head_json":{"title":"ANTOGNONI AL CONVEGNO SUL FAIR PLAY DEL TORNEO DELLE COLLINE CARNICHE - Campionato Carnico 2017","robots":{"index":"index","follow":"follow","max-snippet":"max-snippet:-1","max-image-preview":"max-image-preview:large","max-video-preview":"max-video-preview:-1"},"canonical":"https:\/\/2017.carnico.it\/blog\/2012\/04\/16\/antognoni-relatore-al-convegno-sul-fair-play-del-torneo-delle-colline-carniche\/","og_locale":"it_IT","og_type":"article","og_title":"ANTOGNONI AL CONVEGNO SUL FAIR PLAY DEL TORNEO DELLE COLLINE CARNICHE - Campionato Carnico 2017","og_description":"Sar\u00e0 l\u2019indimenticato campione del mondo del Mundial \u201882 Giancarlo Antognoni, l\u2019ospite d\u2019eccezione al convegno che lancer\u00e0 il &#8220;4\u00b0 Torneo nazionale di calcio giovanile Parco delle Colline Carniche \u2013 Lottotalent\u201d, sabato 19 maggio alle 10.00 a Villa Santina. Oggetto dell\u2019evento sar\u00e0 il Fair Play. Nell\u2019occasione saranno presentate squadre e calendario del torneo che si disputer\u00e0 il [&hellip;]","og_url":"https:\/\/2017.carnico.it\/blog\/2012\/04\/16\/antognoni-relatore-al-convegno-sul-fair-play-del-torneo-delle-colline-carniche\/","og_site_name":"Campionato Carnico 2017","article_publisher":"https:\/\/www.facebook.com\/campionatocarnico\/","article_published_time":"2012-04-16T20:03:34+00:00","article_modified_time":"2012-04-17T12:34:22+00:00","og_image":[{"url":"https:\/\/www.carnico.it\/blog\/wp-content\/uploads\/2012\/04\/ANTOGNONI2-e1334606499750-150x1501.jpg","type":"","width":"","height":""}],"author":"Redazione","twitter_card":"summary_large_image","twitter_misc":{"Scritto da":"Redazione","Tempo di lettura stimato":"2 minuti"},"schema":{"@context":"https:\/\/schema.org","@graph":[{"@type":"Article","@id":"https:\/\/2017.carnico.it\/blog\/2012\/04\/16\/antognoni-relatore-al-convegno-sul-fair-play-del-torneo-delle-colline-carniche\/#article","isPartOf":{"@id":"https:\/\/2017.carnico.it\/blog\/2012\/04\/16\/antognoni-relatore-al-convegno-sul-fair-play-del-torneo-delle-colline-carniche\/"},"author":{"name":"Redazione","@id":"https:\/\/2017.carnico.it\/blog\/#\/schema\/person\/a68c764693d96df3238f123ea014e78c"},"headline":"ANTOGNONI AL CONVEGNO SUL FAIR PLAY DEL TORNEO DELLE COLLINE CARNICHE","datePublished":"2012-04-16T20:03:34+00:00","dateModified":"2012-04-17T12:34:22+00:00","mainEntityOfPage":{"@id":"https:\/\/2017.carnico.it\/blog\/2012\/04\/16\/antognoni-relatore-al-convegno-sul-fair-play-del-torneo-delle-colline-carniche\/"},"wordCount":324,"commentCount":4,"image":{"@id":"https:\/\/2017.carnico.it\/blog\/2012\/04\/16\/antognoni-relatore-al-convegno-sul-fair-play-del-torneo-delle-colline-carniche\/#primaryimage"},"thumbnailUrl":"https:\/\/www.carnico.it\/blog\/wp-content\/uploads\/2012\/04\/ANTOGNONI2-e1334606499750-150x1501.jpg","articleSection":["Carnico"],"inLanguage":"it-IT","potentialAction":[{"@type":"CommentAction","name":"Comment","target":["https:\/\/2017.carnico.it\/blog\/2012\/04\/16\/antognoni-relatore-al-convegno-sul-fair-play-del-torneo-delle-colline-carniche\/#respond"]}]},{"@type":"WebPage","@id":"https:\/\/2017.carnico.it\/blog\/2012\/04\/16\/antognoni-relatore-al-convegno-sul-fair-play-del-torneo-delle-colline-carniche\/","url":"https:\/\/2017.carnico.it\/blog\/2012\/04\/16\/antognoni-relatore-al-convegno-sul-fair-play-del-torneo-delle-colline-carniche\/","name":"ANTOGNONI AL CONVEGNO SUL FAIR PLAY DEL TORNEO DELLE COLLINE CARNICHE - Campionato Carnico 2017","isPartOf":{"@id":"https:\/\/2017.carnico.it\/blog\/#website"},"primaryImageOfPage":{"@id":"https:\/\/2017.carnico.it\/blog\/2012\/04\/16\/antognoni-relatore-al-convegno-sul-fair-play-del-torneo-delle-colline-carniche\/#primaryimage"},"image":{"@id":"https:\/\/2017.carnico.it\/blog\/2012\/04\/16\/antognoni-relatore-al-convegno-sul-fair-play-del-torneo-delle-colline-carniche\/#primaryimage"},"thumbnailUrl":"https:\/\/www.carnico.it\/blog\/wp-content\/uploads\/2012\/04\/ANTOGNONI2-e1334606499750-150x1501.jpg","datePublished":"2012-04-16T20:03:34+00:00","dateModified":"2012-04-17T12:34:22+00:00","author":{"@id":"https:\/\/2017.carnico.it\/blog\/#\/schema\/person\/a68c764693d96df3238f123ea014e78c"},"breadcrumb":{"@id":"https:\/\/2017.carnico.it\/blog\/2012\/04\/16\/antognoni-relatore-al-convegno-sul-fair-play-del-torneo-delle-colline-carniche\/#breadcrumb"},"inLanguage":"it-IT","potentialAction":[{"@type":"ReadAction","target":["https:\/\/2017.carnico.it\/blog\/2012\/04\/16\/antognoni-relatore-al-convegno-sul-fair-play-del-torneo-delle-colline-carniche\/"]}]},{"@type":"ImageObject","inLanguage":"it-IT","@id":"https:\/\/2017.carnico.it\/blog\/2012\/04\/16\/antognoni-relatore-al-convegno-sul-fair-play-del-torneo-delle-colline-carniche\/#primaryimage","url":"https:\/\/www.carnico.it\/blog\/wp-content\/uploads\/2012\/04\/ANTOGNONI2-e1334606499750-150x1501.jpg","contentUrl":"https:\/\/www.carnico.it\/blog\/wp-content\/uploads\/2012\/04\/ANTOGNONI2-e1334606499750-150x1501.jpg"},{"@type":"BreadcrumbList","@id":"https:\/\/2017.carnico.it\/blog\/2012\/04\/16\/antognoni-relatore-al-convegno-sul-fair-play-del-torneo-delle-colline-carniche\/#breadcrumb","itemListElement":[{"@type":"ListItem","position":1,"name":"Home","item":"https:\/\/2017.carnico.it\/blog\/"},{"@type":"ListItem","position":2,"name":"ANTOGNONI AL CONVEGNO SUL FAIR PLAY DEL TORNEO DELLE COLLINE CARNICHE"}]},{"@type":"WebSite","@id":"https:\/\/2017.carnico.it\/blog\/#website","url":"https:\/\/2017.carnico.it\/blog\/","name":"Campionato Carnico 2017","description":"Notizie e aggiornamenti in tempo reale sul campionato Carnico","potentialAction":[{"@type":"SearchAction","target":{"@type":"EntryPoint","urlTemplate":"https:\/\/2017.carnico.it\/blog\/?s={search_term_string}"},"query-input":{"@type":"PropertyValueSpecification","valueRequired":true,"valueName":"search_term_string"}}],"inLanguage":"it-IT"},{"@type":"Person","@id":"https:\/\/2017.carnico.it\/blog\/#\/schema\/person\/a68c764693d96df3238f123ea014e78c","name":"Redazione","image":{"@type":"ImageObject","inLanguage":"it-IT","@id":"https:\/\/secure.gravatar.com\/avatar\/6c05bd4dddbea475e283f76b4aa2d778ecb35c06fd92df5f6e0cac552163e2ac?s=96&d=mm&r=g","url":"https:\/\/secure.gravatar.com\/avatar\/6c05bd4dddbea475e283f76b4aa2d778ecb35c06fd92df5f6e0cac552163e2ac?s=96&d=mm&r=g","contentUrl":"https:\/\/secure.gravatar.com\/avatar\/6c05bd4dddbea475e283f76b4aa2d778ecb35c06fd92df5f6e0cac552163e2ac?s=96&d=mm&r=g","caption":"Redazione"},"url":"https:\/\/2017.carnico.it\/blog\/author\/clyco-admin\/"}]}},"_links":{"self":[{"href":"https:\/\/2017.carnico.it\/blog\/wp-json\/wp\/v2\/posts\/5860","targetHints":{"allow":["GET"]}}],"collection":[{"href":"https:\/\/2017.carnico.it\/blog\/wp-json\/wp\/v2\/posts"}],"about":[{"href":"https:\/\/2017.carnico.it\/blog\/wp-json\/wp\/v2\/types\/post"}],"author":[{"embeddable":true,"href":"https:\/\/2017.carnico.it\/blog\/wp-json\/wp\/v2\/users\/10"}],"replies":[{"embeddable":true,"href":"https:\/\/2017.carnico.it\/blog\/wp-json\/wp\/v2\/comments?post=5860"}],"version-history":[{"count":5,"href":"https:\/\/2017.carnico.it\/blog\/wp-json\/wp\/v2\/posts\/5860\/revisions"}],"predecessor-version":[{"id":6554,"href":"https:\/\/2017.carnico.it\/blog\/wp-json\/wp\/v2\/posts\/5860\/revisions\/6554"}],"wp:attachment":[{"href":"https:\/\/2017.carnico.it\/blog\/wp-json\/wp\/v2\/media?parent=5860"}],"wp:term":[{"taxonomy":"category","embeddable":true,"href":"https:\/\/2017.carnico.it\/blog\/wp-json\/wp\/v2\/categories?post=5860"},{"taxonomy":"post_tag","embeddable":true,"href":"https:\/\/2017.carnico.it\/blog\/wp-json\/wp\/v2\/tags?post=5860"}],"curies":[{"name":"wp","href":"https:\/\/api.w.org\/{rel}","templated":true}]}}