{"id":5233,"date":"2012-04-10T11:14:27","date_gmt":"2012-04-10T09:14:27","guid":{"rendered":"http:\/\/www.carnico.it\/blog\/?p=5233"},"modified":"2012-04-10T13:12:18","modified_gmt":"2012-04-10T11:12:18","slug":"parte-il-torneo-delle-province-2012","status":"publish","type":"post","link":"https:\/\/2017.carnico.it\/blog\/2012\/04\/10\/parte-il-torneo-delle-province-2012\/","title":{"rendered":"PARTE IL TORNEO DELLE PROVINCE 2012"},"content":{"rendered":"<div id=\"attachment_5245\" style=\"width: 160px\" class=\"wp-caption alignright\"><a href=\"https:\/\/www.carnico.it\/blog\/wp-content\/uploads\/2012\/04\/Domenico-Moro1.jpg\"><img loading=\"lazy\" decoding=\"async\" aria-describedby=\"caption-attachment-5245\" class=\"size-thumbnail wp-image-5245\" title=\"Domenico Moro\" src=\"https:\/\/www.carnico.it\/blog\/wp-content\/uploads\/2012\/04\/Domenico-Moro1-150x150.jpg\" alt=\"\" width=\"150\" height=\"150\" \/><\/a><p id=\"caption-attachment-5245\" class=\"wp-caption-text\">Domenico Moro<\/p><\/div>\n<p>Prende il via mercoled\u00ec 11 aprile il Torneo delle Province 2012 riservato alle Rappresentative di Comitato.<br \/>\nTolmezzo \u00e8 stato inserito nel girone con Cervignano e Trieste.<\/p>\n<p>Mercoled\u00ec prima uscita a Cervignano per i Giovanissimi (alle 16.30) e gli Allievi (alle 18.30), mentre gli Juniores esordiranno sempre con Cervignano gioved\u00ec 12 alle 20.30 a Chiusaforte.<\/p>\n<p>Proponiamo l&#8217;intervista di Bruno Tavosanis al responsabile delle Rappresentative Domenico Moro proposta in &#8220;Block Notes Sport&#8221; di Radio Studio Nord.<\/p>\n<p><a href=\"https:\/\/www.carnico.it\/blog\/wp-content\/uploads\/2012\/04\/INTERVISTA-DOMENICA-MORO.mp3\">INTERVISTA DOMENICA MORO<\/a><\/p>\n","protected":false},"excerpt":{"rendered":"<p>Prende il via mercoled\u00ec 11 aprile il Torneo delle Province 2012 riservato alle Rappresentative di Comitato. Tolmezzo \u00e8 stato inserito nel girone con Cervignano e Trieste. Mercoled\u00ec prima uscita a Cervignano per i Giovanissimi (alle 16.30) e gli Allievi (alle 18.30), mentre gli Juniores esordiranno sempre con Cervignano gioved\u00ec 12 alle 20.30 a Chiusaforte. Proponiamo [&hellip;]<\/p>\n","protected":false},"author":10,"featured_media":0,"comment_status":"open","ping_status":"closed","sticky":false,"template":"","format":"standard","meta":{"footnotes":""},"categories":[5],"tags":[],"class_list":["post-5233","post","type-post","status-publish","format-standard","hentry","category-varie"],"yoast_head":"<!-- This site is optimized with the Yoast SEO plugin v27.3 - https:\/\/yoast.com\/product\/yoast-seo-wordpress\/ -->\n<title>PARTE IL TORNEO DELLE PROVINCE 2012 - Campionato Carnico 2017<\/title>\n<meta name=\"robots\" content=\"index, follow, max-snippet:-1, max-image-preview:large, max-video-preview:-1\" \/>\n<link rel=\"canonical\" href=\"https:\/\/2017.carnico.it\/blog\/2012\/04\/10\/parte-il-torneo-delle-province-2012\/\" \/>\n<meta property=\"og:locale\" content=\"it_IT\" \/>\n<meta property=\"og:type\" content=\"article\" \/>\n<meta property=\"og:title\" content=\"PARTE IL TORNEO DELLE PROVINCE 2012 - Campionato Carnico 2017\" \/>\n<meta property=\"og:description\" content=\"Prende il via mercoled\u00ec 11 aprile il Torneo delle Province 2012 riservato alle Rappresentative di Comitato. Tolmezzo \u00e8 stato inserito nel girone con Cervignano e Trieste. Mercoled\u00ec prima uscita a Cervignano per i Giovanissimi (alle 16.30) e gli Allievi (alle 18.30), mentre gli Juniores esordiranno sempre con Cervignano gioved\u00ec 12 alle 20.30 a Chiusaforte. Proponiamo [&hellip;]\" \/>\n<meta property=\"og:url\" content=\"https:\/\/2017.carnico.it\/blog\/2012\/04\/10\/parte-il-torneo-delle-province-2012\/\" \/>\n<meta property=\"og:site_name\" content=\"Campionato Carnico 2017\" \/>\n<meta property=\"article:publisher\" content=\"https:\/\/www.facebook.com\/campionatocarnico\/\" \/>\n<meta property=\"article:published_time\" content=\"2012-04-10T09:14:27+00:00\" \/>\n<meta property=\"article:modified_time\" content=\"2012-04-10T11:12:18+00:00\" \/>\n<meta property=\"og:image\" content=\"https:\/\/www.carnico.it\/blog\/wp-content\/uploads\/2012\/04\/Domenico-Moro1-150x150.jpg\" \/>\n<meta name=\"author\" content=\"Redazione\" \/>\n<meta name=\"twitter:card\" content=\"summary_large_image\" \/>\n<meta name=\"twitter:label1\" content=\"Scritto da\" \/>\n\t<meta name=\"twitter:data1\" content=\"Redazione\" \/>\n<script type=\"application\/ld+json\" class=\"yoast-schema-graph\">{\"@context\":\"https:\\\/\\\/schema.org\",\"@graph\":[{\"@type\":\"Article\",\"@id\":\"https:\\\/\\\/2017.carnico.it\\\/blog\\\/2012\\\/04\\\/10\\\/parte-il-torneo-delle-province-2012\\\/#article\",\"isPartOf\":{\"@id\":\"https:\\\/\\\/2017.carnico.it\\\/blog\\\/2012\\\/04\\\/10\\\/parte-il-torneo-delle-province-2012\\\/\"},\"author\":{\"name\":\"Redazione\",\"@id\":\"https:\\\/\\\/2017.carnico.it\\\/blog\\\/#\\\/schema\\\/person\\\/a68c764693d96df3238f123ea014e78c\"},\"headline\":\"PARTE IL TORNEO DELLE PROVINCE 2012\",\"datePublished\":\"2012-04-10T09:14:27+00:00\",\"dateModified\":\"2012-04-10T11:12:18+00:00\",\"mainEntityOfPage\":{\"@id\":\"https:\\\/\\\/2017.carnico.it\\\/blog\\\/2012\\\/04\\\/10\\\/parte-il-torneo-delle-province-2012\\\/\"},\"wordCount\":86,\"commentCount\":0,\"image\":{\"@id\":\"https:\\\/\\\/2017.carnico.it\\\/blog\\\/2012\\\/04\\\/10\\\/parte-il-torneo-delle-province-2012\\\/#primaryimage\"},\"thumbnailUrl\":\"https:\\\/\\\/www.carnico.it\\\/blog\\\/wp-content\\\/uploads\\\/2012\\\/04\\\/Domenico-Moro1-150x150.jpg\",\"articleSection\":[\"Varie\"],\"inLanguage\":\"it-IT\",\"potentialAction\":[{\"@type\":\"CommentAction\",\"name\":\"Comment\",\"target\":[\"https:\\\/\\\/2017.carnico.it\\\/blog\\\/2012\\\/04\\\/10\\\/parte-il-torneo-delle-province-2012\\\/#respond\"]}]},{\"@type\":\"WebPage\",\"@id\":\"https:\\\/\\\/2017.carnico.it\\\/blog\\\/2012\\\/04\\\/10\\\/parte-il-torneo-delle-province-2012\\\/\",\"url\":\"https:\\\/\\\/2017.carnico.it\\\/blog\\\/2012\\\/04\\\/10\\\/parte-il-torneo-delle-province-2012\\\/\",\"name\":\"PARTE IL TORNEO DELLE PROVINCE 2012 - Campionato Carnico 2017\",\"isPartOf\":{\"@id\":\"https:\\\/\\\/2017.carnico.it\\\/blog\\\/#website\"},\"primaryImageOfPage\":{\"@id\":\"https:\\\/\\\/2017.carnico.it\\\/blog\\\/2012\\\/04\\\/10\\\/parte-il-torneo-delle-province-2012\\\/#primaryimage\"},\"image\":{\"@id\":\"https:\\\/\\\/2017.carnico.it\\\/blog\\\/2012\\\/04\\\/10\\\/parte-il-torneo-delle-province-2012\\\/#primaryimage\"},\"thumbnailUrl\":\"https:\\\/\\\/www.carnico.it\\\/blog\\\/wp-content\\\/uploads\\\/2012\\\/04\\\/Domenico-Moro1-150x150.jpg\",\"datePublished\":\"2012-04-10T09:14:27+00:00\",\"dateModified\":\"2012-04-10T11:12:18+00:00\",\"author\":{\"@id\":\"https:\\\/\\\/2017.carnico.it\\\/blog\\\/#\\\/schema\\\/person\\\/a68c764693d96df3238f123ea014e78c\"},\"breadcrumb\":{\"@id\":\"https:\\\/\\\/2017.carnico.it\\\/blog\\\/2012\\\/04\\\/10\\\/parte-il-torneo-delle-province-2012\\\/#breadcrumb\"},\"inLanguage\":\"it-IT\",\"potentialAction\":[{\"@type\":\"ReadAction\",\"target\":[\"https:\\\/\\\/2017.carnico.it\\\/blog\\\/2012\\\/04\\\/10\\\/parte-il-torneo-delle-province-2012\\\/\"]}]},{\"@type\":\"ImageObject\",\"inLanguage\":\"it-IT\",\"@id\":\"https:\\\/\\\/2017.carnico.it\\\/blog\\\/2012\\\/04\\\/10\\\/parte-il-torneo-delle-province-2012\\\/#primaryimage\",\"url\":\"https:\\\/\\\/www.carnico.it\\\/blog\\\/wp-content\\\/uploads\\\/2012\\\/04\\\/Domenico-Moro1-150x150.jpg\",\"contentUrl\":\"https:\\\/\\\/www.carnico.it\\\/blog\\\/wp-content\\\/uploads\\\/2012\\\/04\\\/Domenico-Moro1-150x150.jpg\"},{\"@type\":\"BreadcrumbList\",\"@id\":\"https:\\\/\\\/2017.carnico.it\\\/blog\\\/2012\\\/04\\\/10\\\/parte-il-torneo-delle-province-2012\\\/#breadcrumb\",\"itemListElement\":[{\"@type\":\"ListItem\",\"position\":1,\"name\":\"Home\",\"item\":\"https:\\\/\\\/2017.carnico.it\\\/blog\\\/\"},{\"@type\":\"ListItem\",\"position\":2,\"name\":\"PARTE IL TORNEO DELLE PROVINCE 2012\"}]},{\"@type\":\"WebSite\",\"@id\":\"https:\\\/\\\/2017.carnico.it\\\/blog\\\/#website\",\"url\":\"https:\\\/\\\/2017.carnico.it\\\/blog\\\/\",\"name\":\"Campionato Carnico 2017\",\"description\":\"Notizie e aggiornamenti in tempo reale sul campionato Carnico\",\"potentialAction\":[{\"@type\":\"SearchAction\",\"target\":{\"@type\":\"EntryPoint\",\"urlTemplate\":\"https:\\\/\\\/2017.carnico.it\\\/blog\\\/?s={search_term_string}\"},\"query-input\":{\"@type\":\"PropertyValueSpecification\",\"valueRequired\":true,\"valueName\":\"search_term_string\"}}],\"inLanguage\":\"it-IT\"},{\"@type\":\"Person\",\"@id\":\"https:\\\/\\\/2017.carnico.it\\\/blog\\\/#\\\/schema\\\/person\\\/a68c764693d96df3238f123ea014e78c\",\"name\":\"Redazione\",\"image\":{\"@type\":\"ImageObject\",\"inLanguage\":\"it-IT\",\"@id\":\"https:\\\/\\\/secure.gravatar.com\\\/avatar\\\/6c05bd4dddbea475e283f76b4aa2d778ecb35c06fd92df5f6e0cac552163e2ac?s=96&d=mm&r=g\",\"url\":\"https:\\\/\\\/secure.gravatar.com\\\/avatar\\\/6c05bd4dddbea475e283f76b4aa2d778ecb35c06fd92df5f6e0cac552163e2ac?s=96&d=mm&r=g\",\"contentUrl\":\"https:\\\/\\\/secure.gravatar.com\\\/avatar\\\/6c05bd4dddbea475e283f76b4aa2d778ecb35c06fd92df5f6e0cac552163e2ac?s=96&d=mm&r=g\",\"caption\":\"Redazione\"},\"url\":\"https:\\\/\\\/2017.carnico.it\\\/blog\\\/author\\\/clyco-admin\\\/\"}]}<\/script>\n<!-- \/ Yoast SEO plugin. -->","yoast_head_json":{"title":"PARTE IL TORNEO DELLE PROVINCE 2012 - Campionato Carnico 2017","robots":{"index":"index","follow":"follow","max-snippet":"max-snippet:-1","max-image-preview":"max-image-preview:large","max-video-preview":"max-video-preview:-1"},"canonical":"https:\/\/2017.carnico.it\/blog\/2012\/04\/10\/parte-il-torneo-delle-province-2012\/","og_locale":"it_IT","og_type":"article","og_title":"PARTE IL TORNEO DELLE PROVINCE 2012 - Campionato Carnico 2017","og_description":"Prende il via mercoled\u00ec 11 aprile il Torneo delle Province 2012 riservato alle Rappresentative di Comitato. Tolmezzo \u00e8 stato inserito nel girone con Cervignano e Trieste. Mercoled\u00ec prima uscita a Cervignano per i Giovanissimi (alle 16.30) e gli Allievi (alle 18.30), mentre gli Juniores esordiranno sempre con Cervignano gioved\u00ec 12 alle 20.30 a Chiusaforte. Proponiamo [&hellip;]","og_url":"https:\/\/2017.carnico.it\/blog\/2012\/04\/10\/parte-il-torneo-delle-province-2012\/","og_site_name":"Campionato Carnico 2017","article_publisher":"https:\/\/www.facebook.com\/campionatocarnico\/","article_published_time":"2012-04-10T09:14:27+00:00","article_modified_time":"2012-04-10T11:12:18+00:00","og_image":[{"url":"https:\/\/www.carnico.it\/blog\/wp-content\/uploads\/2012\/04\/Domenico-Moro1-150x150.jpg","type":"","width":"","height":""}],"author":"Redazione","twitter_card":"summary_large_image","twitter_misc":{"Scritto da":"Redazione"},"schema":{"@context":"https:\/\/schema.org","@graph":[{"@type":"Article","@id":"https:\/\/2017.carnico.it\/blog\/2012\/04\/10\/parte-il-torneo-delle-province-2012\/#article","isPartOf":{"@id":"https:\/\/2017.carnico.it\/blog\/2012\/04\/10\/parte-il-torneo-delle-province-2012\/"},"author":{"name":"Redazione","@id":"https:\/\/2017.carnico.it\/blog\/#\/schema\/person\/a68c764693d96df3238f123ea014e78c"},"headline":"PARTE IL TORNEO DELLE PROVINCE 2012","datePublished":"2012-04-10T09:14:27+00:00","dateModified":"2012-04-10T11:12:18+00:00","mainEntityOfPage":{"@id":"https:\/\/2017.carnico.it\/blog\/2012\/04\/10\/parte-il-torneo-delle-province-2012\/"},"wordCount":86,"commentCount":0,"image":{"@id":"https:\/\/2017.carnico.it\/blog\/2012\/04\/10\/parte-il-torneo-delle-province-2012\/#primaryimage"},"thumbnailUrl":"https:\/\/www.carnico.it\/blog\/wp-content\/uploads\/2012\/04\/Domenico-Moro1-150x150.jpg","articleSection":["Varie"],"inLanguage":"it-IT","potentialAction":[{"@type":"CommentAction","name":"Comment","target":["https:\/\/2017.carnico.it\/blog\/2012\/04\/10\/parte-il-torneo-delle-province-2012\/#respond"]}]},{"@type":"WebPage","@id":"https:\/\/2017.carnico.it\/blog\/2012\/04\/10\/parte-il-torneo-delle-province-2012\/","url":"https:\/\/2017.carnico.it\/blog\/2012\/04\/10\/parte-il-torneo-delle-province-2012\/","name":"PARTE IL TORNEO DELLE PROVINCE 2012 - Campionato Carnico 2017","isPartOf":{"@id":"https:\/\/2017.carnico.it\/blog\/#website"},"primaryImageOfPage":{"@id":"https:\/\/2017.carnico.it\/blog\/2012\/04\/10\/parte-il-torneo-delle-province-2012\/#primaryimage"},"image":{"@id":"https:\/\/2017.carnico.it\/blog\/2012\/04\/10\/parte-il-torneo-delle-province-2012\/#primaryimage"},"thumbnailUrl":"https:\/\/www.carnico.it\/blog\/wp-content\/uploads\/2012\/04\/Domenico-Moro1-150x150.jpg","datePublished":"2012-04-10T09:14:27+00:00","dateModified":"2012-04-10T11:12:18+00:00","author":{"@id":"https:\/\/2017.carnico.it\/blog\/#\/schema\/person\/a68c764693d96df3238f123ea014e78c"},"breadcrumb":{"@id":"https:\/\/2017.carnico.it\/blog\/2012\/04\/10\/parte-il-torneo-delle-province-2012\/#breadcrumb"},"inLanguage":"it-IT","potentialAction":[{"@type":"ReadAction","target":["https:\/\/2017.carnico.it\/blog\/2012\/04\/10\/parte-il-torneo-delle-province-2012\/"]}]},{"@type":"ImageObject","inLanguage":"it-IT","@id":"https:\/\/2017.carnico.it\/blog\/2012\/04\/10\/parte-il-torneo-delle-province-2012\/#primaryimage","url":"https:\/\/www.carnico.it\/blog\/wp-content\/uploads\/2012\/04\/Domenico-Moro1-150x150.jpg","contentUrl":"https:\/\/www.carnico.it\/blog\/wp-content\/uploads\/2012\/04\/Domenico-Moro1-150x150.jpg"},{"@type":"BreadcrumbList","@id":"https:\/\/2017.carnico.it\/blog\/2012\/04\/10\/parte-il-torneo-delle-province-2012\/#breadcrumb","itemListElement":[{"@type":"ListItem","position":1,"name":"Home","item":"https:\/\/2017.carnico.it\/blog\/"},{"@type":"ListItem","position":2,"name":"PARTE IL TORNEO DELLE PROVINCE 2012"}]},{"@type":"WebSite","@id":"https:\/\/2017.carnico.it\/blog\/#website","url":"https:\/\/2017.carnico.it\/blog\/","name":"Campionato Carnico 2017","description":"Notizie e aggiornamenti in tempo reale sul campionato Carnico","potentialAction":[{"@type":"SearchAction","target":{"@type":"EntryPoint","urlTemplate":"https:\/\/2017.carnico.it\/blog\/?s={search_term_string}"},"query-input":{"@type":"PropertyValueSpecification","valueRequired":true,"valueName":"search_term_string"}}],"inLanguage":"it-IT"},{"@type":"Person","@id":"https:\/\/2017.carnico.it\/blog\/#\/schema\/person\/a68c764693d96df3238f123ea014e78c","name":"Redazione","image":{"@type":"ImageObject","inLanguage":"it-IT","@id":"https:\/\/secure.gravatar.com\/avatar\/6c05bd4dddbea475e283f76b4aa2d778ecb35c06fd92df5f6e0cac552163e2ac?s=96&d=mm&r=g","url":"https:\/\/secure.gravatar.com\/avatar\/6c05bd4dddbea475e283f76b4aa2d778ecb35c06fd92df5f6e0cac552163e2ac?s=96&d=mm&r=g","contentUrl":"https:\/\/secure.gravatar.com\/avatar\/6c05bd4dddbea475e283f76b4aa2d778ecb35c06fd92df5f6e0cac552163e2ac?s=96&d=mm&r=g","caption":"Redazione"},"url":"https:\/\/2017.carnico.it\/blog\/author\/clyco-admin\/"}]}},"_links":{"self":[{"href":"https:\/\/2017.carnico.it\/blog\/wp-json\/wp\/v2\/posts\/5233","targetHints":{"allow":["GET"]}}],"collection":[{"href":"https:\/\/2017.carnico.it\/blog\/wp-json\/wp\/v2\/posts"}],"about":[{"href":"https:\/\/2017.carnico.it\/blog\/wp-json\/wp\/v2\/types\/post"}],"author":[{"embeddable":true,"href":"https:\/\/2017.carnico.it\/blog\/wp-json\/wp\/v2\/users\/10"}],"replies":[{"embeddable":true,"href":"https:\/\/2017.carnico.it\/blog\/wp-json\/wp\/v2\/comments?post=5233"}],"version-history":[{"count":5,"href":"https:\/\/2017.carnico.it\/blog\/wp-json\/wp\/v2\/posts\/5233\/revisions"}],"predecessor-version":[{"id":5237,"href":"https:\/\/2017.carnico.it\/blog\/wp-json\/wp\/v2\/posts\/5233\/revisions\/5237"}],"wp:attachment":[{"href":"https:\/\/2017.carnico.it\/blog\/wp-json\/wp\/v2\/media?parent=5233"}],"wp:term":[{"taxonomy":"category","embeddable":true,"href":"https:\/\/2017.carnico.it\/blog\/wp-json\/wp\/v2\/categories?post=5233"},{"taxonomy":"post_tag","embeddable":true,"href":"https:\/\/2017.carnico.it\/blog\/wp-json\/wp\/v2\/tags?post=5233"}],"curies":[{"name":"wp","href":"https:\/\/api.w.org\/{rel}","templated":true}]}}