{"id":4093,"date":"2011-06-21T02:28:00","date_gmt":"2011-06-21T00:28:00","guid":{"rendered":"http:\/\/www.carnico.it\/blog\/?p=4093"},"modified":"2011-06-23T22:28:08","modified_gmt":"2011-06-23T20:28:08","slug":"giovanni-zagaria-%c2%abho-sentito-laffetto-del-carnico%c2%bb","status":"publish","type":"post","link":"https:\/\/2017.carnico.it\/blog\/2011\/06\/21\/giovanni-zagaria-%c2%abho-sentito-laffetto-del-carnico%c2%bb\/","title":{"rendered":"GIOVANNI ZAGARIA: \u00abHO SENTITO L&#8217;AFFETTO DEL CARNICO\u00bb"},"content":{"rendered":"<div><span style=\"font-size: medium;\"><span style=\"font-size: medium;\"><span style=\"font-family: Times New Roman, serif;\">\u00a0<\/span><\/span><\/span><\/div>\n<div><big><big><big><big><big><big><big><strong>Pronto, mister <a href=\"https:\/\/www.carnico.it\/blog\/wp-content\/uploads\/2011\/06\/Giovanni-Zagaria1.jpg\"><img loading=\"lazy\" decoding=\"async\" class=\"alignleft size-thumbnail wp-image-4101\" title=\"Giovanni Zagaria\" src=\"https:\/\/www.carnico.it\/blog\/wp-content\/uploads\/2011\/06\/Giovanni-Zagaria1-150x150.jpg\" alt=\"\" width=\"150\" height=\"150\" \/><\/a>Giovanni Zagaria? Come sta?<\/strong><br \/>\n\u00abOra un po&#8217; meglio, grazie. Pian piano sto recuperando le forze\u00bb.<br \/>\n<strong>Ci racconta cosa \u00e8 accaduto lo scorso 31 maggio?<\/strong><br \/>\n\u00abMentre stavo lavorando nell&#8217;orto ho sentito un forte dolore al petto. Insomma, un infarto. Mia moglie mi ha riportato a casa e poi ha subito chiamato il 118\u00bb.<br \/>\n<strong>Quando ha capito che la situazione era seria? <\/strong><br \/>\n\u00abQuando dal Pronto Soccorso di Tolmezzo hanno allertato subito la sala operatoria di Udine per un intervento al cuore. E&#8217; stata eseguita una procedura di angioplastica, che fortunatamente ha avuto esito positivo. Sono poi rimasto tre giorni in Unit\u00e0 coronarica, quindi una settimana a Tolmezzo e finalmente l&#8217;8 giugno sono rientrato nella mia abitazione nella frazione tolmezzina di Caneva. Posso fare dei ringraziamenti?\u00bb.<br \/>\n<strong>Certo. <\/strong><br \/>\n<!--more-->\u00abTutti sono stati eccezionali: il dottor Pillinini e la sua equipe del 118, l&#8217;Unit\u00e0 Coronarica di Udine e il reparto di Medicina dell&#8217;Ospedale di Tolmezzo diretto dal dottor Di Piazza\u00bb.<br \/>\n<strong>Come prosegue ora la riabilitazione? <\/strong><br \/>\n\u00abDevo rimanere tranquillo e non affaticarmi. Con calma recuperer\u00f2 la condizione fisica e nel frattempo effettuer\u00f2 una serie di controlli\u00bb.<br \/>\n<strong>Fino a quel drammatico 31 maggio lei ha allenato l&#8217;Ampezzo. Il mondo del Carnico le \u00e8 stato vicino? <\/strong><br \/>\n\u00abAssolutamente s\u00ec. In particolar dopo gli auguri nel corso di &#8220;A tutto Carnico&#8221; ho ricevuto tante telefonate e visite, che mi hanno fatto un grande piacere\u00bb.<br \/>\n<strong>Del resto lei ormai \u00e8 un carnico d&#8217;adozione, anche se le sue origini sono pugliesi, precisamente di Barletta. <\/strong><br \/>\n\u00abVivo da queste parti dal 1972. Ero un portiere, con esperienze anche in C2 in Sicilia, e qui giocai con la Pro Tolmezzo. Poi, dopo qualche anno di stop, conobbi il mondo del Carnico nel Cedarchis e quindi diventai allenatore\u00bb.<br \/>\n<strong>Con lei l&#8217;Ampezzo aveva ottenuto quattro punti in 4 partite, mentre nelle 4 successive \u00e8 arrivato solo un pari. C&#8217;entra qualcosa con quanto le \u00e8 accaduto? <\/strong><br \/>\n\u00abSpero di no, nel senso che non mi sento cos\u00ec importante. Purtroppo la rosa \u00e8 ristretta ed infortuni e squalifiche non aiutano. Per\u00f2 credo si possa salvare. Io lo sostengo sempre, anche se solo moralmente\u00bb.<br \/>\n<strong>A questo proposito c&#8217;\u00e8 una bella notizia, vero<\/strong>?<br \/>\n\u00abMi piacerebbe essere presente domenica prossima\u00a0alla partita di Illegio. Vedremo se ci saranno le condizioni\u00bb.<br \/>\n<strong>Un giorno la rivedremo nuovamente in panchina? <\/strong><br \/>\n\u00abTemo di no, i dottori me l&#8217;hanno sconsigliato. Per me \u00e8 una brutta botta, perch\u00e9 il calcio ce l&#8217;ho nel sangue\u00bb.<br \/>\n(<em><strong>dal Gazzettino<\/strong><\/em>)<\/big><\/big><\/big><\/big><\/big><\/big><\/big><\/div>\n","protected":false},"excerpt":{"rendered":"<p>\u00a0 Pronto, mister Giovanni Zagaria? Come sta? \u00abOra un po&#8217; meglio, grazie. Pian piano sto recuperando le forze\u00bb. Ci racconta cosa \u00e8 accaduto lo scorso 31 maggio? \u00abMentre stavo lavorando nell&#8217;orto ho sentito un forte dolore al petto. Insomma, un infarto. Mia moglie mi ha riportato a casa e poi ha subito chiamato il 118\u00bb. [&hellip;]<\/p>\n","protected":false},"author":10,"featured_media":0,"comment_status":"open","ping_status":"closed","sticky":false,"template":"","format":"standard","meta":{"footnotes":""},"categories":[3],"tags":[],"class_list":["post-4093","post","type-post","status-publish","format-standard","hentry","category-carnico"],"yoast_head":"<!-- This site is optimized with the Yoast SEO plugin v27.3 - https:\/\/yoast.com\/product\/yoast-seo-wordpress\/ -->\n<title>GIOVANNI ZAGARIA: \u00abHO SENTITO L&#039;AFFETTO DEL CARNICO\u00bb - Campionato Carnico 2017<\/title>\n<meta name=\"robots\" content=\"index, follow, max-snippet:-1, max-image-preview:large, max-video-preview:-1\" \/>\n<link rel=\"canonical\" href=\"https:\/\/2017.carnico.it\/blog\/2011\/06\/21\/giovanni-zagaria-\u00abho-sentito-laffetto-del-carnico\u00bb\/\" \/>\n<meta property=\"og:locale\" content=\"it_IT\" \/>\n<meta property=\"og:type\" content=\"article\" \/>\n<meta property=\"og:title\" content=\"GIOVANNI ZAGARIA: \u00abHO SENTITO L&#039;AFFETTO DEL CARNICO\u00bb - Campionato Carnico 2017\" \/>\n<meta property=\"og:description\" content=\"\u00a0 Pronto, mister Giovanni Zagaria? Come sta? \u00abOra un po&#8217; meglio, grazie. Pian piano sto recuperando le forze\u00bb. Ci racconta cosa \u00e8 accaduto lo scorso 31 maggio? \u00abMentre stavo lavorando nell&#8217;orto ho sentito un forte dolore al petto. Insomma, un infarto. Mia moglie mi ha riportato a casa e poi ha subito chiamato il 118\u00bb. [&hellip;]\" \/>\n<meta property=\"og:url\" content=\"https:\/\/2017.carnico.it\/blog\/2011\/06\/21\/giovanni-zagaria-\u00abho-sentito-laffetto-del-carnico\u00bb\/\" \/>\n<meta property=\"og:site_name\" content=\"Campionato Carnico 2017\" \/>\n<meta property=\"article:publisher\" content=\"https:\/\/www.facebook.com\/campionatocarnico\/\" \/>\n<meta property=\"article:published_time\" content=\"2011-06-21T00:28:00+00:00\" \/>\n<meta property=\"article:modified_time\" content=\"2011-06-23T20:28:08+00:00\" \/>\n<meta property=\"og:image\" content=\"https:\/\/www.carnico.it\/blog\/wp-content\/uploads\/2011\/06\/Giovanni-Zagaria1-150x150.jpg\" \/>\n<meta name=\"author\" content=\"Redazione\" \/>\n<meta name=\"twitter:card\" content=\"summary_large_image\" \/>\n<meta name=\"twitter:label1\" content=\"Scritto da\" \/>\n\t<meta name=\"twitter:data1\" content=\"Redazione\" \/>\n\t<meta name=\"twitter:label2\" content=\"Tempo di lettura stimato\" \/>\n\t<meta name=\"twitter:data2\" content=\"2 minuti\" \/>\n<script type=\"application\/ld+json\" class=\"yoast-schema-graph\">{\"@context\":\"https:\\\/\\\/schema.org\",\"@graph\":[{\"@type\":\"Article\",\"@id\":\"https:\\\/\\\/2017.carnico.it\\\/blog\\\/2011\\\/06\\\/21\\\/giovanni-zagaria-%c2%abho-sentito-laffetto-del-carnico%c2%bb\\\/#article\",\"isPartOf\":{\"@id\":\"https:\\\/\\\/2017.carnico.it\\\/blog\\\/2011\\\/06\\\/21\\\/giovanni-zagaria-%c2%abho-sentito-laffetto-del-carnico%c2%bb\\\/\"},\"author\":{\"name\":\"Redazione\",\"@id\":\"https:\\\/\\\/2017.carnico.it\\\/blog\\\/#\\\/schema\\\/person\\\/a68c764693d96df3238f123ea014e78c\"},\"headline\":\"GIOVANNI ZAGARIA: \u00abHO SENTITO L&#8217;AFFETTO DEL CARNICO\u00bb\",\"datePublished\":\"2011-06-21T00:28:00+00:00\",\"dateModified\":\"2011-06-23T20:28:08+00:00\",\"mainEntityOfPage\":{\"@id\":\"https:\\\/\\\/2017.carnico.it\\\/blog\\\/2011\\\/06\\\/21\\\/giovanni-zagaria-%c2%abho-sentito-laffetto-del-carnico%c2%bb\\\/\"},\"wordCount\":401,\"commentCount\":20,\"image\":{\"@id\":\"https:\\\/\\\/2017.carnico.it\\\/blog\\\/2011\\\/06\\\/21\\\/giovanni-zagaria-%c2%abho-sentito-laffetto-del-carnico%c2%bb\\\/#primaryimage\"},\"thumbnailUrl\":\"https:\\\/\\\/www.carnico.it\\\/blog\\\/wp-content\\\/uploads\\\/2011\\\/06\\\/Giovanni-Zagaria1-150x150.jpg\",\"articleSection\":[\"Carnico\"],\"inLanguage\":\"it-IT\",\"potentialAction\":[{\"@type\":\"CommentAction\",\"name\":\"Comment\",\"target\":[\"https:\\\/\\\/2017.carnico.it\\\/blog\\\/2011\\\/06\\\/21\\\/giovanni-zagaria-%c2%abho-sentito-laffetto-del-carnico%c2%bb\\\/#respond\"]}]},{\"@type\":\"WebPage\",\"@id\":\"https:\\\/\\\/2017.carnico.it\\\/blog\\\/2011\\\/06\\\/21\\\/giovanni-zagaria-%c2%abho-sentito-laffetto-del-carnico%c2%bb\\\/\",\"url\":\"https:\\\/\\\/2017.carnico.it\\\/blog\\\/2011\\\/06\\\/21\\\/giovanni-zagaria-%c2%abho-sentito-laffetto-del-carnico%c2%bb\\\/\",\"name\":\"GIOVANNI ZAGARIA: \u00abHO SENTITO L'AFFETTO DEL CARNICO\u00bb - Campionato Carnico 2017\",\"isPartOf\":{\"@id\":\"https:\\\/\\\/2017.carnico.it\\\/blog\\\/#website\"},\"primaryImageOfPage\":{\"@id\":\"https:\\\/\\\/2017.carnico.it\\\/blog\\\/2011\\\/06\\\/21\\\/giovanni-zagaria-%c2%abho-sentito-laffetto-del-carnico%c2%bb\\\/#primaryimage\"},\"image\":{\"@id\":\"https:\\\/\\\/2017.carnico.it\\\/blog\\\/2011\\\/06\\\/21\\\/giovanni-zagaria-%c2%abho-sentito-laffetto-del-carnico%c2%bb\\\/#primaryimage\"},\"thumbnailUrl\":\"https:\\\/\\\/www.carnico.it\\\/blog\\\/wp-content\\\/uploads\\\/2011\\\/06\\\/Giovanni-Zagaria1-150x150.jpg\",\"datePublished\":\"2011-06-21T00:28:00+00:00\",\"dateModified\":\"2011-06-23T20:28:08+00:00\",\"author\":{\"@id\":\"https:\\\/\\\/2017.carnico.it\\\/blog\\\/#\\\/schema\\\/person\\\/a68c764693d96df3238f123ea014e78c\"},\"breadcrumb\":{\"@id\":\"https:\\\/\\\/2017.carnico.it\\\/blog\\\/2011\\\/06\\\/21\\\/giovanni-zagaria-%c2%abho-sentito-laffetto-del-carnico%c2%bb\\\/#breadcrumb\"},\"inLanguage\":\"it-IT\",\"potentialAction\":[{\"@type\":\"ReadAction\",\"target\":[\"https:\\\/\\\/2017.carnico.it\\\/blog\\\/2011\\\/06\\\/21\\\/giovanni-zagaria-%c2%abho-sentito-laffetto-del-carnico%c2%bb\\\/\"]}]},{\"@type\":\"ImageObject\",\"inLanguage\":\"it-IT\",\"@id\":\"https:\\\/\\\/2017.carnico.it\\\/blog\\\/2011\\\/06\\\/21\\\/giovanni-zagaria-%c2%abho-sentito-laffetto-del-carnico%c2%bb\\\/#primaryimage\",\"url\":\"https:\\\/\\\/www.carnico.it\\\/blog\\\/wp-content\\\/uploads\\\/2011\\\/06\\\/Giovanni-Zagaria1-150x150.jpg\",\"contentUrl\":\"https:\\\/\\\/www.carnico.it\\\/blog\\\/wp-content\\\/uploads\\\/2011\\\/06\\\/Giovanni-Zagaria1-150x150.jpg\"},{\"@type\":\"BreadcrumbList\",\"@id\":\"https:\\\/\\\/2017.carnico.it\\\/blog\\\/2011\\\/06\\\/21\\\/giovanni-zagaria-%c2%abho-sentito-laffetto-del-carnico%c2%bb\\\/#breadcrumb\",\"itemListElement\":[{\"@type\":\"ListItem\",\"position\":1,\"name\":\"Home\",\"item\":\"https:\\\/\\\/2017.carnico.it\\\/blog\\\/\"},{\"@type\":\"ListItem\",\"position\":2,\"name\":\"GIOVANNI ZAGARIA: \u00abHO SENTITO L&#8217;AFFETTO DEL CARNICO\u00bb\"}]},{\"@type\":\"WebSite\",\"@id\":\"https:\\\/\\\/2017.carnico.it\\\/blog\\\/#website\",\"url\":\"https:\\\/\\\/2017.carnico.it\\\/blog\\\/\",\"name\":\"Campionato Carnico 2017\",\"description\":\"Notizie e aggiornamenti in tempo reale sul campionato Carnico\",\"potentialAction\":[{\"@type\":\"SearchAction\",\"target\":{\"@type\":\"EntryPoint\",\"urlTemplate\":\"https:\\\/\\\/2017.carnico.it\\\/blog\\\/?s={search_term_string}\"},\"query-input\":{\"@type\":\"PropertyValueSpecification\",\"valueRequired\":true,\"valueName\":\"search_term_string\"}}],\"inLanguage\":\"it-IT\"},{\"@type\":\"Person\",\"@id\":\"https:\\\/\\\/2017.carnico.it\\\/blog\\\/#\\\/schema\\\/person\\\/a68c764693d96df3238f123ea014e78c\",\"name\":\"Redazione\",\"image\":{\"@type\":\"ImageObject\",\"inLanguage\":\"it-IT\",\"@id\":\"https:\\\/\\\/secure.gravatar.com\\\/avatar\\\/6c05bd4dddbea475e283f76b4aa2d778ecb35c06fd92df5f6e0cac552163e2ac?s=96&d=mm&r=g\",\"url\":\"https:\\\/\\\/secure.gravatar.com\\\/avatar\\\/6c05bd4dddbea475e283f76b4aa2d778ecb35c06fd92df5f6e0cac552163e2ac?s=96&d=mm&r=g\",\"contentUrl\":\"https:\\\/\\\/secure.gravatar.com\\\/avatar\\\/6c05bd4dddbea475e283f76b4aa2d778ecb35c06fd92df5f6e0cac552163e2ac?s=96&d=mm&r=g\",\"caption\":\"Redazione\"},\"url\":\"https:\\\/\\\/2017.carnico.it\\\/blog\\\/author\\\/clyco-admin\\\/\"}]}<\/script>\n<!-- \/ Yoast SEO plugin. -->","yoast_head_json":{"title":"GIOVANNI ZAGARIA: \u00abHO SENTITO L'AFFETTO DEL CARNICO\u00bb - Campionato Carnico 2017","robots":{"index":"index","follow":"follow","max-snippet":"max-snippet:-1","max-image-preview":"max-image-preview:large","max-video-preview":"max-video-preview:-1"},"canonical":"https:\/\/2017.carnico.it\/blog\/2011\/06\/21\/giovanni-zagaria-\u00abho-sentito-laffetto-del-carnico\u00bb\/","og_locale":"it_IT","og_type":"article","og_title":"GIOVANNI ZAGARIA: \u00abHO SENTITO L'AFFETTO DEL CARNICO\u00bb - Campionato Carnico 2017","og_description":"\u00a0 Pronto, mister Giovanni Zagaria? Come sta? \u00abOra un po&#8217; meglio, grazie. Pian piano sto recuperando le forze\u00bb. Ci racconta cosa \u00e8 accaduto lo scorso 31 maggio? \u00abMentre stavo lavorando nell&#8217;orto ho sentito un forte dolore al petto. Insomma, un infarto. Mia moglie mi ha riportato a casa e poi ha subito chiamato il 118\u00bb. [&hellip;]","og_url":"https:\/\/2017.carnico.it\/blog\/2011\/06\/21\/giovanni-zagaria-\u00abho-sentito-laffetto-del-carnico\u00bb\/","og_site_name":"Campionato Carnico 2017","article_publisher":"https:\/\/www.facebook.com\/campionatocarnico\/","article_published_time":"2011-06-21T00:28:00+00:00","article_modified_time":"2011-06-23T20:28:08+00:00","og_image":[{"url":"https:\/\/www.carnico.it\/blog\/wp-content\/uploads\/2011\/06\/Giovanni-Zagaria1-150x150.jpg","type":"","width":"","height":""}],"author":"Redazione","twitter_card":"summary_large_image","twitter_misc":{"Scritto da":"Redazione","Tempo di lettura stimato":"2 minuti"},"schema":{"@context":"https:\/\/schema.org","@graph":[{"@type":"Article","@id":"https:\/\/2017.carnico.it\/blog\/2011\/06\/21\/giovanni-zagaria-%c2%abho-sentito-laffetto-del-carnico%c2%bb\/#article","isPartOf":{"@id":"https:\/\/2017.carnico.it\/blog\/2011\/06\/21\/giovanni-zagaria-%c2%abho-sentito-laffetto-del-carnico%c2%bb\/"},"author":{"name":"Redazione","@id":"https:\/\/2017.carnico.it\/blog\/#\/schema\/person\/a68c764693d96df3238f123ea014e78c"},"headline":"GIOVANNI ZAGARIA: \u00abHO SENTITO L&#8217;AFFETTO DEL CARNICO\u00bb","datePublished":"2011-06-21T00:28:00+00:00","dateModified":"2011-06-23T20:28:08+00:00","mainEntityOfPage":{"@id":"https:\/\/2017.carnico.it\/blog\/2011\/06\/21\/giovanni-zagaria-%c2%abho-sentito-laffetto-del-carnico%c2%bb\/"},"wordCount":401,"commentCount":20,"image":{"@id":"https:\/\/2017.carnico.it\/blog\/2011\/06\/21\/giovanni-zagaria-%c2%abho-sentito-laffetto-del-carnico%c2%bb\/#primaryimage"},"thumbnailUrl":"https:\/\/www.carnico.it\/blog\/wp-content\/uploads\/2011\/06\/Giovanni-Zagaria1-150x150.jpg","articleSection":["Carnico"],"inLanguage":"it-IT","potentialAction":[{"@type":"CommentAction","name":"Comment","target":["https:\/\/2017.carnico.it\/blog\/2011\/06\/21\/giovanni-zagaria-%c2%abho-sentito-laffetto-del-carnico%c2%bb\/#respond"]}]},{"@type":"WebPage","@id":"https:\/\/2017.carnico.it\/blog\/2011\/06\/21\/giovanni-zagaria-%c2%abho-sentito-laffetto-del-carnico%c2%bb\/","url":"https:\/\/2017.carnico.it\/blog\/2011\/06\/21\/giovanni-zagaria-%c2%abho-sentito-laffetto-del-carnico%c2%bb\/","name":"GIOVANNI ZAGARIA: \u00abHO SENTITO L'AFFETTO DEL CARNICO\u00bb - Campionato Carnico 2017","isPartOf":{"@id":"https:\/\/2017.carnico.it\/blog\/#website"},"primaryImageOfPage":{"@id":"https:\/\/2017.carnico.it\/blog\/2011\/06\/21\/giovanni-zagaria-%c2%abho-sentito-laffetto-del-carnico%c2%bb\/#primaryimage"},"image":{"@id":"https:\/\/2017.carnico.it\/blog\/2011\/06\/21\/giovanni-zagaria-%c2%abho-sentito-laffetto-del-carnico%c2%bb\/#primaryimage"},"thumbnailUrl":"https:\/\/www.carnico.it\/blog\/wp-content\/uploads\/2011\/06\/Giovanni-Zagaria1-150x150.jpg","datePublished":"2011-06-21T00:28:00+00:00","dateModified":"2011-06-23T20:28:08+00:00","author":{"@id":"https:\/\/2017.carnico.it\/blog\/#\/schema\/person\/a68c764693d96df3238f123ea014e78c"},"breadcrumb":{"@id":"https:\/\/2017.carnico.it\/blog\/2011\/06\/21\/giovanni-zagaria-%c2%abho-sentito-laffetto-del-carnico%c2%bb\/#breadcrumb"},"inLanguage":"it-IT","potentialAction":[{"@type":"ReadAction","target":["https:\/\/2017.carnico.it\/blog\/2011\/06\/21\/giovanni-zagaria-%c2%abho-sentito-laffetto-del-carnico%c2%bb\/"]}]},{"@type":"ImageObject","inLanguage":"it-IT","@id":"https:\/\/2017.carnico.it\/blog\/2011\/06\/21\/giovanni-zagaria-%c2%abho-sentito-laffetto-del-carnico%c2%bb\/#primaryimage","url":"https:\/\/www.carnico.it\/blog\/wp-content\/uploads\/2011\/06\/Giovanni-Zagaria1-150x150.jpg","contentUrl":"https:\/\/www.carnico.it\/blog\/wp-content\/uploads\/2011\/06\/Giovanni-Zagaria1-150x150.jpg"},{"@type":"BreadcrumbList","@id":"https:\/\/2017.carnico.it\/blog\/2011\/06\/21\/giovanni-zagaria-%c2%abho-sentito-laffetto-del-carnico%c2%bb\/#breadcrumb","itemListElement":[{"@type":"ListItem","position":1,"name":"Home","item":"https:\/\/2017.carnico.it\/blog\/"},{"@type":"ListItem","position":2,"name":"GIOVANNI ZAGARIA: \u00abHO SENTITO L&#8217;AFFETTO DEL CARNICO\u00bb"}]},{"@type":"WebSite","@id":"https:\/\/2017.carnico.it\/blog\/#website","url":"https:\/\/2017.carnico.it\/blog\/","name":"Campionato Carnico 2017","description":"Notizie e aggiornamenti in tempo reale sul campionato Carnico","potentialAction":[{"@type":"SearchAction","target":{"@type":"EntryPoint","urlTemplate":"https:\/\/2017.carnico.it\/blog\/?s={search_term_string}"},"query-input":{"@type":"PropertyValueSpecification","valueRequired":true,"valueName":"search_term_string"}}],"inLanguage":"it-IT"},{"@type":"Person","@id":"https:\/\/2017.carnico.it\/blog\/#\/schema\/person\/a68c764693d96df3238f123ea014e78c","name":"Redazione","image":{"@type":"ImageObject","inLanguage":"it-IT","@id":"https:\/\/secure.gravatar.com\/avatar\/6c05bd4dddbea475e283f76b4aa2d778ecb35c06fd92df5f6e0cac552163e2ac?s=96&d=mm&r=g","url":"https:\/\/secure.gravatar.com\/avatar\/6c05bd4dddbea475e283f76b4aa2d778ecb35c06fd92df5f6e0cac552163e2ac?s=96&d=mm&r=g","contentUrl":"https:\/\/secure.gravatar.com\/avatar\/6c05bd4dddbea475e283f76b4aa2d778ecb35c06fd92df5f6e0cac552163e2ac?s=96&d=mm&r=g","caption":"Redazione"},"url":"https:\/\/2017.carnico.it\/blog\/author\/clyco-admin\/"}]}},"_links":{"self":[{"href":"https:\/\/2017.carnico.it\/blog\/wp-json\/wp\/v2\/posts\/4093","targetHints":{"allow":["GET"]}}],"collection":[{"href":"https:\/\/2017.carnico.it\/blog\/wp-json\/wp\/v2\/posts"}],"about":[{"href":"https:\/\/2017.carnico.it\/blog\/wp-json\/wp\/v2\/types\/post"}],"author":[{"embeddable":true,"href":"https:\/\/2017.carnico.it\/blog\/wp-json\/wp\/v2\/users\/10"}],"replies":[{"embeddable":true,"href":"https:\/\/2017.carnico.it\/blog\/wp-json\/wp\/v2\/comments?post=4093"}],"version-history":[{"count":5,"href":"https:\/\/2017.carnico.it\/blog\/wp-json\/wp\/v2\/posts\/4093\/revisions"}],"predecessor-version":[{"id":4098,"href":"https:\/\/2017.carnico.it\/blog\/wp-json\/wp\/v2\/posts\/4093\/revisions\/4098"}],"wp:attachment":[{"href":"https:\/\/2017.carnico.it\/blog\/wp-json\/wp\/v2\/media?parent=4093"}],"wp:term":[{"taxonomy":"category","embeddable":true,"href":"https:\/\/2017.carnico.it\/blog\/wp-json\/wp\/v2\/categories?post=4093"},{"taxonomy":"post_tag","embeddable":true,"href":"https:\/\/2017.carnico.it\/blog\/wp-json\/wp\/v2\/tags?post=4093"}],"curies":[{"name":"wp","href":"https:\/\/api.w.org\/{rel}","templated":true}]}}