{"id":3990,"date":"2011-06-13T15:00:31","date_gmt":"2011-06-13T13:00:31","guid":{"rendered":"http:\/\/www.carnico.it\/blog\/?p=3990"},"modified":"2011-06-18T10:27:20","modified_gmt":"2011-06-18T08:27:20","slug":"caro-bedi-i-carnici-non-sono-tutti-cosi","status":"publish","type":"post","link":"https:\/\/2017.carnico.it\/blog\/2011\/06\/13\/caro-bedi-i-carnici-non-sono-tutti-cosi\/","title":{"rendered":"CARO BEDI, I CARNICI NON SONO TUTTI COSI&#8217;"},"content":{"rendered":"<div><em><strong>\u00a0<\/strong><\/em><\/div>\n<div><em><strong>\u00a0<\/strong><\/em><\/div>\n<div><em><strong>\u00a0<\/strong><\/em><\/div>\n<div><em><strong><\/strong><\/em><\/div>\n<p><em><strong><\/p>\n<div id=\"attachment_4001\" style=\"width: 105px\" class=\"wp-caption alignright\"><a href=\"https:\/\/www.carnico.it\/blog\/wp-content\/uploads\/2011\/06\/5533.jpg\"><img loading=\"lazy\" decoding=\"async\" aria-describedby=\"caption-attachment-4001\" class=\"size-full wp-image-4001\" title=\"553\" src=\"https:\/\/www.carnico.it\/blog\/wp-content\/uploads\/2011\/06\/5533.jpg\" alt=\"\" width=\"95\" height=\"127\" \/><\/a><p id=\"caption-attachment-4001\" class=\"wp-caption-text\">Jean Claude Bedi<\/p><\/div>\n<p>Come ormai sapete, abbiamo deciso di cestinare commenti non firmati (o che perlomeno non riportino nome oppure nickname); infatti alcune note giunte oggi hanno fatto la giusta fine. Per\u00f2 queste parole meritano di essere comunque pubblicate con grande evidenza, anche perch\u00e9 conosciamo il mittente (una persona di Verzegnis). Ed episodi di questo tipo non smetteremo mai di denunciarli.<\/p>\n<p><\/strong><\/em><\/p>\n<p>Ieri ho assisistito all\u2019incontro di calcio Illegiana\u2013Verzegnis (deludente e noiosa prestazione di entrambe le squadre, questo si chiama non calcio), ma alla fine meritatamente vinto dall\u2019Illegiana.<br \/>\nDevo segnalare un episodio ignobile ma purtroppo frequente. Nelle fila dell\u2019Illegiana gioca Bedi Jean Claude, ieri sicuramente il migliore in campo per impegno, fantasia calcistica, spunti deliziosi ed altro.<br \/>\n<!--more-->Ad un certo punto,un sostenitore del Verzegnis, peraltro genitore di un calciatore che milita nell\u2019omonima squadra, ha inveito contro Bedi con frasi tipo\u201d cosa credi di essere in Congo\u201d piuttosto che \u201cdai una pidada tai\u2026. a chel neri\u201d. Vergogna, vergogna, vergogna. Mi scuso io personalmente con Bedi. Credimi, caro Bedi, i Carnici non sono tutti cos\u00ec. Spero solo che episodi cos\u00ec odiosi nei tuoi confronti non si ripetano pi\u00f9. Con i migliori auguri di ogni bene. Mandi.<\/p>\n","protected":false},"excerpt":{"rendered":"<p>\u00a0 \u00a0 \u00a0 Come ormai sapete, abbiamo deciso di cestinare commenti non firmati (o che perlomeno non riportino nome oppure nickname); infatti alcune note giunte oggi hanno fatto la giusta fine. Per\u00f2 queste parole meritano di essere comunque pubblicate con grande evidenza, anche perch\u00e9 conosciamo il mittente (una persona di Verzegnis). Ed episodi di questo [&hellip;]<\/p>\n","protected":false},"author":10,"featured_media":0,"comment_status":"open","ping_status":"closed","sticky":false,"template":"","format":"standard","meta":{"footnotes":""},"categories":[3],"tags":[],"class_list":["post-3990","post","type-post","status-publish","format-standard","hentry","category-carnico"],"yoast_head":"<!-- This site is optimized with the Yoast SEO plugin v27.3 - https:\/\/yoast.com\/product\/yoast-seo-wordpress\/ -->\n<title>CARO BEDI, I CARNICI NON SONO TUTTI COSI&#039; - Campionato Carnico 2017<\/title>\n<meta name=\"robots\" content=\"index, follow, max-snippet:-1, max-image-preview:large, max-video-preview:-1\" \/>\n<link rel=\"canonical\" href=\"https:\/\/2017.carnico.it\/blog\/2011\/06\/13\/caro-bedi-i-carnici-non-sono-tutti-cosi\/\" \/>\n<meta property=\"og:locale\" content=\"it_IT\" \/>\n<meta property=\"og:type\" content=\"article\" \/>\n<meta property=\"og:title\" content=\"CARO BEDI, I CARNICI NON SONO TUTTI COSI&#039; - Campionato Carnico 2017\" \/>\n<meta property=\"og:description\" content=\"\u00a0 \u00a0 \u00a0 Come ormai sapete, abbiamo deciso di cestinare commenti non firmati (o che perlomeno non riportino nome oppure nickname); infatti alcune note giunte oggi hanno fatto la giusta fine. Per\u00f2 queste parole meritano di essere comunque pubblicate con grande evidenza, anche perch\u00e9 conosciamo il mittente (una persona di Verzegnis). Ed episodi di questo [&hellip;]\" \/>\n<meta property=\"og:url\" content=\"https:\/\/2017.carnico.it\/blog\/2011\/06\/13\/caro-bedi-i-carnici-non-sono-tutti-cosi\/\" \/>\n<meta property=\"og:site_name\" content=\"Campionato Carnico 2017\" \/>\n<meta property=\"article:publisher\" content=\"https:\/\/www.facebook.com\/campionatocarnico\/\" \/>\n<meta property=\"article:published_time\" content=\"2011-06-13T13:00:31+00:00\" \/>\n<meta property=\"article:modified_time\" content=\"2011-06-18T08:27:20+00:00\" \/>\n<meta property=\"og:image\" content=\"https:\/\/www.carnico.it\/blog\/wp-content\/uploads\/2011\/06\/5533.jpg\" \/>\n<meta name=\"author\" content=\"Redazione\" \/>\n<meta name=\"twitter:card\" content=\"summary_large_image\" \/>\n<meta name=\"twitter:label1\" content=\"Scritto da\" \/>\n\t<meta name=\"twitter:data1\" content=\"Redazione\" \/>\n\t<meta name=\"twitter:label2\" content=\"Tempo di lettura stimato\" \/>\n\t<meta name=\"twitter:data2\" content=\"1 minuto\" \/>\n<script type=\"application\/ld+json\" class=\"yoast-schema-graph\">{\"@context\":\"https:\\\/\\\/schema.org\",\"@graph\":[{\"@type\":\"Article\",\"@id\":\"https:\\\/\\\/2017.carnico.it\\\/blog\\\/2011\\\/06\\\/13\\\/caro-bedi-i-carnici-non-sono-tutti-cosi\\\/#article\",\"isPartOf\":{\"@id\":\"https:\\\/\\\/2017.carnico.it\\\/blog\\\/2011\\\/06\\\/13\\\/caro-bedi-i-carnici-non-sono-tutti-cosi\\\/\"},\"author\":{\"name\":\"Redazione\",\"@id\":\"https:\\\/\\\/2017.carnico.it\\\/blog\\\/#\\\/schema\\\/person\\\/a68c764693d96df3238f123ea014e78c\"},\"headline\":\"CARO BEDI, I CARNICI NON SONO TUTTI COSI&#8217;\",\"datePublished\":\"2011-06-13T13:00:31+00:00\",\"dateModified\":\"2011-06-18T08:27:20+00:00\",\"mainEntityOfPage\":{\"@id\":\"https:\\\/\\\/2017.carnico.it\\\/blog\\\/2011\\\/06\\\/13\\\/caro-bedi-i-carnici-non-sono-tutti-cosi\\\/\"},\"wordCount\":215,\"commentCount\":51,\"image\":{\"@id\":\"https:\\\/\\\/2017.carnico.it\\\/blog\\\/2011\\\/06\\\/13\\\/caro-bedi-i-carnici-non-sono-tutti-cosi\\\/#primaryimage\"},\"thumbnailUrl\":\"https:\\\/\\\/www.carnico.it\\\/blog\\\/wp-content\\\/uploads\\\/2011\\\/06\\\/5533.jpg\",\"articleSection\":[\"Carnico\"],\"inLanguage\":\"it-IT\",\"potentialAction\":[{\"@type\":\"CommentAction\",\"name\":\"Comment\",\"target\":[\"https:\\\/\\\/2017.carnico.it\\\/blog\\\/2011\\\/06\\\/13\\\/caro-bedi-i-carnici-non-sono-tutti-cosi\\\/#respond\"]}]},{\"@type\":\"WebPage\",\"@id\":\"https:\\\/\\\/2017.carnico.it\\\/blog\\\/2011\\\/06\\\/13\\\/caro-bedi-i-carnici-non-sono-tutti-cosi\\\/\",\"url\":\"https:\\\/\\\/2017.carnico.it\\\/blog\\\/2011\\\/06\\\/13\\\/caro-bedi-i-carnici-non-sono-tutti-cosi\\\/\",\"name\":\"CARO BEDI, I CARNICI NON SONO TUTTI COSI' - Campionato Carnico 2017\",\"isPartOf\":{\"@id\":\"https:\\\/\\\/2017.carnico.it\\\/blog\\\/#website\"},\"primaryImageOfPage\":{\"@id\":\"https:\\\/\\\/2017.carnico.it\\\/blog\\\/2011\\\/06\\\/13\\\/caro-bedi-i-carnici-non-sono-tutti-cosi\\\/#primaryimage\"},\"image\":{\"@id\":\"https:\\\/\\\/2017.carnico.it\\\/blog\\\/2011\\\/06\\\/13\\\/caro-bedi-i-carnici-non-sono-tutti-cosi\\\/#primaryimage\"},\"thumbnailUrl\":\"https:\\\/\\\/www.carnico.it\\\/blog\\\/wp-content\\\/uploads\\\/2011\\\/06\\\/5533.jpg\",\"datePublished\":\"2011-06-13T13:00:31+00:00\",\"dateModified\":\"2011-06-18T08:27:20+00:00\",\"author\":{\"@id\":\"https:\\\/\\\/2017.carnico.it\\\/blog\\\/#\\\/schema\\\/person\\\/a68c764693d96df3238f123ea014e78c\"},\"breadcrumb\":{\"@id\":\"https:\\\/\\\/2017.carnico.it\\\/blog\\\/2011\\\/06\\\/13\\\/caro-bedi-i-carnici-non-sono-tutti-cosi\\\/#breadcrumb\"},\"inLanguage\":\"it-IT\",\"potentialAction\":[{\"@type\":\"ReadAction\",\"target\":[\"https:\\\/\\\/2017.carnico.it\\\/blog\\\/2011\\\/06\\\/13\\\/caro-bedi-i-carnici-non-sono-tutti-cosi\\\/\"]}]},{\"@type\":\"ImageObject\",\"inLanguage\":\"it-IT\",\"@id\":\"https:\\\/\\\/2017.carnico.it\\\/blog\\\/2011\\\/06\\\/13\\\/caro-bedi-i-carnici-non-sono-tutti-cosi\\\/#primaryimage\",\"url\":\"https:\\\/\\\/www.carnico.it\\\/blog\\\/wp-content\\\/uploads\\\/2011\\\/06\\\/5533.jpg\",\"contentUrl\":\"https:\\\/\\\/www.carnico.it\\\/blog\\\/wp-content\\\/uploads\\\/2011\\\/06\\\/5533.jpg\"},{\"@type\":\"BreadcrumbList\",\"@id\":\"https:\\\/\\\/2017.carnico.it\\\/blog\\\/2011\\\/06\\\/13\\\/caro-bedi-i-carnici-non-sono-tutti-cosi\\\/#breadcrumb\",\"itemListElement\":[{\"@type\":\"ListItem\",\"position\":1,\"name\":\"Home\",\"item\":\"https:\\\/\\\/2017.carnico.it\\\/blog\\\/\"},{\"@type\":\"ListItem\",\"position\":2,\"name\":\"CARO BEDI, I CARNICI NON SONO TUTTI COSI&#8217;\"}]},{\"@type\":\"WebSite\",\"@id\":\"https:\\\/\\\/2017.carnico.it\\\/blog\\\/#website\",\"url\":\"https:\\\/\\\/2017.carnico.it\\\/blog\\\/\",\"name\":\"Campionato Carnico 2017\",\"description\":\"Notizie e aggiornamenti in tempo reale sul campionato Carnico\",\"potentialAction\":[{\"@type\":\"SearchAction\",\"target\":{\"@type\":\"EntryPoint\",\"urlTemplate\":\"https:\\\/\\\/2017.carnico.it\\\/blog\\\/?s={search_term_string}\"},\"query-input\":{\"@type\":\"PropertyValueSpecification\",\"valueRequired\":true,\"valueName\":\"search_term_string\"}}],\"inLanguage\":\"it-IT\"},{\"@type\":\"Person\",\"@id\":\"https:\\\/\\\/2017.carnico.it\\\/blog\\\/#\\\/schema\\\/person\\\/a68c764693d96df3238f123ea014e78c\",\"name\":\"Redazione\",\"image\":{\"@type\":\"ImageObject\",\"inLanguage\":\"it-IT\",\"@id\":\"https:\\\/\\\/secure.gravatar.com\\\/avatar\\\/6c05bd4dddbea475e283f76b4aa2d778ecb35c06fd92df5f6e0cac552163e2ac?s=96&d=mm&r=g\",\"url\":\"https:\\\/\\\/secure.gravatar.com\\\/avatar\\\/6c05bd4dddbea475e283f76b4aa2d778ecb35c06fd92df5f6e0cac552163e2ac?s=96&d=mm&r=g\",\"contentUrl\":\"https:\\\/\\\/secure.gravatar.com\\\/avatar\\\/6c05bd4dddbea475e283f76b4aa2d778ecb35c06fd92df5f6e0cac552163e2ac?s=96&d=mm&r=g\",\"caption\":\"Redazione\"},\"url\":\"https:\\\/\\\/2017.carnico.it\\\/blog\\\/author\\\/clyco-admin\\\/\"}]}<\/script>\n<!-- \/ Yoast SEO plugin. -->","yoast_head_json":{"title":"CARO BEDI, I CARNICI NON SONO TUTTI COSI' - Campionato Carnico 2017","robots":{"index":"index","follow":"follow","max-snippet":"max-snippet:-1","max-image-preview":"max-image-preview:large","max-video-preview":"max-video-preview:-1"},"canonical":"https:\/\/2017.carnico.it\/blog\/2011\/06\/13\/caro-bedi-i-carnici-non-sono-tutti-cosi\/","og_locale":"it_IT","og_type":"article","og_title":"CARO BEDI, I CARNICI NON SONO TUTTI COSI' - Campionato Carnico 2017","og_description":"\u00a0 \u00a0 \u00a0 Come ormai sapete, abbiamo deciso di cestinare commenti non firmati (o che perlomeno non riportino nome oppure nickname); infatti alcune note giunte oggi hanno fatto la giusta fine. Per\u00f2 queste parole meritano di essere comunque pubblicate con grande evidenza, anche perch\u00e9 conosciamo il mittente (una persona di Verzegnis). Ed episodi di questo [&hellip;]","og_url":"https:\/\/2017.carnico.it\/blog\/2011\/06\/13\/caro-bedi-i-carnici-non-sono-tutti-cosi\/","og_site_name":"Campionato Carnico 2017","article_publisher":"https:\/\/www.facebook.com\/campionatocarnico\/","article_published_time":"2011-06-13T13:00:31+00:00","article_modified_time":"2011-06-18T08:27:20+00:00","og_image":[{"url":"https:\/\/www.carnico.it\/blog\/wp-content\/uploads\/2011\/06\/5533.jpg","type":"","width":"","height":""}],"author":"Redazione","twitter_card":"summary_large_image","twitter_misc":{"Scritto da":"Redazione","Tempo di lettura stimato":"1 minuto"},"schema":{"@context":"https:\/\/schema.org","@graph":[{"@type":"Article","@id":"https:\/\/2017.carnico.it\/blog\/2011\/06\/13\/caro-bedi-i-carnici-non-sono-tutti-cosi\/#article","isPartOf":{"@id":"https:\/\/2017.carnico.it\/blog\/2011\/06\/13\/caro-bedi-i-carnici-non-sono-tutti-cosi\/"},"author":{"name":"Redazione","@id":"https:\/\/2017.carnico.it\/blog\/#\/schema\/person\/a68c764693d96df3238f123ea014e78c"},"headline":"CARO BEDI, I CARNICI NON SONO TUTTI COSI&#8217;","datePublished":"2011-06-13T13:00:31+00:00","dateModified":"2011-06-18T08:27:20+00:00","mainEntityOfPage":{"@id":"https:\/\/2017.carnico.it\/blog\/2011\/06\/13\/caro-bedi-i-carnici-non-sono-tutti-cosi\/"},"wordCount":215,"commentCount":51,"image":{"@id":"https:\/\/2017.carnico.it\/blog\/2011\/06\/13\/caro-bedi-i-carnici-non-sono-tutti-cosi\/#primaryimage"},"thumbnailUrl":"https:\/\/www.carnico.it\/blog\/wp-content\/uploads\/2011\/06\/5533.jpg","articleSection":["Carnico"],"inLanguage":"it-IT","potentialAction":[{"@type":"CommentAction","name":"Comment","target":["https:\/\/2017.carnico.it\/blog\/2011\/06\/13\/caro-bedi-i-carnici-non-sono-tutti-cosi\/#respond"]}]},{"@type":"WebPage","@id":"https:\/\/2017.carnico.it\/blog\/2011\/06\/13\/caro-bedi-i-carnici-non-sono-tutti-cosi\/","url":"https:\/\/2017.carnico.it\/blog\/2011\/06\/13\/caro-bedi-i-carnici-non-sono-tutti-cosi\/","name":"CARO BEDI, I CARNICI NON SONO TUTTI COSI' - Campionato Carnico 2017","isPartOf":{"@id":"https:\/\/2017.carnico.it\/blog\/#website"},"primaryImageOfPage":{"@id":"https:\/\/2017.carnico.it\/blog\/2011\/06\/13\/caro-bedi-i-carnici-non-sono-tutti-cosi\/#primaryimage"},"image":{"@id":"https:\/\/2017.carnico.it\/blog\/2011\/06\/13\/caro-bedi-i-carnici-non-sono-tutti-cosi\/#primaryimage"},"thumbnailUrl":"https:\/\/www.carnico.it\/blog\/wp-content\/uploads\/2011\/06\/5533.jpg","datePublished":"2011-06-13T13:00:31+00:00","dateModified":"2011-06-18T08:27:20+00:00","author":{"@id":"https:\/\/2017.carnico.it\/blog\/#\/schema\/person\/a68c764693d96df3238f123ea014e78c"},"breadcrumb":{"@id":"https:\/\/2017.carnico.it\/blog\/2011\/06\/13\/caro-bedi-i-carnici-non-sono-tutti-cosi\/#breadcrumb"},"inLanguage":"it-IT","potentialAction":[{"@type":"ReadAction","target":["https:\/\/2017.carnico.it\/blog\/2011\/06\/13\/caro-bedi-i-carnici-non-sono-tutti-cosi\/"]}]},{"@type":"ImageObject","inLanguage":"it-IT","@id":"https:\/\/2017.carnico.it\/blog\/2011\/06\/13\/caro-bedi-i-carnici-non-sono-tutti-cosi\/#primaryimage","url":"https:\/\/www.carnico.it\/blog\/wp-content\/uploads\/2011\/06\/5533.jpg","contentUrl":"https:\/\/www.carnico.it\/blog\/wp-content\/uploads\/2011\/06\/5533.jpg"},{"@type":"BreadcrumbList","@id":"https:\/\/2017.carnico.it\/blog\/2011\/06\/13\/caro-bedi-i-carnici-non-sono-tutti-cosi\/#breadcrumb","itemListElement":[{"@type":"ListItem","position":1,"name":"Home","item":"https:\/\/2017.carnico.it\/blog\/"},{"@type":"ListItem","position":2,"name":"CARO BEDI, I CARNICI NON SONO TUTTI COSI&#8217;"}]},{"@type":"WebSite","@id":"https:\/\/2017.carnico.it\/blog\/#website","url":"https:\/\/2017.carnico.it\/blog\/","name":"Campionato Carnico 2017","description":"Notizie e aggiornamenti in tempo reale sul campionato Carnico","potentialAction":[{"@type":"SearchAction","target":{"@type":"EntryPoint","urlTemplate":"https:\/\/2017.carnico.it\/blog\/?s={search_term_string}"},"query-input":{"@type":"PropertyValueSpecification","valueRequired":true,"valueName":"search_term_string"}}],"inLanguage":"it-IT"},{"@type":"Person","@id":"https:\/\/2017.carnico.it\/blog\/#\/schema\/person\/a68c764693d96df3238f123ea014e78c","name":"Redazione","image":{"@type":"ImageObject","inLanguage":"it-IT","@id":"https:\/\/secure.gravatar.com\/avatar\/6c05bd4dddbea475e283f76b4aa2d778ecb35c06fd92df5f6e0cac552163e2ac?s=96&d=mm&r=g","url":"https:\/\/secure.gravatar.com\/avatar\/6c05bd4dddbea475e283f76b4aa2d778ecb35c06fd92df5f6e0cac552163e2ac?s=96&d=mm&r=g","contentUrl":"https:\/\/secure.gravatar.com\/avatar\/6c05bd4dddbea475e283f76b4aa2d778ecb35c06fd92df5f6e0cac552163e2ac?s=96&d=mm&r=g","caption":"Redazione"},"url":"https:\/\/2017.carnico.it\/blog\/author\/clyco-admin\/"}]}},"_links":{"self":[{"href":"https:\/\/2017.carnico.it\/blog\/wp-json\/wp\/v2\/posts\/3990","targetHints":{"allow":["GET"]}}],"collection":[{"href":"https:\/\/2017.carnico.it\/blog\/wp-json\/wp\/v2\/posts"}],"about":[{"href":"https:\/\/2017.carnico.it\/blog\/wp-json\/wp\/v2\/types\/post"}],"author":[{"embeddable":true,"href":"https:\/\/2017.carnico.it\/blog\/wp-json\/wp\/v2\/users\/10"}],"replies":[{"embeddable":true,"href":"https:\/\/2017.carnico.it\/blog\/wp-json\/wp\/v2\/comments?post=3990"}],"version-history":[{"count":5,"href":"https:\/\/2017.carnico.it\/blog\/wp-json\/wp\/v2\/posts\/3990\/revisions"}],"predecessor-version":[{"id":4073,"href":"https:\/\/2017.carnico.it\/blog\/wp-json\/wp\/v2\/posts\/3990\/revisions\/4073"}],"wp:attachment":[{"href":"https:\/\/2017.carnico.it\/blog\/wp-json\/wp\/v2\/media?parent=3990"}],"wp:term":[{"taxonomy":"category","embeddable":true,"href":"https:\/\/2017.carnico.it\/blog\/wp-json\/wp\/v2\/categories?post=3990"},{"taxonomy":"post_tag","embeddable":true,"href":"https:\/\/2017.carnico.it\/blog\/wp-json\/wp\/v2\/tags?post=3990"}],"curies":[{"name":"wp","href":"https:\/\/api.w.org\/{rel}","templated":true}]}}