{"id":18223,"date":"2017-12-19T18:06:03","date_gmt":"2017-12-19T17:06:03","guid":{"rendered":"https:\/\/www.carnico.it\/blog\/?p=18223"},"modified":"2017-12-21T16:35:28","modified_gmt":"2017-12-21T15:35:28","slug":"max-brovedani-al-paluzza-marco-adami-allampezzo","status":"publish","type":"post","link":"https:\/\/2017.carnico.it\/blog\/2017\/12\/19\/max-brovedani-al-paluzza-marco-adami-allampezzo\/","title":{"rendered":"MAX BROVEDANI AL PALUZZA E MARCO ADAMI ALL&#8217;AMPEZZO"},"content":{"rendered":"<div id=\"attachment_18224\" style=\"width: 196px\" class=\"wp-caption alignleft\"><a href=\"https:\/\/www.carnico.it\/blog\/wp-content\/uploads\/2017\/12\/3.jpg\"><img loading=\"lazy\" decoding=\"async\" aria-describedby=\"caption-attachment-18224\" class=\" wp-image-18224\" src=\"https:\/\/www.carnico.it\/blog\/wp-content\/uploads\/2017\/12\/3.jpg\" alt=\"\" width=\"186\" height=\"248\" \/><\/a><p id=\"caption-attachment-18224\" class=\"wp-caption-text\"><em>Max Brovedani sulla panca del Paluzza<\/em><\/p><\/div>\n<p style=\"text-align: justify;\">In settimana risolto il problema allenatore in quel di Paluzza e sar\u00e0 Max Brovedani (ex mister del Campagnola) a guidare i neroazzurri del neo presidente Simone Maier, mentre \u00e8 arrivato anche l\u2019ok di Sandro Beorchia sulla panca dell\u2019Ovarese ed avr\u00e0 al suo fianco Silvano Agostinis fresco di patentino Uefa B nel recente corso tenutosi a Tolmezzo. Novit\u00e0 anche sulla panchina ad Ampezzo sulla quale sieder\u00e0 Marco Adami alla sua prima esperienza dopo una lunga carriera come giocatore. Nel mercato giocatori annunciata un rivoluzione che porter\u00e0 ad un drastico ringiovanimento del Campagnola del neo mister Massimo Pittoni. Dall\u2019Audax rientra Federico Polo, quindi dal Treppo Grande Francesco Cariolato, poi da sponda Riviera Michele Garbellotti e dalla Gemonese Simone Forgiarini ma l\u2019elenco, per ammissione del Ds Massimo Forgiarini, \u00e8 destinato ad allungarsi viste le partenze di Adriano Faidutti, Roberto Stella e Oscar<!--more--> Martarello con destinazione Nuova Osoppo. Colpacci della neo promossa Illegiana con gli arrivi di Mattia Pillinini (ex Ovarese), Fabio Cacitti (ex FusCa) ed Emanuele Iob (ex Viola). Dal Tolmezzo Carnia per rafforzare il Tarvisio arriva Massimo Ciotola mentre scende a Gemona in casa Stella Azzurra lo svincolato Daniele Di Rofi. La Val del Lago del neo mister Ugo Da Rin preleva dal Castello Enis Gale e dal Campagnola Michele Chirico. Viaggio Enemonzo-Invillino a casa Folgore per Andrea Conte e Federico Cadore, mentre dalle \u201csaette\u201d emigra alla corte del neo mister ederino Almir Dzananovic il tornante Mattia Concina.<\/p>\n","protected":false},"excerpt":{"rendered":"<p>In settimana risolto il problema allenatore in quel di Paluzza e sar\u00e0 Max Brovedani (ex mister del Campagnola) a guidare i neroazzurri del neo presidente Simone Maier, mentre \u00e8 arrivato anche l\u2019ok di Sandro Beorchia sulla panca dell\u2019Ovarese ed avr\u00e0 al suo fianco Silvano Agostinis fresco di patentino Uefa B nel recente corso tenutosi a [&hellip;]<\/p>\n","protected":false},"author":10,"featured_media":0,"comment_status":"open","ping_status":"closed","sticky":false,"template":"","format":"standard","meta":{"footnotes":""},"categories":[3],"tags":[],"class_list":["post-18223","post","type-post","status-publish","format-standard","hentry","category-carnico"],"yoast_head":"<!-- This site is optimized with the Yoast SEO plugin v27.3 - https:\/\/yoast.com\/product\/yoast-seo-wordpress\/ -->\n<title>MAX BROVEDANI AL PALUZZA E MARCO ADAMI ALL&#039;AMPEZZO - Campionato Carnico 2017<\/title>\n<meta name=\"robots\" content=\"index, follow, max-snippet:-1, max-image-preview:large, max-video-preview:-1\" \/>\n<link rel=\"canonical\" href=\"https:\/\/2017.carnico.it\/blog\/2017\/12\/19\/max-brovedani-al-paluzza-marco-adami-allampezzo\/\" \/>\n<meta property=\"og:locale\" content=\"it_IT\" \/>\n<meta property=\"og:type\" content=\"article\" \/>\n<meta property=\"og:title\" content=\"MAX BROVEDANI AL PALUZZA E MARCO ADAMI ALL&#039;AMPEZZO - Campionato Carnico 2017\" \/>\n<meta property=\"og:description\" content=\"In settimana risolto il problema allenatore in quel di Paluzza e sar\u00e0 Max Brovedani (ex mister del Campagnola) a guidare i neroazzurri del neo presidente Simone Maier, mentre \u00e8 arrivato anche l\u2019ok di Sandro Beorchia sulla panca dell\u2019Ovarese ed avr\u00e0 al suo fianco Silvano Agostinis fresco di patentino Uefa B nel recente corso tenutosi a [&hellip;]\" \/>\n<meta property=\"og:url\" content=\"https:\/\/2017.carnico.it\/blog\/2017\/12\/19\/max-brovedani-al-paluzza-marco-adami-allampezzo\/\" \/>\n<meta property=\"og:site_name\" content=\"Campionato Carnico 2017\" \/>\n<meta property=\"article:publisher\" content=\"https:\/\/www.facebook.com\/campionatocarnico\/\" \/>\n<meta property=\"article:published_time\" content=\"2017-12-19T17:06:03+00:00\" \/>\n<meta property=\"article:modified_time\" content=\"2017-12-21T15:35:28+00:00\" \/>\n<meta property=\"og:image\" content=\"https:\/\/www.carnico.it\/blog\/wp-content\/uploads\/2017\/12\/3.jpg\" \/>\n<meta name=\"author\" content=\"Redazione\" \/>\n<meta name=\"twitter:card\" content=\"summary_large_image\" \/>\n<meta name=\"twitter:label1\" content=\"Scritto da\" \/>\n\t<meta name=\"twitter:data1\" content=\"Redazione\" \/>\n\t<meta name=\"twitter:label2\" content=\"Tempo di lettura stimato\" \/>\n\t<meta name=\"twitter:data2\" content=\"1 minuto\" \/>\n<script type=\"application\/ld+json\" class=\"yoast-schema-graph\">{\"@context\":\"https:\\\/\\\/schema.org\",\"@graph\":[{\"@type\":\"Article\",\"@id\":\"https:\\\/\\\/2017.carnico.it\\\/blog\\\/2017\\\/12\\\/19\\\/max-brovedani-al-paluzza-marco-adami-allampezzo\\\/#article\",\"isPartOf\":{\"@id\":\"https:\\\/\\\/2017.carnico.it\\\/blog\\\/2017\\\/12\\\/19\\\/max-brovedani-al-paluzza-marco-adami-allampezzo\\\/\"},\"author\":{\"name\":\"Redazione\",\"@id\":\"https:\\\/\\\/2017.carnico.it\\\/blog\\\/#\\\/schema\\\/person\\\/a68c764693d96df3238f123ea014e78c\"},\"headline\":\"MAX BROVEDANI AL PALUZZA E MARCO ADAMI ALL&#8217;AMPEZZO\",\"datePublished\":\"2017-12-19T17:06:03+00:00\",\"dateModified\":\"2017-12-21T15:35:28+00:00\",\"mainEntityOfPage\":{\"@id\":\"https:\\\/\\\/2017.carnico.it\\\/blog\\\/2017\\\/12\\\/19\\\/max-brovedani-al-paluzza-marco-adami-allampezzo\\\/\"},\"wordCount\":260,\"commentCount\":0,\"image\":{\"@id\":\"https:\\\/\\\/2017.carnico.it\\\/blog\\\/2017\\\/12\\\/19\\\/max-brovedani-al-paluzza-marco-adami-allampezzo\\\/#primaryimage\"},\"thumbnailUrl\":\"https:\\\/\\\/www.carnico.it\\\/blog\\\/wp-content\\\/uploads\\\/2017\\\/12\\\/3.jpg\",\"articleSection\":[\"Carnico\"],\"inLanguage\":\"it-IT\",\"potentialAction\":[{\"@type\":\"CommentAction\",\"name\":\"Comment\",\"target\":[\"https:\\\/\\\/2017.carnico.it\\\/blog\\\/2017\\\/12\\\/19\\\/max-brovedani-al-paluzza-marco-adami-allampezzo\\\/#respond\"]}]},{\"@type\":\"WebPage\",\"@id\":\"https:\\\/\\\/2017.carnico.it\\\/blog\\\/2017\\\/12\\\/19\\\/max-brovedani-al-paluzza-marco-adami-allampezzo\\\/\",\"url\":\"https:\\\/\\\/2017.carnico.it\\\/blog\\\/2017\\\/12\\\/19\\\/max-brovedani-al-paluzza-marco-adami-allampezzo\\\/\",\"name\":\"MAX BROVEDANI AL PALUZZA E MARCO ADAMI ALL'AMPEZZO - Campionato Carnico 2017\",\"isPartOf\":{\"@id\":\"https:\\\/\\\/2017.carnico.it\\\/blog\\\/#website\"},\"primaryImageOfPage\":{\"@id\":\"https:\\\/\\\/2017.carnico.it\\\/blog\\\/2017\\\/12\\\/19\\\/max-brovedani-al-paluzza-marco-adami-allampezzo\\\/#primaryimage\"},\"image\":{\"@id\":\"https:\\\/\\\/2017.carnico.it\\\/blog\\\/2017\\\/12\\\/19\\\/max-brovedani-al-paluzza-marco-adami-allampezzo\\\/#primaryimage\"},\"thumbnailUrl\":\"https:\\\/\\\/www.carnico.it\\\/blog\\\/wp-content\\\/uploads\\\/2017\\\/12\\\/3.jpg\",\"datePublished\":\"2017-12-19T17:06:03+00:00\",\"dateModified\":\"2017-12-21T15:35:28+00:00\",\"author\":{\"@id\":\"https:\\\/\\\/2017.carnico.it\\\/blog\\\/#\\\/schema\\\/person\\\/a68c764693d96df3238f123ea014e78c\"},\"breadcrumb\":{\"@id\":\"https:\\\/\\\/2017.carnico.it\\\/blog\\\/2017\\\/12\\\/19\\\/max-brovedani-al-paluzza-marco-adami-allampezzo\\\/#breadcrumb\"},\"inLanguage\":\"it-IT\",\"potentialAction\":[{\"@type\":\"ReadAction\",\"target\":[\"https:\\\/\\\/2017.carnico.it\\\/blog\\\/2017\\\/12\\\/19\\\/max-brovedani-al-paluzza-marco-adami-allampezzo\\\/\"]}]},{\"@type\":\"ImageObject\",\"inLanguage\":\"it-IT\",\"@id\":\"https:\\\/\\\/2017.carnico.it\\\/blog\\\/2017\\\/12\\\/19\\\/max-brovedani-al-paluzza-marco-adami-allampezzo\\\/#primaryimage\",\"url\":\"https:\\\/\\\/www.carnico.it\\\/blog\\\/wp-content\\\/uploads\\\/2017\\\/12\\\/3.jpg\",\"contentUrl\":\"https:\\\/\\\/www.carnico.it\\\/blog\\\/wp-content\\\/uploads\\\/2017\\\/12\\\/3.jpg\"},{\"@type\":\"BreadcrumbList\",\"@id\":\"https:\\\/\\\/2017.carnico.it\\\/blog\\\/2017\\\/12\\\/19\\\/max-brovedani-al-paluzza-marco-adami-allampezzo\\\/#breadcrumb\",\"itemListElement\":[{\"@type\":\"ListItem\",\"position\":1,\"name\":\"Home\",\"item\":\"https:\\\/\\\/2017.carnico.it\\\/blog\\\/\"},{\"@type\":\"ListItem\",\"position\":2,\"name\":\"MAX BROVEDANI AL PALUZZA E MARCO ADAMI ALL&#8217;AMPEZZO\"}]},{\"@type\":\"WebSite\",\"@id\":\"https:\\\/\\\/2017.carnico.it\\\/blog\\\/#website\",\"url\":\"https:\\\/\\\/2017.carnico.it\\\/blog\\\/\",\"name\":\"Campionato Carnico 2017\",\"description\":\"Notizie e aggiornamenti in tempo reale sul campionato Carnico\",\"potentialAction\":[{\"@type\":\"SearchAction\",\"target\":{\"@type\":\"EntryPoint\",\"urlTemplate\":\"https:\\\/\\\/2017.carnico.it\\\/blog\\\/?s={search_term_string}\"},\"query-input\":{\"@type\":\"PropertyValueSpecification\",\"valueRequired\":true,\"valueName\":\"search_term_string\"}}],\"inLanguage\":\"it-IT\"},{\"@type\":\"Person\",\"@id\":\"https:\\\/\\\/2017.carnico.it\\\/blog\\\/#\\\/schema\\\/person\\\/a68c764693d96df3238f123ea014e78c\",\"name\":\"Redazione\",\"image\":{\"@type\":\"ImageObject\",\"inLanguage\":\"it-IT\",\"@id\":\"https:\\\/\\\/secure.gravatar.com\\\/avatar\\\/6c05bd4dddbea475e283f76b4aa2d778ecb35c06fd92df5f6e0cac552163e2ac?s=96&d=mm&r=g\",\"url\":\"https:\\\/\\\/secure.gravatar.com\\\/avatar\\\/6c05bd4dddbea475e283f76b4aa2d778ecb35c06fd92df5f6e0cac552163e2ac?s=96&d=mm&r=g\",\"contentUrl\":\"https:\\\/\\\/secure.gravatar.com\\\/avatar\\\/6c05bd4dddbea475e283f76b4aa2d778ecb35c06fd92df5f6e0cac552163e2ac?s=96&d=mm&r=g\",\"caption\":\"Redazione\"},\"url\":\"https:\\\/\\\/2017.carnico.it\\\/blog\\\/author\\\/clyco-admin\\\/\"}]}<\/script>\n<!-- \/ Yoast SEO plugin. -->","yoast_head_json":{"title":"MAX BROVEDANI AL PALUZZA E MARCO ADAMI ALL'AMPEZZO - Campionato Carnico 2017","robots":{"index":"index","follow":"follow","max-snippet":"max-snippet:-1","max-image-preview":"max-image-preview:large","max-video-preview":"max-video-preview:-1"},"canonical":"https:\/\/2017.carnico.it\/blog\/2017\/12\/19\/max-brovedani-al-paluzza-marco-adami-allampezzo\/","og_locale":"it_IT","og_type":"article","og_title":"MAX BROVEDANI AL PALUZZA E MARCO ADAMI ALL'AMPEZZO - Campionato Carnico 2017","og_description":"In settimana risolto il problema allenatore in quel di Paluzza e sar\u00e0 Max Brovedani (ex mister del Campagnola) a guidare i neroazzurri del neo presidente Simone Maier, mentre \u00e8 arrivato anche l\u2019ok di Sandro Beorchia sulla panca dell\u2019Ovarese ed avr\u00e0 al suo fianco Silvano Agostinis fresco di patentino Uefa B nel recente corso tenutosi a [&hellip;]","og_url":"https:\/\/2017.carnico.it\/blog\/2017\/12\/19\/max-brovedani-al-paluzza-marco-adami-allampezzo\/","og_site_name":"Campionato Carnico 2017","article_publisher":"https:\/\/www.facebook.com\/campionatocarnico\/","article_published_time":"2017-12-19T17:06:03+00:00","article_modified_time":"2017-12-21T15:35:28+00:00","og_image":[{"url":"https:\/\/www.carnico.it\/blog\/wp-content\/uploads\/2017\/12\/3.jpg","type":"","width":"","height":""}],"author":"Redazione","twitter_card":"summary_large_image","twitter_misc":{"Scritto da":"Redazione","Tempo di lettura stimato":"1 minuto"},"schema":{"@context":"https:\/\/schema.org","@graph":[{"@type":"Article","@id":"https:\/\/2017.carnico.it\/blog\/2017\/12\/19\/max-brovedani-al-paluzza-marco-adami-allampezzo\/#article","isPartOf":{"@id":"https:\/\/2017.carnico.it\/blog\/2017\/12\/19\/max-brovedani-al-paluzza-marco-adami-allampezzo\/"},"author":{"name":"Redazione","@id":"https:\/\/2017.carnico.it\/blog\/#\/schema\/person\/a68c764693d96df3238f123ea014e78c"},"headline":"MAX BROVEDANI AL PALUZZA E MARCO ADAMI ALL&#8217;AMPEZZO","datePublished":"2017-12-19T17:06:03+00:00","dateModified":"2017-12-21T15:35:28+00:00","mainEntityOfPage":{"@id":"https:\/\/2017.carnico.it\/blog\/2017\/12\/19\/max-brovedani-al-paluzza-marco-adami-allampezzo\/"},"wordCount":260,"commentCount":0,"image":{"@id":"https:\/\/2017.carnico.it\/blog\/2017\/12\/19\/max-brovedani-al-paluzza-marco-adami-allampezzo\/#primaryimage"},"thumbnailUrl":"https:\/\/www.carnico.it\/blog\/wp-content\/uploads\/2017\/12\/3.jpg","articleSection":["Carnico"],"inLanguage":"it-IT","potentialAction":[{"@type":"CommentAction","name":"Comment","target":["https:\/\/2017.carnico.it\/blog\/2017\/12\/19\/max-brovedani-al-paluzza-marco-adami-allampezzo\/#respond"]}]},{"@type":"WebPage","@id":"https:\/\/2017.carnico.it\/blog\/2017\/12\/19\/max-brovedani-al-paluzza-marco-adami-allampezzo\/","url":"https:\/\/2017.carnico.it\/blog\/2017\/12\/19\/max-brovedani-al-paluzza-marco-adami-allampezzo\/","name":"MAX BROVEDANI AL PALUZZA E MARCO ADAMI ALL'AMPEZZO - Campionato Carnico 2017","isPartOf":{"@id":"https:\/\/2017.carnico.it\/blog\/#website"},"primaryImageOfPage":{"@id":"https:\/\/2017.carnico.it\/blog\/2017\/12\/19\/max-brovedani-al-paluzza-marco-adami-allampezzo\/#primaryimage"},"image":{"@id":"https:\/\/2017.carnico.it\/blog\/2017\/12\/19\/max-brovedani-al-paluzza-marco-adami-allampezzo\/#primaryimage"},"thumbnailUrl":"https:\/\/www.carnico.it\/blog\/wp-content\/uploads\/2017\/12\/3.jpg","datePublished":"2017-12-19T17:06:03+00:00","dateModified":"2017-12-21T15:35:28+00:00","author":{"@id":"https:\/\/2017.carnico.it\/blog\/#\/schema\/person\/a68c764693d96df3238f123ea014e78c"},"breadcrumb":{"@id":"https:\/\/2017.carnico.it\/blog\/2017\/12\/19\/max-brovedani-al-paluzza-marco-adami-allampezzo\/#breadcrumb"},"inLanguage":"it-IT","potentialAction":[{"@type":"ReadAction","target":["https:\/\/2017.carnico.it\/blog\/2017\/12\/19\/max-brovedani-al-paluzza-marco-adami-allampezzo\/"]}]},{"@type":"ImageObject","inLanguage":"it-IT","@id":"https:\/\/2017.carnico.it\/blog\/2017\/12\/19\/max-brovedani-al-paluzza-marco-adami-allampezzo\/#primaryimage","url":"https:\/\/www.carnico.it\/blog\/wp-content\/uploads\/2017\/12\/3.jpg","contentUrl":"https:\/\/www.carnico.it\/blog\/wp-content\/uploads\/2017\/12\/3.jpg"},{"@type":"BreadcrumbList","@id":"https:\/\/2017.carnico.it\/blog\/2017\/12\/19\/max-brovedani-al-paluzza-marco-adami-allampezzo\/#breadcrumb","itemListElement":[{"@type":"ListItem","position":1,"name":"Home","item":"https:\/\/2017.carnico.it\/blog\/"},{"@type":"ListItem","position":2,"name":"MAX BROVEDANI AL PALUZZA E MARCO ADAMI ALL&#8217;AMPEZZO"}]},{"@type":"WebSite","@id":"https:\/\/2017.carnico.it\/blog\/#website","url":"https:\/\/2017.carnico.it\/blog\/","name":"Campionato Carnico 2017","description":"Notizie e aggiornamenti in tempo reale sul campionato Carnico","potentialAction":[{"@type":"SearchAction","target":{"@type":"EntryPoint","urlTemplate":"https:\/\/2017.carnico.it\/blog\/?s={search_term_string}"},"query-input":{"@type":"PropertyValueSpecification","valueRequired":true,"valueName":"search_term_string"}}],"inLanguage":"it-IT"},{"@type":"Person","@id":"https:\/\/2017.carnico.it\/blog\/#\/schema\/person\/a68c764693d96df3238f123ea014e78c","name":"Redazione","image":{"@type":"ImageObject","inLanguage":"it-IT","@id":"https:\/\/secure.gravatar.com\/avatar\/6c05bd4dddbea475e283f76b4aa2d778ecb35c06fd92df5f6e0cac552163e2ac?s=96&d=mm&r=g","url":"https:\/\/secure.gravatar.com\/avatar\/6c05bd4dddbea475e283f76b4aa2d778ecb35c06fd92df5f6e0cac552163e2ac?s=96&d=mm&r=g","contentUrl":"https:\/\/secure.gravatar.com\/avatar\/6c05bd4dddbea475e283f76b4aa2d778ecb35c06fd92df5f6e0cac552163e2ac?s=96&d=mm&r=g","caption":"Redazione"},"url":"https:\/\/2017.carnico.it\/blog\/author\/clyco-admin\/"}]}},"_links":{"self":[{"href":"https:\/\/2017.carnico.it\/blog\/wp-json\/wp\/v2\/posts\/18223","targetHints":{"allow":["GET"]}}],"collection":[{"href":"https:\/\/2017.carnico.it\/blog\/wp-json\/wp\/v2\/posts"}],"about":[{"href":"https:\/\/2017.carnico.it\/blog\/wp-json\/wp\/v2\/types\/post"}],"author":[{"embeddable":true,"href":"https:\/\/2017.carnico.it\/blog\/wp-json\/wp\/v2\/users\/10"}],"replies":[{"embeddable":true,"href":"https:\/\/2017.carnico.it\/blog\/wp-json\/wp\/v2\/comments?post=18223"}],"version-history":[{"count":3,"href":"https:\/\/2017.carnico.it\/blog\/wp-json\/wp\/v2\/posts\/18223\/revisions"}],"predecessor-version":[{"id":18228,"href":"https:\/\/2017.carnico.it\/blog\/wp-json\/wp\/v2\/posts\/18223\/revisions\/18228"}],"wp:attachment":[{"href":"https:\/\/2017.carnico.it\/blog\/wp-json\/wp\/v2\/media?parent=18223"}],"wp:term":[{"taxonomy":"category","embeddable":true,"href":"https:\/\/2017.carnico.it\/blog\/wp-json\/wp\/v2\/categories?post=18223"},{"taxonomy":"post_tag","embeddable":true,"href":"https:\/\/2017.carnico.it\/blog\/wp-json\/wp\/v2\/tags?post=18223"}],"curies":[{"name":"wp","href":"https:\/\/api.w.org\/{rel}","templated":true}]}}