{"id":18197,"date":"2017-12-10T11:26:20","date_gmt":"2017-12-10T10:26:20","guid":{"rendered":"https:\/\/www.carnico.it\/blog\/?p=18197"},"modified":"2017-12-10T17:27:32","modified_gmt":"2017-12-10T16:27:32","slug":"la-delegazione-tolmezzina-della-figc-dimissionaria","status":"publish","type":"post","link":"https:\/\/2017.carnico.it\/blog\/2017\/12\/10\/la-delegazione-tolmezzina-della-figc-dimissionaria\/","title":{"rendered":"LA DELEGAZIONE TOLMEZZINA DELLA FIGC DIMISSIONARIA"},"content":{"rendered":"<p style=\"text-align: justify;\"><a href=\"https:\/\/www.carnico.it\/blog\/wp-content\/uploads\/2017\/12\/Logo_FIGC_12.png\"><img loading=\"lazy\" decoding=\"async\" class=\" wp-image-18198 alignleft\" src=\"https:\/\/www.carnico.it\/blog\/wp-content\/uploads\/2017\/12\/Logo_FIGC_12.png\" alt=\"\" width=\"246\" height=\"186\" srcset=\"https:\/\/2017.carnico.it\/blog\/wp-content\/uploads\/2017\/12\/Logo_FIGC_12.png 435w, https:\/\/2017.carnico.it\/blog\/wp-content\/uploads\/2017\/12\/Logo_FIGC_12-300x226.png 300w\" sizes=\"auto, (max-width: 246px) 100vw, 246px\" \/><\/a>Campionato Carnico senza i suoi vertici in quanto prima il Delegato Claudio Picco ed in successione il suo Vice Roger Stefanutti hanno rassegnato le proprie dimissioni e quindi la Delegazione tolmezzina della Figc dovr\u00e0 nel nuovo anno essere rifondata o meglio rinominata dal presidente regionale Ermes Canciani , con l\u2019avallo del Consiglio regionale. Accettando le dimissioni il presidente Canciani ha voluto in primis ringraziare i due dirigenti per il lavoro svolto durante il loro mandato.<!--more--> Allo stesso tempo per\u00f2, il massimo dirigente regionale\u00a0 augurandosi nel contempo che al pi\u00f9 presto si possa trovare un gruppo di persone che abbiamo le competenze idonee per guidare la Delegazione. Una struttura che deve avere come suo primo obiettivo un rapporto privilegiato con le 40 societ\u00e0 percependo quali potrebbero essere le loro problematiche e cercando, se possibile, di risolverle nel rispetto dei regolamenti e delle loro aspettative. Negli ambienti federali pare sia stata individuata la persona idonea a ricoprire tale importante ed indispensabile ruolo, ma regna il massimo riserbo sulla sua identit\u00e0 anche perch\u00e8 prima bisogner\u00e0 valutare la disponibilit\u00e0 dell\u2019interessato. Un vuoto dirigenziale che dovr\u00e0 per\u00f2 essere colmato al pi\u00f9 presto in quanto il Carnico n\u00b0 67 necessita di un punto di riferimento qualitativo, ma per ammissione del presidente Canciani, il rebus potrebbe essere risolto entro l\u2019annata ed \u00e8 l\u2019augurio che si fa tutto il calcio della montagna.<\/p>\n","protected":false},"excerpt":{"rendered":"<p>Campionato Carnico senza i suoi vertici in quanto prima il Delegato Claudio Picco ed in successione il suo Vice Roger Stefanutti hanno rassegnato le proprie dimissioni e quindi la Delegazione tolmezzina della Figc dovr\u00e0 nel nuovo anno essere rifondata o meglio rinominata dal presidente regionale Ermes Canciani , con l\u2019avallo del Consiglio regionale. Accettando le [&hellip;]<\/p>\n","protected":false},"author":10,"featured_media":0,"comment_status":"open","ping_status":"closed","sticky":false,"template":"","format":"standard","meta":{"footnotes":""},"categories":[3],"tags":[],"class_list":["post-18197","post","type-post","status-publish","format-standard","hentry","category-carnico"],"yoast_head":"<!-- This site is optimized with the Yoast SEO plugin v27.3 - https:\/\/yoast.com\/product\/yoast-seo-wordpress\/ -->\n<title>LA DELEGAZIONE TOLMEZZINA DELLA FIGC DIMISSIONARIA - Campionato Carnico 2017<\/title>\n<meta name=\"robots\" content=\"index, follow, max-snippet:-1, max-image-preview:large, max-video-preview:-1\" \/>\n<link rel=\"canonical\" href=\"https:\/\/2017.carnico.it\/blog\/2017\/12\/10\/la-delegazione-tolmezzina-della-figc-dimissionaria\/\" \/>\n<meta property=\"og:locale\" content=\"it_IT\" \/>\n<meta property=\"og:type\" content=\"article\" \/>\n<meta property=\"og:title\" content=\"LA DELEGAZIONE TOLMEZZINA DELLA FIGC DIMISSIONARIA - Campionato Carnico 2017\" \/>\n<meta property=\"og:description\" content=\"Campionato Carnico senza i suoi vertici in quanto prima il Delegato Claudio Picco ed in successione il suo Vice Roger Stefanutti hanno rassegnato le proprie dimissioni e quindi la Delegazione tolmezzina della Figc dovr\u00e0 nel nuovo anno essere rifondata o meglio rinominata dal presidente regionale Ermes Canciani , con l\u2019avallo del Consiglio regionale. Accettando le [&hellip;]\" \/>\n<meta property=\"og:url\" content=\"https:\/\/2017.carnico.it\/blog\/2017\/12\/10\/la-delegazione-tolmezzina-della-figc-dimissionaria\/\" \/>\n<meta property=\"og:site_name\" content=\"Campionato Carnico 2017\" \/>\n<meta property=\"article:publisher\" content=\"https:\/\/www.facebook.com\/campionatocarnico\/\" \/>\n<meta property=\"article:published_time\" content=\"2017-12-10T10:26:20+00:00\" \/>\n<meta property=\"article:modified_time\" content=\"2017-12-10T16:27:32+00:00\" \/>\n<meta property=\"og:image\" content=\"https:\/\/www.carnico.it\/blog\/wp-content\/uploads\/2017\/12\/Logo_FIGC_12.png\" \/>\n<meta name=\"author\" content=\"Redazione\" \/>\n<meta name=\"twitter:card\" content=\"summary_large_image\" \/>\n<meta name=\"twitter:label1\" content=\"Scritto da\" \/>\n\t<meta name=\"twitter:data1\" content=\"Redazione\" \/>\n\t<meta name=\"twitter:label2\" content=\"Tempo di lettura stimato\" \/>\n\t<meta name=\"twitter:data2\" content=\"1 minuto\" \/>\n<script type=\"application\/ld+json\" class=\"yoast-schema-graph\">{\"@context\":\"https:\\\/\\\/schema.org\",\"@graph\":[{\"@type\":\"Article\",\"@id\":\"https:\\\/\\\/2017.carnico.it\\\/blog\\\/2017\\\/12\\\/10\\\/la-delegazione-tolmezzina-della-figc-dimissionaria\\\/#article\",\"isPartOf\":{\"@id\":\"https:\\\/\\\/2017.carnico.it\\\/blog\\\/2017\\\/12\\\/10\\\/la-delegazione-tolmezzina-della-figc-dimissionaria\\\/\"},\"author\":{\"name\":\"Redazione\",\"@id\":\"https:\\\/\\\/2017.carnico.it\\\/blog\\\/#\\\/schema\\\/person\\\/a68c764693d96df3238f123ea014e78c\"},\"headline\":\"LA DELEGAZIONE TOLMEZZINA DELLA FIGC DIMISSIONARIA\",\"datePublished\":\"2017-12-10T10:26:20+00:00\",\"dateModified\":\"2017-12-10T16:27:32+00:00\",\"mainEntityOfPage\":{\"@id\":\"https:\\\/\\\/2017.carnico.it\\\/blog\\\/2017\\\/12\\\/10\\\/la-delegazione-tolmezzina-della-figc-dimissionaria\\\/\"},\"wordCount\":230,\"commentCount\":2,\"image\":{\"@id\":\"https:\\\/\\\/2017.carnico.it\\\/blog\\\/2017\\\/12\\\/10\\\/la-delegazione-tolmezzina-della-figc-dimissionaria\\\/#primaryimage\"},\"thumbnailUrl\":\"https:\\\/\\\/www.carnico.it\\\/blog\\\/wp-content\\\/uploads\\\/2017\\\/12\\\/Logo_FIGC_12.png\",\"articleSection\":[\"Carnico\"],\"inLanguage\":\"it-IT\",\"potentialAction\":[{\"@type\":\"CommentAction\",\"name\":\"Comment\",\"target\":[\"https:\\\/\\\/2017.carnico.it\\\/blog\\\/2017\\\/12\\\/10\\\/la-delegazione-tolmezzina-della-figc-dimissionaria\\\/#respond\"]}]},{\"@type\":\"WebPage\",\"@id\":\"https:\\\/\\\/2017.carnico.it\\\/blog\\\/2017\\\/12\\\/10\\\/la-delegazione-tolmezzina-della-figc-dimissionaria\\\/\",\"url\":\"https:\\\/\\\/2017.carnico.it\\\/blog\\\/2017\\\/12\\\/10\\\/la-delegazione-tolmezzina-della-figc-dimissionaria\\\/\",\"name\":\"LA DELEGAZIONE TOLMEZZINA DELLA FIGC DIMISSIONARIA - Campionato Carnico 2017\",\"isPartOf\":{\"@id\":\"https:\\\/\\\/2017.carnico.it\\\/blog\\\/#website\"},\"primaryImageOfPage\":{\"@id\":\"https:\\\/\\\/2017.carnico.it\\\/blog\\\/2017\\\/12\\\/10\\\/la-delegazione-tolmezzina-della-figc-dimissionaria\\\/#primaryimage\"},\"image\":{\"@id\":\"https:\\\/\\\/2017.carnico.it\\\/blog\\\/2017\\\/12\\\/10\\\/la-delegazione-tolmezzina-della-figc-dimissionaria\\\/#primaryimage\"},\"thumbnailUrl\":\"https:\\\/\\\/www.carnico.it\\\/blog\\\/wp-content\\\/uploads\\\/2017\\\/12\\\/Logo_FIGC_12.png\",\"datePublished\":\"2017-12-10T10:26:20+00:00\",\"dateModified\":\"2017-12-10T16:27:32+00:00\",\"author\":{\"@id\":\"https:\\\/\\\/2017.carnico.it\\\/blog\\\/#\\\/schema\\\/person\\\/a68c764693d96df3238f123ea014e78c\"},\"breadcrumb\":{\"@id\":\"https:\\\/\\\/2017.carnico.it\\\/blog\\\/2017\\\/12\\\/10\\\/la-delegazione-tolmezzina-della-figc-dimissionaria\\\/#breadcrumb\"},\"inLanguage\":\"it-IT\",\"potentialAction\":[{\"@type\":\"ReadAction\",\"target\":[\"https:\\\/\\\/2017.carnico.it\\\/blog\\\/2017\\\/12\\\/10\\\/la-delegazione-tolmezzina-della-figc-dimissionaria\\\/\"]}]},{\"@type\":\"ImageObject\",\"inLanguage\":\"it-IT\",\"@id\":\"https:\\\/\\\/2017.carnico.it\\\/blog\\\/2017\\\/12\\\/10\\\/la-delegazione-tolmezzina-della-figc-dimissionaria\\\/#primaryimage\",\"url\":\"https:\\\/\\\/www.carnico.it\\\/blog\\\/wp-content\\\/uploads\\\/2017\\\/12\\\/Logo_FIGC_12.png\",\"contentUrl\":\"https:\\\/\\\/www.carnico.it\\\/blog\\\/wp-content\\\/uploads\\\/2017\\\/12\\\/Logo_FIGC_12.png\"},{\"@type\":\"BreadcrumbList\",\"@id\":\"https:\\\/\\\/2017.carnico.it\\\/blog\\\/2017\\\/12\\\/10\\\/la-delegazione-tolmezzina-della-figc-dimissionaria\\\/#breadcrumb\",\"itemListElement\":[{\"@type\":\"ListItem\",\"position\":1,\"name\":\"Home\",\"item\":\"https:\\\/\\\/2017.carnico.it\\\/blog\\\/\"},{\"@type\":\"ListItem\",\"position\":2,\"name\":\"LA DELEGAZIONE TOLMEZZINA DELLA FIGC DIMISSIONARIA\"}]},{\"@type\":\"WebSite\",\"@id\":\"https:\\\/\\\/2017.carnico.it\\\/blog\\\/#website\",\"url\":\"https:\\\/\\\/2017.carnico.it\\\/blog\\\/\",\"name\":\"Campionato Carnico 2017\",\"description\":\"Notizie e aggiornamenti in tempo reale sul campionato Carnico\",\"potentialAction\":[{\"@type\":\"SearchAction\",\"target\":{\"@type\":\"EntryPoint\",\"urlTemplate\":\"https:\\\/\\\/2017.carnico.it\\\/blog\\\/?s={search_term_string}\"},\"query-input\":{\"@type\":\"PropertyValueSpecification\",\"valueRequired\":true,\"valueName\":\"search_term_string\"}}],\"inLanguage\":\"it-IT\"},{\"@type\":\"Person\",\"@id\":\"https:\\\/\\\/2017.carnico.it\\\/blog\\\/#\\\/schema\\\/person\\\/a68c764693d96df3238f123ea014e78c\",\"name\":\"Redazione\",\"image\":{\"@type\":\"ImageObject\",\"inLanguage\":\"it-IT\",\"@id\":\"https:\\\/\\\/secure.gravatar.com\\\/avatar\\\/6c05bd4dddbea475e283f76b4aa2d778ecb35c06fd92df5f6e0cac552163e2ac?s=96&d=mm&r=g\",\"url\":\"https:\\\/\\\/secure.gravatar.com\\\/avatar\\\/6c05bd4dddbea475e283f76b4aa2d778ecb35c06fd92df5f6e0cac552163e2ac?s=96&d=mm&r=g\",\"contentUrl\":\"https:\\\/\\\/secure.gravatar.com\\\/avatar\\\/6c05bd4dddbea475e283f76b4aa2d778ecb35c06fd92df5f6e0cac552163e2ac?s=96&d=mm&r=g\",\"caption\":\"Redazione\"},\"url\":\"https:\\\/\\\/2017.carnico.it\\\/blog\\\/author\\\/clyco-admin\\\/\"}]}<\/script>\n<!-- \/ Yoast SEO plugin. -->","yoast_head_json":{"title":"LA DELEGAZIONE TOLMEZZINA DELLA FIGC DIMISSIONARIA - Campionato Carnico 2017","robots":{"index":"index","follow":"follow","max-snippet":"max-snippet:-1","max-image-preview":"max-image-preview:large","max-video-preview":"max-video-preview:-1"},"canonical":"https:\/\/2017.carnico.it\/blog\/2017\/12\/10\/la-delegazione-tolmezzina-della-figc-dimissionaria\/","og_locale":"it_IT","og_type":"article","og_title":"LA DELEGAZIONE TOLMEZZINA DELLA FIGC DIMISSIONARIA - Campionato Carnico 2017","og_description":"Campionato Carnico senza i suoi vertici in quanto prima il Delegato Claudio Picco ed in successione il suo Vice Roger Stefanutti hanno rassegnato le proprie dimissioni e quindi la Delegazione tolmezzina della Figc dovr\u00e0 nel nuovo anno essere rifondata o meglio rinominata dal presidente regionale Ermes Canciani , con l\u2019avallo del Consiglio regionale. Accettando le [&hellip;]","og_url":"https:\/\/2017.carnico.it\/blog\/2017\/12\/10\/la-delegazione-tolmezzina-della-figc-dimissionaria\/","og_site_name":"Campionato Carnico 2017","article_publisher":"https:\/\/www.facebook.com\/campionatocarnico\/","article_published_time":"2017-12-10T10:26:20+00:00","article_modified_time":"2017-12-10T16:27:32+00:00","og_image":[{"url":"https:\/\/www.carnico.it\/blog\/wp-content\/uploads\/2017\/12\/Logo_FIGC_12.png","type":"","width":"","height":""}],"author":"Redazione","twitter_card":"summary_large_image","twitter_misc":{"Scritto da":"Redazione","Tempo di lettura stimato":"1 minuto"},"schema":{"@context":"https:\/\/schema.org","@graph":[{"@type":"Article","@id":"https:\/\/2017.carnico.it\/blog\/2017\/12\/10\/la-delegazione-tolmezzina-della-figc-dimissionaria\/#article","isPartOf":{"@id":"https:\/\/2017.carnico.it\/blog\/2017\/12\/10\/la-delegazione-tolmezzina-della-figc-dimissionaria\/"},"author":{"name":"Redazione","@id":"https:\/\/2017.carnico.it\/blog\/#\/schema\/person\/a68c764693d96df3238f123ea014e78c"},"headline":"LA DELEGAZIONE TOLMEZZINA DELLA FIGC DIMISSIONARIA","datePublished":"2017-12-10T10:26:20+00:00","dateModified":"2017-12-10T16:27:32+00:00","mainEntityOfPage":{"@id":"https:\/\/2017.carnico.it\/blog\/2017\/12\/10\/la-delegazione-tolmezzina-della-figc-dimissionaria\/"},"wordCount":230,"commentCount":2,"image":{"@id":"https:\/\/2017.carnico.it\/blog\/2017\/12\/10\/la-delegazione-tolmezzina-della-figc-dimissionaria\/#primaryimage"},"thumbnailUrl":"https:\/\/www.carnico.it\/blog\/wp-content\/uploads\/2017\/12\/Logo_FIGC_12.png","articleSection":["Carnico"],"inLanguage":"it-IT","potentialAction":[{"@type":"CommentAction","name":"Comment","target":["https:\/\/2017.carnico.it\/blog\/2017\/12\/10\/la-delegazione-tolmezzina-della-figc-dimissionaria\/#respond"]}]},{"@type":"WebPage","@id":"https:\/\/2017.carnico.it\/blog\/2017\/12\/10\/la-delegazione-tolmezzina-della-figc-dimissionaria\/","url":"https:\/\/2017.carnico.it\/blog\/2017\/12\/10\/la-delegazione-tolmezzina-della-figc-dimissionaria\/","name":"LA DELEGAZIONE TOLMEZZINA DELLA FIGC DIMISSIONARIA - Campionato Carnico 2017","isPartOf":{"@id":"https:\/\/2017.carnico.it\/blog\/#website"},"primaryImageOfPage":{"@id":"https:\/\/2017.carnico.it\/blog\/2017\/12\/10\/la-delegazione-tolmezzina-della-figc-dimissionaria\/#primaryimage"},"image":{"@id":"https:\/\/2017.carnico.it\/blog\/2017\/12\/10\/la-delegazione-tolmezzina-della-figc-dimissionaria\/#primaryimage"},"thumbnailUrl":"https:\/\/www.carnico.it\/blog\/wp-content\/uploads\/2017\/12\/Logo_FIGC_12.png","datePublished":"2017-12-10T10:26:20+00:00","dateModified":"2017-12-10T16:27:32+00:00","author":{"@id":"https:\/\/2017.carnico.it\/blog\/#\/schema\/person\/a68c764693d96df3238f123ea014e78c"},"breadcrumb":{"@id":"https:\/\/2017.carnico.it\/blog\/2017\/12\/10\/la-delegazione-tolmezzina-della-figc-dimissionaria\/#breadcrumb"},"inLanguage":"it-IT","potentialAction":[{"@type":"ReadAction","target":["https:\/\/2017.carnico.it\/blog\/2017\/12\/10\/la-delegazione-tolmezzina-della-figc-dimissionaria\/"]}]},{"@type":"ImageObject","inLanguage":"it-IT","@id":"https:\/\/2017.carnico.it\/blog\/2017\/12\/10\/la-delegazione-tolmezzina-della-figc-dimissionaria\/#primaryimage","url":"https:\/\/www.carnico.it\/blog\/wp-content\/uploads\/2017\/12\/Logo_FIGC_12.png","contentUrl":"https:\/\/www.carnico.it\/blog\/wp-content\/uploads\/2017\/12\/Logo_FIGC_12.png"},{"@type":"BreadcrumbList","@id":"https:\/\/2017.carnico.it\/blog\/2017\/12\/10\/la-delegazione-tolmezzina-della-figc-dimissionaria\/#breadcrumb","itemListElement":[{"@type":"ListItem","position":1,"name":"Home","item":"https:\/\/2017.carnico.it\/blog\/"},{"@type":"ListItem","position":2,"name":"LA DELEGAZIONE TOLMEZZINA DELLA FIGC DIMISSIONARIA"}]},{"@type":"WebSite","@id":"https:\/\/2017.carnico.it\/blog\/#website","url":"https:\/\/2017.carnico.it\/blog\/","name":"Campionato Carnico 2017","description":"Notizie e aggiornamenti in tempo reale sul campionato Carnico","potentialAction":[{"@type":"SearchAction","target":{"@type":"EntryPoint","urlTemplate":"https:\/\/2017.carnico.it\/blog\/?s={search_term_string}"},"query-input":{"@type":"PropertyValueSpecification","valueRequired":true,"valueName":"search_term_string"}}],"inLanguage":"it-IT"},{"@type":"Person","@id":"https:\/\/2017.carnico.it\/blog\/#\/schema\/person\/a68c764693d96df3238f123ea014e78c","name":"Redazione","image":{"@type":"ImageObject","inLanguage":"it-IT","@id":"https:\/\/secure.gravatar.com\/avatar\/6c05bd4dddbea475e283f76b4aa2d778ecb35c06fd92df5f6e0cac552163e2ac?s=96&d=mm&r=g","url":"https:\/\/secure.gravatar.com\/avatar\/6c05bd4dddbea475e283f76b4aa2d778ecb35c06fd92df5f6e0cac552163e2ac?s=96&d=mm&r=g","contentUrl":"https:\/\/secure.gravatar.com\/avatar\/6c05bd4dddbea475e283f76b4aa2d778ecb35c06fd92df5f6e0cac552163e2ac?s=96&d=mm&r=g","caption":"Redazione"},"url":"https:\/\/2017.carnico.it\/blog\/author\/clyco-admin\/"}]}},"_links":{"self":[{"href":"https:\/\/2017.carnico.it\/blog\/wp-json\/wp\/v2\/posts\/18197","targetHints":{"allow":["GET"]}}],"collection":[{"href":"https:\/\/2017.carnico.it\/blog\/wp-json\/wp\/v2\/posts"}],"about":[{"href":"https:\/\/2017.carnico.it\/blog\/wp-json\/wp\/v2\/types\/post"}],"author":[{"embeddable":true,"href":"https:\/\/2017.carnico.it\/blog\/wp-json\/wp\/v2\/users\/10"}],"replies":[{"embeddable":true,"href":"https:\/\/2017.carnico.it\/blog\/wp-json\/wp\/v2\/comments?post=18197"}],"version-history":[{"count":3,"href":"https:\/\/2017.carnico.it\/blog\/wp-json\/wp\/v2\/posts\/18197\/revisions"}],"predecessor-version":[{"id":18210,"href":"https:\/\/2017.carnico.it\/blog\/wp-json\/wp\/v2\/posts\/18197\/revisions\/18210"}],"wp:attachment":[{"href":"https:\/\/2017.carnico.it\/blog\/wp-json\/wp\/v2\/media?parent=18197"}],"wp:term":[{"taxonomy":"category","embeddable":true,"href":"https:\/\/2017.carnico.it\/blog\/wp-json\/wp\/v2\/categories?post=18197"},{"taxonomy":"post_tag","embeddable":true,"href":"https:\/\/2017.carnico.it\/blog\/wp-json\/wp\/v2\/tags?post=18197"}],"curies":[{"name":"wp","href":"https:\/\/api.w.org\/{rel}","templated":true}]}}