{"id":18174,"date":"2017-12-01T17:36:11","date_gmt":"2017-12-01T16:36:11","guid":{"rendered":"https:\/\/www.carnico.it\/blog\/?p=18174"},"modified":"2017-12-06T17:30:28","modified_gmt":"2017-12-06T16:30:28","slug":"conferme-e-novita-sulle-panchine-della-seconda-categoria","status":"publish","type":"post","link":"https:\/\/2017.carnico.it\/blog\/2017\/12\/01\/conferme-e-novita-sulle-panchine-della-seconda-categoria\/","title":{"rendered":"CONFERME E NOVITA SULLE PANCHINE DELLA SECONDA CATEGORIA"},"content":{"rendered":"<div id=\"attachment_18176\" style=\"width: 223px\" class=\"wp-caption alignleft\"><a href=\"https:\/\/www.carnico.it\/blog\/wp-content\/uploads\/2017\/12\/Vincenzo-Radina-1.jpg\"><img loading=\"lazy\" decoding=\"async\" aria-describedby=\"caption-attachment-18176\" class=\" wp-image-18176\" src=\"https:\/\/www.carnico.it\/blog\/wp-content\/uploads\/2017\/12\/Vincenzo-Radina-1.jpg\" alt=\"\" width=\"213\" height=\"284\" \/><\/a><p id=\"caption-attachment-18176\" class=\"wp-caption-text\"><em>Vincenzo Radina neo mister dell&#8217;Arta Terme<\/em><\/p><\/div>\n<p style=\"text-align: justify;\">Dopo aver presentato i movimenti inerenti gli allenatori della Prima categoria ecco quanto \u00e8 successo per la Seconda. Partiamo con le conferme che giungono da Amaro (Maurizio Talotti), Folgore (Raffaele Agostinis), Nuova Osoppo (Giancarlo Peirano), San Pietro (Nicola Pontil), Velox (Mirco Screm). Le tre neo promosse rinnovano la fiducia per Maurizio Romanin (Ardita), Giacomo Di Bello (Timaucleulis) e Gianni Mascia (Stella Azzurra) e ci paiono alquanto oculate, visto i risultati della passata stagione. Le novit\u00e0 riguardano l\u2019Arta Terme che avr\u00e0 in panca Vincenzo Radina (prossimo mister provvisto di patentino Uefa B) e Fabio Concina (da Lauco a Verzegnis).<!--more--> In casa Ravascletto, accettate le dimissioni di Claudio Bellina, il presidente Walter Fracas ha avviato trattative con Andrea De Franceschi (altro neo mister partecipante al corso che si sta ultimando a Tolmezzo), mentre i punti di domanda si concentrano sulle retrocesse Audax e Il Castello. A Forni di Sotto o meglio nell\u2019alta Val Tagliamento ci potrebbero essere delle sostanziali novit\u00e0 con possibili fusioni tra due o pi\u00f9 societ\u00e0, ma il tutto \u00e8 ancora allo stato embrionale ma se ne sta parlando, ma per le decisioni finali non \u00e8 molto il tempo a disposizione. In casa Castello si preannuncia una mini rivoluzione che parte dall\u2019assetto societario con Simone Tomasino a decidere di lasciare il calcio giocato per ricoprire il ruolo di Direttore Sportivo ed il suo primo compito sar\u00e0 quello di trovare il sostituto di Claudio Carnelutti che ha deciso di lasciare dopo nove anni di ininterrotta militanza sulla panchina rosanero, ma rimanendo in societ\u00e0 in compagnia dell\u2019amico Loris Gregorutti.<\/p>\n","protected":false},"excerpt":{"rendered":"<p>Dopo aver presentato i movimenti inerenti gli allenatori della Prima categoria ecco quanto \u00e8 successo per la Seconda. Partiamo con le conferme che giungono da Amaro (Maurizio Talotti), Folgore (Raffaele Agostinis), Nuova Osoppo (Giancarlo Peirano), San Pietro (Nicola Pontil), Velox (Mirco Screm). Le tre neo promosse rinnovano la fiducia per Maurizio Romanin (Ardita), Giacomo Di [&hellip;]<\/p>\n","protected":false},"author":10,"featured_media":0,"comment_status":"open","ping_status":"closed","sticky":false,"template":"","format":"standard","meta":{"footnotes":""},"categories":[3],"tags":[],"class_list":["post-18174","post","type-post","status-publish","format-standard","hentry","category-carnico"],"yoast_head":"<!-- This site is optimized with the Yoast SEO plugin v27.3 - https:\/\/yoast.com\/product\/yoast-seo-wordpress\/ -->\n<title>CONFERME E NOVITA SULLE PANCHINE DELLA SECONDA CATEGORIA - Campionato Carnico 2017<\/title>\n<meta name=\"robots\" content=\"index, follow, max-snippet:-1, max-image-preview:large, max-video-preview:-1\" \/>\n<link rel=\"canonical\" href=\"https:\/\/2017.carnico.it\/blog\/2017\/12\/01\/conferme-e-novita-sulle-panchine-della-seconda-categoria\/\" \/>\n<meta property=\"og:locale\" content=\"it_IT\" \/>\n<meta property=\"og:type\" content=\"article\" \/>\n<meta property=\"og:title\" content=\"CONFERME E NOVITA SULLE PANCHINE DELLA SECONDA CATEGORIA - Campionato Carnico 2017\" \/>\n<meta property=\"og:description\" content=\"Dopo aver presentato i movimenti inerenti gli allenatori della Prima categoria ecco quanto \u00e8 successo per la Seconda. Partiamo con le conferme che giungono da Amaro (Maurizio Talotti), Folgore (Raffaele Agostinis), Nuova Osoppo (Giancarlo Peirano), San Pietro (Nicola Pontil), Velox (Mirco Screm). Le tre neo promosse rinnovano la fiducia per Maurizio Romanin (Ardita), Giacomo Di [&hellip;]\" \/>\n<meta property=\"og:url\" content=\"https:\/\/2017.carnico.it\/blog\/2017\/12\/01\/conferme-e-novita-sulle-panchine-della-seconda-categoria\/\" \/>\n<meta property=\"og:site_name\" content=\"Campionato Carnico 2017\" \/>\n<meta property=\"article:publisher\" content=\"https:\/\/www.facebook.com\/campionatocarnico\/\" \/>\n<meta property=\"article:published_time\" content=\"2017-12-01T16:36:11+00:00\" \/>\n<meta property=\"article:modified_time\" content=\"2017-12-06T16:30:28+00:00\" \/>\n<meta property=\"og:image\" content=\"https:\/\/www.carnico.it\/blog\/wp-content\/uploads\/2017\/12\/Vincenzo-Radina-1.jpg\" \/>\n<meta name=\"author\" content=\"Redazione\" \/>\n<meta name=\"twitter:card\" content=\"summary_large_image\" \/>\n<meta name=\"twitter:label1\" content=\"Scritto da\" \/>\n\t<meta name=\"twitter:data1\" content=\"Redazione\" \/>\n\t<meta name=\"twitter:label2\" content=\"Tempo di lettura stimato\" \/>\n\t<meta name=\"twitter:data2\" content=\"1 minuto\" \/>\n<script type=\"application\/ld+json\" class=\"yoast-schema-graph\">{\"@context\":\"https:\\\/\\\/schema.org\",\"@graph\":[{\"@type\":\"Article\",\"@id\":\"https:\\\/\\\/2017.carnico.it\\\/blog\\\/2017\\\/12\\\/01\\\/conferme-e-novita-sulle-panchine-della-seconda-categoria\\\/#article\",\"isPartOf\":{\"@id\":\"https:\\\/\\\/2017.carnico.it\\\/blog\\\/2017\\\/12\\\/01\\\/conferme-e-novita-sulle-panchine-della-seconda-categoria\\\/\"},\"author\":{\"name\":\"Redazione\",\"@id\":\"https:\\\/\\\/2017.carnico.it\\\/blog\\\/#\\\/schema\\\/person\\\/a68c764693d96df3238f123ea014e78c\"},\"headline\":\"CONFERME E NOVITA SULLE PANCHINE DELLA SECONDA CATEGORIA\",\"datePublished\":\"2017-12-01T16:36:11+00:00\",\"dateModified\":\"2017-12-06T16:30:28+00:00\",\"mainEntityOfPage\":{\"@id\":\"https:\\\/\\\/2017.carnico.it\\\/blog\\\/2017\\\/12\\\/01\\\/conferme-e-novita-sulle-panchine-della-seconda-categoria\\\/\"},\"wordCount\":280,\"commentCount\":0,\"image\":{\"@id\":\"https:\\\/\\\/2017.carnico.it\\\/blog\\\/2017\\\/12\\\/01\\\/conferme-e-novita-sulle-panchine-della-seconda-categoria\\\/#primaryimage\"},\"thumbnailUrl\":\"https:\\\/\\\/www.carnico.it\\\/blog\\\/wp-content\\\/uploads\\\/2017\\\/12\\\/Vincenzo-Radina-1.jpg\",\"articleSection\":[\"Carnico\"],\"inLanguage\":\"it-IT\",\"potentialAction\":[{\"@type\":\"CommentAction\",\"name\":\"Comment\",\"target\":[\"https:\\\/\\\/2017.carnico.it\\\/blog\\\/2017\\\/12\\\/01\\\/conferme-e-novita-sulle-panchine-della-seconda-categoria\\\/#respond\"]}]},{\"@type\":\"WebPage\",\"@id\":\"https:\\\/\\\/2017.carnico.it\\\/blog\\\/2017\\\/12\\\/01\\\/conferme-e-novita-sulle-panchine-della-seconda-categoria\\\/\",\"url\":\"https:\\\/\\\/2017.carnico.it\\\/blog\\\/2017\\\/12\\\/01\\\/conferme-e-novita-sulle-panchine-della-seconda-categoria\\\/\",\"name\":\"CONFERME E NOVITA SULLE PANCHINE DELLA SECONDA CATEGORIA - Campionato Carnico 2017\",\"isPartOf\":{\"@id\":\"https:\\\/\\\/2017.carnico.it\\\/blog\\\/#website\"},\"primaryImageOfPage\":{\"@id\":\"https:\\\/\\\/2017.carnico.it\\\/blog\\\/2017\\\/12\\\/01\\\/conferme-e-novita-sulle-panchine-della-seconda-categoria\\\/#primaryimage\"},\"image\":{\"@id\":\"https:\\\/\\\/2017.carnico.it\\\/blog\\\/2017\\\/12\\\/01\\\/conferme-e-novita-sulle-panchine-della-seconda-categoria\\\/#primaryimage\"},\"thumbnailUrl\":\"https:\\\/\\\/www.carnico.it\\\/blog\\\/wp-content\\\/uploads\\\/2017\\\/12\\\/Vincenzo-Radina-1.jpg\",\"datePublished\":\"2017-12-01T16:36:11+00:00\",\"dateModified\":\"2017-12-06T16:30:28+00:00\",\"author\":{\"@id\":\"https:\\\/\\\/2017.carnico.it\\\/blog\\\/#\\\/schema\\\/person\\\/a68c764693d96df3238f123ea014e78c\"},\"breadcrumb\":{\"@id\":\"https:\\\/\\\/2017.carnico.it\\\/blog\\\/2017\\\/12\\\/01\\\/conferme-e-novita-sulle-panchine-della-seconda-categoria\\\/#breadcrumb\"},\"inLanguage\":\"it-IT\",\"potentialAction\":[{\"@type\":\"ReadAction\",\"target\":[\"https:\\\/\\\/2017.carnico.it\\\/blog\\\/2017\\\/12\\\/01\\\/conferme-e-novita-sulle-panchine-della-seconda-categoria\\\/\"]}]},{\"@type\":\"ImageObject\",\"inLanguage\":\"it-IT\",\"@id\":\"https:\\\/\\\/2017.carnico.it\\\/blog\\\/2017\\\/12\\\/01\\\/conferme-e-novita-sulle-panchine-della-seconda-categoria\\\/#primaryimage\",\"url\":\"https:\\\/\\\/www.carnico.it\\\/blog\\\/wp-content\\\/uploads\\\/2017\\\/12\\\/Vincenzo-Radina-1.jpg\",\"contentUrl\":\"https:\\\/\\\/www.carnico.it\\\/blog\\\/wp-content\\\/uploads\\\/2017\\\/12\\\/Vincenzo-Radina-1.jpg\"},{\"@type\":\"BreadcrumbList\",\"@id\":\"https:\\\/\\\/2017.carnico.it\\\/blog\\\/2017\\\/12\\\/01\\\/conferme-e-novita-sulle-panchine-della-seconda-categoria\\\/#breadcrumb\",\"itemListElement\":[{\"@type\":\"ListItem\",\"position\":1,\"name\":\"Home\",\"item\":\"https:\\\/\\\/2017.carnico.it\\\/blog\\\/\"},{\"@type\":\"ListItem\",\"position\":2,\"name\":\"CONFERME E NOVITA SULLE PANCHINE DELLA SECONDA CATEGORIA\"}]},{\"@type\":\"WebSite\",\"@id\":\"https:\\\/\\\/2017.carnico.it\\\/blog\\\/#website\",\"url\":\"https:\\\/\\\/2017.carnico.it\\\/blog\\\/\",\"name\":\"Campionato Carnico 2017\",\"description\":\"Notizie e aggiornamenti in tempo reale sul campionato Carnico\",\"potentialAction\":[{\"@type\":\"SearchAction\",\"target\":{\"@type\":\"EntryPoint\",\"urlTemplate\":\"https:\\\/\\\/2017.carnico.it\\\/blog\\\/?s={search_term_string}\"},\"query-input\":{\"@type\":\"PropertyValueSpecification\",\"valueRequired\":true,\"valueName\":\"search_term_string\"}}],\"inLanguage\":\"it-IT\"},{\"@type\":\"Person\",\"@id\":\"https:\\\/\\\/2017.carnico.it\\\/blog\\\/#\\\/schema\\\/person\\\/a68c764693d96df3238f123ea014e78c\",\"name\":\"Redazione\",\"image\":{\"@type\":\"ImageObject\",\"inLanguage\":\"it-IT\",\"@id\":\"https:\\\/\\\/secure.gravatar.com\\\/avatar\\\/6c05bd4dddbea475e283f76b4aa2d778ecb35c06fd92df5f6e0cac552163e2ac?s=96&d=mm&r=g\",\"url\":\"https:\\\/\\\/secure.gravatar.com\\\/avatar\\\/6c05bd4dddbea475e283f76b4aa2d778ecb35c06fd92df5f6e0cac552163e2ac?s=96&d=mm&r=g\",\"contentUrl\":\"https:\\\/\\\/secure.gravatar.com\\\/avatar\\\/6c05bd4dddbea475e283f76b4aa2d778ecb35c06fd92df5f6e0cac552163e2ac?s=96&d=mm&r=g\",\"caption\":\"Redazione\"},\"url\":\"https:\\\/\\\/2017.carnico.it\\\/blog\\\/author\\\/clyco-admin\\\/\"}]}<\/script>\n<!-- \/ Yoast SEO plugin. -->","yoast_head_json":{"title":"CONFERME E NOVITA SULLE PANCHINE DELLA SECONDA CATEGORIA - Campionato Carnico 2017","robots":{"index":"index","follow":"follow","max-snippet":"max-snippet:-1","max-image-preview":"max-image-preview:large","max-video-preview":"max-video-preview:-1"},"canonical":"https:\/\/2017.carnico.it\/blog\/2017\/12\/01\/conferme-e-novita-sulle-panchine-della-seconda-categoria\/","og_locale":"it_IT","og_type":"article","og_title":"CONFERME E NOVITA SULLE PANCHINE DELLA SECONDA CATEGORIA - Campionato Carnico 2017","og_description":"Dopo aver presentato i movimenti inerenti gli allenatori della Prima categoria ecco quanto \u00e8 successo per la Seconda. Partiamo con le conferme che giungono da Amaro (Maurizio Talotti), Folgore (Raffaele Agostinis), Nuova Osoppo (Giancarlo Peirano), San Pietro (Nicola Pontil), Velox (Mirco Screm). Le tre neo promosse rinnovano la fiducia per Maurizio Romanin (Ardita), Giacomo Di [&hellip;]","og_url":"https:\/\/2017.carnico.it\/blog\/2017\/12\/01\/conferme-e-novita-sulle-panchine-della-seconda-categoria\/","og_site_name":"Campionato Carnico 2017","article_publisher":"https:\/\/www.facebook.com\/campionatocarnico\/","article_published_time":"2017-12-01T16:36:11+00:00","article_modified_time":"2017-12-06T16:30:28+00:00","og_image":[{"url":"https:\/\/www.carnico.it\/blog\/wp-content\/uploads\/2017\/12\/Vincenzo-Radina-1.jpg","type":"","width":"","height":""}],"author":"Redazione","twitter_card":"summary_large_image","twitter_misc":{"Scritto da":"Redazione","Tempo di lettura stimato":"1 minuto"},"schema":{"@context":"https:\/\/schema.org","@graph":[{"@type":"Article","@id":"https:\/\/2017.carnico.it\/blog\/2017\/12\/01\/conferme-e-novita-sulle-panchine-della-seconda-categoria\/#article","isPartOf":{"@id":"https:\/\/2017.carnico.it\/blog\/2017\/12\/01\/conferme-e-novita-sulle-panchine-della-seconda-categoria\/"},"author":{"name":"Redazione","@id":"https:\/\/2017.carnico.it\/blog\/#\/schema\/person\/a68c764693d96df3238f123ea014e78c"},"headline":"CONFERME E NOVITA SULLE PANCHINE DELLA SECONDA CATEGORIA","datePublished":"2017-12-01T16:36:11+00:00","dateModified":"2017-12-06T16:30:28+00:00","mainEntityOfPage":{"@id":"https:\/\/2017.carnico.it\/blog\/2017\/12\/01\/conferme-e-novita-sulle-panchine-della-seconda-categoria\/"},"wordCount":280,"commentCount":0,"image":{"@id":"https:\/\/2017.carnico.it\/blog\/2017\/12\/01\/conferme-e-novita-sulle-panchine-della-seconda-categoria\/#primaryimage"},"thumbnailUrl":"https:\/\/www.carnico.it\/blog\/wp-content\/uploads\/2017\/12\/Vincenzo-Radina-1.jpg","articleSection":["Carnico"],"inLanguage":"it-IT","potentialAction":[{"@type":"CommentAction","name":"Comment","target":["https:\/\/2017.carnico.it\/blog\/2017\/12\/01\/conferme-e-novita-sulle-panchine-della-seconda-categoria\/#respond"]}]},{"@type":"WebPage","@id":"https:\/\/2017.carnico.it\/blog\/2017\/12\/01\/conferme-e-novita-sulle-panchine-della-seconda-categoria\/","url":"https:\/\/2017.carnico.it\/blog\/2017\/12\/01\/conferme-e-novita-sulle-panchine-della-seconda-categoria\/","name":"CONFERME E NOVITA SULLE PANCHINE DELLA SECONDA CATEGORIA - Campionato Carnico 2017","isPartOf":{"@id":"https:\/\/2017.carnico.it\/blog\/#website"},"primaryImageOfPage":{"@id":"https:\/\/2017.carnico.it\/blog\/2017\/12\/01\/conferme-e-novita-sulle-panchine-della-seconda-categoria\/#primaryimage"},"image":{"@id":"https:\/\/2017.carnico.it\/blog\/2017\/12\/01\/conferme-e-novita-sulle-panchine-della-seconda-categoria\/#primaryimage"},"thumbnailUrl":"https:\/\/www.carnico.it\/blog\/wp-content\/uploads\/2017\/12\/Vincenzo-Radina-1.jpg","datePublished":"2017-12-01T16:36:11+00:00","dateModified":"2017-12-06T16:30:28+00:00","author":{"@id":"https:\/\/2017.carnico.it\/blog\/#\/schema\/person\/a68c764693d96df3238f123ea014e78c"},"breadcrumb":{"@id":"https:\/\/2017.carnico.it\/blog\/2017\/12\/01\/conferme-e-novita-sulle-panchine-della-seconda-categoria\/#breadcrumb"},"inLanguage":"it-IT","potentialAction":[{"@type":"ReadAction","target":["https:\/\/2017.carnico.it\/blog\/2017\/12\/01\/conferme-e-novita-sulle-panchine-della-seconda-categoria\/"]}]},{"@type":"ImageObject","inLanguage":"it-IT","@id":"https:\/\/2017.carnico.it\/blog\/2017\/12\/01\/conferme-e-novita-sulle-panchine-della-seconda-categoria\/#primaryimage","url":"https:\/\/www.carnico.it\/blog\/wp-content\/uploads\/2017\/12\/Vincenzo-Radina-1.jpg","contentUrl":"https:\/\/www.carnico.it\/blog\/wp-content\/uploads\/2017\/12\/Vincenzo-Radina-1.jpg"},{"@type":"BreadcrumbList","@id":"https:\/\/2017.carnico.it\/blog\/2017\/12\/01\/conferme-e-novita-sulle-panchine-della-seconda-categoria\/#breadcrumb","itemListElement":[{"@type":"ListItem","position":1,"name":"Home","item":"https:\/\/2017.carnico.it\/blog\/"},{"@type":"ListItem","position":2,"name":"CONFERME E NOVITA SULLE PANCHINE DELLA SECONDA CATEGORIA"}]},{"@type":"WebSite","@id":"https:\/\/2017.carnico.it\/blog\/#website","url":"https:\/\/2017.carnico.it\/blog\/","name":"Campionato Carnico 2017","description":"Notizie e aggiornamenti in tempo reale sul campionato Carnico","potentialAction":[{"@type":"SearchAction","target":{"@type":"EntryPoint","urlTemplate":"https:\/\/2017.carnico.it\/blog\/?s={search_term_string}"},"query-input":{"@type":"PropertyValueSpecification","valueRequired":true,"valueName":"search_term_string"}}],"inLanguage":"it-IT"},{"@type":"Person","@id":"https:\/\/2017.carnico.it\/blog\/#\/schema\/person\/a68c764693d96df3238f123ea014e78c","name":"Redazione","image":{"@type":"ImageObject","inLanguage":"it-IT","@id":"https:\/\/secure.gravatar.com\/avatar\/6c05bd4dddbea475e283f76b4aa2d778ecb35c06fd92df5f6e0cac552163e2ac?s=96&d=mm&r=g","url":"https:\/\/secure.gravatar.com\/avatar\/6c05bd4dddbea475e283f76b4aa2d778ecb35c06fd92df5f6e0cac552163e2ac?s=96&d=mm&r=g","contentUrl":"https:\/\/secure.gravatar.com\/avatar\/6c05bd4dddbea475e283f76b4aa2d778ecb35c06fd92df5f6e0cac552163e2ac?s=96&d=mm&r=g","caption":"Redazione"},"url":"https:\/\/2017.carnico.it\/blog\/author\/clyco-admin\/"}]}},"_links":{"self":[{"href":"https:\/\/2017.carnico.it\/blog\/wp-json\/wp\/v2\/posts\/18174","targetHints":{"allow":["GET"]}}],"collection":[{"href":"https:\/\/2017.carnico.it\/blog\/wp-json\/wp\/v2\/posts"}],"about":[{"href":"https:\/\/2017.carnico.it\/blog\/wp-json\/wp\/v2\/types\/post"}],"author":[{"embeddable":true,"href":"https:\/\/2017.carnico.it\/blog\/wp-json\/wp\/v2\/users\/10"}],"replies":[{"embeddable":true,"href":"https:\/\/2017.carnico.it\/blog\/wp-json\/wp\/v2\/comments?post=18174"}],"version-history":[{"count":2,"href":"https:\/\/2017.carnico.it\/blog\/wp-json\/wp\/v2\/posts\/18174\/revisions"}],"predecessor-version":[{"id":18188,"href":"https:\/\/2017.carnico.it\/blog\/wp-json\/wp\/v2\/posts\/18174\/revisions\/18188"}],"wp:attachment":[{"href":"https:\/\/2017.carnico.it\/blog\/wp-json\/wp\/v2\/media?parent=18174"}],"wp:term":[{"taxonomy":"category","embeddable":true,"href":"https:\/\/2017.carnico.it\/blog\/wp-json\/wp\/v2\/categories?post=18174"},{"taxonomy":"post_tag","embeddable":true,"href":"https:\/\/2017.carnico.it\/blog\/wp-json\/wp\/v2\/tags?post=18174"}],"curies":[{"name":"wp","href":"https:\/\/api.w.org\/{rel}","templated":true}]}}