{"id":18139,"date":"2017-11-10T16:24:06","date_gmt":"2017-11-10T15:24:06","guid":{"rendered":"https:\/\/www.carnico.it\/blog\/?p=18139"},"modified":"2017-11-10T16:47:10","modified_gmt":"2017-11-10T15:47:10","slug":"le-protagoniste-lillegiana","status":"publish","type":"post","link":"https:\/\/2017.carnico.it\/blog\/2017\/11\/10\/le-protagoniste-lillegiana\/","title":{"rendered":"LE PROTAGONISTE: L&#8217;ILLEGIANA"},"content":{"rendered":"<p><a href=\"https:\/\/www.carnico.it\/blog\/2017\/11\/10\/le-protagoniste-lillegiana\/foto-illegiana\/\" rel=\"attachment wp-att-18140\"><img loading=\"lazy\" decoding=\"async\" class=\"aligncenter wp-image-18140\" src=\"https:\/\/www.carnico.it\/blog\/wp-content\/uploads\/2017\/11\/FOTO-ILLEGIANA-450x299.jpg\" alt=\"\" width=\"601\" height=\"399\" srcset=\"https:\/\/2017.carnico.it\/blog\/wp-content\/uploads\/2017\/11\/FOTO-ILLEGIANA-450x299.jpg 450w, https:\/\/2017.carnico.it\/blog\/wp-content\/uploads\/2017\/11\/FOTO-ILLEGIANA-300x200.jpg 300w, https:\/\/2017.carnico.it\/blog\/wp-content\/uploads\/2017\/11\/FOTO-ILLEGIANA-630x419.jpg 630w, https:\/\/2017.carnico.it\/blog\/wp-content\/uploads\/2017\/11\/FOTO-ILLEGIANA.jpg 720w\" sizes=\"auto, (max-width: 601px) 100vw, 601px\" \/><\/a><\/p>\n<p style=\"text-align: justify;\"><em>Una promozione preventivabile, ma non scontatissima,quella dell&#8217; Illegiana nel senso che i neroverdi se la sono sudata sul campo, superando anche i momenti difficili che ogni stagione comporta. Un doppio salto dalla Terza alla Prima che non regala magari i fasti degli anni Novanta ma che premia una societ\u00e0 ed un ambiente tra i pi\u00f9 caldi e appassionati del Carnico.<\/em><strong>\u00a0<\/strong><\/p>\n<p style=\"text-align: justify;\"><strong>MICHELE BUTTAZZONI<\/strong> da due anni a Illegio, garantisce sempre un rendimento costante. portiere dalla non grande stazza ma reattivo tra i pali.<!--more--><\/p>\n<p style=\"text-align: justify;\"><strong>TARCISIO IOB<\/strong>\u00a0 intramontabile, quando chiamato in causa \u00e8 sempre determinante vedi rigore parato al 90\u2019 all\u2019ultima di andata contro la Folgore, un esempio per tutti<\/p>\n<p style=\"text-align: justify;\"><strong>STEFANO CACITTI<\/strong> difensore duttile fa sempre il suo compito, all\u2019inizio di campionato ha un po\u2019 faticato poi \u00e8 andato in crescendo, pu\u00f2 migliorare ancora molto.<\/p>\n<p style=\"text-align: justify;\"><strong>KEVIN IOB<\/strong> giocatore dalle grandi qualit\u00e0 fisiche, se avesse qualche cm in pi\u00f9 potrebbe giocare in altre categorie, ha fatto un grandissimo campionato costante nel rendimento dalla prima all\u2019ultima di campionato<\/p>\n<p style=\"text-align: justify;\"><strong>FADI PELLIZZARI<\/strong> tecnica ed esperienza al servizio della squadra ha fatto da guida al reparto arretrato, condizionato nell\u2019ultima parte di stagione da infortuni.<\/p>\n<p style=\"text-align: justify;\"><strong>GIULIO POLO<\/strong> quando chiamato in causa ha sempre risposto in maniera positiva, costante nel rendimento.<\/p>\n<p style=\"text-align: justify;\"><strong>MAURO SCARSINI<\/strong> quest\u2019anno ha giocato poco ma quando l\u2019ha fatto ha sempre dato il suo contributo figura importante all\u2019interno del gruppo<\/p>\n<p style=\"text-align: justify;\"><strong>ALEX VISENTIN<\/strong> utilissimo, quando \u00e8 stato chiamato a dare il suo apporto \u00e8 sempre stato uno dei migliori, grande senso tattico<\/p>\n<p style=\"text-align: justify;\"><strong>MATTEO ADAMI<\/strong> laterale dalla grande corsa che gioca con entrambi i piedi, deve migliorare in fase difensiva, ha fatto una grande prima parte di campionato risolvendo anche qualche partita.<\/p>\n<p style=\"text-align: justify;\"><strong>ADO AGOSTINIS<\/strong> il capitano, giocatore di altra categoria, \u00e8 la guida della squadra un piacere vederlo giocare. Ma l\u2019aspetto pi\u00f9 importante \u00e8 il co,portamento, l\u2019esempio, l\u2019attaccamento alla maglia diventata ormai una seconda\u00a0 pelle<\/p>\n<p style=\"text-align: justify;\"><strong>CRISTIANO IOB<\/strong> giocatore che dove lo metti fai il suo con un rendimento sempre ampiamente positivo. Il classico elemento che fa le fortune di allenatore e compagni.<\/p>\n<p style=\"text-align: justify;\"><strong>GIUSEPPE MARCUZZI<\/strong> centrocampista o difensore sempre al servizio della squadra \u00a0purtroppo ha perso l\u2019ultima parte del campionato per infortunio.<\/p>\n<p style=\"text-align: justify;\"><strong>MICHELE ROMANO<\/strong> giocatore dalla buona tecnica, bravissimo negli inserimenti con o senza palla. Ha iniziato il campionato non ai suoi livelli poi nella seconda parte della stagione \u00e8 stato uno dei trascinatori.<\/p>\n<p style=\"text-align: justify;\"><strong>NICOLA MISSON<\/strong> giocatore dalla buona tecnica , non ha giocato molto ma quando l\u2019ha fatto ha sempre dato il suo contributo.<\/p>\n<p style=\"text-align: justify;\"><strong>MATTEO IOB<\/strong> attaccante dotato di velocit\u00e0 e tecnica,freddo davanti alla porta, ha fatto un gran girone di andata poi \u00e8 un po\u2019 calato, pu\u00f2 crescere ancora molto e diventare ancora pi\u00f9 forte.<\/p>\n<p style=\"text-align: justify;\"><strong>ALESSANDRO MICELLI<\/strong> giocatore dalle grandi qualit\u00e0 tecniche ha alternato grandi partite ad altre non ai suoi livelli, pu\u00f2 e deve fare di pi\u00f9 per diventare determinante per la squadra.<\/p>\n<p style=\"text-align: justify;\"><strong>COSTANTINO SCARSINI<\/strong> il punto di riferimento per l\u2019attacco, fa sempre un grandissimo movimento in partita e questo purtroppo qualche volta gli fa peccare di lucidit\u00e0 davanti alla porta ,<\/p>\n<p style=\"text-align: justify;\"><strong>LORENZO CATTAINO<\/strong> \u201cTorpe\u201d non ha giocato molto, ma determinante per la promozione, vedi gli ultimi minuti contro l\u2019Edera quando con il suo ingresso a contribuito in maniera determinante a ribaltare il risultato. Uomo spogliatoio.<\/p>\n<p style=\"text-align: justify;\"><strong>JACOPO SCARSINI<\/strong>\u00a0 ha giocato poco, comunque encomiabile il suo impegno, importantissimo dentro e fuori lo spogliatoio. Sfortunato, ha subito un brutto infortunio all\u2019ultima partita di campionato.<\/p>\n<p style=\"text-align: justify;\"><strong>LUCA SCARSINI<\/strong> Il futuro dell\u2019Illegiana: ha finito il campionato in crescendo. Laterale dalla grande corsa e buona tecnica.<\/p>\n<p style=\"text-align: justify;\"><strong>LUCA AGOSTINIS <\/strong>Il fratello di Ado: se il capitano ha una grandissima tecnica, lui fa della forza fisica e della determinazione la sua peculiarit\u00e0. \u00a0Quando \u00e8 stato chiamato \u00e8 sempre stato utilissimo.<\/p>\n<p style=\"text-align: justify;\"><strong>FRANCESCO PAVIN e MARIO TOMACIELLO n<\/strong>on hanno quasi mai giocato, per\u00f2 sono sempre stati presenti quando gli impegni professionali gliel\u2019hanno permesso.<\/p>\n<p style=\"text-align: justify;\"><strong>MAURIZIO COLOSETTI <\/strong>le tante promozioni conquistate da giocatore con l\u2019Edera lo hanno abituato evidentemente a saper gestire tensioni e difficolt\u00e0. Due promozioni in due anni sono la testimonianza lampante della bont\u00e0 del suo lavoro. Sta crescendo, insomma, il buon \u201cMauri\u201d che ha tutte le caratteristiche per diventare un bravissimo allenatore.<\/p>\n","protected":false},"excerpt":{"rendered":"<p>Una promozione preventivabile, ma non scontatissima,quella dell&#8217; Illegiana nel senso che i neroverdi se la sono sudata sul campo, superando anche i momenti difficili che ogni stagione comporta. Un doppio salto dalla Terza alla Prima che non regala magari i fasti degli anni Novanta ma che premia una societ\u00e0 ed un ambiente tra i pi\u00f9 [&hellip;]<\/p>\n","protected":false},"author":10,"featured_media":0,"comment_status":"open","ping_status":"closed","sticky":false,"template":"","format":"standard","meta":{"footnotes":""},"categories":[3],"tags":[],"class_list":["post-18139","post","type-post","status-publish","format-standard","hentry","category-carnico"],"yoast_head":"<!-- This site is optimized with the Yoast SEO plugin v27.3 - https:\/\/yoast.com\/product\/yoast-seo-wordpress\/ -->\n<title>LE PROTAGONISTE: L&#039;ILLEGIANA - Campionato Carnico 2017<\/title>\n<meta name=\"robots\" content=\"index, follow, max-snippet:-1, max-image-preview:large, max-video-preview:-1\" \/>\n<link rel=\"canonical\" href=\"https:\/\/2017.carnico.it\/blog\/2017\/11\/10\/le-protagoniste-lillegiana\/\" \/>\n<meta property=\"og:locale\" content=\"it_IT\" \/>\n<meta property=\"og:type\" content=\"article\" \/>\n<meta property=\"og:title\" content=\"LE PROTAGONISTE: L&#039;ILLEGIANA - Campionato Carnico 2017\" \/>\n<meta property=\"og:description\" content=\"Una promozione preventivabile, ma non scontatissima,quella dell&#8217; Illegiana nel senso che i neroverdi se la sono sudata sul campo, superando anche i momenti difficili che ogni stagione comporta. Un doppio salto dalla Terza alla Prima che non regala magari i fasti degli anni Novanta ma che premia una societ\u00e0 ed un ambiente tra i pi\u00f9 [&hellip;]\" \/>\n<meta property=\"og:url\" content=\"https:\/\/2017.carnico.it\/blog\/2017\/11\/10\/le-protagoniste-lillegiana\/\" \/>\n<meta property=\"og:site_name\" content=\"Campionato Carnico 2017\" \/>\n<meta property=\"article:publisher\" content=\"https:\/\/www.facebook.com\/campionatocarnico\/\" \/>\n<meta property=\"article:published_time\" content=\"2017-11-10T15:24:06+00:00\" \/>\n<meta property=\"article:modified_time\" content=\"2017-11-10T15:47:10+00:00\" \/>\n<meta property=\"og:image\" content=\"https:\/\/www.carnico.it\/blog\/wp-content\/uploads\/2017\/11\/FOTO-ILLEGIANA-450x299.jpg\" \/>\n<meta name=\"author\" content=\"Redazione\" \/>\n<meta name=\"twitter:card\" content=\"summary_large_image\" \/>\n<meta name=\"twitter:label1\" content=\"Scritto da\" \/>\n\t<meta name=\"twitter:data1\" content=\"Redazione\" \/>\n\t<meta name=\"twitter:label2\" content=\"Tempo di lettura stimato\" \/>\n\t<meta name=\"twitter:data2\" content=\"3 minuti\" \/>\n<script type=\"application\/ld+json\" class=\"yoast-schema-graph\">{\"@context\":\"https:\\\/\\\/schema.org\",\"@graph\":[{\"@type\":\"Article\",\"@id\":\"https:\\\/\\\/2017.carnico.it\\\/blog\\\/2017\\\/11\\\/10\\\/le-protagoniste-lillegiana\\\/#article\",\"isPartOf\":{\"@id\":\"https:\\\/\\\/2017.carnico.it\\\/blog\\\/2017\\\/11\\\/10\\\/le-protagoniste-lillegiana\\\/\"},\"author\":{\"name\":\"Redazione\",\"@id\":\"https:\\\/\\\/2017.carnico.it\\\/blog\\\/#\\\/schema\\\/person\\\/a68c764693d96df3238f123ea014e78c\"},\"headline\":\"LE PROTAGONISTE: L&#8217;ILLEGIANA\",\"datePublished\":\"2017-11-10T15:24:06+00:00\",\"dateModified\":\"2017-11-10T15:47:10+00:00\",\"mainEntityOfPage\":{\"@id\":\"https:\\\/\\\/2017.carnico.it\\\/blog\\\/2017\\\/11\\\/10\\\/le-protagoniste-lillegiana\\\/\"},\"wordCount\":687,\"commentCount\":1,\"image\":{\"@id\":\"https:\\\/\\\/2017.carnico.it\\\/blog\\\/2017\\\/11\\\/10\\\/le-protagoniste-lillegiana\\\/#primaryimage\"},\"thumbnailUrl\":\"https:\\\/\\\/www.carnico.it\\\/blog\\\/wp-content\\\/uploads\\\/2017\\\/11\\\/FOTO-ILLEGIANA-450x299.jpg\",\"articleSection\":[\"Carnico\"],\"inLanguage\":\"it-IT\",\"potentialAction\":[{\"@type\":\"CommentAction\",\"name\":\"Comment\",\"target\":[\"https:\\\/\\\/2017.carnico.it\\\/blog\\\/2017\\\/11\\\/10\\\/le-protagoniste-lillegiana\\\/#respond\"]}]},{\"@type\":\"WebPage\",\"@id\":\"https:\\\/\\\/2017.carnico.it\\\/blog\\\/2017\\\/11\\\/10\\\/le-protagoniste-lillegiana\\\/\",\"url\":\"https:\\\/\\\/2017.carnico.it\\\/blog\\\/2017\\\/11\\\/10\\\/le-protagoniste-lillegiana\\\/\",\"name\":\"LE PROTAGONISTE: L'ILLEGIANA - Campionato Carnico 2017\",\"isPartOf\":{\"@id\":\"https:\\\/\\\/2017.carnico.it\\\/blog\\\/#website\"},\"primaryImageOfPage\":{\"@id\":\"https:\\\/\\\/2017.carnico.it\\\/blog\\\/2017\\\/11\\\/10\\\/le-protagoniste-lillegiana\\\/#primaryimage\"},\"image\":{\"@id\":\"https:\\\/\\\/2017.carnico.it\\\/blog\\\/2017\\\/11\\\/10\\\/le-protagoniste-lillegiana\\\/#primaryimage\"},\"thumbnailUrl\":\"https:\\\/\\\/www.carnico.it\\\/blog\\\/wp-content\\\/uploads\\\/2017\\\/11\\\/FOTO-ILLEGIANA-450x299.jpg\",\"datePublished\":\"2017-11-10T15:24:06+00:00\",\"dateModified\":\"2017-11-10T15:47:10+00:00\",\"author\":{\"@id\":\"https:\\\/\\\/2017.carnico.it\\\/blog\\\/#\\\/schema\\\/person\\\/a68c764693d96df3238f123ea014e78c\"},\"breadcrumb\":{\"@id\":\"https:\\\/\\\/2017.carnico.it\\\/blog\\\/2017\\\/11\\\/10\\\/le-protagoniste-lillegiana\\\/#breadcrumb\"},\"inLanguage\":\"it-IT\",\"potentialAction\":[{\"@type\":\"ReadAction\",\"target\":[\"https:\\\/\\\/2017.carnico.it\\\/blog\\\/2017\\\/11\\\/10\\\/le-protagoniste-lillegiana\\\/\"]}]},{\"@type\":\"ImageObject\",\"inLanguage\":\"it-IT\",\"@id\":\"https:\\\/\\\/2017.carnico.it\\\/blog\\\/2017\\\/11\\\/10\\\/le-protagoniste-lillegiana\\\/#primaryimage\",\"url\":\"https:\\\/\\\/www.carnico.it\\\/blog\\\/wp-content\\\/uploads\\\/2017\\\/11\\\/FOTO-ILLEGIANA-450x299.jpg\",\"contentUrl\":\"https:\\\/\\\/www.carnico.it\\\/blog\\\/wp-content\\\/uploads\\\/2017\\\/11\\\/FOTO-ILLEGIANA-450x299.jpg\"},{\"@type\":\"BreadcrumbList\",\"@id\":\"https:\\\/\\\/2017.carnico.it\\\/blog\\\/2017\\\/11\\\/10\\\/le-protagoniste-lillegiana\\\/#breadcrumb\",\"itemListElement\":[{\"@type\":\"ListItem\",\"position\":1,\"name\":\"Home\",\"item\":\"https:\\\/\\\/2017.carnico.it\\\/blog\\\/\"},{\"@type\":\"ListItem\",\"position\":2,\"name\":\"LE PROTAGONISTE: L&#8217;ILLEGIANA\"}]},{\"@type\":\"WebSite\",\"@id\":\"https:\\\/\\\/2017.carnico.it\\\/blog\\\/#website\",\"url\":\"https:\\\/\\\/2017.carnico.it\\\/blog\\\/\",\"name\":\"Campionato Carnico 2017\",\"description\":\"Notizie e aggiornamenti in tempo reale sul campionato Carnico\",\"potentialAction\":[{\"@type\":\"SearchAction\",\"target\":{\"@type\":\"EntryPoint\",\"urlTemplate\":\"https:\\\/\\\/2017.carnico.it\\\/blog\\\/?s={search_term_string}\"},\"query-input\":{\"@type\":\"PropertyValueSpecification\",\"valueRequired\":true,\"valueName\":\"search_term_string\"}}],\"inLanguage\":\"it-IT\"},{\"@type\":\"Person\",\"@id\":\"https:\\\/\\\/2017.carnico.it\\\/blog\\\/#\\\/schema\\\/person\\\/a68c764693d96df3238f123ea014e78c\",\"name\":\"Redazione\",\"image\":{\"@type\":\"ImageObject\",\"inLanguage\":\"it-IT\",\"@id\":\"https:\\\/\\\/secure.gravatar.com\\\/avatar\\\/6c05bd4dddbea475e283f76b4aa2d778ecb35c06fd92df5f6e0cac552163e2ac?s=96&d=mm&r=g\",\"url\":\"https:\\\/\\\/secure.gravatar.com\\\/avatar\\\/6c05bd4dddbea475e283f76b4aa2d778ecb35c06fd92df5f6e0cac552163e2ac?s=96&d=mm&r=g\",\"contentUrl\":\"https:\\\/\\\/secure.gravatar.com\\\/avatar\\\/6c05bd4dddbea475e283f76b4aa2d778ecb35c06fd92df5f6e0cac552163e2ac?s=96&d=mm&r=g\",\"caption\":\"Redazione\"},\"url\":\"https:\\\/\\\/2017.carnico.it\\\/blog\\\/author\\\/clyco-admin\\\/\"}]}<\/script>\n<!-- \/ Yoast SEO plugin. -->","yoast_head_json":{"title":"LE PROTAGONISTE: L'ILLEGIANA - Campionato Carnico 2017","robots":{"index":"index","follow":"follow","max-snippet":"max-snippet:-1","max-image-preview":"max-image-preview:large","max-video-preview":"max-video-preview:-1"},"canonical":"https:\/\/2017.carnico.it\/blog\/2017\/11\/10\/le-protagoniste-lillegiana\/","og_locale":"it_IT","og_type":"article","og_title":"LE PROTAGONISTE: L'ILLEGIANA - Campionato Carnico 2017","og_description":"Una promozione preventivabile, ma non scontatissima,quella dell&#8217; Illegiana nel senso che i neroverdi se la sono sudata sul campo, superando anche i momenti difficili che ogni stagione comporta. Un doppio salto dalla Terza alla Prima che non regala magari i fasti degli anni Novanta ma che premia una societ\u00e0 ed un ambiente tra i pi\u00f9 [&hellip;]","og_url":"https:\/\/2017.carnico.it\/blog\/2017\/11\/10\/le-protagoniste-lillegiana\/","og_site_name":"Campionato Carnico 2017","article_publisher":"https:\/\/www.facebook.com\/campionatocarnico\/","article_published_time":"2017-11-10T15:24:06+00:00","article_modified_time":"2017-11-10T15:47:10+00:00","og_image":[{"url":"https:\/\/www.carnico.it\/blog\/wp-content\/uploads\/2017\/11\/FOTO-ILLEGIANA-450x299.jpg","type":"","width":"","height":""}],"author":"Redazione","twitter_card":"summary_large_image","twitter_misc":{"Scritto da":"Redazione","Tempo di lettura stimato":"3 minuti"},"schema":{"@context":"https:\/\/schema.org","@graph":[{"@type":"Article","@id":"https:\/\/2017.carnico.it\/blog\/2017\/11\/10\/le-protagoniste-lillegiana\/#article","isPartOf":{"@id":"https:\/\/2017.carnico.it\/blog\/2017\/11\/10\/le-protagoniste-lillegiana\/"},"author":{"name":"Redazione","@id":"https:\/\/2017.carnico.it\/blog\/#\/schema\/person\/a68c764693d96df3238f123ea014e78c"},"headline":"LE PROTAGONISTE: L&#8217;ILLEGIANA","datePublished":"2017-11-10T15:24:06+00:00","dateModified":"2017-11-10T15:47:10+00:00","mainEntityOfPage":{"@id":"https:\/\/2017.carnico.it\/blog\/2017\/11\/10\/le-protagoniste-lillegiana\/"},"wordCount":687,"commentCount":1,"image":{"@id":"https:\/\/2017.carnico.it\/blog\/2017\/11\/10\/le-protagoniste-lillegiana\/#primaryimage"},"thumbnailUrl":"https:\/\/www.carnico.it\/blog\/wp-content\/uploads\/2017\/11\/FOTO-ILLEGIANA-450x299.jpg","articleSection":["Carnico"],"inLanguage":"it-IT","potentialAction":[{"@type":"CommentAction","name":"Comment","target":["https:\/\/2017.carnico.it\/blog\/2017\/11\/10\/le-protagoniste-lillegiana\/#respond"]}]},{"@type":"WebPage","@id":"https:\/\/2017.carnico.it\/blog\/2017\/11\/10\/le-protagoniste-lillegiana\/","url":"https:\/\/2017.carnico.it\/blog\/2017\/11\/10\/le-protagoniste-lillegiana\/","name":"LE PROTAGONISTE: L'ILLEGIANA - Campionato Carnico 2017","isPartOf":{"@id":"https:\/\/2017.carnico.it\/blog\/#website"},"primaryImageOfPage":{"@id":"https:\/\/2017.carnico.it\/blog\/2017\/11\/10\/le-protagoniste-lillegiana\/#primaryimage"},"image":{"@id":"https:\/\/2017.carnico.it\/blog\/2017\/11\/10\/le-protagoniste-lillegiana\/#primaryimage"},"thumbnailUrl":"https:\/\/www.carnico.it\/blog\/wp-content\/uploads\/2017\/11\/FOTO-ILLEGIANA-450x299.jpg","datePublished":"2017-11-10T15:24:06+00:00","dateModified":"2017-11-10T15:47:10+00:00","author":{"@id":"https:\/\/2017.carnico.it\/blog\/#\/schema\/person\/a68c764693d96df3238f123ea014e78c"},"breadcrumb":{"@id":"https:\/\/2017.carnico.it\/blog\/2017\/11\/10\/le-protagoniste-lillegiana\/#breadcrumb"},"inLanguage":"it-IT","potentialAction":[{"@type":"ReadAction","target":["https:\/\/2017.carnico.it\/blog\/2017\/11\/10\/le-protagoniste-lillegiana\/"]}]},{"@type":"ImageObject","inLanguage":"it-IT","@id":"https:\/\/2017.carnico.it\/blog\/2017\/11\/10\/le-protagoniste-lillegiana\/#primaryimage","url":"https:\/\/www.carnico.it\/blog\/wp-content\/uploads\/2017\/11\/FOTO-ILLEGIANA-450x299.jpg","contentUrl":"https:\/\/www.carnico.it\/blog\/wp-content\/uploads\/2017\/11\/FOTO-ILLEGIANA-450x299.jpg"},{"@type":"BreadcrumbList","@id":"https:\/\/2017.carnico.it\/blog\/2017\/11\/10\/le-protagoniste-lillegiana\/#breadcrumb","itemListElement":[{"@type":"ListItem","position":1,"name":"Home","item":"https:\/\/2017.carnico.it\/blog\/"},{"@type":"ListItem","position":2,"name":"LE PROTAGONISTE: L&#8217;ILLEGIANA"}]},{"@type":"WebSite","@id":"https:\/\/2017.carnico.it\/blog\/#website","url":"https:\/\/2017.carnico.it\/blog\/","name":"Campionato Carnico 2017","description":"Notizie e aggiornamenti in tempo reale sul campionato Carnico","potentialAction":[{"@type":"SearchAction","target":{"@type":"EntryPoint","urlTemplate":"https:\/\/2017.carnico.it\/blog\/?s={search_term_string}"},"query-input":{"@type":"PropertyValueSpecification","valueRequired":true,"valueName":"search_term_string"}}],"inLanguage":"it-IT"},{"@type":"Person","@id":"https:\/\/2017.carnico.it\/blog\/#\/schema\/person\/a68c764693d96df3238f123ea014e78c","name":"Redazione","image":{"@type":"ImageObject","inLanguage":"it-IT","@id":"https:\/\/secure.gravatar.com\/avatar\/6c05bd4dddbea475e283f76b4aa2d778ecb35c06fd92df5f6e0cac552163e2ac?s=96&d=mm&r=g","url":"https:\/\/secure.gravatar.com\/avatar\/6c05bd4dddbea475e283f76b4aa2d778ecb35c06fd92df5f6e0cac552163e2ac?s=96&d=mm&r=g","contentUrl":"https:\/\/secure.gravatar.com\/avatar\/6c05bd4dddbea475e283f76b4aa2d778ecb35c06fd92df5f6e0cac552163e2ac?s=96&d=mm&r=g","caption":"Redazione"},"url":"https:\/\/2017.carnico.it\/blog\/author\/clyco-admin\/"}]}},"_links":{"self":[{"href":"https:\/\/2017.carnico.it\/blog\/wp-json\/wp\/v2\/posts\/18139","targetHints":{"allow":["GET"]}}],"collection":[{"href":"https:\/\/2017.carnico.it\/blog\/wp-json\/wp\/v2\/posts"}],"about":[{"href":"https:\/\/2017.carnico.it\/blog\/wp-json\/wp\/v2\/types\/post"}],"author":[{"embeddable":true,"href":"https:\/\/2017.carnico.it\/blog\/wp-json\/wp\/v2\/users\/10"}],"replies":[{"embeddable":true,"href":"https:\/\/2017.carnico.it\/blog\/wp-json\/wp\/v2\/comments?post=18139"}],"version-history":[{"count":3,"href":"https:\/\/2017.carnico.it\/blog\/wp-json\/wp\/v2\/posts\/18139\/revisions"}],"predecessor-version":[{"id":18143,"href":"https:\/\/2017.carnico.it\/blog\/wp-json\/wp\/v2\/posts\/18139\/revisions\/18143"}],"wp:attachment":[{"href":"https:\/\/2017.carnico.it\/blog\/wp-json\/wp\/v2\/media?parent=18139"}],"wp:term":[{"taxonomy":"category","embeddable":true,"href":"https:\/\/2017.carnico.it\/blog\/wp-json\/wp\/v2\/categories?post=18139"},{"taxonomy":"post_tag","embeddable":true,"href":"https:\/\/2017.carnico.it\/blog\/wp-json\/wp\/v2\/tags?post=18139"}],"curies":[{"name":"wp","href":"https:\/\/api.w.org\/{rel}","templated":true}]}}