{"id":17981,"date":"2017-10-04T22:21:57","date_gmt":"2017-10-04T20:21:57","guid":{"rendered":"https:\/\/www.carnico.it\/blog\/?p=17981"},"modified":"2017-10-05T08:04:16","modified_gmt":"2017-10-05T06:04:16","slug":"grazie-alle-donne-del-carnico","status":"publish","type":"post","link":"https:\/\/2017.carnico.it\/blog\/2017\/10\/04\/grazie-alle-donne-del-carnico\/","title":{"rendered":"GRAZIE ALLE DONNE DEL CARNICO"},"content":{"rendered":"<p><a href=\"https:\/\/www.carnico.it\/blog\/wp-content\/uploads\/2017\/10\/12.png\"><img loading=\"lazy\" decoding=\"async\" class=\"alignleft size-full wp-image-17982\" src=\"https:\/\/www.carnico.it\/blog\/wp-content\/uploads\/2017\/10\/12.png\" alt=\"\" width=\"189\" height=\"118\" \/><\/a><strong><em>Riceviamo e volentieri pubblichiamo.<\/em><\/strong><\/p>\n<p>Buon giorno,\u00a0sono Enzo Niccolini, presidente dell\u2019A.S.D. Bordano Calcio, mi permetto di rubare un piccolo spazio e un minuto della vostra attenzione per fare un piccolo ma grande ringraziamento pubblico.\u00a0E\u2019 da un po&#8217; che pensavo di farlo ma volevo aspettare la fine della stagione, ma gi\u00e0 che ultimamente, ho notato che quello che sto per dire \u00e8 il pensiero di pi\u00f9 di qualcuno penso sia giunta l\u2019ora.<br \/>\n<!--more--> Io vorrei sinceramente e col cuore ringraziare questa grandissima parte di Campionato Carnico, questa grandissima componente di Calcio che sono le Donne, un grazie di cuore a tutte quelle Mamme, Mogli, Compagne, Figlie, che come i loro uomini tolgono alle volte tempo alle famiglie per far si che sia possibile a noi divertirci, loro che ci seguono, loro che spesso ci assecondano e non dimentichiamo, ci sopportano, coi nostri allenamenti, le domeniche ( altro che Lignano), loro che curano i nostri acciacchi, e si, anche sempre loro che si arrabbiano per i nostri 5 minuti di chiosco, oppure \u201c bevo l\u2019ultima e andiamo\u201d.<br \/>\nPoi ci sono quelle Donne che sono parte integrante e fondamentale di molte societ\u00e0 credo,una realt\u00e0, quella della presenza di varie figure femminili che nel nostro mondo di Bordano c\u2019e sempre stata, che per\u00f2 girando per i campi mi sembra di vedere sia una presenza sempre pi\u00f9 consistente anche a livello di numeri, nel nostro mondo.<br \/>\nMolte nuove figure di Arbitro Donna, nuove Dirigenti, e Presidenti addirittura, ecco secondo me di ci\u00f2 non possiamo che esserne felici, e orgogliosi a discapito di chi dice che il calcio e un mondo di soli uomini e \u00a0a chi afferma ci\u00f2 vorrei dire che senza tutte le Donne del Carnico, per tanti sarebbe molto, ma molto pi\u00f9 difficile mandare avanti \u201c la baracca\u201d!<br \/>\nGrazie dell\u2019attenzione ed ancora Grazie Donne.<\/p>\n<p><strong>Enzo Niccolini<\/strong><\/p>\n","protected":false},"excerpt":{"rendered":"<p>Riceviamo e volentieri pubblichiamo. Buon giorno,\u00a0sono Enzo Niccolini, presidente dell\u2019A.S.D. Bordano Calcio, mi permetto di rubare un piccolo spazio e un minuto della vostra attenzione per fare un piccolo ma grande ringraziamento pubblico.\u00a0E\u2019 da un po&#8217; che pensavo di farlo ma volevo aspettare la fine della stagione, ma gi\u00e0 che ultimamente, ho notato che quello [&hellip;]<\/p>\n","protected":false},"author":10,"featured_media":0,"comment_status":"open","ping_status":"closed","sticky":false,"template":"","format":"standard","meta":{"footnotes":""},"categories":[3],"tags":[],"class_list":["post-17981","post","type-post","status-publish","format-standard","hentry","category-carnico"],"yoast_head":"<!-- This site is optimized with the Yoast SEO plugin v27.3 - https:\/\/yoast.com\/product\/yoast-seo-wordpress\/ -->\n<title>GRAZIE ALLE DONNE DEL CARNICO - Campionato Carnico 2017<\/title>\n<meta name=\"robots\" content=\"index, follow, max-snippet:-1, max-image-preview:large, max-video-preview:-1\" \/>\n<link rel=\"canonical\" href=\"https:\/\/2017.carnico.it\/blog\/2017\/10\/04\/grazie-alle-donne-del-carnico\/\" \/>\n<meta property=\"og:locale\" content=\"it_IT\" \/>\n<meta property=\"og:type\" content=\"article\" \/>\n<meta property=\"og:title\" content=\"GRAZIE ALLE DONNE DEL CARNICO - Campionato Carnico 2017\" \/>\n<meta property=\"og:description\" content=\"Riceviamo e volentieri pubblichiamo. Buon giorno,\u00a0sono Enzo Niccolini, presidente dell\u2019A.S.D. Bordano Calcio, mi permetto di rubare un piccolo spazio e un minuto della vostra attenzione per fare un piccolo ma grande ringraziamento pubblico.\u00a0E\u2019 da un po&#8217; che pensavo di farlo ma volevo aspettare la fine della stagione, ma gi\u00e0 che ultimamente, ho notato che quello [&hellip;]\" \/>\n<meta property=\"og:url\" content=\"https:\/\/2017.carnico.it\/blog\/2017\/10\/04\/grazie-alle-donne-del-carnico\/\" \/>\n<meta property=\"og:site_name\" content=\"Campionato Carnico 2017\" \/>\n<meta property=\"article:publisher\" content=\"https:\/\/www.facebook.com\/campionatocarnico\/\" \/>\n<meta property=\"article:published_time\" content=\"2017-10-04T20:21:57+00:00\" \/>\n<meta property=\"article:modified_time\" content=\"2017-10-05T06:04:16+00:00\" \/>\n<meta property=\"og:image\" content=\"https:\/\/www.carnico.it\/blog\/wp-content\/uploads\/2017\/10\/12.png\" \/>\n<meta name=\"author\" content=\"Redazione\" \/>\n<meta name=\"twitter:card\" content=\"summary_large_image\" \/>\n<meta name=\"twitter:label1\" content=\"Scritto da\" \/>\n\t<meta name=\"twitter:data1\" content=\"Redazione\" \/>\n\t<meta name=\"twitter:label2\" content=\"Tempo di lettura stimato\" \/>\n\t<meta name=\"twitter:data2\" content=\"2 minuti\" \/>\n<script type=\"application\/ld+json\" class=\"yoast-schema-graph\">{\"@context\":\"https:\\\/\\\/schema.org\",\"@graph\":[{\"@type\":\"Article\",\"@id\":\"https:\\\/\\\/2017.carnico.it\\\/blog\\\/2017\\\/10\\\/04\\\/grazie-alle-donne-del-carnico\\\/#article\",\"isPartOf\":{\"@id\":\"https:\\\/\\\/2017.carnico.it\\\/blog\\\/2017\\\/10\\\/04\\\/grazie-alle-donne-del-carnico\\\/\"},\"author\":{\"name\":\"Redazione\",\"@id\":\"https:\\\/\\\/2017.carnico.it\\\/blog\\\/#\\\/schema\\\/person\\\/a68c764693d96df3238f123ea014e78c\"},\"headline\":\"GRAZIE ALLE DONNE DEL CARNICO\",\"datePublished\":\"2017-10-04T20:21:57+00:00\",\"dateModified\":\"2017-10-05T06:04:16+00:00\",\"mainEntityOfPage\":{\"@id\":\"https:\\\/\\\/2017.carnico.it\\\/blog\\\/2017\\\/10\\\/04\\\/grazie-alle-donne-del-carnico\\\/\"},\"wordCount\":311,\"commentCount\":7,\"image\":{\"@id\":\"https:\\\/\\\/2017.carnico.it\\\/blog\\\/2017\\\/10\\\/04\\\/grazie-alle-donne-del-carnico\\\/#primaryimage\"},\"thumbnailUrl\":\"https:\\\/\\\/www.carnico.it\\\/blog\\\/wp-content\\\/uploads\\\/2017\\\/10\\\/12.png\",\"articleSection\":[\"Carnico\"],\"inLanguage\":\"it-IT\",\"potentialAction\":[{\"@type\":\"CommentAction\",\"name\":\"Comment\",\"target\":[\"https:\\\/\\\/2017.carnico.it\\\/blog\\\/2017\\\/10\\\/04\\\/grazie-alle-donne-del-carnico\\\/#respond\"]}]},{\"@type\":\"WebPage\",\"@id\":\"https:\\\/\\\/2017.carnico.it\\\/blog\\\/2017\\\/10\\\/04\\\/grazie-alle-donne-del-carnico\\\/\",\"url\":\"https:\\\/\\\/2017.carnico.it\\\/blog\\\/2017\\\/10\\\/04\\\/grazie-alle-donne-del-carnico\\\/\",\"name\":\"GRAZIE ALLE DONNE DEL CARNICO - Campionato Carnico 2017\",\"isPartOf\":{\"@id\":\"https:\\\/\\\/2017.carnico.it\\\/blog\\\/#website\"},\"primaryImageOfPage\":{\"@id\":\"https:\\\/\\\/2017.carnico.it\\\/blog\\\/2017\\\/10\\\/04\\\/grazie-alle-donne-del-carnico\\\/#primaryimage\"},\"image\":{\"@id\":\"https:\\\/\\\/2017.carnico.it\\\/blog\\\/2017\\\/10\\\/04\\\/grazie-alle-donne-del-carnico\\\/#primaryimage\"},\"thumbnailUrl\":\"https:\\\/\\\/www.carnico.it\\\/blog\\\/wp-content\\\/uploads\\\/2017\\\/10\\\/12.png\",\"datePublished\":\"2017-10-04T20:21:57+00:00\",\"dateModified\":\"2017-10-05T06:04:16+00:00\",\"author\":{\"@id\":\"https:\\\/\\\/2017.carnico.it\\\/blog\\\/#\\\/schema\\\/person\\\/a68c764693d96df3238f123ea014e78c\"},\"breadcrumb\":{\"@id\":\"https:\\\/\\\/2017.carnico.it\\\/blog\\\/2017\\\/10\\\/04\\\/grazie-alle-donne-del-carnico\\\/#breadcrumb\"},\"inLanguage\":\"it-IT\",\"potentialAction\":[{\"@type\":\"ReadAction\",\"target\":[\"https:\\\/\\\/2017.carnico.it\\\/blog\\\/2017\\\/10\\\/04\\\/grazie-alle-donne-del-carnico\\\/\"]}]},{\"@type\":\"ImageObject\",\"inLanguage\":\"it-IT\",\"@id\":\"https:\\\/\\\/2017.carnico.it\\\/blog\\\/2017\\\/10\\\/04\\\/grazie-alle-donne-del-carnico\\\/#primaryimage\",\"url\":\"https:\\\/\\\/www.carnico.it\\\/blog\\\/wp-content\\\/uploads\\\/2017\\\/10\\\/12.png\",\"contentUrl\":\"https:\\\/\\\/www.carnico.it\\\/blog\\\/wp-content\\\/uploads\\\/2017\\\/10\\\/12.png\"},{\"@type\":\"BreadcrumbList\",\"@id\":\"https:\\\/\\\/2017.carnico.it\\\/blog\\\/2017\\\/10\\\/04\\\/grazie-alle-donne-del-carnico\\\/#breadcrumb\",\"itemListElement\":[{\"@type\":\"ListItem\",\"position\":1,\"name\":\"Home\",\"item\":\"https:\\\/\\\/2017.carnico.it\\\/blog\\\/\"},{\"@type\":\"ListItem\",\"position\":2,\"name\":\"GRAZIE ALLE DONNE DEL CARNICO\"}]},{\"@type\":\"WebSite\",\"@id\":\"https:\\\/\\\/2017.carnico.it\\\/blog\\\/#website\",\"url\":\"https:\\\/\\\/2017.carnico.it\\\/blog\\\/\",\"name\":\"Campionato Carnico 2017\",\"description\":\"Notizie e aggiornamenti in tempo reale sul campionato Carnico\",\"potentialAction\":[{\"@type\":\"SearchAction\",\"target\":{\"@type\":\"EntryPoint\",\"urlTemplate\":\"https:\\\/\\\/2017.carnico.it\\\/blog\\\/?s={search_term_string}\"},\"query-input\":{\"@type\":\"PropertyValueSpecification\",\"valueRequired\":true,\"valueName\":\"search_term_string\"}}],\"inLanguage\":\"it-IT\"},{\"@type\":\"Person\",\"@id\":\"https:\\\/\\\/2017.carnico.it\\\/blog\\\/#\\\/schema\\\/person\\\/a68c764693d96df3238f123ea014e78c\",\"name\":\"Redazione\",\"image\":{\"@type\":\"ImageObject\",\"inLanguage\":\"it-IT\",\"@id\":\"https:\\\/\\\/secure.gravatar.com\\\/avatar\\\/6c05bd4dddbea475e283f76b4aa2d778ecb35c06fd92df5f6e0cac552163e2ac?s=96&d=mm&r=g\",\"url\":\"https:\\\/\\\/secure.gravatar.com\\\/avatar\\\/6c05bd4dddbea475e283f76b4aa2d778ecb35c06fd92df5f6e0cac552163e2ac?s=96&d=mm&r=g\",\"contentUrl\":\"https:\\\/\\\/secure.gravatar.com\\\/avatar\\\/6c05bd4dddbea475e283f76b4aa2d778ecb35c06fd92df5f6e0cac552163e2ac?s=96&d=mm&r=g\",\"caption\":\"Redazione\"},\"url\":\"https:\\\/\\\/2017.carnico.it\\\/blog\\\/author\\\/clyco-admin\\\/\"}]}<\/script>\n<!-- \/ Yoast SEO plugin. -->","yoast_head_json":{"title":"GRAZIE ALLE DONNE DEL CARNICO - Campionato Carnico 2017","robots":{"index":"index","follow":"follow","max-snippet":"max-snippet:-1","max-image-preview":"max-image-preview:large","max-video-preview":"max-video-preview:-1"},"canonical":"https:\/\/2017.carnico.it\/blog\/2017\/10\/04\/grazie-alle-donne-del-carnico\/","og_locale":"it_IT","og_type":"article","og_title":"GRAZIE ALLE DONNE DEL CARNICO - Campionato Carnico 2017","og_description":"Riceviamo e volentieri pubblichiamo. Buon giorno,\u00a0sono Enzo Niccolini, presidente dell\u2019A.S.D. Bordano Calcio, mi permetto di rubare un piccolo spazio e un minuto della vostra attenzione per fare un piccolo ma grande ringraziamento pubblico.\u00a0E\u2019 da un po&#8217; che pensavo di farlo ma volevo aspettare la fine della stagione, ma gi\u00e0 che ultimamente, ho notato che quello [&hellip;]","og_url":"https:\/\/2017.carnico.it\/blog\/2017\/10\/04\/grazie-alle-donne-del-carnico\/","og_site_name":"Campionato Carnico 2017","article_publisher":"https:\/\/www.facebook.com\/campionatocarnico\/","article_published_time":"2017-10-04T20:21:57+00:00","article_modified_time":"2017-10-05T06:04:16+00:00","og_image":[{"url":"https:\/\/www.carnico.it\/blog\/wp-content\/uploads\/2017\/10\/12.png","type":"","width":"","height":""}],"author":"Redazione","twitter_card":"summary_large_image","twitter_misc":{"Scritto da":"Redazione","Tempo di lettura stimato":"2 minuti"},"schema":{"@context":"https:\/\/schema.org","@graph":[{"@type":"Article","@id":"https:\/\/2017.carnico.it\/blog\/2017\/10\/04\/grazie-alle-donne-del-carnico\/#article","isPartOf":{"@id":"https:\/\/2017.carnico.it\/blog\/2017\/10\/04\/grazie-alle-donne-del-carnico\/"},"author":{"name":"Redazione","@id":"https:\/\/2017.carnico.it\/blog\/#\/schema\/person\/a68c764693d96df3238f123ea014e78c"},"headline":"GRAZIE ALLE DONNE DEL CARNICO","datePublished":"2017-10-04T20:21:57+00:00","dateModified":"2017-10-05T06:04:16+00:00","mainEntityOfPage":{"@id":"https:\/\/2017.carnico.it\/blog\/2017\/10\/04\/grazie-alle-donne-del-carnico\/"},"wordCount":311,"commentCount":7,"image":{"@id":"https:\/\/2017.carnico.it\/blog\/2017\/10\/04\/grazie-alle-donne-del-carnico\/#primaryimage"},"thumbnailUrl":"https:\/\/www.carnico.it\/blog\/wp-content\/uploads\/2017\/10\/12.png","articleSection":["Carnico"],"inLanguage":"it-IT","potentialAction":[{"@type":"CommentAction","name":"Comment","target":["https:\/\/2017.carnico.it\/blog\/2017\/10\/04\/grazie-alle-donne-del-carnico\/#respond"]}]},{"@type":"WebPage","@id":"https:\/\/2017.carnico.it\/blog\/2017\/10\/04\/grazie-alle-donne-del-carnico\/","url":"https:\/\/2017.carnico.it\/blog\/2017\/10\/04\/grazie-alle-donne-del-carnico\/","name":"GRAZIE ALLE DONNE DEL CARNICO - Campionato Carnico 2017","isPartOf":{"@id":"https:\/\/2017.carnico.it\/blog\/#website"},"primaryImageOfPage":{"@id":"https:\/\/2017.carnico.it\/blog\/2017\/10\/04\/grazie-alle-donne-del-carnico\/#primaryimage"},"image":{"@id":"https:\/\/2017.carnico.it\/blog\/2017\/10\/04\/grazie-alle-donne-del-carnico\/#primaryimage"},"thumbnailUrl":"https:\/\/www.carnico.it\/blog\/wp-content\/uploads\/2017\/10\/12.png","datePublished":"2017-10-04T20:21:57+00:00","dateModified":"2017-10-05T06:04:16+00:00","author":{"@id":"https:\/\/2017.carnico.it\/blog\/#\/schema\/person\/a68c764693d96df3238f123ea014e78c"},"breadcrumb":{"@id":"https:\/\/2017.carnico.it\/blog\/2017\/10\/04\/grazie-alle-donne-del-carnico\/#breadcrumb"},"inLanguage":"it-IT","potentialAction":[{"@type":"ReadAction","target":["https:\/\/2017.carnico.it\/blog\/2017\/10\/04\/grazie-alle-donne-del-carnico\/"]}]},{"@type":"ImageObject","inLanguage":"it-IT","@id":"https:\/\/2017.carnico.it\/blog\/2017\/10\/04\/grazie-alle-donne-del-carnico\/#primaryimage","url":"https:\/\/www.carnico.it\/blog\/wp-content\/uploads\/2017\/10\/12.png","contentUrl":"https:\/\/www.carnico.it\/blog\/wp-content\/uploads\/2017\/10\/12.png"},{"@type":"BreadcrumbList","@id":"https:\/\/2017.carnico.it\/blog\/2017\/10\/04\/grazie-alle-donne-del-carnico\/#breadcrumb","itemListElement":[{"@type":"ListItem","position":1,"name":"Home","item":"https:\/\/2017.carnico.it\/blog\/"},{"@type":"ListItem","position":2,"name":"GRAZIE ALLE DONNE DEL CARNICO"}]},{"@type":"WebSite","@id":"https:\/\/2017.carnico.it\/blog\/#website","url":"https:\/\/2017.carnico.it\/blog\/","name":"Campionato Carnico 2017","description":"Notizie e aggiornamenti in tempo reale sul campionato Carnico","potentialAction":[{"@type":"SearchAction","target":{"@type":"EntryPoint","urlTemplate":"https:\/\/2017.carnico.it\/blog\/?s={search_term_string}"},"query-input":{"@type":"PropertyValueSpecification","valueRequired":true,"valueName":"search_term_string"}}],"inLanguage":"it-IT"},{"@type":"Person","@id":"https:\/\/2017.carnico.it\/blog\/#\/schema\/person\/a68c764693d96df3238f123ea014e78c","name":"Redazione","image":{"@type":"ImageObject","inLanguage":"it-IT","@id":"https:\/\/secure.gravatar.com\/avatar\/6c05bd4dddbea475e283f76b4aa2d778ecb35c06fd92df5f6e0cac552163e2ac?s=96&d=mm&r=g","url":"https:\/\/secure.gravatar.com\/avatar\/6c05bd4dddbea475e283f76b4aa2d778ecb35c06fd92df5f6e0cac552163e2ac?s=96&d=mm&r=g","contentUrl":"https:\/\/secure.gravatar.com\/avatar\/6c05bd4dddbea475e283f76b4aa2d778ecb35c06fd92df5f6e0cac552163e2ac?s=96&d=mm&r=g","caption":"Redazione"},"url":"https:\/\/2017.carnico.it\/blog\/author\/clyco-admin\/"}]}},"_links":{"self":[{"href":"https:\/\/2017.carnico.it\/blog\/wp-json\/wp\/v2\/posts\/17981","targetHints":{"allow":["GET"]}}],"collection":[{"href":"https:\/\/2017.carnico.it\/blog\/wp-json\/wp\/v2\/posts"}],"about":[{"href":"https:\/\/2017.carnico.it\/blog\/wp-json\/wp\/v2\/types\/post"}],"author":[{"embeddable":true,"href":"https:\/\/2017.carnico.it\/blog\/wp-json\/wp\/v2\/users\/10"}],"replies":[{"embeddable":true,"href":"https:\/\/2017.carnico.it\/blog\/wp-json\/wp\/v2\/comments?post=17981"}],"version-history":[{"count":5,"href":"https:\/\/2017.carnico.it\/blog\/wp-json\/wp\/v2\/posts\/17981\/revisions"}],"predecessor-version":[{"id":17996,"href":"https:\/\/2017.carnico.it\/blog\/wp-json\/wp\/v2\/posts\/17981\/revisions\/17996"}],"wp:attachment":[{"href":"https:\/\/2017.carnico.it\/blog\/wp-json\/wp\/v2\/media?parent=17981"}],"wp:term":[{"taxonomy":"category","embeddable":true,"href":"https:\/\/2017.carnico.it\/blog\/wp-json\/wp\/v2\/categories?post=17981"},{"taxonomy":"post_tag","embeddable":true,"href":"https:\/\/2017.carnico.it\/blog\/wp-json\/wp\/v2\/tags?post=17981"}],"curies":[{"name":"wp","href":"https:\/\/api.w.org\/{rel}","templated":true}]}}