{"id":17093,"date":"2017-07-12T12:09:39","date_gmt":"2017-07-12T10:09:39","guid":{"rendered":"https:\/\/www.carnico.it\/blog\/?p=17093"},"modified":"2017-07-12T13:23:39","modified_gmt":"2017-07-12T11:23:39","slug":"caduta-bici-stagione-finita-mauro-mardero","status":"publish","type":"post","link":"https:\/\/2017.carnico.it\/blog\/2017\/07\/12\/caduta-bici-stagione-finita-mauro-mardero\/","title":{"rendered":"CADUTA IN BICI E STAGIONE FINITA PER MAURO MARDERO"},"content":{"rendered":"<p><a href=\"https:\/\/www.carnico.it\/blog\/wp-content\/uploads\/2017\/07\/Mardero.jpg\"><img loading=\"lazy\" decoding=\"async\" class=\"alignright size-medium wp-image-17094\" src=\"https:\/\/www.carnico.it\/blog\/wp-content\/uploads\/2017\/07\/Mardero-141x250.jpg\" alt=\"\" width=\"141\" height=\"250\" srcset=\"https:\/\/2017.carnico.it\/blog\/wp-content\/uploads\/2017\/07\/Mardero-141x250.jpg 141w, https:\/\/2017.carnico.it\/blog\/wp-content\/uploads\/2017\/07\/Mardero-253x450.jpg 253w, https:\/\/2017.carnico.it\/blog\/wp-content\/uploads\/2017\/07\/Mardero-354x630.jpg 354w, https:\/\/2017.carnico.it\/blog\/wp-content\/uploads\/2017\/07\/Mardero.jpg 900w\" sizes=\"auto, (max-width: 141px) 100vw, 141px\" \/><\/a>Il Carnico perde per questa stagione uno dei suoi protagonisti pi\u00f9 seri ed affidabili.<\/p>\n<p>Per Mauro Mardero, centrocampista della Val del Lago, \u00e8 stata fatale la passione per la bicicletta: nei giorni scorsi, infatti, mentre stava percorrendo una strada in discesa ha centrato in pieno un gatto che gli ha attraversato la strada. Capitombolo inevitabile con conseguenze abbastanza serie, visto che il giocatore ha riportato la frattura della clavicola e molteplici abrasioni in molte parti del corpo.<br \/>\nE per fortuna che Mauro indossava il caschetto altrimenti i problemi avrebbero potuto essere ancora pi\u00f9 seri, visto che il dispositivo di protezione si \u00e8 spaccato all\u2019altezza della tempia.<\/p>\n<p><!--more-->Operato il giorno dopo l\u2019incidente (l\u2019intervento \u00e8 durato 5 ore!), il giocatore adesso sta bene e la speranza di tutto l\u2019ambiente del Carnico \u00e8 di rivederlo in campo al pi\u00f9 presto, perch\u00e9 nonostante le 40 e \u2026 passa primavere riesce sempre ad essere importante e soprattutto rappresenta il classico esempio da seguire.<\/p>\n<p>Quindi, in bocca al lupo, Mauro!<\/p>\n","protected":false},"excerpt":{"rendered":"<p>Il Carnico perde per questa stagione uno dei suoi protagonisti pi\u00f9 seri ed affidabili. Per Mauro Mardero, centrocampista della Val del Lago, \u00e8 stata fatale la passione per la bicicletta: nei giorni scorsi, infatti, mentre stava percorrendo una strada in discesa ha centrato in pieno un gatto che gli ha attraversato la strada. Capitombolo inevitabile [&hellip;]<\/p>\n","protected":false},"author":10,"featured_media":0,"comment_status":"open","ping_status":"closed","sticky":false,"template":"","format":"standard","meta":{"footnotes":""},"categories":[3],"tags":[42,41],"class_list":["post-17093","post","type-post","status-publish","format-standard","hentry","category-carnico","tag-bicicletta","tag-mardero"],"yoast_head":"<!-- This site is optimized with the Yoast SEO plugin v27.3 - https:\/\/yoast.com\/product\/yoast-seo-wordpress\/ -->\n<title>CADUTA IN BICI E STAGIONE FINITA PER MAURO MARDERO - Campionato Carnico 2017<\/title>\n<meta name=\"robots\" content=\"index, follow, max-snippet:-1, max-image-preview:large, max-video-preview:-1\" \/>\n<link rel=\"canonical\" href=\"https:\/\/2017.carnico.it\/blog\/2017\/07\/12\/caduta-bici-stagione-finita-mauro-mardero\/\" \/>\n<meta property=\"og:locale\" content=\"it_IT\" \/>\n<meta property=\"og:type\" content=\"article\" \/>\n<meta property=\"og:title\" content=\"CADUTA IN BICI E STAGIONE FINITA PER MAURO MARDERO - Campionato Carnico 2017\" \/>\n<meta property=\"og:description\" content=\"Il Carnico perde per questa stagione uno dei suoi protagonisti pi\u00f9 seri ed affidabili. Per Mauro Mardero, centrocampista della Val del Lago, \u00e8 stata fatale la passione per la bicicletta: nei giorni scorsi, infatti, mentre stava percorrendo una strada in discesa ha centrato in pieno un gatto che gli ha attraversato la strada. Capitombolo inevitabile [&hellip;]\" \/>\n<meta property=\"og:url\" content=\"https:\/\/2017.carnico.it\/blog\/2017\/07\/12\/caduta-bici-stagione-finita-mauro-mardero\/\" \/>\n<meta property=\"og:site_name\" content=\"Campionato Carnico 2017\" \/>\n<meta property=\"article:publisher\" content=\"https:\/\/www.facebook.com\/campionatocarnico\/\" \/>\n<meta property=\"article:published_time\" content=\"2017-07-12T10:09:39+00:00\" \/>\n<meta property=\"article:modified_time\" content=\"2017-07-12T11:23:39+00:00\" \/>\n<meta property=\"og:image\" content=\"https:\/\/www.carnico.it\/blog\/wp-content\/uploads\/2017\/07\/Mardero-141x250.jpg\" \/>\n<meta name=\"author\" content=\"Redazione\" \/>\n<meta name=\"twitter:card\" content=\"summary_large_image\" \/>\n<meta name=\"twitter:label1\" content=\"Scritto da\" \/>\n\t<meta name=\"twitter:data1\" content=\"Redazione\" \/>\n\t<meta name=\"twitter:label2\" content=\"Tempo di lettura stimato\" \/>\n\t<meta name=\"twitter:data2\" content=\"1 minuto\" \/>\n<script type=\"application\/ld+json\" class=\"yoast-schema-graph\">{\"@context\":\"https:\\\/\\\/schema.org\",\"@graph\":[{\"@type\":\"Article\",\"@id\":\"https:\\\/\\\/2017.carnico.it\\\/blog\\\/2017\\\/07\\\/12\\\/caduta-bici-stagione-finita-mauro-mardero\\\/#article\",\"isPartOf\":{\"@id\":\"https:\\\/\\\/2017.carnico.it\\\/blog\\\/2017\\\/07\\\/12\\\/caduta-bici-stagione-finita-mauro-mardero\\\/\"},\"author\":{\"name\":\"Redazione\",\"@id\":\"https:\\\/\\\/2017.carnico.it\\\/blog\\\/#\\\/schema\\\/person\\\/a68c764693d96df3238f123ea014e78c\"},\"headline\":\"CADUTA IN BICI E STAGIONE FINITA PER MAURO MARDERO\",\"datePublished\":\"2017-07-12T10:09:39+00:00\",\"dateModified\":\"2017-07-12T11:23:39+00:00\",\"mainEntityOfPage\":{\"@id\":\"https:\\\/\\\/2017.carnico.it\\\/blog\\\/2017\\\/07\\\/12\\\/caduta-bici-stagione-finita-mauro-mardero\\\/\"},\"wordCount\":170,\"commentCount\":6,\"image\":{\"@id\":\"https:\\\/\\\/2017.carnico.it\\\/blog\\\/2017\\\/07\\\/12\\\/caduta-bici-stagione-finita-mauro-mardero\\\/#primaryimage\"},\"thumbnailUrl\":\"https:\\\/\\\/www.carnico.it\\\/blog\\\/wp-content\\\/uploads\\\/2017\\\/07\\\/Mardero-141x250.jpg\",\"keywords\":[\"bicicletta\",\"Mardero\"],\"articleSection\":[\"Carnico\"],\"inLanguage\":\"it-IT\",\"potentialAction\":[{\"@type\":\"CommentAction\",\"name\":\"Comment\",\"target\":[\"https:\\\/\\\/2017.carnico.it\\\/blog\\\/2017\\\/07\\\/12\\\/caduta-bici-stagione-finita-mauro-mardero\\\/#respond\"]}]},{\"@type\":\"WebPage\",\"@id\":\"https:\\\/\\\/2017.carnico.it\\\/blog\\\/2017\\\/07\\\/12\\\/caduta-bici-stagione-finita-mauro-mardero\\\/\",\"url\":\"https:\\\/\\\/2017.carnico.it\\\/blog\\\/2017\\\/07\\\/12\\\/caduta-bici-stagione-finita-mauro-mardero\\\/\",\"name\":\"CADUTA IN BICI E STAGIONE FINITA PER MAURO MARDERO - Campionato Carnico 2017\",\"isPartOf\":{\"@id\":\"https:\\\/\\\/2017.carnico.it\\\/blog\\\/#website\"},\"primaryImageOfPage\":{\"@id\":\"https:\\\/\\\/2017.carnico.it\\\/blog\\\/2017\\\/07\\\/12\\\/caduta-bici-stagione-finita-mauro-mardero\\\/#primaryimage\"},\"image\":{\"@id\":\"https:\\\/\\\/2017.carnico.it\\\/blog\\\/2017\\\/07\\\/12\\\/caduta-bici-stagione-finita-mauro-mardero\\\/#primaryimage\"},\"thumbnailUrl\":\"https:\\\/\\\/www.carnico.it\\\/blog\\\/wp-content\\\/uploads\\\/2017\\\/07\\\/Mardero-141x250.jpg\",\"datePublished\":\"2017-07-12T10:09:39+00:00\",\"dateModified\":\"2017-07-12T11:23:39+00:00\",\"author\":{\"@id\":\"https:\\\/\\\/2017.carnico.it\\\/blog\\\/#\\\/schema\\\/person\\\/a68c764693d96df3238f123ea014e78c\"},\"breadcrumb\":{\"@id\":\"https:\\\/\\\/2017.carnico.it\\\/blog\\\/2017\\\/07\\\/12\\\/caduta-bici-stagione-finita-mauro-mardero\\\/#breadcrumb\"},\"inLanguage\":\"it-IT\",\"potentialAction\":[{\"@type\":\"ReadAction\",\"target\":[\"https:\\\/\\\/2017.carnico.it\\\/blog\\\/2017\\\/07\\\/12\\\/caduta-bici-stagione-finita-mauro-mardero\\\/\"]}]},{\"@type\":\"ImageObject\",\"inLanguage\":\"it-IT\",\"@id\":\"https:\\\/\\\/2017.carnico.it\\\/blog\\\/2017\\\/07\\\/12\\\/caduta-bici-stagione-finita-mauro-mardero\\\/#primaryimage\",\"url\":\"https:\\\/\\\/www.carnico.it\\\/blog\\\/wp-content\\\/uploads\\\/2017\\\/07\\\/Mardero-141x250.jpg\",\"contentUrl\":\"https:\\\/\\\/www.carnico.it\\\/blog\\\/wp-content\\\/uploads\\\/2017\\\/07\\\/Mardero-141x250.jpg\"},{\"@type\":\"BreadcrumbList\",\"@id\":\"https:\\\/\\\/2017.carnico.it\\\/blog\\\/2017\\\/07\\\/12\\\/caduta-bici-stagione-finita-mauro-mardero\\\/#breadcrumb\",\"itemListElement\":[{\"@type\":\"ListItem\",\"position\":1,\"name\":\"Home\",\"item\":\"https:\\\/\\\/2017.carnico.it\\\/blog\\\/\"},{\"@type\":\"ListItem\",\"position\":2,\"name\":\"CADUTA IN BICI E STAGIONE FINITA PER MAURO MARDERO\"}]},{\"@type\":\"WebSite\",\"@id\":\"https:\\\/\\\/2017.carnico.it\\\/blog\\\/#website\",\"url\":\"https:\\\/\\\/2017.carnico.it\\\/blog\\\/\",\"name\":\"Campionato Carnico 2017\",\"description\":\"Notizie e aggiornamenti in tempo reale sul campionato Carnico\",\"potentialAction\":[{\"@type\":\"SearchAction\",\"target\":{\"@type\":\"EntryPoint\",\"urlTemplate\":\"https:\\\/\\\/2017.carnico.it\\\/blog\\\/?s={search_term_string}\"},\"query-input\":{\"@type\":\"PropertyValueSpecification\",\"valueRequired\":true,\"valueName\":\"search_term_string\"}}],\"inLanguage\":\"it-IT\"},{\"@type\":\"Person\",\"@id\":\"https:\\\/\\\/2017.carnico.it\\\/blog\\\/#\\\/schema\\\/person\\\/a68c764693d96df3238f123ea014e78c\",\"name\":\"Redazione\",\"image\":{\"@type\":\"ImageObject\",\"inLanguage\":\"it-IT\",\"@id\":\"https:\\\/\\\/secure.gravatar.com\\\/avatar\\\/6c05bd4dddbea475e283f76b4aa2d778ecb35c06fd92df5f6e0cac552163e2ac?s=96&d=mm&r=g\",\"url\":\"https:\\\/\\\/secure.gravatar.com\\\/avatar\\\/6c05bd4dddbea475e283f76b4aa2d778ecb35c06fd92df5f6e0cac552163e2ac?s=96&d=mm&r=g\",\"contentUrl\":\"https:\\\/\\\/secure.gravatar.com\\\/avatar\\\/6c05bd4dddbea475e283f76b4aa2d778ecb35c06fd92df5f6e0cac552163e2ac?s=96&d=mm&r=g\",\"caption\":\"Redazione\"},\"url\":\"https:\\\/\\\/2017.carnico.it\\\/blog\\\/author\\\/clyco-admin\\\/\"}]}<\/script>\n<!-- \/ Yoast SEO plugin. -->","yoast_head_json":{"title":"CADUTA IN BICI E STAGIONE FINITA PER MAURO MARDERO - Campionato Carnico 2017","robots":{"index":"index","follow":"follow","max-snippet":"max-snippet:-1","max-image-preview":"max-image-preview:large","max-video-preview":"max-video-preview:-1"},"canonical":"https:\/\/2017.carnico.it\/blog\/2017\/07\/12\/caduta-bici-stagione-finita-mauro-mardero\/","og_locale":"it_IT","og_type":"article","og_title":"CADUTA IN BICI E STAGIONE FINITA PER MAURO MARDERO - Campionato Carnico 2017","og_description":"Il Carnico perde per questa stagione uno dei suoi protagonisti pi\u00f9 seri ed affidabili. Per Mauro Mardero, centrocampista della Val del Lago, \u00e8 stata fatale la passione per la bicicletta: nei giorni scorsi, infatti, mentre stava percorrendo una strada in discesa ha centrato in pieno un gatto che gli ha attraversato la strada. Capitombolo inevitabile [&hellip;]","og_url":"https:\/\/2017.carnico.it\/blog\/2017\/07\/12\/caduta-bici-stagione-finita-mauro-mardero\/","og_site_name":"Campionato Carnico 2017","article_publisher":"https:\/\/www.facebook.com\/campionatocarnico\/","article_published_time":"2017-07-12T10:09:39+00:00","article_modified_time":"2017-07-12T11:23:39+00:00","og_image":[{"url":"https:\/\/www.carnico.it\/blog\/wp-content\/uploads\/2017\/07\/Mardero-141x250.jpg","type":"","width":"","height":""}],"author":"Redazione","twitter_card":"summary_large_image","twitter_misc":{"Scritto da":"Redazione","Tempo di lettura stimato":"1 minuto"},"schema":{"@context":"https:\/\/schema.org","@graph":[{"@type":"Article","@id":"https:\/\/2017.carnico.it\/blog\/2017\/07\/12\/caduta-bici-stagione-finita-mauro-mardero\/#article","isPartOf":{"@id":"https:\/\/2017.carnico.it\/blog\/2017\/07\/12\/caduta-bici-stagione-finita-mauro-mardero\/"},"author":{"name":"Redazione","@id":"https:\/\/2017.carnico.it\/blog\/#\/schema\/person\/a68c764693d96df3238f123ea014e78c"},"headline":"CADUTA IN BICI E STAGIONE FINITA PER MAURO MARDERO","datePublished":"2017-07-12T10:09:39+00:00","dateModified":"2017-07-12T11:23:39+00:00","mainEntityOfPage":{"@id":"https:\/\/2017.carnico.it\/blog\/2017\/07\/12\/caduta-bici-stagione-finita-mauro-mardero\/"},"wordCount":170,"commentCount":6,"image":{"@id":"https:\/\/2017.carnico.it\/blog\/2017\/07\/12\/caduta-bici-stagione-finita-mauro-mardero\/#primaryimage"},"thumbnailUrl":"https:\/\/www.carnico.it\/blog\/wp-content\/uploads\/2017\/07\/Mardero-141x250.jpg","keywords":["bicicletta","Mardero"],"articleSection":["Carnico"],"inLanguage":"it-IT","potentialAction":[{"@type":"CommentAction","name":"Comment","target":["https:\/\/2017.carnico.it\/blog\/2017\/07\/12\/caduta-bici-stagione-finita-mauro-mardero\/#respond"]}]},{"@type":"WebPage","@id":"https:\/\/2017.carnico.it\/blog\/2017\/07\/12\/caduta-bici-stagione-finita-mauro-mardero\/","url":"https:\/\/2017.carnico.it\/blog\/2017\/07\/12\/caduta-bici-stagione-finita-mauro-mardero\/","name":"CADUTA IN BICI E STAGIONE FINITA PER MAURO MARDERO - Campionato Carnico 2017","isPartOf":{"@id":"https:\/\/2017.carnico.it\/blog\/#website"},"primaryImageOfPage":{"@id":"https:\/\/2017.carnico.it\/blog\/2017\/07\/12\/caduta-bici-stagione-finita-mauro-mardero\/#primaryimage"},"image":{"@id":"https:\/\/2017.carnico.it\/blog\/2017\/07\/12\/caduta-bici-stagione-finita-mauro-mardero\/#primaryimage"},"thumbnailUrl":"https:\/\/www.carnico.it\/blog\/wp-content\/uploads\/2017\/07\/Mardero-141x250.jpg","datePublished":"2017-07-12T10:09:39+00:00","dateModified":"2017-07-12T11:23:39+00:00","author":{"@id":"https:\/\/2017.carnico.it\/blog\/#\/schema\/person\/a68c764693d96df3238f123ea014e78c"},"breadcrumb":{"@id":"https:\/\/2017.carnico.it\/blog\/2017\/07\/12\/caduta-bici-stagione-finita-mauro-mardero\/#breadcrumb"},"inLanguage":"it-IT","potentialAction":[{"@type":"ReadAction","target":["https:\/\/2017.carnico.it\/blog\/2017\/07\/12\/caduta-bici-stagione-finita-mauro-mardero\/"]}]},{"@type":"ImageObject","inLanguage":"it-IT","@id":"https:\/\/2017.carnico.it\/blog\/2017\/07\/12\/caduta-bici-stagione-finita-mauro-mardero\/#primaryimage","url":"https:\/\/www.carnico.it\/blog\/wp-content\/uploads\/2017\/07\/Mardero-141x250.jpg","contentUrl":"https:\/\/www.carnico.it\/blog\/wp-content\/uploads\/2017\/07\/Mardero-141x250.jpg"},{"@type":"BreadcrumbList","@id":"https:\/\/2017.carnico.it\/blog\/2017\/07\/12\/caduta-bici-stagione-finita-mauro-mardero\/#breadcrumb","itemListElement":[{"@type":"ListItem","position":1,"name":"Home","item":"https:\/\/2017.carnico.it\/blog\/"},{"@type":"ListItem","position":2,"name":"CADUTA IN BICI E STAGIONE FINITA PER MAURO MARDERO"}]},{"@type":"WebSite","@id":"https:\/\/2017.carnico.it\/blog\/#website","url":"https:\/\/2017.carnico.it\/blog\/","name":"Campionato Carnico 2017","description":"Notizie e aggiornamenti in tempo reale sul campionato Carnico","potentialAction":[{"@type":"SearchAction","target":{"@type":"EntryPoint","urlTemplate":"https:\/\/2017.carnico.it\/blog\/?s={search_term_string}"},"query-input":{"@type":"PropertyValueSpecification","valueRequired":true,"valueName":"search_term_string"}}],"inLanguage":"it-IT"},{"@type":"Person","@id":"https:\/\/2017.carnico.it\/blog\/#\/schema\/person\/a68c764693d96df3238f123ea014e78c","name":"Redazione","image":{"@type":"ImageObject","inLanguage":"it-IT","@id":"https:\/\/secure.gravatar.com\/avatar\/6c05bd4dddbea475e283f76b4aa2d778ecb35c06fd92df5f6e0cac552163e2ac?s=96&d=mm&r=g","url":"https:\/\/secure.gravatar.com\/avatar\/6c05bd4dddbea475e283f76b4aa2d778ecb35c06fd92df5f6e0cac552163e2ac?s=96&d=mm&r=g","contentUrl":"https:\/\/secure.gravatar.com\/avatar\/6c05bd4dddbea475e283f76b4aa2d778ecb35c06fd92df5f6e0cac552163e2ac?s=96&d=mm&r=g","caption":"Redazione"},"url":"https:\/\/2017.carnico.it\/blog\/author\/clyco-admin\/"}]}},"_links":{"self":[{"href":"https:\/\/2017.carnico.it\/blog\/wp-json\/wp\/v2\/posts\/17093","targetHints":{"allow":["GET"]}}],"collection":[{"href":"https:\/\/2017.carnico.it\/blog\/wp-json\/wp\/v2\/posts"}],"about":[{"href":"https:\/\/2017.carnico.it\/blog\/wp-json\/wp\/v2\/types\/post"}],"author":[{"embeddable":true,"href":"https:\/\/2017.carnico.it\/blog\/wp-json\/wp\/v2\/users\/10"}],"replies":[{"embeddable":true,"href":"https:\/\/2017.carnico.it\/blog\/wp-json\/wp\/v2\/comments?post=17093"}],"version-history":[{"count":3,"href":"https:\/\/2017.carnico.it\/blog\/wp-json\/wp\/v2\/posts\/17093\/revisions"}],"predecessor-version":[{"id":17097,"href":"https:\/\/2017.carnico.it\/blog\/wp-json\/wp\/v2\/posts\/17093\/revisions\/17097"}],"wp:attachment":[{"href":"https:\/\/2017.carnico.it\/blog\/wp-json\/wp\/v2\/media?parent=17093"}],"wp:term":[{"taxonomy":"category","embeddable":true,"href":"https:\/\/2017.carnico.it\/blog\/wp-json\/wp\/v2\/categories?post=17093"},{"taxonomy":"post_tag","embeddable":true,"href":"https:\/\/2017.carnico.it\/blog\/wp-json\/wp\/v2\/tags?post=17093"}],"curies":[{"name":"wp","href":"https:\/\/api.w.org\/{rel}","templated":true}]}}