{"id":16876,"date":"2017-07-01T10:44:53","date_gmt":"2017-07-01T08:44:53","guid":{"rendered":"http:\/\/www.carnico.it\/blog\/?p=16876"},"modified":"2017-07-02T11:46:38","modified_gmt":"2017-07-02T09:46:38","slug":"si-giochera-martedi-11-luglio-recupero-folgore-arta-terme","status":"publish","type":"post","link":"https:\/\/2017.carnico.it\/blog\/2017\/07\/01\/si-giochera-martedi-11-luglio-recupero-folgore-arta-terme\/","title":{"rendered":"SI GIOCHERA&#8217; MARTEDI&#8217; 11 LUGLIO IL RECUPERO FOLGORE-ARTA TERME"},"content":{"rendered":"<p><a href=\"https:\/\/www.carnico.it\/blog\/wp-content\/uploads\/2017\/07\/Folgore-17.jpg\"><img loading=\"lazy\" decoding=\"async\" class=\"wp-image-16877 aligncenter\" src=\"https:\/\/www.carnico.it\/blog\/wp-content\/uploads\/2017\/07\/Folgore-17-300x201.jpg\" alt=\"\" width=\"527\" height=\"353\" srcset=\"https:\/\/2017.carnico.it\/blog\/wp-content\/uploads\/2017\/07\/Folgore-17-300x201.jpg 300w, https:\/\/2017.carnico.it\/blog\/wp-content\/uploads\/2017\/07\/Folgore-17-450x301.jpg 450w, https:\/\/2017.carnico.it\/blog\/wp-content\/uploads\/2017\/07\/Folgore-17-630x422.jpg 630w\" sizes=\"auto, (max-width: 527px) 100vw, 527px\" \/><\/a><\/p>\n<p style=\"text-align: justify;\">Tempo permettendo, Folgore e Arta Terme si sono messe d&#8217;accordo per fissare la data del recupero della gara valida per la nona giornata e non giocata per il grave lutto che aveva colpito la societ\u00e0 della Folgore (nella foto) con la tragica morte del pap\u00e0 di Gabriele Madrau.<!--more--> Gara che doveva sessere recuperata mercoled\u00ec 28 giugno ma ulteriormente rinviata per le avverse condizioni atmosferiche. Ora speriamo sia la volta buona.<br \/>\n<strong>COPPA CARNIA.<\/strong><br \/>\nSia all&#8217;andata che al ritorno le gare di semifinale Cavazzo-Illegiana e Villa-Mobilieri saranno dirette da un aterna arbitrale.<\/p>\n<p style=\"text-align: justify;\"><strong>SECONDA CATEGORIA<\/strong><br \/>\nTutte le gare inerenti l&#8217;anticipo della undicesima giornata verrano aggiornate in tempo reale sul sito <strong><em>www. carnico.it<\/em><\/strong>.<\/p>\n<p><strong>\u00a0<\/strong><\/p>\n","protected":false},"excerpt":{"rendered":"<p>Tempo permettendo, Folgore e Arta Terme si sono messe d&#8217;accordo per fissare la data del recupero della gara valida per la nona giornata e non giocata per il grave lutto che aveva colpito la societ\u00e0 della Folgore (nella foto) con la tragica morte del pap\u00e0 di Gabriele Madrau.<\/p>\n","protected":false},"author":10,"featured_media":0,"comment_status":"open","ping_status":"closed","sticky":false,"template":"","format":"standard","meta":{"footnotes":""},"categories":[3],"tags":[],"class_list":["post-16876","post","type-post","status-publish","format-standard","hentry","category-carnico"],"yoast_head":"<!-- This site is optimized with the Yoast SEO plugin v27.3 - https:\/\/yoast.com\/product\/yoast-seo-wordpress\/ -->\n<title>SI GIOCHERA&#039; MARTEDI&#039; 11 LUGLIO IL RECUPERO FOLGORE-ARTA TERME - Campionato Carnico 2017<\/title>\n<meta name=\"robots\" content=\"index, follow, max-snippet:-1, max-image-preview:large, max-video-preview:-1\" \/>\n<link rel=\"canonical\" href=\"https:\/\/2017.carnico.it\/blog\/2017\/07\/01\/si-giochera-martedi-11-luglio-recupero-folgore-arta-terme\/\" \/>\n<meta property=\"og:locale\" content=\"it_IT\" \/>\n<meta property=\"og:type\" content=\"article\" \/>\n<meta property=\"og:title\" content=\"SI GIOCHERA&#039; MARTEDI&#039; 11 LUGLIO IL RECUPERO FOLGORE-ARTA TERME - Campionato Carnico 2017\" \/>\n<meta property=\"og:description\" content=\"Tempo permettendo, Folgore e Arta Terme si sono messe d&#8217;accordo per fissare la data del recupero della gara valida per la nona giornata e non giocata per il grave lutto che aveva colpito la societ\u00e0 della Folgore (nella foto) con la tragica morte del pap\u00e0 di Gabriele Madrau.\" \/>\n<meta property=\"og:url\" content=\"https:\/\/2017.carnico.it\/blog\/2017\/07\/01\/si-giochera-martedi-11-luglio-recupero-folgore-arta-terme\/\" \/>\n<meta property=\"og:site_name\" content=\"Campionato Carnico 2017\" \/>\n<meta property=\"article:publisher\" content=\"https:\/\/www.facebook.com\/campionatocarnico\/\" \/>\n<meta property=\"article:published_time\" content=\"2017-07-01T08:44:53+00:00\" \/>\n<meta property=\"article:modified_time\" content=\"2017-07-02T09:46:38+00:00\" \/>\n<meta property=\"og:image\" content=\"https:\/\/www.carnico.it\/blog\/wp-content\/uploads\/2017\/07\/Folgore-17-300x201.jpg\" \/>\n<meta name=\"author\" content=\"Redazione\" \/>\n<meta name=\"twitter:card\" content=\"summary_large_image\" \/>\n<meta name=\"twitter:label1\" content=\"Scritto da\" \/>\n\t<meta name=\"twitter:data1\" content=\"Redazione\" \/>\n\t<meta name=\"twitter:label2\" content=\"Tempo di lettura stimato\" \/>\n\t<meta name=\"twitter:data2\" content=\"1 minuto\" \/>\n<script type=\"application\/ld+json\" class=\"yoast-schema-graph\">{\"@context\":\"https:\\\/\\\/schema.org\",\"@graph\":[{\"@type\":\"Article\",\"@id\":\"https:\\\/\\\/2017.carnico.it\\\/blog\\\/2017\\\/07\\\/01\\\/si-giochera-martedi-11-luglio-recupero-folgore-arta-terme\\\/#article\",\"isPartOf\":{\"@id\":\"https:\\\/\\\/2017.carnico.it\\\/blog\\\/2017\\\/07\\\/01\\\/si-giochera-martedi-11-luglio-recupero-folgore-arta-terme\\\/\"},\"author\":{\"name\":\"Redazione\",\"@id\":\"https:\\\/\\\/2017.carnico.it\\\/blog\\\/#\\\/schema\\\/person\\\/a68c764693d96df3238f123ea014e78c\"},\"headline\":\"SI GIOCHERA&#8217; MARTEDI&#8217; 11 LUGLIO IL RECUPERO FOLGORE-ARTA TERME\",\"datePublished\":\"2017-07-01T08:44:53+00:00\",\"dateModified\":\"2017-07-02T09:46:38+00:00\",\"mainEntityOfPage\":{\"@id\":\"https:\\\/\\\/2017.carnico.it\\\/blog\\\/2017\\\/07\\\/01\\\/si-giochera-martedi-11-luglio-recupero-folgore-arta-terme\\\/\"},\"wordCount\":120,\"commentCount\":0,\"image\":{\"@id\":\"https:\\\/\\\/2017.carnico.it\\\/blog\\\/2017\\\/07\\\/01\\\/si-giochera-martedi-11-luglio-recupero-folgore-arta-terme\\\/#primaryimage\"},\"thumbnailUrl\":\"https:\\\/\\\/www.carnico.it\\\/blog\\\/wp-content\\\/uploads\\\/2017\\\/07\\\/Folgore-17-300x201.jpg\",\"articleSection\":[\"Carnico\"],\"inLanguage\":\"it-IT\",\"potentialAction\":[{\"@type\":\"CommentAction\",\"name\":\"Comment\",\"target\":[\"https:\\\/\\\/2017.carnico.it\\\/blog\\\/2017\\\/07\\\/01\\\/si-giochera-martedi-11-luglio-recupero-folgore-arta-terme\\\/#respond\"]}]},{\"@type\":\"WebPage\",\"@id\":\"https:\\\/\\\/2017.carnico.it\\\/blog\\\/2017\\\/07\\\/01\\\/si-giochera-martedi-11-luglio-recupero-folgore-arta-terme\\\/\",\"url\":\"https:\\\/\\\/2017.carnico.it\\\/blog\\\/2017\\\/07\\\/01\\\/si-giochera-martedi-11-luglio-recupero-folgore-arta-terme\\\/\",\"name\":\"SI GIOCHERA' MARTEDI' 11 LUGLIO IL RECUPERO FOLGORE-ARTA TERME - Campionato Carnico 2017\",\"isPartOf\":{\"@id\":\"https:\\\/\\\/2017.carnico.it\\\/blog\\\/#website\"},\"primaryImageOfPage\":{\"@id\":\"https:\\\/\\\/2017.carnico.it\\\/blog\\\/2017\\\/07\\\/01\\\/si-giochera-martedi-11-luglio-recupero-folgore-arta-terme\\\/#primaryimage\"},\"image\":{\"@id\":\"https:\\\/\\\/2017.carnico.it\\\/blog\\\/2017\\\/07\\\/01\\\/si-giochera-martedi-11-luglio-recupero-folgore-arta-terme\\\/#primaryimage\"},\"thumbnailUrl\":\"https:\\\/\\\/www.carnico.it\\\/blog\\\/wp-content\\\/uploads\\\/2017\\\/07\\\/Folgore-17-300x201.jpg\",\"datePublished\":\"2017-07-01T08:44:53+00:00\",\"dateModified\":\"2017-07-02T09:46:38+00:00\",\"author\":{\"@id\":\"https:\\\/\\\/2017.carnico.it\\\/blog\\\/#\\\/schema\\\/person\\\/a68c764693d96df3238f123ea014e78c\"},\"breadcrumb\":{\"@id\":\"https:\\\/\\\/2017.carnico.it\\\/blog\\\/2017\\\/07\\\/01\\\/si-giochera-martedi-11-luglio-recupero-folgore-arta-terme\\\/#breadcrumb\"},\"inLanguage\":\"it-IT\",\"potentialAction\":[{\"@type\":\"ReadAction\",\"target\":[\"https:\\\/\\\/2017.carnico.it\\\/blog\\\/2017\\\/07\\\/01\\\/si-giochera-martedi-11-luglio-recupero-folgore-arta-terme\\\/\"]}]},{\"@type\":\"ImageObject\",\"inLanguage\":\"it-IT\",\"@id\":\"https:\\\/\\\/2017.carnico.it\\\/blog\\\/2017\\\/07\\\/01\\\/si-giochera-martedi-11-luglio-recupero-folgore-arta-terme\\\/#primaryimage\",\"url\":\"https:\\\/\\\/www.carnico.it\\\/blog\\\/wp-content\\\/uploads\\\/2017\\\/07\\\/Folgore-17-300x201.jpg\",\"contentUrl\":\"https:\\\/\\\/www.carnico.it\\\/blog\\\/wp-content\\\/uploads\\\/2017\\\/07\\\/Folgore-17-300x201.jpg\"},{\"@type\":\"BreadcrumbList\",\"@id\":\"https:\\\/\\\/2017.carnico.it\\\/blog\\\/2017\\\/07\\\/01\\\/si-giochera-martedi-11-luglio-recupero-folgore-arta-terme\\\/#breadcrumb\",\"itemListElement\":[{\"@type\":\"ListItem\",\"position\":1,\"name\":\"Home\",\"item\":\"https:\\\/\\\/2017.carnico.it\\\/blog\\\/\"},{\"@type\":\"ListItem\",\"position\":2,\"name\":\"SI GIOCHERA&#8217; MARTEDI&#8217; 11 LUGLIO IL RECUPERO FOLGORE-ARTA TERME\"}]},{\"@type\":\"WebSite\",\"@id\":\"https:\\\/\\\/2017.carnico.it\\\/blog\\\/#website\",\"url\":\"https:\\\/\\\/2017.carnico.it\\\/blog\\\/\",\"name\":\"Campionato Carnico 2017\",\"description\":\"Notizie e aggiornamenti in tempo reale sul campionato Carnico\",\"potentialAction\":[{\"@type\":\"SearchAction\",\"target\":{\"@type\":\"EntryPoint\",\"urlTemplate\":\"https:\\\/\\\/2017.carnico.it\\\/blog\\\/?s={search_term_string}\"},\"query-input\":{\"@type\":\"PropertyValueSpecification\",\"valueRequired\":true,\"valueName\":\"search_term_string\"}}],\"inLanguage\":\"it-IT\"},{\"@type\":\"Person\",\"@id\":\"https:\\\/\\\/2017.carnico.it\\\/blog\\\/#\\\/schema\\\/person\\\/a68c764693d96df3238f123ea014e78c\",\"name\":\"Redazione\",\"image\":{\"@type\":\"ImageObject\",\"inLanguage\":\"it-IT\",\"@id\":\"https:\\\/\\\/secure.gravatar.com\\\/avatar\\\/6c05bd4dddbea475e283f76b4aa2d778ecb35c06fd92df5f6e0cac552163e2ac?s=96&d=mm&r=g\",\"url\":\"https:\\\/\\\/secure.gravatar.com\\\/avatar\\\/6c05bd4dddbea475e283f76b4aa2d778ecb35c06fd92df5f6e0cac552163e2ac?s=96&d=mm&r=g\",\"contentUrl\":\"https:\\\/\\\/secure.gravatar.com\\\/avatar\\\/6c05bd4dddbea475e283f76b4aa2d778ecb35c06fd92df5f6e0cac552163e2ac?s=96&d=mm&r=g\",\"caption\":\"Redazione\"},\"url\":\"https:\\\/\\\/2017.carnico.it\\\/blog\\\/author\\\/clyco-admin\\\/\"}]}<\/script>\n<!-- \/ Yoast SEO plugin. -->","yoast_head_json":{"title":"SI GIOCHERA' MARTEDI' 11 LUGLIO IL RECUPERO FOLGORE-ARTA TERME - Campionato Carnico 2017","robots":{"index":"index","follow":"follow","max-snippet":"max-snippet:-1","max-image-preview":"max-image-preview:large","max-video-preview":"max-video-preview:-1"},"canonical":"https:\/\/2017.carnico.it\/blog\/2017\/07\/01\/si-giochera-martedi-11-luglio-recupero-folgore-arta-terme\/","og_locale":"it_IT","og_type":"article","og_title":"SI GIOCHERA' MARTEDI' 11 LUGLIO IL RECUPERO FOLGORE-ARTA TERME - Campionato Carnico 2017","og_description":"Tempo permettendo, Folgore e Arta Terme si sono messe d&#8217;accordo per fissare la data del recupero della gara valida per la nona giornata e non giocata per il grave lutto che aveva colpito la societ\u00e0 della Folgore (nella foto) con la tragica morte del pap\u00e0 di Gabriele Madrau.","og_url":"https:\/\/2017.carnico.it\/blog\/2017\/07\/01\/si-giochera-martedi-11-luglio-recupero-folgore-arta-terme\/","og_site_name":"Campionato Carnico 2017","article_publisher":"https:\/\/www.facebook.com\/campionatocarnico\/","article_published_time":"2017-07-01T08:44:53+00:00","article_modified_time":"2017-07-02T09:46:38+00:00","og_image":[{"url":"https:\/\/www.carnico.it\/blog\/wp-content\/uploads\/2017\/07\/Folgore-17-300x201.jpg","type":"","width":"","height":""}],"author":"Redazione","twitter_card":"summary_large_image","twitter_misc":{"Scritto da":"Redazione","Tempo di lettura stimato":"1 minuto"},"schema":{"@context":"https:\/\/schema.org","@graph":[{"@type":"Article","@id":"https:\/\/2017.carnico.it\/blog\/2017\/07\/01\/si-giochera-martedi-11-luglio-recupero-folgore-arta-terme\/#article","isPartOf":{"@id":"https:\/\/2017.carnico.it\/blog\/2017\/07\/01\/si-giochera-martedi-11-luglio-recupero-folgore-arta-terme\/"},"author":{"name":"Redazione","@id":"https:\/\/2017.carnico.it\/blog\/#\/schema\/person\/a68c764693d96df3238f123ea014e78c"},"headline":"SI GIOCHERA&#8217; MARTEDI&#8217; 11 LUGLIO IL RECUPERO FOLGORE-ARTA TERME","datePublished":"2017-07-01T08:44:53+00:00","dateModified":"2017-07-02T09:46:38+00:00","mainEntityOfPage":{"@id":"https:\/\/2017.carnico.it\/blog\/2017\/07\/01\/si-giochera-martedi-11-luglio-recupero-folgore-arta-terme\/"},"wordCount":120,"commentCount":0,"image":{"@id":"https:\/\/2017.carnico.it\/blog\/2017\/07\/01\/si-giochera-martedi-11-luglio-recupero-folgore-arta-terme\/#primaryimage"},"thumbnailUrl":"https:\/\/www.carnico.it\/blog\/wp-content\/uploads\/2017\/07\/Folgore-17-300x201.jpg","articleSection":["Carnico"],"inLanguage":"it-IT","potentialAction":[{"@type":"CommentAction","name":"Comment","target":["https:\/\/2017.carnico.it\/blog\/2017\/07\/01\/si-giochera-martedi-11-luglio-recupero-folgore-arta-terme\/#respond"]}]},{"@type":"WebPage","@id":"https:\/\/2017.carnico.it\/blog\/2017\/07\/01\/si-giochera-martedi-11-luglio-recupero-folgore-arta-terme\/","url":"https:\/\/2017.carnico.it\/blog\/2017\/07\/01\/si-giochera-martedi-11-luglio-recupero-folgore-arta-terme\/","name":"SI GIOCHERA' MARTEDI' 11 LUGLIO IL RECUPERO FOLGORE-ARTA TERME - Campionato Carnico 2017","isPartOf":{"@id":"https:\/\/2017.carnico.it\/blog\/#website"},"primaryImageOfPage":{"@id":"https:\/\/2017.carnico.it\/blog\/2017\/07\/01\/si-giochera-martedi-11-luglio-recupero-folgore-arta-terme\/#primaryimage"},"image":{"@id":"https:\/\/2017.carnico.it\/blog\/2017\/07\/01\/si-giochera-martedi-11-luglio-recupero-folgore-arta-terme\/#primaryimage"},"thumbnailUrl":"https:\/\/www.carnico.it\/blog\/wp-content\/uploads\/2017\/07\/Folgore-17-300x201.jpg","datePublished":"2017-07-01T08:44:53+00:00","dateModified":"2017-07-02T09:46:38+00:00","author":{"@id":"https:\/\/2017.carnico.it\/blog\/#\/schema\/person\/a68c764693d96df3238f123ea014e78c"},"breadcrumb":{"@id":"https:\/\/2017.carnico.it\/blog\/2017\/07\/01\/si-giochera-martedi-11-luglio-recupero-folgore-arta-terme\/#breadcrumb"},"inLanguage":"it-IT","potentialAction":[{"@type":"ReadAction","target":["https:\/\/2017.carnico.it\/blog\/2017\/07\/01\/si-giochera-martedi-11-luglio-recupero-folgore-arta-terme\/"]}]},{"@type":"ImageObject","inLanguage":"it-IT","@id":"https:\/\/2017.carnico.it\/blog\/2017\/07\/01\/si-giochera-martedi-11-luglio-recupero-folgore-arta-terme\/#primaryimage","url":"https:\/\/www.carnico.it\/blog\/wp-content\/uploads\/2017\/07\/Folgore-17-300x201.jpg","contentUrl":"https:\/\/www.carnico.it\/blog\/wp-content\/uploads\/2017\/07\/Folgore-17-300x201.jpg"},{"@type":"BreadcrumbList","@id":"https:\/\/2017.carnico.it\/blog\/2017\/07\/01\/si-giochera-martedi-11-luglio-recupero-folgore-arta-terme\/#breadcrumb","itemListElement":[{"@type":"ListItem","position":1,"name":"Home","item":"https:\/\/2017.carnico.it\/blog\/"},{"@type":"ListItem","position":2,"name":"SI GIOCHERA&#8217; MARTEDI&#8217; 11 LUGLIO IL RECUPERO FOLGORE-ARTA TERME"}]},{"@type":"WebSite","@id":"https:\/\/2017.carnico.it\/blog\/#website","url":"https:\/\/2017.carnico.it\/blog\/","name":"Campionato Carnico 2017","description":"Notizie e aggiornamenti in tempo reale sul campionato Carnico","potentialAction":[{"@type":"SearchAction","target":{"@type":"EntryPoint","urlTemplate":"https:\/\/2017.carnico.it\/blog\/?s={search_term_string}"},"query-input":{"@type":"PropertyValueSpecification","valueRequired":true,"valueName":"search_term_string"}}],"inLanguage":"it-IT"},{"@type":"Person","@id":"https:\/\/2017.carnico.it\/blog\/#\/schema\/person\/a68c764693d96df3238f123ea014e78c","name":"Redazione","image":{"@type":"ImageObject","inLanguage":"it-IT","@id":"https:\/\/secure.gravatar.com\/avatar\/6c05bd4dddbea475e283f76b4aa2d778ecb35c06fd92df5f6e0cac552163e2ac?s=96&d=mm&r=g","url":"https:\/\/secure.gravatar.com\/avatar\/6c05bd4dddbea475e283f76b4aa2d778ecb35c06fd92df5f6e0cac552163e2ac?s=96&d=mm&r=g","contentUrl":"https:\/\/secure.gravatar.com\/avatar\/6c05bd4dddbea475e283f76b4aa2d778ecb35c06fd92df5f6e0cac552163e2ac?s=96&d=mm&r=g","caption":"Redazione"},"url":"https:\/\/2017.carnico.it\/blog\/author\/clyco-admin\/"}]}},"_links":{"self":[{"href":"https:\/\/2017.carnico.it\/blog\/wp-json\/wp\/v2\/posts\/16876","targetHints":{"allow":["GET"]}}],"collection":[{"href":"https:\/\/2017.carnico.it\/blog\/wp-json\/wp\/v2\/posts"}],"about":[{"href":"https:\/\/2017.carnico.it\/blog\/wp-json\/wp\/v2\/types\/post"}],"author":[{"embeddable":true,"href":"https:\/\/2017.carnico.it\/blog\/wp-json\/wp\/v2\/users\/10"}],"replies":[{"embeddable":true,"href":"https:\/\/2017.carnico.it\/blog\/wp-json\/wp\/v2\/comments?post=16876"}],"version-history":[{"count":4,"href":"https:\/\/2017.carnico.it\/blog\/wp-json\/wp\/v2\/posts\/16876\/revisions"}],"predecessor-version":[{"id":16886,"href":"https:\/\/2017.carnico.it\/blog\/wp-json\/wp\/v2\/posts\/16876\/revisions\/16886"}],"wp:attachment":[{"href":"https:\/\/2017.carnico.it\/blog\/wp-json\/wp\/v2\/media?parent=16876"}],"wp:term":[{"taxonomy":"category","embeddable":true,"href":"https:\/\/2017.carnico.it\/blog\/wp-json\/wp\/v2\/categories?post=16876"},{"taxonomy":"post_tag","embeddable":true,"href":"https:\/\/2017.carnico.it\/blog\/wp-json\/wp\/v2\/tags?post=16876"}],"curies":[{"name":"wp","href":"https:\/\/api.w.org\/{rel}","templated":true}]}}