{"id":16845,"date":"2017-06-27T14:42:11","date_gmt":"2017-06-27T12:42:11","guid":{"rendered":"http:\/\/www.carnico.it\/blog\/?p=16845"},"modified":"2017-06-27T14:46:58","modified_gmt":"2017-06-27T12:46:58","slug":"bocca-al-lupo-christopher","status":"publish","type":"post","link":"https:\/\/2017.carnico.it\/blog\/2017\/06\/27\/bocca-al-lupo-christopher\/","title":{"rendered":"IN BOCCA AL LUPO, CHRISTOPHER"},"content":{"rendered":"<p style=\"text-align: justify;\"><a href=\"https:\/\/www.carnico.it\/blog\/2017\/06\/27\/bocca-al-lupo-christopher\/de-caneva\/\" rel=\"attachment wp-att-16846\"><img loading=\"lazy\" decoding=\"async\" class=\"size-full wp-image-16846 alignleft\" src=\"https:\/\/www.carnico.it\/blog\/wp-content\/uploads\/2017\/06\/de-caneva.jpg\" alt=\"\" width=\"235\" height=\"313\" srcset=\"https:\/\/2017.carnico.it\/blog\/wp-content\/uploads\/2017\/06\/de-caneva.jpg 235w, https:\/\/2017.carnico.it\/blog\/wp-content\/uploads\/2017\/06\/de-caneva-188x250.jpg 188w\" sizes=\"auto, (max-width: 235px) 100vw, 235px\" \/><\/a>Nei giorni scorsi, Christopher De Caneva, promettente attaccante della formazione juniores del Villa \u00e8 stato ricoverato in terapia intensiva dopo un incidente con la moto. Per fortuna le sue condizioni non sono gravi; ci sono solo da valutare alcune complicazioni legate alla milza e per questo il ragazzo viene monitorato, ma per il resto \u00e8 cosciente e non accusa altri problemi. Christopher, come si diceva, sta disputando il torneo juniores con il Villa, dove l\u2019Edera (societ\u00e0 proprietaria del suo cartellino) lo ha mandato in prestito. De Caneva (attualmente capocannoniere della manifestazione) \u00e8 un ragazzo pieno di passione per il calcio, uno di quelli che interpreta il ruolo con molta seriet\u00e0 ed altrettanto impegno, cosa non proprio scontata per un ragazzo del dicembre &#8217;99 che gioca in un campionato dilettantistico al 100 per cento. <!--more-->Il tecnico del Villa Loris Rassati ce ne ha parlato descrivendolo un elemento di grande prospettiva, dicendosi preoccupato per\u00f2 che questo incidente possa in qualche modo influire su un futuro da buon giocatore. Fisicamente dotato e pieno di talento Christopher pu\u00f2 davvero diventare un buonissimo attaccante. Per questo ci sentiamo di rivolgergli il pi\u00f9 caloroso in bocca al lupo per una pronta guarigione, con la speranza, anzi, la certezza, di rivederlo al pi\u00f9 presto sui campi da gioco.<\/p>\n","protected":false},"excerpt":{"rendered":"<p>Nei giorni scorsi, Christopher De Caneva, promettente attaccante della formazione juniores del Villa \u00e8 stato ricoverato in terapia intensiva dopo un incidente con la moto. Per fortuna le sue condizioni non sono gravi; ci sono solo da valutare alcune complicazioni legate alla milza e per questo il ragazzo viene monitorato, ma per il resto \u00e8 [&hellip;]<\/p>\n","protected":false},"author":10,"featured_media":0,"comment_status":"open","ping_status":"closed","sticky":false,"template":"","format":"standard","meta":{"footnotes":""},"categories":[5],"tags":[],"class_list":["post-16845","post","type-post","status-publish","format-standard","hentry","category-varie"],"yoast_head":"<!-- This site is optimized with the Yoast SEO plugin v27.3 - https:\/\/yoast.com\/product\/yoast-seo-wordpress\/ -->\n<title>IN BOCCA AL LUPO, CHRISTOPHER - Campionato Carnico 2017<\/title>\n<meta name=\"robots\" content=\"index, follow, max-snippet:-1, max-image-preview:large, max-video-preview:-1\" \/>\n<link rel=\"canonical\" href=\"https:\/\/2017.carnico.it\/blog\/2017\/06\/27\/bocca-al-lupo-christopher\/\" \/>\n<meta property=\"og:locale\" content=\"it_IT\" \/>\n<meta property=\"og:type\" content=\"article\" \/>\n<meta property=\"og:title\" content=\"IN BOCCA AL LUPO, CHRISTOPHER - Campionato Carnico 2017\" \/>\n<meta property=\"og:description\" content=\"Nei giorni scorsi, Christopher De Caneva, promettente attaccante della formazione juniores del Villa \u00e8 stato ricoverato in terapia intensiva dopo un incidente con la moto. Per fortuna le sue condizioni non sono gravi; ci sono solo da valutare alcune complicazioni legate alla milza e per questo il ragazzo viene monitorato, ma per il resto \u00e8 [&hellip;]\" \/>\n<meta property=\"og:url\" content=\"https:\/\/2017.carnico.it\/blog\/2017\/06\/27\/bocca-al-lupo-christopher\/\" \/>\n<meta property=\"og:site_name\" content=\"Campionato Carnico 2017\" \/>\n<meta property=\"article:publisher\" content=\"https:\/\/www.facebook.com\/campionatocarnico\/\" \/>\n<meta property=\"article:published_time\" content=\"2017-06-27T12:42:11+00:00\" \/>\n<meta property=\"article:modified_time\" content=\"2017-06-27T12:46:58+00:00\" \/>\n<meta property=\"og:image\" content=\"https:\/\/www.carnico.it\/blog\/wp-content\/uploads\/2017\/06\/de-caneva.jpg\" \/>\n<meta name=\"author\" content=\"Redazione\" \/>\n<meta name=\"twitter:card\" content=\"summary_large_image\" \/>\n<meta name=\"twitter:label1\" content=\"Scritto da\" \/>\n\t<meta name=\"twitter:data1\" content=\"Redazione\" \/>\n\t<meta name=\"twitter:label2\" content=\"Tempo di lettura stimato\" \/>\n\t<meta name=\"twitter:data2\" content=\"1 minuto\" \/>\n<script type=\"application\/ld+json\" class=\"yoast-schema-graph\">{\"@context\":\"https:\\\/\\\/schema.org\",\"@graph\":[{\"@type\":\"Article\",\"@id\":\"https:\\\/\\\/2017.carnico.it\\\/blog\\\/2017\\\/06\\\/27\\\/bocca-al-lupo-christopher\\\/#article\",\"isPartOf\":{\"@id\":\"https:\\\/\\\/2017.carnico.it\\\/blog\\\/2017\\\/06\\\/27\\\/bocca-al-lupo-christopher\\\/\"},\"author\":{\"name\":\"Redazione\",\"@id\":\"https:\\\/\\\/2017.carnico.it\\\/blog\\\/#\\\/schema\\\/person\\\/a68c764693d96df3238f123ea014e78c\"},\"headline\":\"IN BOCCA AL LUPO, CHRISTOPHER\",\"datePublished\":\"2017-06-27T12:42:11+00:00\",\"dateModified\":\"2017-06-27T12:46:58+00:00\",\"mainEntityOfPage\":{\"@id\":\"https:\\\/\\\/2017.carnico.it\\\/blog\\\/2017\\\/06\\\/27\\\/bocca-al-lupo-christopher\\\/\"},\"wordCount\":212,\"commentCount\":3,\"image\":{\"@id\":\"https:\\\/\\\/2017.carnico.it\\\/blog\\\/2017\\\/06\\\/27\\\/bocca-al-lupo-christopher\\\/#primaryimage\"},\"thumbnailUrl\":\"https:\\\/\\\/www.carnico.it\\\/blog\\\/wp-content\\\/uploads\\\/2017\\\/06\\\/de-caneva.jpg\",\"articleSection\":[\"Varie\"],\"inLanguage\":\"it-IT\",\"potentialAction\":[{\"@type\":\"CommentAction\",\"name\":\"Comment\",\"target\":[\"https:\\\/\\\/2017.carnico.it\\\/blog\\\/2017\\\/06\\\/27\\\/bocca-al-lupo-christopher\\\/#respond\"]}]},{\"@type\":\"WebPage\",\"@id\":\"https:\\\/\\\/2017.carnico.it\\\/blog\\\/2017\\\/06\\\/27\\\/bocca-al-lupo-christopher\\\/\",\"url\":\"https:\\\/\\\/2017.carnico.it\\\/blog\\\/2017\\\/06\\\/27\\\/bocca-al-lupo-christopher\\\/\",\"name\":\"IN BOCCA AL LUPO, CHRISTOPHER - Campionato Carnico 2017\",\"isPartOf\":{\"@id\":\"https:\\\/\\\/2017.carnico.it\\\/blog\\\/#website\"},\"primaryImageOfPage\":{\"@id\":\"https:\\\/\\\/2017.carnico.it\\\/blog\\\/2017\\\/06\\\/27\\\/bocca-al-lupo-christopher\\\/#primaryimage\"},\"image\":{\"@id\":\"https:\\\/\\\/2017.carnico.it\\\/blog\\\/2017\\\/06\\\/27\\\/bocca-al-lupo-christopher\\\/#primaryimage\"},\"thumbnailUrl\":\"https:\\\/\\\/www.carnico.it\\\/blog\\\/wp-content\\\/uploads\\\/2017\\\/06\\\/de-caneva.jpg\",\"datePublished\":\"2017-06-27T12:42:11+00:00\",\"dateModified\":\"2017-06-27T12:46:58+00:00\",\"author\":{\"@id\":\"https:\\\/\\\/2017.carnico.it\\\/blog\\\/#\\\/schema\\\/person\\\/a68c764693d96df3238f123ea014e78c\"},\"breadcrumb\":{\"@id\":\"https:\\\/\\\/2017.carnico.it\\\/blog\\\/2017\\\/06\\\/27\\\/bocca-al-lupo-christopher\\\/#breadcrumb\"},\"inLanguage\":\"it-IT\",\"potentialAction\":[{\"@type\":\"ReadAction\",\"target\":[\"https:\\\/\\\/2017.carnico.it\\\/blog\\\/2017\\\/06\\\/27\\\/bocca-al-lupo-christopher\\\/\"]}]},{\"@type\":\"ImageObject\",\"inLanguage\":\"it-IT\",\"@id\":\"https:\\\/\\\/2017.carnico.it\\\/blog\\\/2017\\\/06\\\/27\\\/bocca-al-lupo-christopher\\\/#primaryimage\",\"url\":\"https:\\\/\\\/www.carnico.it\\\/blog\\\/wp-content\\\/uploads\\\/2017\\\/06\\\/de-caneva.jpg\",\"contentUrl\":\"https:\\\/\\\/www.carnico.it\\\/blog\\\/wp-content\\\/uploads\\\/2017\\\/06\\\/de-caneva.jpg\"},{\"@type\":\"BreadcrumbList\",\"@id\":\"https:\\\/\\\/2017.carnico.it\\\/blog\\\/2017\\\/06\\\/27\\\/bocca-al-lupo-christopher\\\/#breadcrumb\",\"itemListElement\":[{\"@type\":\"ListItem\",\"position\":1,\"name\":\"Home\",\"item\":\"https:\\\/\\\/2017.carnico.it\\\/blog\\\/\"},{\"@type\":\"ListItem\",\"position\":2,\"name\":\"IN BOCCA AL LUPO, CHRISTOPHER\"}]},{\"@type\":\"WebSite\",\"@id\":\"https:\\\/\\\/2017.carnico.it\\\/blog\\\/#website\",\"url\":\"https:\\\/\\\/2017.carnico.it\\\/blog\\\/\",\"name\":\"Campionato Carnico 2017\",\"description\":\"Notizie e aggiornamenti in tempo reale sul campionato Carnico\",\"potentialAction\":[{\"@type\":\"SearchAction\",\"target\":{\"@type\":\"EntryPoint\",\"urlTemplate\":\"https:\\\/\\\/2017.carnico.it\\\/blog\\\/?s={search_term_string}\"},\"query-input\":{\"@type\":\"PropertyValueSpecification\",\"valueRequired\":true,\"valueName\":\"search_term_string\"}}],\"inLanguage\":\"it-IT\"},{\"@type\":\"Person\",\"@id\":\"https:\\\/\\\/2017.carnico.it\\\/blog\\\/#\\\/schema\\\/person\\\/a68c764693d96df3238f123ea014e78c\",\"name\":\"Redazione\",\"image\":{\"@type\":\"ImageObject\",\"inLanguage\":\"it-IT\",\"@id\":\"https:\\\/\\\/secure.gravatar.com\\\/avatar\\\/6c05bd4dddbea475e283f76b4aa2d778ecb35c06fd92df5f6e0cac552163e2ac?s=96&d=mm&r=g\",\"url\":\"https:\\\/\\\/secure.gravatar.com\\\/avatar\\\/6c05bd4dddbea475e283f76b4aa2d778ecb35c06fd92df5f6e0cac552163e2ac?s=96&d=mm&r=g\",\"contentUrl\":\"https:\\\/\\\/secure.gravatar.com\\\/avatar\\\/6c05bd4dddbea475e283f76b4aa2d778ecb35c06fd92df5f6e0cac552163e2ac?s=96&d=mm&r=g\",\"caption\":\"Redazione\"},\"url\":\"https:\\\/\\\/2017.carnico.it\\\/blog\\\/author\\\/clyco-admin\\\/\"}]}<\/script>\n<!-- \/ Yoast SEO plugin. -->","yoast_head_json":{"title":"IN BOCCA AL LUPO, CHRISTOPHER - Campionato Carnico 2017","robots":{"index":"index","follow":"follow","max-snippet":"max-snippet:-1","max-image-preview":"max-image-preview:large","max-video-preview":"max-video-preview:-1"},"canonical":"https:\/\/2017.carnico.it\/blog\/2017\/06\/27\/bocca-al-lupo-christopher\/","og_locale":"it_IT","og_type":"article","og_title":"IN BOCCA AL LUPO, CHRISTOPHER - Campionato Carnico 2017","og_description":"Nei giorni scorsi, Christopher De Caneva, promettente attaccante della formazione juniores del Villa \u00e8 stato ricoverato in terapia intensiva dopo un incidente con la moto. Per fortuna le sue condizioni non sono gravi; ci sono solo da valutare alcune complicazioni legate alla milza e per questo il ragazzo viene monitorato, ma per il resto \u00e8 [&hellip;]","og_url":"https:\/\/2017.carnico.it\/blog\/2017\/06\/27\/bocca-al-lupo-christopher\/","og_site_name":"Campionato Carnico 2017","article_publisher":"https:\/\/www.facebook.com\/campionatocarnico\/","article_published_time":"2017-06-27T12:42:11+00:00","article_modified_time":"2017-06-27T12:46:58+00:00","og_image":[{"url":"https:\/\/www.carnico.it\/blog\/wp-content\/uploads\/2017\/06\/de-caneva.jpg","type":"","width":"","height":""}],"author":"Redazione","twitter_card":"summary_large_image","twitter_misc":{"Scritto da":"Redazione","Tempo di lettura stimato":"1 minuto"},"schema":{"@context":"https:\/\/schema.org","@graph":[{"@type":"Article","@id":"https:\/\/2017.carnico.it\/blog\/2017\/06\/27\/bocca-al-lupo-christopher\/#article","isPartOf":{"@id":"https:\/\/2017.carnico.it\/blog\/2017\/06\/27\/bocca-al-lupo-christopher\/"},"author":{"name":"Redazione","@id":"https:\/\/2017.carnico.it\/blog\/#\/schema\/person\/a68c764693d96df3238f123ea014e78c"},"headline":"IN BOCCA AL LUPO, CHRISTOPHER","datePublished":"2017-06-27T12:42:11+00:00","dateModified":"2017-06-27T12:46:58+00:00","mainEntityOfPage":{"@id":"https:\/\/2017.carnico.it\/blog\/2017\/06\/27\/bocca-al-lupo-christopher\/"},"wordCount":212,"commentCount":3,"image":{"@id":"https:\/\/2017.carnico.it\/blog\/2017\/06\/27\/bocca-al-lupo-christopher\/#primaryimage"},"thumbnailUrl":"https:\/\/www.carnico.it\/blog\/wp-content\/uploads\/2017\/06\/de-caneva.jpg","articleSection":["Varie"],"inLanguage":"it-IT","potentialAction":[{"@type":"CommentAction","name":"Comment","target":["https:\/\/2017.carnico.it\/blog\/2017\/06\/27\/bocca-al-lupo-christopher\/#respond"]}]},{"@type":"WebPage","@id":"https:\/\/2017.carnico.it\/blog\/2017\/06\/27\/bocca-al-lupo-christopher\/","url":"https:\/\/2017.carnico.it\/blog\/2017\/06\/27\/bocca-al-lupo-christopher\/","name":"IN BOCCA AL LUPO, CHRISTOPHER - Campionato Carnico 2017","isPartOf":{"@id":"https:\/\/2017.carnico.it\/blog\/#website"},"primaryImageOfPage":{"@id":"https:\/\/2017.carnico.it\/blog\/2017\/06\/27\/bocca-al-lupo-christopher\/#primaryimage"},"image":{"@id":"https:\/\/2017.carnico.it\/blog\/2017\/06\/27\/bocca-al-lupo-christopher\/#primaryimage"},"thumbnailUrl":"https:\/\/www.carnico.it\/blog\/wp-content\/uploads\/2017\/06\/de-caneva.jpg","datePublished":"2017-06-27T12:42:11+00:00","dateModified":"2017-06-27T12:46:58+00:00","author":{"@id":"https:\/\/2017.carnico.it\/blog\/#\/schema\/person\/a68c764693d96df3238f123ea014e78c"},"breadcrumb":{"@id":"https:\/\/2017.carnico.it\/blog\/2017\/06\/27\/bocca-al-lupo-christopher\/#breadcrumb"},"inLanguage":"it-IT","potentialAction":[{"@type":"ReadAction","target":["https:\/\/2017.carnico.it\/blog\/2017\/06\/27\/bocca-al-lupo-christopher\/"]}]},{"@type":"ImageObject","inLanguage":"it-IT","@id":"https:\/\/2017.carnico.it\/blog\/2017\/06\/27\/bocca-al-lupo-christopher\/#primaryimage","url":"https:\/\/www.carnico.it\/blog\/wp-content\/uploads\/2017\/06\/de-caneva.jpg","contentUrl":"https:\/\/www.carnico.it\/blog\/wp-content\/uploads\/2017\/06\/de-caneva.jpg"},{"@type":"BreadcrumbList","@id":"https:\/\/2017.carnico.it\/blog\/2017\/06\/27\/bocca-al-lupo-christopher\/#breadcrumb","itemListElement":[{"@type":"ListItem","position":1,"name":"Home","item":"https:\/\/2017.carnico.it\/blog\/"},{"@type":"ListItem","position":2,"name":"IN BOCCA AL LUPO, CHRISTOPHER"}]},{"@type":"WebSite","@id":"https:\/\/2017.carnico.it\/blog\/#website","url":"https:\/\/2017.carnico.it\/blog\/","name":"Campionato Carnico 2017","description":"Notizie e aggiornamenti in tempo reale sul campionato Carnico","potentialAction":[{"@type":"SearchAction","target":{"@type":"EntryPoint","urlTemplate":"https:\/\/2017.carnico.it\/blog\/?s={search_term_string}"},"query-input":{"@type":"PropertyValueSpecification","valueRequired":true,"valueName":"search_term_string"}}],"inLanguage":"it-IT"},{"@type":"Person","@id":"https:\/\/2017.carnico.it\/blog\/#\/schema\/person\/a68c764693d96df3238f123ea014e78c","name":"Redazione","image":{"@type":"ImageObject","inLanguage":"it-IT","@id":"https:\/\/secure.gravatar.com\/avatar\/6c05bd4dddbea475e283f76b4aa2d778ecb35c06fd92df5f6e0cac552163e2ac?s=96&d=mm&r=g","url":"https:\/\/secure.gravatar.com\/avatar\/6c05bd4dddbea475e283f76b4aa2d778ecb35c06fd92df5f6e0cac552163e2ac?s=96&d=mm&r=g","contentUrl":"https:\/\/secure.gravatar.com\/avatar\/6c05bd4dddbea475e283f76b4aa2d778ecb35c06fd92df5f6e0cac552163e2ac?s=96&d=mm&r=g","caption":"Redazione"},"url":"https:\/\/2017.carnico.it\/blog\/author\/clyco-admin\/"}]}},"_links":{"self":[{"href":"https:\/\/2017.carnico.it\/blog\/wp-json\/wp\/v2\/posts\/16845","targetHints":{"allow":["GET"]}}],"collection":[{"href":"https:\/\/2017.carnico.it\/blog\/wp-json\/wp\/v2\/posts"}],"about":[{"href":"https:\/\/2017.carnico.it\/blog\/wp-json\/wp\/v2\/types\/post"}],"author":[{"embeddable":true,"href":"https:\/\/2017.carnico.it\/blog\/wp-json\/wp\/v2\/users\/10"}],"replies":[{"embeddable":true,"href":"https:\/\/2017.carnico.it\/blog\/wp-json\/wp\/v2\/comments?post=16845"}],"version-history":[{"count":5,"href":"https:\/\/2017.carnico.it\/blog\/wp-json\/wp\/v2\/posts\/16845\/revisions"}],"predecessor-version":[{"id":16854,"href":"https:\/\/2017.carnico.it\/blog\/wp-json\/wp\/v2\/posts\/16845\/revisions\/16854"}],"wp:attachment":[{"href":"https:\/\/2017.carnico.it\/blog\/wp-json\/wp\/v2\/media?parent=16845"}],"wp:term":[{"taxonomy":"category","embeddable":true,"href":"https:\/\/2017.carnico.it\/blog\/wp-json\/wp\/v2\/categories?post=16845"},{"taxonomy":"post_tag","embeddable":true,"href":"https:\/\/2017.carnico.it\/blog\/wp-json\/wp\/v2\/tags?post=16845"}],"curies":[{"name":"wp","href":"https:\/\/api.w.org\/{rel}","templated":true}]}}