{"id":16561,"date":"2017-06-04T21:04:51","date_gmt":"2017-06-04T19:04:51","guid":{"rendered":"http:\/\/www.carnico.it\/blog\/?p=16561"},"modified":"2017-06-05T08:53:29","modified_gmt":"2017-06-05T06:53:29","slug":"alludinese-giovanissimi-torneo-parco-delle-colline-carniche","status":"publish","type":"post","link":"https:\/\/2017.carnico.it\/blog\/2017\/06\/04\/alludinese-giovanissimi-torneo-parco-delle-colline-carniche\/","title":{"rendered":"ALL&#8217;UDINESE GIOVANISSIMI IL TORNEO PARCO DELLE COLLINE CARNICHE"},"content":{"rendered":"<p><a href=\"https:\/\/www.carnico.it\/blog\/wp-content\/uploads\/2017\/06\/Udinese-1.jpg\"><img loading=\"lazy\" decoding=\"async\" class=\"alignright size-medium wp-image-16562\" src=\"https:\/\/www.carnico.it\/blog\/wp-content\/uploads\/2017\/06\/Udinese-1-300x178.jpg\" alt=\"\" width=\"300\" height=\"178\" srcset=\"https:\/\/2017.carnico.it\/blog\/wp-content\/uploads\/2017\/06\/Udinese-1-300x178.jpg 300w, https:\/\/2017.carnico.it\/blog\/wp-content\/uploads\/2017\/06\/Udinese-1-450x267.jpg 450w, https:\/\/2017.carnico.it\/blog\/wp-content\/uploads\/2017\/06\/Udinese-1-630x374.jpg 630w, https:\/\/2017.carnico.it\/blog\/wp-content\/uploads\/2017\/06\/Udinese-1.jpg 2016w\" sizes=\"auto, (max-width: 300px) 100vw, 300px\" \/><\/a> A distanza di 7 anni, l&#8217;<strong>Udinese <\/strong>riconquista il titolo dei<strong> Giovanissimi<\/strong> nella nona edizione del<strong> Torneo Parco delle Colline Carniche.<\/strong><br \/>\nNella finale disputata al Campo dei Pini di Villa Santina i ragazzi di Raffaele Ametrano si sono imposti ai rigori sull&#8217;ottimo <strong>Pordenone<\/strong> con il punteggio di 4-2, dopo che due tempi regolamentari da 25&#8242; ciascuno si erano chiusi sullo 0-0.<\/p>\n<p><!--more-->Partita bella e divertente nonostante il terreno di gioco pesante a causa dell&#8217;abbondante pioggia caduta nell&#8217;ora precedente, tanto da indurre la terna arbitrale a posticipare il fischio d&#8217;inizio di 15 minuti. Il via libera \u00e8 arrivato dopo due sopralluoghi, poi ci ha pensato l&#8217;ottimo drenaggio a rendere il campo sportivo praticabile.<\/p>\n<p><strong>IL TABELLINO DELLA FINALE<\/strong><\/p>\n<p><strong>UDINESE: <\/strong>Adiletta, Cucchiaro, Derossi (Del Fabro), Rigo, De Clara, Tassotti, Bianco, Cum, Agnoletti, Michelutto (Bassi), Palumbo. All. Raffaele Ametrano.<br \/>\n<strong>PORDENONE<\/strong>: De Toffol, Sandoletti, Capraro, Banse, Antoniazzi, Zilli (Mandato), Sanzovo, Secli, Trentin, Tomasi, Puppo. All. Stefano Daniel.<br \/>\n<strong>ARBITRO:\u00a0<\/strong>Puntel di Tolmezzo.<\/p>\n<p><a href=\"https:\/\/www.carnico.it\/blog\/wp-content\/uploads\/2017\/06\/Udinese-Pordenone-2.jpg\"><img loading=\"lazy\" decoding=\"async\" class=\"alignleft size-medium wp-image-16563\" src=\"https:\/\/www.carnico.it\/blog\/wp-content\/uploads\/2017\/06\/Udinese-Pordenone-2-300x200.jpg\" alt=\"\" width=\"300\" height=\"200\" srcset=\"https:\/\/2017.carnico.it\/blog\/wp-content\/uploads\/2017\/06\/Udinese-Pordenone-2-300x200.jpg 300w, https:\/\/2017.carnico.it\/blog\/wp-content\/uploads\/2017\/06\/Udinese-Pordenone-2-450x300.jpg 450w, https:\/\/2017.carnico.it\/blog\/wp-content\/uploads\/2017\/06\/Udinese-Pordenone-2-630x420.jpg 630w, https:\/\/2017.carnico.it\/blog\/wp-content\/uploads\/2017\/06\/Udinese-Pordenone-2.jpg 902w\" sizes=\"auto, (max-width: 300px) 100vw, 300px\" \/><\/a>In mattinata a <strong>Raveo, Lauco, Enemonzo e Ampezzo<\/strong> si era disputata la terza e ultima giornata della fase a gironi, con l&#8217;Udinese vincitrice 5-0 nel derby con l&#8217;Ancona, mentre il Pordenone, sconfitta nella partita inaugurale dal Tricesimo, trovava la finale grazie al successo di misura sul Lumezzane.<br \/>\nNel pomeriggio le quattro finali, anticipate dall&#8217;esibizione di <strong>7 gruppi corali folkloristici appartenenti al GFF (Gruppi Folkloristici FVG)<\/strong>, presenti a Villa Santina in occasione del tradizionale appuntamento di apertura della stagione, e dall&#8217;intervento di<strong> Onorino Brovedan dell&#8217;ADMO<\/strong> (Associazione Donatori Midollo Osseo) Alto Friuli.<\/p>\n<p>In terza posizione si \u00e8 piazzato il <strong>Lumezzane<\/strong>, che con un gol all&#8217;ultimo secondo di Raccagni batte 2-1 i sardi del <strong>Simba.\u00a0<\/strong><br \/>\nQuinto posto per l&#8217;<strong>Ancona Udine<\/strong>, vittoriosa ai rigori sui croati del <strong>NK Istra<\/strong> dopo l&#8217;0-0 al 40&#8242;.<br \/>\nAnche la finale settimo\/ottavo posto si \u00e8 decisa dal dischetto, con il <strong>Feralp\u00ecsal\u00f2<\/strong> ad imporsi sul <strong>Tricesimo<\/strong> dopo l&#8217;1-1 dei termine dei tempi regolamentari.<\/p>\n<p>Presenti alla premiazione l&#8217;assessore regionale <strong>Mariagrazia Santoro<\/strong>, il sindaco di Villa Santina <strong>Romano Polonia <\/strong>e l&#8217;assessore comunale allo Sport<strong>\u00a0Marco Masieri<\/strong>, la vicepresidente della FIGC regionale <strong>Flavia Danelutti, <\/strong>il presidente della sezione AIA di Tolmezzo <strong>Nicola Forgiarini,<\/strong> il presidente dell&#8217;US Villa<strong> Enzo Dorigo <\/strong>e l&#8217;assessore comunale di Lauco<strong> Nereo Dario.<\/strong><\/p>\n<p>Anche l&#8217;edizione 2017 ha visto come principali artefici il responsabile organizzativo\u00a0<strong>Stefano Mecchia\u00a0<\/strong>e quello tecnico\u00a0<strong>Francesco Sciusco.<br \/>\n<\/strong>La manifestazione vede la collaborazione dei comuni di Villa Santina, Enemonzo, Lauco, Raveo e Ampezzo e delle societ\u00e0 calcistiche Villa, Edera, Lauco e Ampezzo, oltre che di Pro Loco Villa Santina, FIGC Tolmezzo, AIAC sezione Carnia, AIA di Tolmezzo, AIC, Coni e Sportland, con il patrocinio della Regione Friuli Venezia Giulia e di Federparchi.<strong><br \/>\n<\/strong><br \/>\nIl calendario completo, video e altre informazioni sul sito<a href=\"http:\/\/www.torneocollinecarniche.it\">\u00a0<strong>www.torneocollinecarniche.it<\/strong><\/a>.<\/p>\n","protected":false},"excerpt":{"rendered":"<p>A distanza di 7 anni, l&#8217;Udinese riconquista il titolo dei Giovanissimi nella nona edizione del Torneo Parco delle Colline Carniche. Nella finale disputata al Campo dei Pini di Villa Santina i ragazzi di Raffaele Ametrano si sono imposti ai rigori sull&#8217;ottimo Pordenone con il punteggio di 4-2, dopo che due tempi regolamentari da 25&#8242; ciascuno [&hellip;]<\/p>\n","protected":false},"author":10,"featured_media":0,"comment_status":"open","ping_status":"closed","sticky":false,"template":"","format":"standard","meta":{"footnotes":""},"categories":[5],"tags":[17,30],"class_list":["post-16561","post","type-post","status-publish","format-standard","hentry","category-varie","tag-giovanissimi","tag-udinese"],"yoast_head":"<!-- This site is optimized with the Yoast SEO plugin v27.3 - https:\/\/yoast.com\/product\/yoast-seo-wordpress\/ -->\n<title>ALL&#039;UDINESE GIOVANISSIMI IL TORNEO PARCO DELLE COLLINE CARNICHE - Campionato Carnico 2017<\/title>\n<meta name=\"robots\" content=\"index, follow, max-snippet:-1, max-image-preview:large, max-video-preview:-1\" \/>\n<link rel=\"canonical\" href=\"https:\/\/2017.carnico.it\/blog\/2017\/06\/04\/alludinese-giovanissimi-torneo-parco-delle-colline-carniche\/\" \/>\n<meta property=\"og:locale\" content=\"it_IT\" \/>\n<meta property=\"og:type\" content=\"article\" \/>\n<meta property=\"og:title\" content=\"ALL&#039;UDINESE GIOVANISSIMI IL TORNEO PARCO DELLE COLLINE CARNICHE - Campionato Carnico 2017\" \/>\n<meta property=\"og:description\" content=\"A distanza di 7 anni, l&#8217;Udinese riconquista il titolo dei Giovanissimi nella nona edizione del Torneo Parco delle Colline Carniche. Nella finale disputata al Campo dei Pini di Villa Santina i ragazzi di Raffaele Ametrano si sono imposti ai rigori sull&#8217;ottimo Pordenone con il punteggio di 4-2, dopo che due tempi regolamentari da 25&#8242; ciascuno [&hellip;]\" \/>\n<meta property=\"og:url\" content=\"https:\/\/2017.carnico.it\/blog\/2017\/06\/04\/alludinese-giovanissimi-torneo-parco-delle-colline-carniche\/\" \/>\n<meta property=\"og:site_name\" content=\"Campionato Carnico 2017\" \/>\n<meta property=\"article:publisher\" content=\"https:\/\/www.facebook.com\/campionatocarnico\/\" \/>\n<meta property=\"article:published_time\" content=\"2017-06-04T19:04:51+00:00\" \/>\n<meta property=\"article:modified_time\" content=\"2017-06-05T06:53:29+00:00\" \/>\n<meta property=\"og:image\" content=\"https:\/\/www.carnico.it\/blog\/wp-content\/uploads\/2017\/06\/Udinese-1-300x178.jpg\" \/>\n<meta name=\"author\" content=\"Redazione\" \/>\n<meta name=\"twitter:card\" content=\"summary_large_image\" \/>\n<meta name=\"twitter:label1\" content=\"Scritto da\" \/>\n\t<meta name=\"twitter:data1\" content=\"Redazione\" \/>\n\t<meta name=\"twitter:label2\" content=\"Tempo di lettura stimato\" \/>\n\t<meta name=\"twitter:data2\" content=\"2 minuti\" \/>\n<script type=\"application\/ld+json\" class=\"yoast-schema-graph\">{\"@context\":\"https:\\\/\\\/schema.org\",\"@graph\":[{\"@type\":\"Article\",\"@id\":\"https:\\\/\\\/2017.carnico.it\\\/blog\\\/2017\\\/06\\\/04\\\/alludinese-giovanissimi-torneo-parco-delle-colline-carniche\\\/#article\",\"isPartOf\":{\"@id\":\"https:\\\/\\\/2017.carnico.it\\\/blog\\\/2017\\\/06\\\/04\\\/alludinese-giovanissimi-torneo-parco-delle-colline-carniche\\\/\"},\"author\":{\"name\":\"Redazione\",\"@id\":\"https:\\\/\\\/2017.carnico.it\\\/blog\\\/#\\\/schema\\\/person\\\/a68c764693d96df3238f123ea014e78c\"},\"headline\":\"ALL&#8217;UDINESE GIOVANISSIMI IL TORNEO PARCO DELLE COLLINE CARNICHE\",\"datePublished\":\"2017-06-04T19:04:51+00:00\",\"dateModified\":\"2017-06-05T06:53:29+00:00\",\"mainEntityOfPage\":{\"@id\":\"https:\\\/\\\/2017.carnico.it\\\/blog\\\/2017\\\/06\\\/04\\\/alludinese-giovanissimi-torneo-parco-delle-colline-carniche\\\/\"},\"wordCount\":464,\"commentCount\":0,\"image\":{\"@id\":\"https:\\\/\\\/2017.carnico.it\\\/blog\\\/2017\\\/06\\\/04\\\/alludinese-giovanissimi-torneo-parco-delle-colline-carniche\\\/#primaryimage\"},\"thumbnailUrl\":\"https:\\\/\\\/www.carnico.it\\\/blog\\\/wp-content\\\/uploads\\\/2017\\\/06\\\/Udinese-1-300x178.jpg\",\"keywords\":[\"Giovanissimi\",\"Udinese\"],\"articleSection\":[\"Varie\"],\"inLanguage\":\"it-IT\",\"potentialAction\":[{\"@type\":\"CommentAction\",\"name\":\"Comment\",\"target\":[\"https:\\\/\\\/2017.carnico.it\\\/blog\\\/2017\\\/06\\\/04\\\/alludinese-giovanissimi-torneo-parco-delle-colline-carniche\\\/#respond\"]}]},{\"@type\":\"WebPage\",\"@id\":\"https:\\\/\\\/2017.carnico.it\\\/blog\\\/2017\\\/06\\\/04\\\/alludinese-giovanissimi-torneo-parco-delle-colline-carniche\\\/\",\"url\":\"https:\\\/\\\/2017.carnico.it\\\/blog\\\/2017\\\/06\\\/04\\\/alludinese-giovanissimi-torneo-parco-delle-colline-carniche\\\/\",\"name\":\"ALL'UDINESE GIOVANISSIMI IL TORNEO PARCO DELLE COLLINE CARNICHE - Campionato Carnico 2017\",\"isPartOf\":{\"@id\":\"https:\\\/\\\/2017.carnico.it\\\/blog\\\/#website\"},\"primaryImageOfPage\":{\"@id\":\"https:\\\/\\\/2017.carnico.it\\\/blog\\\/2017\\\/06\\\/04\\\/alludinese-giovanissimi-torneo-parco-delle-colline-carniche\\\/#primaryimage\"},\"image\":{\"@id\":\"https:\\\/\\\/2017.carnico.it\\\/blog\\\/2017\\\/06\\\/04\\\/alludinese-giovanissimi-torneo-parco-delle-colline-carniche\\\/#primaryimage\"},\"thumbnailUrl\":\"https:\\\/\\\/www.carnico.it\\\/blog\\\/wp-content\\\/uploads\\\/2017\\\/06\\\/Udinese-1-300x178.jpg\",\"datePublished\":\"2017-06-04T19:04:51+00:00\",\"dateModified\":\"2017-06-05T06:53:29+00:00\",\"author\":{\"@id\":\"https:\\\/\\\/2017.carnico.it\\\/blog\\\/#\\\/schema\\\/person\\\/a68c764693d96df3238f123ea014e78c\"},\"breadcrumb\":{\"@id\":\"https:\\\/\\\/2017.carnico.it\\\/blog\\\/2017\\\/06\\\/04\\\/alludinese-giovanissimi-torneo-parco-delle-colline-carniche\\\/#breadcrumb\"},\"inLanguage\":\"it-IT\",\"potentialAction\":[{\"@type\":\"ReadAction\",\"target\":[\"https:\\\/\\\/2017.carnico.it\\\/blog\\\/2017\\\/06\\\/04\\\/alludinese-giovanissimi-torneo-parco-delle-colline-carniche\\\/\"]}]},{\"@type\":\"ImageObject\",\"inLanguage\":\"it-IT\",\"@id\":\"https:\\\/\\\/2017.carnico.it\\\/blog\\\/2017\\\/06\\\/04\\\/alludinese-giovanissimi-torneo-parco-delle-colline-carniche\\\/#primaryimage\",\"url\":\"https:\\\/\\\/www.carnico.it\\\/blog\\\/wp-content\\\/uploads\\\/2017\\\/06\\\/Udinese-1-300x178.jpg\",\"contentUrl\":\"https:\\\/\\\/www.carnico.it\\\/blog\\\/wp-content\\\/uploads\\\/2017\\\/06\\\/Udinese-1-300x178.jpg\"},{\"@type\":\"BreadcrumbList\",\"@id\":\"https:\\\/\\\/2017.carnico.it\\\/blog\\\/2017\\\/06\\\/04\\\/alludinese-giovanissimi-torneo-parco-delle-colline-carniche\\\/#breadcrumb\",\"itemListElement\":[{\"@type\":\"ListItem\",\"position\":1,\"name\":\"Home\",\"item\":\"https:\\\/\\\/2017.carnico.it\\\/blog\\\/\"},{\"@type\":\"ListItem\",\"position\":2,\"name\":\"ALL&#8217;UDINESE GIOVANISSIMI IL TORNEO PARCO DELLE COLLINE CARNICHE\"}]},{\"@type\":\"WebSite\",\"@id\":\"https:\\\/\\\/2017.carnico.it\\\/blog\\\/#website\",\"url\":\"https:\\\/\\\/2017.carnico.it\\\/blog\\\/\",\"name\":\"Campionato Carnico 2017\",\"description\":\"Notizie e aggiornamenti in tempo reale sul campionato Carnico\",\"potentialAction\":[{\"@type\":\"SearchAction\",\"target\":{\"@type\":\"EntryPoint\",\"urlTemplate\":\"https:\\\/\\\/2017.carnico.it\\\/blog\\\/?s={search_term_string}\"},\"query-input\":{\"@type\":\"PropertyValueSpecification\",\"valueRequired\":true,\"valueName\":\"search_term_string\"}}],\"inLanguage\":\"it-IT\"},{\"@type\":\"Person\",\"@id\":\"https:\\\/\\\/2017.carnico.it\\\/blog\\\/#\\\/schema\\\/person\\\/a68c764693d96df3238f123ea014e78c\",\"name\":\"Redazione\",\"image\":{\"@type\":\"ImageObject\",\"inLanguage\":\"it-IT\",\"@id\":\"https:\\\/\\\/secure.gravatar.com\\\/avatar\\\/6c05bd4dddbea475e283f76b4aa2d778ecb35c06fd92df5f6e0cac552163e2ac?s=96&d=mm&r=g\",\"url\":\"https:\\\/\\\/secure.gravatar.com\\\/avatar\\\/6c05bd4dddbea475e283f76b4aa2d778ecb35c06fd92df5f6e0cac552163e2ac?s=96&d=mm&r=g\",\"contentUrl\":\"https:\\\/\\\/secure.gravatar.com\\\/avatar\\\/6c05bd4dddbea475e283f76b4aa2d778ecb35c06fd92df5f6e0cac552163e2ac?s=96&d=mm&r=g\",\"caption\":\"Redazione\"},\"url\":\"https:\\\/\\\/2017.carnico.it\\\/blog\\\/author\\\/clyco-admin\\\/\"}]}<\/script>\n<!-- \/ Yoast SEO plugin. -->","yoast_head_json":{"title":"ALL'UDINESE GIOVANISSIMI IL TORNEO PARCO DELLE COLLINE CARNICHE - Campionato Carnico 2017","robots":{"index":"index","follow":"follow","max-snippet":"max-snippet:-1","max-image-preview":"max-image-preview:large","max-video-preview":"max-video-preview:-1"},"canonical":"https:\/\/2017.carnico.it\/blog\/2017\/06\/04\/alludinese-giovanissimi-torneo-parco-delle-colline-carniche\/","og_locale":"it_IT","og_type":"article","og_title":"ALL'UDINESE GIOVANISSIMI IL TORNEO PARCO DELLE COLLINE CARNICHE - Campionato Carnico 2017","og_description":"A distanza di 7 anni, l&#8217;Udinese riconquista il titolo dei Giovanissimi nella nona edizione del Torneo Parco delle Colline Carniche. Nella finale disputata al Campo dei Pini di Villa Santina i ragazzi di Raffaele Ametrano si sono imposti ai rigori sull&#8217;ottimo Pordenone con il punteggio di 4-2, dopo che due tempi regolamentari da 25&#8242; ciascuno [&hellip;]","og_url":"https:\/\/2017.carnico.it\/blog\/2017\/06\/04\/alludinese-giovanissimi-torneo-parco-delle-colline-carniche\/","og_site_name":"Campionato Carnico 2017","article_publisher":"https:\/\/www.facebook.com\/campionatocarnico\/","article_published_time":"2017-06-04T19:04:51+00:00","article_modified_time":"2017-06-05T06:53:29+00:00","og_image":[{"url":"https:\/\/www.carnico.it\/blog\/wp-content\/uploads\/2017\/06\/Udinese-1-300x178.jpg","type":"","width":"","height":""}],"author":"Redazione","twitter_card":"summary_large_image","twitter_misc":{"Scritto da":"Redazione","Tempo di lettura stimato":"2 minuti"},"schema":{"@context":"https:\/\/schema.org","@graph":[{"@type":"Article","@id":"https:\/\/2017.carnico.it\/blog\/2017\/06\/04\/alludinese-giovanissimi-torneo-parco-delle-colline-carniche\/#article","isPartOf":{"@id":"https:\/\/2017.carnico.it\/blog\/2017\/06\/04\/alludinese-giovanissimi-torneo-parco-delle-colline-carniche\/"},"author":{"name":"Redazione","@id":"https:\/\/2017.carnico.it\/blog\/#\/schema\/person\/a68c764693d96df3238f123ea014e78c"},"headline":"ALL&#8217;UDINESE GIOVANISSIMI IL TORNEO PARCO DELLE COLLINE CARNICHE","datePublished":"2017-06-04T19:04:51+00:00","dateModified":"2017-06-05T06:53:29+00:00","mainEntityOfPage":{"@id":"https:\/\/2017.carnico.it\/blog\/2017\/06\/04\/alludinese-giovanissimi-torneo-parco-delle-colline-carniche\/"},"wordCount":464,"commentCount":0,"image":{"@id":"https:\/\/2017.carnico.it\/blog\/2017\/06\/04\/alludinese-giovanissimi-torneo-parco-delle-colline-carniche\/#primaryimage"},"thumbnailUrl":"https:\/\/www.carnico.it\/blog\/wp-content\/uploads\/2017\/06\/Udinese-1-300x178.jpg","keywords":["Giovanissimi","Udinese"],"articleSection":["Varie"],"inLanguage":"it-IT","potentialAction":[{"@type":"CommentAction","name":"Comment","target":["https:\/\/2017.carnico.it\/blog\/2017\/06\/04\/alludinese-giovanissimi-torneo-parco-delle-colline-carniche\/#respond"]}]},{"@type":"WebPage","@id":"https:\/\/2017.carnico.it\/blog\/2017\/06\/04\/alludinese-giovanissimi-torneo-parco-delle-colline-carniche\/","url":"https:\/\/2017.carnico.it\/blog\/2017\/06\/04\/alludinese-giovanissimi-torneo-parco-delle-colline-carniche\/","name":"ALL'UDINESE GIOVANISSIMI IL TORNEO PARCO DELLE COLLINE CARNICHE - Campionato Carnico 2017","isPartOf":{"@id":"https:\/\/2017.carnico.it\/blog\/#website"},"primaryImageOfPage":{"@id":"https:\/\/2017.carnico.it\/blog\/2017\/06\/04\/alludinese-giovanissimi-torneo-parco-delle-colline-carniche\/#primaryimage"},"image":{"@id":"https:\/\/2017.carnico.it\/blog\/2017\/06\/04\/alludinese-giovanissimi-torneo-parco-delle-colline-carniche\/#primaryimage"},"thumbnailUrl":"https:\/\/www.carnico.it\/blog\/wp-content\/uploads\/2017\/06\/Udinese-1-300x178.jpg","datePublished":"2017-06-04T19:04:51+00:00","dateModified":"2017-06-05T06:53:29+00:00","author":{"@id":"https:\/\/2017.carnico.it\/blog\/#\/schema\/person\/a68c764693d96df3238f123ea014e78c"},"breadcrumb":{"@id":"https:\/\/2017.carnico.it\/blog\/2017\/06\/04\/alludinese-giovanissimi-torneo-parco-delle-colline-carniche\/#breadcrumb"},"inLanguage":"it-IT","potentialAction":[{"@type":"ReadAction","target":["https:\/\/2017.carnico.it\/blog\/2017\/06\/04\/alludinese-giovanissimi-torneo-parco-delle-colline-carniche\/"]}]},{"@type":"ImageObject","inLanguage":"it-IT","@id":"https:\/\/2017.carnico.it\/blog\/2017\/06\/04\/alludinese-giovanissimi-torneo-parco-delle-colline-carniche\/#primaryimage","url":"https:\/\/www.carnico.it\/blog\/wp-content\/uploads\/2017\/06\/Udinese-1-300x178.jpg","contentUrl":"https:\/\/www.carnico.it\/blog\/wp-content\/uploads\/2017\/06\/Udinese-1-300x178.jpg"},{"@type":"BreadcrumbList","@id":"https:\/\/2017.carnico.it\/blog\/2017\/06\/04\/alludinese-giovanissimi-torneo-parco-delle-colline-carniche\/#breadcrumb","itemListElement":[{"@type":"ListItem","position":1,"name":"Home","item":"https:\/\/2017.carnico.it\/blog\/"},{"@type":"ListItem","position":2,"name":"ALL&#8217;UDINESE GIOVANISSIMI IL TORNEO PARCO DELLE COLLINE CARNICHE"}]},{"@type":"WebSite","@id":"https:\/\/2017.carnico.it\/blog\/#website","url":"https:\/\/2017.carnico.it\/blog\/","name":"Campionato Carnico 2017","description":"Notizie e aggiornamenti in tempo reale sul campionato Carnico","potentialAction":[{"@type":"SearchAction","target":{"@type":"EntryPoint","urlTemplate":"https:\/\/2017.carnico.it\/blog\/?s={search_term_string}"},"query-input":{"@type":"PropertyValueSpecification","valueRequired":true,"valueName":"search_term_string"}}],"inLanguage":"it-IT"},{"@type":"Person","@id":"https:\/\/2017.carnico.it\/blog\/#\/schema\/person\/a68c764693d96df3238f123ea014e78c","name":"Redazione","image":{"@type":"ImageObject","inLanguage":"it-IT","@id":"https:\/\/secure.gravatar.com\/avatar\/6c05bd4dddbea475e283f76b4aa2d778ecb35c06fd92df5f6e0cac552163e2ac?s=96&d=mm&r=g","url":"https:\/\/secure.gravatar.com\/avatar\/6c05bd4dddbea475e283f76b4aa2d778ecb35c06fd92df5f6e0cac552163e2ac?s=96&d=mm&r=g","contentUrl":"https:\/\/secure.gravatar.com\/avatar\/6c05bd4dddbea475e283f76b4aa2d778ecb35c06fd92df5f6e0cac552163e2ac?s=96&d=mm&r=g","caption":"Redazione"},"url":"https:\/\/2017.carnico.it\/blog\/author\/clyco-admin\/"}]}},"_links":{"self":[{"href":"https:\/\/2017.carnico.it\/blog\/wp-json\/wp\/v2\/posts\/16561","targetHints":{"allow":["GET"]}}],"collection":[{"href":"https:\/\/2017.carnico.it\/blog\/wp-json\/wp\/v2\/posts"}],"about":[{"href":"https:\/\/2017.carnico.it\/blog\/wp-json\/wp\/v2\/types\/post"}],"author":[{"embeddable":true,"href":"https:\/\/2017.carnico.it\/blog\/wp-json\/wp\/v2\/users\/10"}],"replies":[{"embeddable":true,"href":"https:\/\/2017.carnico.it\/blog\/wp-json\/wp\/v2\/comments?post=16561"}],"version-history":[{"count":4,"href":"https:\/\/2017.carnico.it\/blog\/wp-json\/wp\/v2\/posts\/16561\/revisions"}],"predecessor-version":[{"id":16580,"href":"https:\/\/2017.carnico.it\/blog\/wp-json\/wp\/v2\/posts\/16561\/revisions\/16580"}],"wp:attachment":[{"href":"https:\/\/2017.carnico.it\/blog\/wp-json\/wp\/v2\/media?parent=16561"}],"wp:term":[{"taxonomy":"category","embeddable":true,"href":"https:\/\/2017.carnico.it\/blog\/wp-json\/wp\/v2\/categories?post=16561"},{"taxonomy":"post_tag","embeddable":true,"href":"https:\/\/2017.carnico.it\/blog\/wp-json\/wp\/v2\/tags?post=16561"}],"curies":[{"name":"wp","href":"https:\/\/api.w.org\/{rel}","templated":true}]}}