{"id":16549,"date":"2017-06-03T00:00:13","date_gmt":"2017-06-02T22:00:13","guid":{"rendered":"http:\/\/www.carnico.it\/blog\/?p=16549"},"modified":"2017-06-03T19:23:50","modified_gmt":"2017-06-03T17:23:50","slug":"torneo-parco-colline-carniche-giovanissimi-9-gol-delludinese","status":"publish","type":"post","link":"https:\/\/2017.carnico.it\/blog\/2017\/06\/03\/torneo-parco-colline-carniche-giovanissimi-9-gol-delludinese\/","title":{"rendered":"TORNEO PARCO COLLINE CARNICHE, UDINESE GIOVANISSIMI A FORZA 9"},"content":{"rendered":"<p><strong><a href=\"https:\/\/www.carnico.it\/blog\/wp-content\/uploads\/2017\/06\/Udinese.jpg\"><img loading=\"lazy\" decoding=\"async\" class=\"alignright wp-image-16550\" src=\"https:\/\/www.carnico.it\/blog\/wp-content\/uploads\/2017\/06\/Udinese-300x151.jpg\" alt=\"\" width=\"400\" height=\"201\" srcset=\"https:\/\/2017.carnico.it\/blog\/wp-content\/uploads\/2017\/06\/Udinese-300x151.jpg 300w, https:\/\/2017.carnico.it\/blog\/wp-content\/uploads\/2017\/06\/Udinese-450x227.jpg 450w, https:\/\/2017.carnico.it\/blog\/wp-content\/uploads\/2017\/06\/Udinese-630x317.jpg 630w, https:\/\/2017.carnico.it\/blog\/wp-content\/uploads\/2017\/06\/Udinese.jpg 2016w\" sizes=\"auto, (max-width: 400px) 100vw, 400px\" \/><\/a>Udinese<\/strong>\u00a0grande protagonista nella prima giornata riservata ai\u00a0<strong>Giovanissimi del Torneo Parco delle Colline Carniche<\/strong>, con partite disputate a\u00a0<strong>Lauco, Raveo, Enemonzo e Villa Santina<\/strong>.\u00a0Oggi la squadra di\u00a0<strong>Raffaele Ametrano<\/strong>\u00a0ha vinto entrambi gli incontri del\u00a0<strong>Girone A<\/strong>, segnando 9 reti e subendone solo una.<\/p>\n<p>All&#8217;esordio i bianconeri si sono imposti per 4-0 sui sardi del\u00a0<strong>Simba<\/strong>, la scuola calcio di<strong>\u00a0Gianfranco Matteoli<\/strong>, grazie alle reti di Rigo, Cum, Basso e Palumbo. Successivamente \u00e8 arrivato il 5-1 sul\u00a0<strong>Feralpisal\u00f2<\/strong>\u00a0grazie alle doppiette di Palumbo e Basso e alla singola marcatura di Agnoletti, mentre l&#8217;unica rete bresciana \u00e8 stata siglata da Beltrami.<br \/>\n<!--more--> Negli altri incontri l&#8217;<strong>Ancona Udine<\/strong>\u00a0ha prevalso 2-1 sul Feralpisal\u00f2 con i gol di Di Noto e Jaku (Manenti per la squadra avversaria) e poi \u00e8 stata sconfitta 3-1 dal Simba; sardi in rete due volte con Tuveri e una con Orro, mentre per i friulani \u00e8 andato nuovamente a segno Jaku.<\/p>\n<p>Grande equilibrio nel\u00a0<strong>Girone B<\/strong>, dove solo il\u00a0<strong>Lumezzane<\/strong>\u00a0\u00e8 rimasto imbattuto, pareggiando 1-1 con il\u00a0<strong>NK Istra 1961<\/strong>\u00a0(reti di di Pasinetti e, per i croati, Sin\u010di\u0107) e battendo 1-0 il<strong>\u00a0Tricesimo<\/strong>\u00a0con la rete di Romano. Proprio il Tricesimo si era tolto la soddisfazione di superare 2-1 il\u00a0<strong>Pordenone<\/strong>\u00a0grazie a Delle Case e Carlig (Zilli per i neroverdi). La squadra della Destra Tagliamento si \u00e8 rifatta imponendosi sul Nk Istra per 3-0 con i gol di Sanzovo, Secli e Rossi.<\/p>\n<p>Domani \u00a0alle 10 si gioca la terza e ultima giornata: Udinese-Ancona ad Ampezzo, Simba-Feralpisal\u00f2 ad Enemonzo, Pordenone-Lumezzane a Lauco e Tricesimo-Istria a Raveo.<br \/>\nSuccessivamente tutte le squadre si sposteranno al\u00a0<strong>Campo dei Pini di Villa Santina<\/strong>, dove si svolgeranno le finali: alle 14 per il settimo posto, alle 15 per il quinto, alle 16 per il terzo. Alle 17.15 la finalissima, seguita alle 18.30 dalle premiazioni.<\/p>\n<p>Ricordiamo che ieri, sempre a Villa Santina, si era svolto il\u00a0<strong>Torneo Pulcini<\/strong>, vinto dall&#8217;<strong>Ancona<\/strong>.<\/p>\n<p>Anche l&#8217;edizione 2017 vede come principali artefici il responsabile organizzativo\u00a0<strong>Stefano Mecchia\u00a0<\/strong>e quello tecnico\u00a0<strong>Francesco Sciusco.<br \/>\n<\/strong>La manifestazione vede la collaborazione dei comuni di Villa Santina, Enemonzo, Lauco, Raveo e Ampezzo e delle societ\u00e0 calcistiche Villa, Edera, Lauco e Ampezzo, oltre che di Pro Loco Villa Santina, FIGC Tolmezzo, AIAC sezione Carnia, AIA di Tolmezzo, AIC, Coni e Sportland, con il patrocinio della Regione Friuli Venezia Giulia e di Federparchi.<strong><br \/>\n<\/strong><br \/>\nIl calendario completo e altre informazioni sul sito\u00a0<strong>www.torneocollinecarniche.it<\/strong>.<\/p>\n","protected":false},"excerpt":{"rendered":"<p>Udinese\u00a0grande protagonista nella prima giornata riservata ai\u00a0Giovanissimi del Torneo Parco delle Colline Carniche, con partite disputate a\u00a0Lauco, Raveo, Enemonzo e Villa Santina.\u00a0Oggi la squadra di\u00a0Raffaele Ametrano\u00a0ha vinto entrambi gli incontri del\u00a0Girone A, segnando 9 reti e subendone solo una. All&#8217;esordio i bianconeri si sono imposti per 4-0 sui sardi del\u00a0Simba, la scuola calcio di\u00a0Gianfranco Matteoli, [&hellip;]<\/p>\n","protected":false},"author":10,"featured_media":0,"comment_status":"open","ping_status":"closed","sticky":false,"template":"","format":"standard","meta":{"footnotes":""},"categories":[5],"tags":[8,17,30],"class_list":["post-16549","post","type-post","status-publish","format-standard","hentry","category-varie","tag-calcio","tag-giovanissimi","tag-udinese"],"yoast_head":"<!-- This site is optimized with the Yoast SEO plugin v27.3 - https:\/\/yoast.com\/product\/yoast-seo-wordpress\/ -->\n<title>TORNEO PARCO COLLINE CARNICHE, UDINESE GIOVANISSIMI A FORZA 9 - Campionato Carnico 2017<\/title>\n<meta name=\"robots\" content=\"index, follow, max-snippet:-1, max-image-preview:large, max-video-preview:-1\" \/>\n<link rel=\"canonical\" href=\"https:\/\/2017.carnico.it\/blog\/2017\/06\/03\/torneo-parco-colline-carniche-giovanissimi-9-gol-delludinese\/\" \/>\n<meta property=\"og:locale\" content=\"it_IT\" \/>\n<meta property=\"og:type\" content=\"article\" \/>\n<meta property=\"og:title\" content=\"TORNEO PARCO COLLINE CARNICHE, UDINESE GIOVANISSIMI A FORZA 9 - Campionato Carnico 2017\" \/>\n<meta property=\"og:description\" content=\"Udinese\u00a0grande protagonista nella prima giornata riservata ai\u00a0Giovanissimi del Torneo Parco delle Colline Carniche, con partite disputate a\u00a0Lauco, Raveo, Enemonzo e Villa Santina.\u00a0Oggi la squadra di\u00a0Raffaele Ametrano\u00a0ha vinto entrambi gli incontri del\u00a0Girone A, segnando 9 reti e subendone solo una. All&#8217;esordio i bianconeri si sono imposti per 4-0 sui sardi del\u00a0Simba, la scuola calcio di\u00a0Gianfranco Matteoli, [&hellip;]\" \/>\n<meta property=\"og:url\" content=\"https:\/\/2017.carnico.it\/blog\/2017\/06\/03\/torneo-parco-colline-carniche-giovanissimi-9-gol-delludinese\/\" \/>\n<meta property=\"og:site_name\" content=\"Campionato Carnico 2017\" \/>\n<meta property=\"article:publisher\" content=\"https:\/\/www.facebook.com\/campionatocarnico\/\" \/>\n<meta property=\"article:published_time\" content=\"2017-06-02T22:00:13+00:00\" \/>\n<meta property=\"article:modified_time\" content=\"2017-06-03T17:23:50+00:00\" \/>\n<meta property=\"og:image\" content=\"https:\/\/www.carnico.it\/blog\/wp-content\/uploads\/2017\/06\/Udinese-300x151.jpg\" \/>\n<meta name=\"author\" content=\"Redazione\" \/>\n<meta name=\"twitter:card\" content=\"summary_large_image\" \/>\n<meta name=\"twitter:label1\" content=\"Scritto da\" \/>\n\t<meta name=\"twitter:data1\" content=\"Redazione\" \/>\n\t<meta name=\"twitter:label2\" content=\"Tempo di lettura stimato\" \/>\n\t<meta name=\"twitter:data2\" content=\"2 minuti\" \/>\n<script type=\"application\/ld+json\" class=\"yoast-schema-graph\">{\"@context\":\"https:\\\/\\\/schema.org\",\"@graph\":[{\"@type\":\"Article\",\"@id\":\"https:\\\/\\\/2017.carnico.it\\\/blog\\\/2017\\\/06\\\/03\\\/torneo-parco-colline-carniche-giovanissimi-9-gol-delludinese\\\/#article\",\"isPartOf\":{\"@id\":\"https:\\\/\\\/2017.carnico.it\\\/blog\\\/2017\\\/06\\\/03\\\/torneo-parco-colline-carniche-giovanissimi-9-gol-delludinese\\\/\"},\"author\":{\"name\":\"Redazione\",\"@id\":\"https:\\\/\\\/2017.carnico.it\\\/blog\\\/#\\\/schema\\\/person\\\/a68c764693d96df3238f123ea014e78c\"},\"headline\":\"TORNEO PARCO COLLINE CARNICHE, UDINESE GIOVANISSIMI A FORZA 9\",\"datePublished\":\"2017-06-02T22:00:13+00:00\",\"dateModified\":\"2017-06-03T17:23:50+00:00\",\"mainEntityOfPage\":{\"@id\":\"https:\\\/\\\/2017.carnico.it\\\/blog\\\/2017\\\/06\\\/03\\\/torneo-parco-colline-carniche-giovanissimi-9-gol-delludinese\\\/\"},\"wordCount\":399,\"commentCount\":0,\"image\":{\"@id\":\"https:\\\/\\\/2017.carnico.it\\\/blog\\\/2017\\\/06\\\/03\\\/torneo-parco-colline-carniche-giovanissimi-9-gol-delludinese\\\/#primaryimage\"},\"thumbnailUrl\":\"https:\\\/\\\/www.carnico.it\\\/blog\\\/wp-content\\\/uploads\\\/2017\\\/06\\\/Udinese-300x151.jpg\",\"keywords\":[\"calcio\",\"Giovanissimi\",\"Udinese\"],\"articleSection\":[\"Varie\"],\"inLanguage\":\"it-IT\",\"potentialAction\":[{\"@type\":\"CommentAction\",\"name\":\"Comment\",\"target\":[\"https:\\\/\\\/2017.carnico.it\\\/blog\\\/2017\\\/06\\\/03\\\/torneo-parco-colline-carniche-giovanissimi-9-gol-delludinese\\\/#respond\"]}]},{\"@type\":\"WebPage\",\"@id\":\"https:\\\/\\\/2017.carnico.it\\\/blog\\\/2017\\\/06\\\/03\\\/torneo-parco-colline-carniche-giovanissimi-9-gol-delludinese\\\/\",\"url\":\"https:\\\/\\\/2017.carnico.it\\\/blog\\\/2017\\\/06\\\/03\\\/torneo-parco-colline-carniche-giovanissimi-9-gol-delludinese\\\/\",\"name\":\"TORNEO PARCO COLLINE CARNICHE, UDINESE GIOVANISSIMI A FORZA 9 - Campionato Carnico 2017\",\"isPartOf\":{\"@id\":\"https:\\\/\\\/2017.carnico.it\\\/blog\\\/#website\"},\"primaryImageOfPage\":{\"@id\":\"https:\\\/\\\/2017.carnico.it\\\/blog\\\/2017\\\/06\\\/03\\\/torneo-parco-colline-carniche-giovanissimi-9-gol-delludinese\\\/#primaryimage\"},\"image\":{\"@id\":\"https:\\\/\\\/2017.carnico.it\\\/blog\\\/2017\\\/06\\\/03\\\/torneo-parco-colline-carniche-giovanissimi-9-gol-delludinese\\\/#primaryimage\"},\"thumbnailUrl\":\"https:\\\/\\\/www.carnico.it\\\/blog\\\/wp-content\\\/uploads\\\/2017\\\/06\\\/Udinese-300x151.jpg\",\"datePublished\":\"2017-06-02T22:00:13+00:00\",\"dateModified\":\"2017-06-03T17:23:50+00:00\",\"author\":{\"@id\":\"https:\\\/\\\/2017.carnico.it\\\/blog\\\/#\\\/schema\\\/person\\\/a68c764693d96df3238f123ea014e78c\"},\"breadcrumb\":{\"@id\":\"https:\\\/\\\/2017.carnico.it\\\/blog\\\/2017\\\/06\\\/03\\\/torneo-parco-colline-carniche-giovanissimi-9-gol-delludinese\\\/#breadcrumb\"},\"inLanguage\":\"it-IT\",\"potentialAction\":[{\"@type\":\"ReadAction\",\"target\":[\"https:\\\/\\\/2017.carnico.it\\\/blog\\\/2017\\\/06\\\/03\\\/torneo-parco-colline-carniche-giovanissimi-9-gol-delludinese\\\/\"]}]},{\"@type\":\"ImageObject\",\"inLanguage\":\"it-IT\",\"@id\":\"https:\\\/\\\/2017.carnico.it\\\/blog\\\/2017\\\/06\\\/03\\\/torneo-parco-colline-carniche-giovanissimi-9-gol-delludinese\\\/#primaryimage\",\"url\":\"https:\\\/\\\/www.carnico.it\\\/blog\\\/wp-content\\\/uploads\\\/2017\\\/06\\\/Udinese-300x151.jpg\",\"contentUrl\":\"https:\\\/\\\/www.carnico.it\\\/blog\\\/wp-content\\\/uploads\\\/2017\\\/06\\\/Udinese-300x151.jpg\"},{\"@type\":\"BreadcrumbList\",\"@id\":\"https:\\\/\\\/2017.carnico.it\\\/blog\\\/2017\\\/06\\\/03\\\/torneo-parco-colline-carniche-giovanissimi-9-gol-delludinese\\\/#breadcrumb\",\"itemListElement\":[{\"@type\":\"ListItem\",\"position\":1,\"name\":\"Home\",\"item\":\"https:\\\/\\\/2017.carnico.it\\\/blog\\\/\"},{\"@type\":\"ListItem\",\"position\":2,\"name\":\"TORNEO PARCO COLLINE CARNICHE, UDINESE GIOVANISSIMI A FORZA 9\"}]},{\"@type\":\"WebSite\",\"@id\":\"https:\\\/\\\/2017.carnico.it\\\/blog\\\/#website\",\"url\":\"https:\\\/\\\/2017.carnico.it\\\/blog\\\/\",\"name\":\"Campionato Carnico 2017\",\"description\":\"Notizie e aggiornamenti in tempo reale sul campionato Carnico\",\"potentialAction\":[{\"@type\":\"SearchAction\",\"target\":{\"@type\":\"EntryPoint\",\"urlTemplate\":\"https:\\\/\\\/2017.carnico.it\\\/blog\\\/?s={search_term_string}\"},\"query-input\":{\"@type\":\"PropertyValueSpecification\",\"valueRequired\":true,\"valueName\":\"search_term_string\"}}],\"inLanguage\":\"it-IT\"},{\"@type\":\"Person\",\"@id\":\"https:\\\/\\\/2017.carnico.it\\\/blog\\\/#\\\/schema\\\/person\\\/a68c764693d96df3238f123ea014e78c\",\"name\":\"Redazione\",\"image\":{\"@type\":\"ImageObject\",\"inLanguage\":\"it-IT\",\"@id\":\"https:\\\/\\\/secure.gravatar.com\\\/avatar\\\/6c05bd4dddbea475e283f76b4aa2d778ecb35c06fd92df5f6e0cac552163e2ac?s=96&d=mm&r=g\",\"url\":\"https:\\\/\\\/secure.gravatar.com\\\/avatar\\\/6c05bd4dddbea475e283f76b4aa2d778ecb35c06fd92df5f6e0cac552163e2ac?s=96&d=mm&r=g\",\"contentUrl\":\"https:\\\/\\\/secure.gravatar.com\\\/avatar\\\/6c05bd4dddbea475e283f76b4aa2d778ecb35c06fd92df5f6e0cac552163e2ac?s=96&d=mm&r=g\",\"caption\":\"Redazione\"},\"url\":\"https:\\\/\\\/2017.carnico.it\\\/blog\\\/author\\\/clyco-admin\\\/\"}]}<\/script>\n<!-- \/ Yoast SEO plugin. -->","yoast_head_json":{"title":"TORNEO PARCO COLLINE CARNICHE, UDINESE GIOVANISSIMI A FORZA 9 - Campionato Carnico 2017","robots":{"index":"index","follow":"follow","max-snippet":"max-snippet:-1","max-image-preview":"max-image-preview:large","max-video-preview":"max-video-preview:-1"},"canonical":"https:\/\/2017.carnico.it\/blog\/2017\/06\/03\/torneo-parco-colline-carniche-giovanissimi-9-gol-delludinese\/","og_locale":"it_IT","og_type":"article","og_title":"TORNEO PARCO COLLINE CARNICHE, UDINESE GIOVANISSIMI A FORZA 9 - Campionato Carnico 2017","og_description":"Udinese\u00a0grande protagonista nella prima giornata riservata ai\u00a0Giovanissimi del Torneo Parco delle Colline Carniche, con partite disputate a\u00a0Lauco, Raveo, Enemonzo e Villa Santina.\u00a0Oggi la squadra di\u00a0Raffaele Ametrano\u00a0ha vinto entrambi gli incontri del\u00a0Girone A, segnando 9 reti e subendone solo una. All&#8217;esordio i bianconeri si sono imposti per 4-0 sui sardi del\u00a0Simba, la scuola calcio di\u00a0Gianfranco Matteoli, [&hellip;]","og_url":"https:\/\/2017.carnico.it\/blog\/2017\/06\/03\/torneo-parco-colline-carniche-giovanissimi-9-gol-delludinese\/","og_site_name":"Campionato Carnico 2017","article_publisher":"https:\/\/www.facebook.com\/campionatocarnico\/","article_published_time":"2017-06-02T22:00:13+00:00","article_modified_time":"2017-06-03T17:23:50+00:00","og_image":[{"url":"https:\/\/www.carnico.it\/blog\/wp-content\/uploads\/2017\/06\/Udinese-300x151.jpg","type":"","width":"","height":""}],"author":"Redazione","twitter_card":"summary_large_image","twitter_misc":{"Scritto da":"Redazione","Tempo di lettura stimato":"2 minuti"},"schema":{"@context":"https:\/\/schema.org","@graph":[{"@type":"Article","@id":"https:\/\/2017.carnico.it\/blog\/2017\/06\/03\/torneo-parco-colline-carniche-giovanissimi-9-gol-delludinese\/#article","isPartOf":{"@id":"https:\/\/2017.carnico.it\/blog\/2017\/06\/03\/torneo-parco-colline-carniche-giovanissimi-9-gol-delludinese\/"},"author":{"name":"Redazione","@id":"https:\/\/2017.carnico.it\/blog\/#\/schema\/person\/a68c764693d96df3238f123ea014e78c"},"headline":"TORNEO PARCO COLLINE CARNICHE, UDINESE GIOVANISSIMI A FORZA 9","datePublished":"2017-06-02T22:00:13+00:00","dateModified":"2017-06-03T17:23:50+00:00","mainEntityOfPage":{"@id":"https:\/\/2017.carnico.it\/blog\/2017\/06\/03\/torneo-parco-colline-carniche-giovanissimi-9-gol-delludinese\/"},"wordCount":399,"commentCount":0,"image":{"@id":"https:\/\/2017.carnico.it\/blog\/2017\/06\/03\/torneo-parco-colline-carniche-giovanissimi-9-gol-delludinese\/#primaryimage"},"thumbnailUrl":"https:\/\/www.carnico.it\/blog\/wp-content\/uploads\/2017\/06\/Udinese-300x151.jpg","keywords":["calcio","Giovanissimi","Udinese"],"articleSection":["Varie"],"inLanguage":"it-IT","potentialAction":[{"@type":"CommentAction","name":"Comment","target":["https:\/\/2017.carnico.it\/blog\/2017\/06\/03\/torneo-parco-colline-carniche-giovanissimi-9-gol-delludinese\/#respond"]}]},{"@type":"WebPage","@id":"https:\/\/2017.carnico.it\/blog\/2017\/06\/03\/torneo-parco-colline-carniche-giovanissimi-9-gol-delludinese\/","url":"https:\/\/2017.carnico.it\/blog\/2017\/06\/03\/torneo-parco-colline-carniche-giovanissimi-9-gol-delludinese\/","name":"TORNEO PARCO COLLINE CARNICHE, UDINESE GIOVANISSIMI A FORZA 9 - Campionato Carnico 2017","isPartOf":{"@id":"https:\/\/2017.carnico.it\/blog\/#website"},"primaryImageOfPage":{"@id":"https:\/\/2017.carnico.it\/blog\/2017\/06\/03\/torneo-parco-colline-carniche-giovanissimi-9-gol-delludinese\/#primaryimage"},"image":{"@id":"https:\/\/2017.carnico.it\/blog\/2017\/06\/03\/torneo-parco-colline-carniche-giovanissimi-9-gol-delludinese\/#primaryimage"},"thumbnailUrl":"https:\/\/www.carnico.it\/blog\/wp-content\/uploads\/2017\/06\/Udinese-300x151.jpg","datePublished":"2017-06-02T22:00:13+00:00","dateModified":"2017-06-03T17:23:50+00:00","author":{"@id":"https:\/\/2017.carnico.it\/blog\/#\/schema\/person\/a68c764693d96df3238f123ea014e78c"},"breadcrumb":{"@id":"https:\/\/2017.carnico.it\/blog\/2017\/06\/03\/torneo-parco-colline-carniche-giovanissimi-9-gol-delludinese\/#breadcrumb"},"inLanguage":"it-IT","potentialAction":[{"@type":"ReadAction","target":["https:\/\/2017.carnico.it\/blog\/2017\/06\/03\/torneo-parco-colline-carniche-giovanissimi-9-gol-delludinese\/"]}]},{"@type":"ImageObject","inLanguage":"it-IT","@id":"https:\/\/2017.carnico.it\/blog\/2017\/06\/03\/torneo-parco-colline-carniche-giovanissimi-9-gol-delludinese\/#primaryimage","url":"https:\/\/www.carnico.it\/blog\/wp-content\/uploads\/2017\/06\/Udinese-300x151.jpg","contentUrl":"https:\/\/www.carnico.it\/blog\/wp-content\/uploads\/2017\/06\/Udinese-300x151.jpg"},{"@type":"BreadcrumbList","@id":"https:\/\/2017.carnico.it\/blog\/2017\/06\/03\/torneo-parco-colline-carniche-giovanissimi-9-gol-delludinese\/#breadcrumb","itemListElement":[{"@type":"ListItem","position":1,"name":"Home","item":"https:\/\/2017.carnico.it\/blog\/"},{"@type":"ListItem","position":2,"name":"TORNEO PARCO COLLINE CARNICHE, UDINESE GIOVANISSIMI A FORZA 9"}]},{"@type":"WebSite","@id":"https:\/\/2017.carnico.it\/blog\/#website","url":"https:\/\/2017.carnico.it\/blog\/","name":"Campionato Carnico 2017","description":"Notizie e aggiornamenti in tempo reale sul campionato Carnico","potentialAction":[{"@type":"SearchAction","target":{"@type":"EntryPoint","urlTemplate":"https:\/\/2017.carnico.it\/blog\/?s={search_term_string}"},"query-input":{"@type":"PropertyValueSpecification","valueRequired":true,"valueName":"search_term_string"}}],"inLanguage":"it-IT"},{"@type":"Person","@id":"https:\/\/2017.carnico.it\/blog\/#\/schema\/person\/a68c764693d96df3238f123ea014e78c","name":"Redazione","image":{"@type":"ImageObject","inLanguage":"it-IT","@id":"https:\/\/secure.gravatar.com\/avatar\/6c05bd4dddbea475e283f76b4aa2d778ecb35c06fd92df5f6e0cac552163e2ac?s=96&d=mm&r=g","url":"https:\/\/secure.gravatar.com\/avatar\/6c05bd4dddbea475e283f76b4aa2d778ecb35c06fd92df5f6e0cac552163e2ac?s=96&d=mm&r=g","contentUrl":"https:\/\/secure.gravatar.com\/avatar\/6c05bd4dddbea475e283f76b4aa2d778ecb35c06fd92df5f6e0cac552163e2ac?s=96&d=mm&r=g","caption":"Redazione"},"url":"https:\/\/2017.carnico.it\/blog\/author\/clyco-admin\/"}]}},"_links":{"self":[{"href":"https:\/\/2017.carnico.it\/blog\/wp-json\/wp\/v2\/posts\/16549","targetHints":{"allow":["GET"]}}],"collection":[{"href":"https:\/\/2017.carnico.it\/blog\/wp-json\/wp\/v2\/posts"}],"about":[{"href":"https:\/\/2017.carnico.it\/blog\/wp-json\/wp\/v2\/types\/post"}],"author":[{"embeddable":true,"href":"https:\/\/2017.carnico.it\/blog\/wp-json\/wp\/v2\/users\/10"}],"replies":[{"embeddable":true,"href":"https:\/\/2017.carnico.it\/blog\/wp-json\/wp\/v2\/comments?post=16549"}],"version-history":[{"count":5,"href":"https:\/\/2017.carnico.it\/blog\/wp-json\/wp\/v2\/posts\/16549\/revisions"}],"predecessor-version":[{"id":16555,"href":"https:\/\/2017.carnico.it\/blog\/wp-json\/wp\/v2\/posts\/16549\/revisions\/16555"}],"wp:attachment":[{"href":"https:\/\/2017.carnico.it\/blog\/wp-json\/wp\/v2\/media?parent=16549"}],"wp:term":[{"taxonomy":"category","embeddable":true,"href":"https:\/\/2017.carnico.it\/blog\/wp-json\/wp\/v2\/categories?post=16549"},{"taxonomy":"post_tag","embeddable":true,"href":"https:\/\/2017.carnico.it\/blog\/wp-json\/wp\/v2\/tags?post=16549"}],"curies":[{"name":"wp","href":"https:\/\/api.w.org\/{rel}","templated":true}]}}