{"id":16542,"date":"2017-06-03T11:58:54","date_gmt":"2017-06-03T09:58:54","guid":{"rendered":"http:\/\/www.carnico.it\/blog\/?p=16542"},"modified":"2017-06-03T12:01:00","modified_gmt":"2017-06-03T10:01:00","slug":"addio-daniele-kravanja-semplicemente-pres","status":"publish","type":"post","link":"https:\/\/2017.carnico.it\/blog\/2017\/06\/03\/addio-daniele-kravanja-semplicemente-pres\/","title":{"rendered":"ADDIO A DANIELE KRAVANJA, SEMPLICEMENTE &#8220;IL PRES&#8221;"},"content":{"rendered":"<p style=\"text-align: justify;\"><a href=\"https:\/\/www.carnico.it\/blog\/2017\/06\/03\/addio-daniele-kravanja-semplicemente-pres\/daniele\/\" rel=\"attachment wp-att-16543\"><img loading=\"lazy\" decoding=\"async\" class=\" wp-image-16543 alignleft\" src=\"https:\/\/www.carnico.it\/blog\/wp-content\/uploads\/2017\/06\/daniele-450x450.jpg\" alt=\"\" width=\"358\" height=\"358\" srcset=\"https:\/\/2017.carnico.it\/blog\/wp-content\/uploads\/2017\/06\/daniele-450x450.jpg 450w, https:\/\/2017.carnico.it\/blog\/wp-content\/uploads\/2017\/06\/daniele-250x250.jpg 250w, https:\/\/2017.carnico.it\/blog\/wp-content\/uploads\/2017\/06\/daniele.jpg 539w\" sizes=\"auto, (max-width: 358px) 100vw, 358px\" \/><\/a>Non sappiamo quanti presidenti abbiano preso cos\u00ec a cuore la propria squadra come Daniele Kravanja ha fatto col suo Malborgetto: un amore viscerale, una specie di missione, condotta prima di tutto per la passione per il calcio (ha vestito le maglie di Gemonese e Malborghetto) e poi vissuta come un marchio di famiglia, prima nel nome di pap\u00e0 Edoardo (anche lui presidente della\u00a0 societ\u00e0 biancazzurra) e poi la continuit\u00e0 rappresentata dal figlio Andrea, attuale portiere del Trasaghis. Daniele Kravanja se n\u2019\u00e8 andato, a un passo dai 59 anni (li avrebbe compiuti il 22 di questo mese) in una serata di inizio giugno, dopo una malattia vigliacca.<!--more--> Accanto a lui,\u00a0 i suoi cari e\u00a0 tutte le persone che conoscendolo ne avevano apprezzato la schiettezza, la generosit\u00e0 e quel suo modo magari scomodo ma sempre intellettualmente onesto di fare critiche o polemiche. Perch\u00e9 lui era fatto cos\u00ec, senza filtri e senza doppie facce.<\/p>\n<p style=\"text-align: justify;\">Come dirigente ha vissuto lo storico titolo del Malborghetto del 2002, ma al suo nome \u00e8 legato il tentativo di tenere in vita una societ\u00e0 che si stava sgretolando: in quel tentativo c\u2019erano tanto amore, tanto impegno, tutta la passione accumulata negli anni e mai sopita. Ed infatti il suo cruccio pi\u00f9 grande \u00e8 stato quello di essere stato l\u2019ultimo presidente, di non avercela fatta, pur rimettendoci tempo e soldi suoi (ma s\u00ec, diciamolo!), a salvare la \u201csua\u201d squadra. Eppure tutti i giocatori di quel Malborgetto gli sono sempre stati vicini e a distanza di anni Daniele, per i suoi ragazzi, era e sar\u00e0 sempre \u201cil pres\u201d!.<\/p>\n<p style=\"text-align: justify;\">Suo figlio Andrea, che aveva capito la gravit\u00e0 del male che lo aveva colpito, aveva deciso quest\u2019anno di tornare nel Carnico, per stargli pi\u00f9 vicino e dargli la possibilit\u00e0 di vederlo giocare: \u201cPrima della fine del campionato \u2013 gli aveva promesso \u2013 vengo a vederti!\u201d. Ed invece non \u00e8 stato cos\u00ec, perch\u00e9 un arbitro severo o forse distratto ha fischiato la fine con tanto, troppo anticipo.<\/p>\n<p style=\"text-align: justify;\">La redazione di \u201cCarnico.it\u201d si stringe affettuosamente ad Andrea, alla moglie Isabella ed alla figlia Jessica.<\/p>\n<p style=\"text-align: justify;\"><strong><em>Per chi vuole salutare Daniele, ricordiamo che il funerale avr\u00f2 luogo ad Ugovizza luned\u00ec 5 giugno alle ore 14.30.<\/em><\/strong><\/p>\n","protected":false},"excerpt":{"rendered":"<p>Non sappiamo quanti presidenti abbiano preso cos\u00ec a cuore la propria squadra come Daniele Kravanja ha fatto col suo Malborgetto: un amore viscerale, una specie di missione, condotta prima di tutto per la passione per il calcio (ha vestito le maglie di Gemonese e Malborghetto) e poi vissuta come un marchio di famiglia, prima nel [&hellip;]<\/p>\n","protected":false},"author":10,"featured_media":0,"comment_status":"open","ping_status":"closed","sticky":false,"template":"","format":"standard","meta":{"footnotes":""},"categories":[5],"tags":[],"class_list":["post-16542","post","type-post","status-publish","format-standard","hentry","category-varie"],"yoast_head":"<!-- This site is optimized with the Yoast SEO plugin v27.3 - https:\/\/yoast.com\/product\/yoast-seo-wordpress\/ -->\n<title>ADDIO A DANIELE KRAVANJA, SEMPLICEMENTE &quot;IL PRES&quot; - Campionato Carnico 2017<\/title>\n<meta name=\"robots\" content=\"index, follow, max-snippet:-1, max-image-preview:large, max-video-preview:-1\" \/>\n<link rel=\"canonical\" href=\"https:\/\/2017.carnico.it\/blog\/2017\/06\/03\/addio-daniele-kravanja-semplicemente-pres\/\" \/>\n<meta property=\"og:locale\" content=\"it_IT\" \/>\n<meta property=\"og:type\" content=\"article\" \/>\n<meta property=\"og:title\" content=\"ADDIO A DANIELE KRAVANJA, SEMPLICEMENTE &quot;IL PRES&quot; - Campionato Carnico 2017\" \/>\n<meta property=\"og:description\" content=\"Non sappiamo quanti presidenti abbiano preso cos\u00ec a cuore la propria squadra come Daniele Kravanja ha fatto col suo Malborgetto: un amore viscerale, una specie di missione, condotta prima di tutto per la passione per il calcio (ha vestito le maglie di Gemonese e Malborghetto) e poi vissuta come un marchio di famiglia, prima nel [&hellip;]\" \/>\n<meta property=\"og:url\" content=\"https:\/\/2017.carnico.it\/blog\/2017\/06\/03\/addio-daniele-kravanja-semplicemente-pres\/\" \/>\n<meta property=\"og:site_name\" content=\"Campionato Carnico 2017\" \/>\n<meta property=\"article:publisher\" content=\"https:\/\/www.facebook.com\/campionatocarnico\/\" \/>\n<meta property=\"article:published_time\" content=\"2017-06-03T09:58:54+00:00\" \/>\n<meta property=\"article:modified_time\" content=\"2017-06-03T10:01:00+00:00\" \/>\n<meta property=\"og:image\" content=\"https:\/\/www.carnico.it\/blog\/wp-content\/uploads\/2017\/06\/daniele-450x450.jpg\" \/>\n<meta name=\"author\" content=\"Redazione\" \/>\n<meta name=\"twitter:card\" content=\"summary_large_image\" \/>\n<meta name=\"twitter:label1\" content=\"Scritto da\" \/>\n\t<meta name=\"twitter:data1\" content=\"Redazione\" \/>\n\t<meta name=\"twitter:label2\" content=\"Tempo di lettura stimato\" \/>\n\t<meta name=\"twitter:data2\" content=\"2 minuti\" \/>\n<script type=\"application\/ld+json\" class=\"yoast-schema-graph\">{\"@context\":\"https:\\\/\\\/schema.org\",\"@graph\":[{\"@type\":\"Article\",\"@id\":\"https:\\\/\\\/2017.carnico.it\\\/blog\\\/2017\\\/06\\\/03\\\/addio-daniele-kravanja-semplicemente-pres\\\/#article\",\"isPartOf\":{\"@id\":\"https:\\\/\\\/2017.carnico.it\\\/blog\\\/2017\\\/06\\\/03\\\/addio-daniele-kravanja-semplicemente-pres\\\/\"},\"author\":{\"name\":\"Redazione\",\"@id\":\"https:\\\/\\\/2017.carnico.it\\\/blog\\\/#\\\/schema\\\/person\\\/a68c764693d96df3238f123ea014e78c\"},\"headline\":\"ADDIO A DANIELE KRAVANJA, SEMPLICEMENTE &#8220;IL PRES&#8221;\",\"datePublished\":\"2017-06-03T09:58:54+00:00\",\"dateModified\":\"2017-06-03T10:01:00+00:00\",\"mainEntityOfPage\":{\"@id\":\"https:\\\/\\\/2017.carnico.it\\\/blog\\\/2017\\\/06\\\/03\\\/addio-daniele-kravanja-semplicemente-pres\\\/\"},\"wordCount\":360,\"commentCount\":19,\"image\":{\"@id\":\"https:\\\/\\\/2017.carnico.it\\\/blog\\\/2017\\\/06\\\/03\\\/addio-daniele-kravanja-semplicemente-pres\\\/#primaryimage\"},\"thumbnailUrl\":\"https:\\\/\\\/www.carnico.it\\\/blog\\\/wp-content\\\/uploads\\\/2017\\\/06\\\/daniele-450x450.jpg\",\"articleSection\":[\"Varie\"],\"inLanguage\":\"it-IT\",\"potentialAction\":[{\"@type\":\"CommentAction\",\"name\":\"Comment\",\"target\":[\"https:\\\/\\\/2017.carnico.it\\\/blog\\\/2017\\\/06\\\/03\\\/addio-daniele-kravanja-semplicemente-pres\\\/#respond\"]}]},{\"@type\":\"WebPage\",\"@id\":\"https:\\\/\\\/2017.carnico.it\\\/blog\\\/2017\\\/06\\\/03\\\/addio-daniele-kravanja-semplicemente-pres\\\/\",\"url\":\"https:\\\/\\\/2017.carnico.it\\\/blog\\\/2017\\\/06\\\/03\\\/addio-daniele-kravanja-semplicemente-pres\\\/\",\"name\":\"ADDIO A DANIELE KRAVANJA, SEMPLICEMENTE \\\"IL PRES\\\" - Campionato Carnico 2017\",\"isPartOf\":{\"@id\":\"https:\\\/\\\/2017.carnico.it\\\/blog\\\/#website\"},\"primaryImageOfPage\":{\"@id\":\"https:\\\/\\\/2017.carnico.it\\\/blog\\\/2017\\\/06\\\/03\\\/addio-daniele-kravanja-semplicemente-pres\\\/#primaryimage\"},\"image\":{\"@id\":\"https:\\\/\\\/2017.carnico.it\\\/blog\\\/2017\\\/06\\\/03\\\/addio-daniele-kravanja-semplicemente-pres\\\/#primaryimage\"},\"thumbnailUrl\":\"https:\\\/\\\/www.carnico.it\\\/blog\\\/wp-content\\\/uploads\\\/2017\\\/06\\\/daniele-450x450.jpg\",\"datePublished\":\"2017-06-03T09:58:54+00:00\",\"dateModified\":\"2017-06-03T10:01:00+00:00\",\"author\":{\"@id\":\"https:\\\/\\\/2017.carnico.it\\\/blog\\\/#\\\/schema\\\/person\\\/a68c764693d96df3238f123ea014e78c\"},\"breadcrumb\":{\"@id\":\"https:\\\/\\\/2017.carnico.it\\\/blog\\\/2017\\\/06\\\/03\\\/addio-daniele-kravanja-semplicemente-pres\\\/#breadcrumb\"},\"inLanguage\":\"it-IT\",\"potentialAction\":[{\"@type\":\"ReadAction\",\"target\":[\"https:\\\/\\\/2017.carnico.it\\\/blog\\\/2017\\\/06\\\/03\\\/addio-daniele-kravanja-semplicemente-pres\\\/\"]}]},{\"@type\":\"ImageObject\",\"inLanguage\":\"it-IT\",\"@id\":\"https:\\\/\\\/2017.carnico.it\\\/blog\\\/2017\\\/06\\\/03\\\/addio-daniele-kravanja-semplicemente-pres\\\/#primaryimage\",\"url\":\"https:\\\/\\\/www.carnico.it\\\/blog\\\/wp-content\\\/uploads\\\/2017\\\/06\\\/daniele-450x450.jpg\",\"contentUrl\":\"https:\\\/\\\/www.carnico.it\\\/blog\\\/wp-content\\\/uploads\\\/2017\\\/06\\\/daniele-450x450.jpg\"},{\"@type\":\"BreadcrumbList\",\"@id\":\"https:\\\/\\\/2017.carnico.it\\\/blog\\\/2017\\\/06\\\/03\\\/addio-daniele-kravanja-semplicemente-pres\\\/#breadcrumb\",\"itemListElement\":[{\"@type\":\"ListItem\",\"position\":1,\"name\":\"Home\",\"item\":\"https:\\\/\\\/2017.carnico.it\\\/blog\\\/\"},{\"@type\":\"ListItem\",\"position\":2,\"name\":\"ADDIO A DANIELE KRAVANJA, SEMPLICEMENTE &#8220;IL PRES&#8221;\"}]},{\"@type\":\"WebSite\",\"@id\":\"https:\\\/\\\/2017.carnico.it\\\/blog\\\/#website\",\"url\":\"https:\\\/\\\/2017.carnico.it\\\/blog\\\/\",\"name\":\"Campionato Carnico 2017\",\"description\":\"Notizie e aggiornamenti in tempo reale sul campionato Carnico\",\"potentialAction\":[{\"@type\":\"SearchAction\",\"target\":{\"@type\":\"EntryPoint\",\"urlTemplate\":\"https:\\\/\\\/2017.carnico.it\\\/blog\\\/?s={search_term_string}\"},\"query-input\":{\"@type\":\"PropertyValueSpecification\",\"valueRequired\":true,\"valueName\":\"search_term_string\"}}],\"inLanguage\":\"it-IT\"},{\"@type\":\"Person\",\"@id\":\"https:\\\/\\\/2017.carnico.it\\\/blog\\\/#\\\/schema\\\/person\\\/a68c764693d96df3238f123ea014e78c\",\"name\":\"Redazione\",\"image\":{\"@type\":\"ImageObject\",\"inLanguage\":\"it-IT\",\"@id\":\"https:\\\/\\\/secure.gravatar.com\\\/avatar\\\/6c05bd4dddbea475e283f76b4aa2d778ecb35c06fd92df5f6e0cac552163e2ac?s=96&d=mm&r=g\",\"url\":\"https:\\\/\\\/secure.gravatar.com\\\/avatar\\\/6c05bd4dddbea475e283f76b4aa2d778ecb35c06fd92df5f6e0cac552163e2ac?s=96&d=mm&r=g\",\"contentUrl\":\"https:\\\/\\\/secure.gravatar.com\\\/avatar\\\/6c05bd4dddbea475e283f76b4aa2d778ecb35c06fd92df5f6e0cac552163e2ac?s=96&d=mm&r=g\",\"caption\":\"Redazione\"},\"url\":\"https:\\\/\\\/2017.carnico.it\\\/blog\\\/author\\\/clyco-admin\\\/\"}]}<\/script>\n<!-- \/ Yoast SEO plugin. -->","yoast_head_json":{"title":"ADDIO A DANIELE KRAVANJA, SEMPLICEMENTE \"IL PRES\" - Campionato Carnico 2017","robots":{"index":"index","follow":"follow","max-snippet":"max-snippet:-1","max-image-preview":"max-image-preview:large","max-video-preview":"max-video-preview:-1"},"canonical":"https:\/\/2017.carnico.it\/blog\/2017\/06\/03\/addio-daniele-kravanja-semplicemente-pres\/","og_locale":"it_IT","og_type":"article","og_title":"ADDIO A DANIELE KRAVANJA, SEMPLICEMENTE \"IL PRES\" - Campionato Carnico 2017","og_description":"Non sappiamo quanti presidenti abbiano preso cos\u00ec a cuore la propria squadra come Daniele Kravanja ha fatto col suo Malborgetto: un amore viscerale, una specie di missione, condotta prima di tutto per la passione per il calcio (ha vestito le maglie di Gemonese e Malborghetto) e poi vissuta come un marchio di famiglia, prima nel [&hellip;]","og_url":"https:\/\/2017.carnico.it\/blog\/2017\/06\/03\/addio-daniele-kravanja-semplicemente-pres\/","og_site_name":"Campionato Carnico 2017","article_publisher":"https:\/\/www.facebook.com\/campionatocarnico\/","article_published_time":"2017-06-03T09:58:54+00:00","article_modified_time":"2017-06-03T10:01:00+00:00","og_image":[{"url":"https:\/\/www.carnico.it\/blog\/wp-content\/uploads\/2017\/06\/daniele-450x450.jpg","type":"","width":"","height":""}],"author":"Redazione","twitter_card":"summary_large_image","twitter_misc":{"Scritto da":"Redazione","Tempo di lettura stimato":"2 minuti"},"schema":{"@context":"https:\/\/schema.org","@graph":[{"@type":"Article","@id":"https:\/\/2017.carnico.it\/blog\/2017\/06\/03\/addio-daniele-kravanja-semplicemente-pres\/#article","isPartOf":{"@id":"https:\/\/2017.carnico.it\/blog\/2017\/06\/03\/addio-daniele-kravanja-semplicemente-pres\/"},"author":{"name":"Redazione","@id":"https:\/\/2017.carnico.it\/blog\/#\/schema\/person\/a68c764693d96df3238f123ea014e78c"},"headline":"ADDIO A DANIELE KRAVANJA, SEMPLICEMENTE &#8220;IL PRES&#8221;","datePublished":"2017-06-03T09:58:54+00:00","dateModified":"2017-06-03T10:01:00+00:00","mainEntityOfPage":{"@id":"https:\/\/2017.carnico.it\/blog\/2017\/06\/03\/addio-daniele-kravanja-semplicemente-pres\/"},"wordCount":360,"commentCount":19,"image":{"@id":"https:\/\/2017.carnico.it\/blog\/2017\/06\/03\/addio-daniele-kravanja-semplicemente-pres\/#primaryimage"},"thumbnailUrl":"https:\/\/www.carnico.it\/blog\/wp-content\/uploads\/2017\/06\/daniele-450x450.jpg","articleSection":["Varie"],"inLanguage":"it-IT","potentialAction":[{"@type":"CommentAction","name":"Comment","target":["https:\/\/2017.carnico.it\/blog\/2017\/06\/03\/addio-daniele-kravanja-semplicemente-pres\/#respond"]}]},{"@type":"WebPage","@id":"https:\/\/2017.carnico.it\/blog\/2017\/06\/03\/addio-daniele-kravanja-semplicemente-pres\/","url":"https:\/\/2017.carnico.it\/blog\/2017\/06\/03\/addio-daniele-kravanja-semplicemente-pres\/","name":"ADDIO A DANIELE KRAVANJA, SEMPLICEMENTE \"IL PRES\" - Campionato Carnico 2017","isPartOf":{"@id":"https:\/\/2017.carnico.it\/blog\/#website"},"primaryImageOfPage":{"@id":"https:\/\/2017.carnico.it\/blog\/2017\/06\/03\/addio-daniele-kravanja-semplicemente-pres\/#primaryimage"},"image":{"@id":"https:\/\/2017.carnico.it\/blog\/2017\/06\/03\/addio-daniele-kravanja-semplicemente-pres\/#primaryimage"},"thumbnailUrl":"https:\/\/www.carnico.it\/blog\/wp-content\/uploads\/2017\/06\/daniele-450x450.jpg","datePublished":"2017-06-03T09:58:54+00:00","dateModified":"2017-06-03T10:01:00+00:00","author":{"@id":"https:\/\/2017.carnico.it\/blog\/#\/schema\/person\/a68c764693d96df3238f123ea014e78c"},"breadcrumb":{"@id":"https:\/\/2017.carnico.it\/blog\/2017\/06\/03\/addio-daniele-kravanja-semplicemente-pres\/#breadcrumb"},"inLanguage":"it-IT","potentialAction":[{"@type":"ReadAction","target":["https:\/\/2017.carnico.it\/blog\/2017\/06\/03\/addio-daniele-kravanja-semplicemente-pres\/"]}]},{"@type":"ImageObject","inLanguage":"it-IT","@id":"https:\/\/2017.carnico.it\/blog\/2017\/06\/03\/addio-daniele-kravanja-semplicemente-pres\/#primaryimage","url":"https:\/\/www.carnico.it\/blog\/wp-content\/uploads\/2017\/06\/daniele-450x450.jpg","contentUrl":"https:\/\/www.carnico.it\/blog\/wp-content\/uploads\/2017\/06\/daniele-450x450.jpg"},{"@type":"BreadcrumbList","@id":"https:\/\/2017.carnico.it\/blog\/2017\/06\/03\/addio-daniele-kravanja-semplicemente-pres\/#breadcrumb","itemListElement":[{"@type":"ListItem","position":1,"name":"Home","item":"https:\/\/2017.carnico.it\/blog\/"},{"@type":"ListItem","position":2,"name":"ADDIO A DANIELE KRAVANJA, SEMPLICEMENTE &#8220;IL PRES&#8221;"}]},{"@type":"WebSite","@id":"https:\/\/2017.carnico.it\/blog\/#website","url":"https:\/\/2017.carnico.it\/blog\/","name":"Campionato Carnico 2017","description":"Notizie e aggiornamenti in tempo reale sul campionato Carnico","potentialAction":[{"@type":"SearchAction","target":{"@type":"EntryPoint","urlTemplate":"https:\/\/2017.carnico.it\/blog\/?s={search_term_string}"},"query-input":{"@type":"PropertyValueSpecification","valueRequired":true,"valueName":"search_term_string"}}],"inLanguage":"it-IT"},{"@type":"Person","@id":"https:\/\/2017.carnico.it\/blog\/#\/schema\/person\/a68c764693d96df3238f123ea014e78c","name":"Redazione","image":{"@type":"ImageObject","inLanguage":"it-IT","@id":"https:\/\/secure.gravatar.com\/avatar\/6c05bd4dddbea475e283f76b4aa2d778ecb35c06fd92df5f6e0cac552163e2ac?s=96&d=mm&r=g","url":"https:\/\/secure.gravatar.com\/avatar\/6c05bd4dddbea475e283f76b4aa2d778ecb35c06fd92df5f6e0cac552163e2ac?s=96&d=mm&r=g","contentUrl":"https:\/\/secure.gravatar.com\/avatar\/6c05bd4dddbea475e283f76b4aa2d778ecb35c06fd92df5f6e0cac552163e2ac?s=96&d=mm&r=g","caption":"Redazione"},"url":"https:\/\/2017.carnico.it\/blog\/author\/clyco-admin\/"}]}},"_links":{"self":[{"href":"https:\/\/2017.carnico.it\/blog\/wp-json\/wp\/v2\/posts\/16542","targetHints":{"allow":["GET"]}}],"collection":[{"href":"https:\/\/2017.carnico.it\/blog\/wp-json\/wp\/v2\/posts"}],"about":[{"href":"https:\/\/2017.carnico.it\/blog\/wp-json\/wp\/v2\/types\/post"}],"author":[{"embeddable":true,"href":"https:\/\/2017.carnico.it\/blog\/wp-json\/wp\/v2\/users\/10"}],"replies":[{"embeddable":true,"href":"https:\/\/2017.carnico.it\/blog\/wp-json\/wp\/v2\/comments?post=16542"}],"version-history":[{"count":5,"href":"https:\/\/2017.carnico.it\/blog\/wp-json\/wp\/v2\/posts\/16542\/revisions"}],"predecessor-version":[{"id":16548,"href":"https:\/\/2017.carnico.it\/blog\/wp-json\/wp\/v2\/posts\/16542\/revisions\/16548"}],"wp:attachment":[{"href":"https:\/\/2017.carnico.it\/blog\/wp-json\/wp\/v2\/media?parent=16542"}],"wp:term":[{"taxonomy":"category","embeddable":true,"href":"https:\/\/2017.carnico.it\/blog\/wp-json\/wp\/v2\/categories?post=16542"},{"taxonomy":"post_tag","embeddable":true,"href":"https:\/\/2017.carnico.it\/blog\/wp-json\/wp\/v2\/tags?post=16542"}],"curies":[{"name":"wp","href":"https:\/\/api.w.org\/{rel}","templated":true}]}}