{"id":16510,"date":"2017-06-01T15:18:11","date_gmt":"2017-06-01T13:18:11","guid":{"rendered":"http:\/\/www.carnico.it\/blog\/?p=16510"},"modified":"2017-06-01T15:18:11","modified_gmt":"2017-06-01T13:18:11","slug":"gli-squalificati-della-quinta-giornata","status":"publish","type":"post","link":"https:\/\/2017.carnico.it\/blog\/2017\/06\/01\/gli-squalificati-della-quinta-giornata\/","title":{"rendered":"GLI SQUALIFICATI DELLA QUINTA GIORNATA"},"content":{"rendered":"<div id=\"attachment_16511\" style=\"width: 198px\" class=\"wp-caption alignleft\"><a href=\"https:\/\/www.carnico.it\/blog\/wp-content\/uploads\/2017\/06\/Mauro-Moro-Paluzza.jpg\"><img loading=\"lazy\" decoding=\"async\" aria-describedby=\"caption-attachment-16511\" class=\"size-medium wp-image-16511\" src=\"https:\/\/www.carnico.it\/blog\/wp-content\/uploads\/2017\/06\/Mauro-Moro-Paluzza-188x250.jpg\" alt=\"\" width=\"188\" height=\"250\" srcset=\"https:\/\/2017.carnico.it\/blog\/wp-content\/uploads\/2017\/06\/Mauro-Moro-Paluzza-188x250.jpg 188w, https:\/\/2017.carnico.it\/blog\/wp-content\/uploads\/2017\/06\/Mauro-Moro-Paluzza-338x450.jpg 338w, https:\/\/2017.carnico.it\/blog\/wp-content\/uploads\/2017\/06\/Mauro-Moro-Paluzza-473x630.jpg 473w, https:\/\/2017.carnico.it\/blog\/wp-content\/uploads\/2017\/06\/Mauro-Moro-Paluzza.jpg 1000w\" sizes=\"auto, (max-width: 188px) 100vw, 188px\" \/><\/a><p id=\"caption-attachment-16511\" class=\"wp-caption-text\">Mauro Moro del Paluzza<\/p><\/div>\n<p>In riferimento alla quinta giornata del Carnico, il Giudice Sportivo ha squalificato<\/p>\n<p>2 giornate Mauro Moro (Paluzza) e Luca Micelli (Pontebbana)<br \/>\n1 giornata Federico Giuliattini (Verzegnis), Piero Borta (Edera), Omar Farinati (Arta Terme), Giuseppe Marcuzzi (Illegiana), Mirko Ciorba (Stella Azzurra) e Giuliano De Conti (Comeglians).<br \/>\nDIRIGENTI. Squalifica sino al 10 giugno per il massaggiatore del Campagnola Enzo Collino &#8220;per reiterate proteste&#8221;.<\/p>\n<p><!--more-->COPPA CARNIA. In riferimento agli ottavi di finale \u00e8 stato squalificato per due giornate Gabriele De Toni del Real Ic, quindi una giornata per Omar Farinati (Arta Terme), Gabriele Nodale, Simone Del Fabro e Andrea Quaglia (Cercivento), Claudio D&#8217;Agostina (Tarvisio), Nicola Mazzolini (Real Ic), Andrea Candoni e Gabriele Fabiani (Cedarchis), Fabio Cimenti (Edera).<\/p>\n<p>ANTICIPI. Venerd\u00ec 2 giungo alle 20.30 si giocher\u00e0 VILLA-CEDARCHIS, mentre alle 19 fischio d&#8217;avvio per STELLA AZZURRA-MPOGGESE.<br \/>\nPer il primo turno infrasettimanale previsto per mercoled\u00ec 7 giugno (20.30) la partita Moggese-Ardita si giocher\u00e0 a Venzone, quella tra Sappada e Lauco a Pesaris, mentre Rigolato-Comeglians \u00e8 stata posticpata a gioved\u00ec 8 giugno a Ravascletto.<\/p>\n<p>&nbsp;<\/p>\n","protected":false},"excerpt":{"rendered":"<p>In riferimento alla quinta giornata del Carnico, il Giudice Sportivo ha squalificato 2 giornate Mauro Moro (Paluzza) e Luca Micelli (Pontebbana) 1 giornata Federico Giuliattini (Verzegnis), Piero Borta (Edera), Omar Farinati (Arta Terme), Giuseppe Marcuzzi (Illegiana), Mirko Ciorba (Stella Azzurra) e Giuliano De Conti (Comeglians). DIRIGENTI. Squalifica sino al 10 giugno per il massaggiatore del [&hellip;]<\/p>\n","protected":false},"author":10,"featured_media":0,"comment_status":"open","ping_status":"closed","sticky":false,"template":"","format":"standard","meta":{"footnotes":""},"categories":[3],"tags":[],"class_list":["post-16510","post","type-post","status-publish","format-standard","hentry","category-carnico"],"yoast_head":"<!-- This site is optimized with the Yoast SEO plugin v27.3 - https:\/\/yoast.com\/product\/yoast-seo-wordpress\/ -->\n<title>GLI SQUALIFICATI DELLA QUINTA GIORNATA - Campionato Carnico 2017<\/title>\n<meta name=\"robots\" content=\"index, follow, max-snippet:-1, max-image-preview:large, max-video-preview:-1\" \/>\n<link rel=\"canonical\" href=\"https:\/\/2017.carnico.it\/blog\/2017\/06\/01\/gli-squalificati-della-quinta-giornata\/\" \/>\n<meta property=\"og:locale\" content=\"it_IT\" \/>\n<meta property=\"og:type\" content=\"article\" \/>\n<meta property=\"og:title\" content=\"GLI SQUALIFICATI DELLA QUINTA GIORNATA - Campionato Carnico 2017\" \/>\n<meta property=\"og:description\" content=\"In riferimento alla quinta giornata del Carnico, il Giudice Sportivo ha squalificato 2 giornate Mauro Moro (Paluzza) e Luca Micelli (Pontebbana) 1 giornata Federico Giuliattini (Verzegnis), Piero Borta (Edera), Omar Farinati (Arta Terme), Giuseppe Marcuzzi (Illegiana), Mirko Ciorba (Stella Azzurra) e Giuliano De Conti (Comeglians). DIRIGENTI. Squalifica sino al 10 giugno per il massaggiatore del [&hellip;]\" \/>\n<meta property=\"og:url\" content=\"https:\/\/2017.carnico.it\/blog\/2017\/06\/01\/gli-squalificati-della-quinta-giornata\/\" \/>\n<meta property=\"og:site_name\" content=\"Campionato Carnico 2017\" \/>\n<meta property=\"article:publisher\" content=\"https:\/\/www.facebook.com\/campionatocarnico\/\" \/>\n<meta property=\"article:published_time\" content=\"2017-06-01T13:18:11+00:00\" \/>\n<meta property=\"og:image\" content=\"https:\/\/www.carnico.it\/blog\/wp-content\/uploads\/2017\/06\/Mauro-Moro-Paluzza-188x250.jpg\" \/>\n<meta name=\"author\" content=\"Redazione\" \/>\n<meta name=\"twitter:card\" content=\"summary_large_image\" \/>\n<meta name=\"twitter:label1\" content=\"Scritto da\" \/>\n\t<meta name=\"twitter:data1\" content=\"Redazione\" \/>\n\t<meta name=\"twitter:label2\" content=\"Tempo di lettura stimato\" \/>\n\t<meta name=\"twitter:data2\" content=\"1 minuto\" \/>\n<script type=\"application\/ld+json\" class=\"yoast-schema-graph\">{\"@context\":\"https:\\\/\\\/schema.org\",\"@graph\":[{\"@type\":\"Article\",\"@id\":\"https:\\\/\\\/2017.carnico.it\\\/blog\\\/2017\\\/06\\\/01\\\/gli-squalificati-della-quinta-giornata\\\/#article\",\"isPartOf\":{\"@id\":\"https:\\\/\\\/2017.carnico.it\\\/blog\\\/2017\\\/06\\\/01\\\/gli-squalificati-della-quinta-giornata\\\/\"},\"author\":{\"name\":\"Redazione\",\"@id\":\"https:\\\/\\\/2017.carnico.it\\\/blog\\\/#\\\/schema\\\/person\\\/a68c764693d96df3238f123ea014e78c\"},\"headline\":\"GLI SQUALIFICATI DELLA QUINTA GIORNATA\",\"datePublished\":\"2017-06-01T13:18:11+00:00\",\"mainEntityOfPage\":{\"@id\":\"https:\\\/\\\/2017.carnico.it\\\/blog\\\/2017\\\/06\\\/01\\\/gli-squalificati-della-quinta-giornata\\\/\"},\"wordCount\":175,\"commentCount\":0,\"image\":{\"@id\":\"https:\\\/\\\/2017.carnico.it\\\/blog\\\/2017\\\/06\\\/01\\\/gli-squalificati-della-quinta-giornata\\\/#primaryimage\"},\"thumbnailUrl\":\"https:\\\/\\\/www.carnico.it\\\/blog\\\/wp-content\\\/uploads\\\/2017\\\/06\\\/Mauro-Moro-Paluzza-188x250.jpg\",\"articleSection\":[\"Carnico\"],\"inLanguage\":\"it-IT\",\"potentialAction\":[{\"@type\":\"CommentAction\",\"name\":\"Comment\",\"target\":[\"https:\\\/\\\/2017.carnico.it\\\/blog\\\/2017\\\/06\\\/01\\\/gli-squalificati-della-quinta-giornata\\\/#respond\"]}]},{\"@type\":\"WebPage\",\"@id\":\"https:\\\/\\\/2017.carnico.it\\\/blog\\\/2017\\\/06\\\/01\\\/gli-squalificati-della-quinta-giornata\\\/\",\"url\":\"https:\\\/\\\/2017.carnico.it\\\/blog\\\/2017\\\/06\\\/01\\\/gli-squalificati-della-quinta-giornata\\\/\",\"name\":\"GLI SQUALIFICATI DELLA QUINTA GIORNATA - Campionato Carnico 2017\",\"isPartOf\":{\"@id\":\"https:\\\/\\\/2017.carnico.it\\\/blog\\\/#website\"},\"primaryImageOfPage\":{\"@id\":\"https:\\\/\\\/2017.carnico.it\\\/blog\\\/2017\\\/06\\\/01\\\/gli-squalificati-della-quinta-giornata\\\/#primaryimage\"},\"image\":{\"@id\":\"https:\\\/\\\/2017.carnico.it\\\/blog\\\/2017\\\/06\\\/01\\\/gli-squalificati-della-quinta-giornata\\\/#primaryimage\"},\"thumbnailUrl\":\"https:\\\/\\\/www.carnico.it\\\/blog\\\/wp-content\\\/uploads\\\/2017\\\/06\\\/Mauro-Moro-Paluzza-188x250.jpg\",\"datePublished\":\"2017-06-01T13:18:11+00:00\",\"author\":{\"@id\":\"https:\\\/\\\/2017.carnico.it\\\/blog\\\/#\\\/schema\\\/person\\\/a68c764693d96df3238f123ea014e78c\"},\"breadcrumb\":{\"@id\":\"https:\\\/\\\/2017.carnico.it\\\/blog\\\/2017\\\/06\\\/01\\\/gli-squalificati-della-quinta-giornata\\\/#breadcrumb\"},\"inLanguage\":\"it-IT\",\"potentialAction\":[{\"@type\":\"ReadAction\",\"target\":[\"https:\\\/\\\/2017.carnico.it\\\/blog\\\/2017\\\/06\\\/01\\\/gli-squalificati-della-quinta-giornata\\\/\"]}]},{\"@type\":\"ImageObject\",\"inLanguage\":\"it-IT\",\"@id\":\"https:\\\/\\\/2017.carnico.it\\\/blog\\\/2017\\\/06\\\/01\\\/gli-squalificati-della-quinta-giornata\\\/#primaryimage\",\"url\":\"https:\\\/\\\/www.carnico.it\\\/blog\\\/wp-content\\\/uploads\\\/2017\\\/06\\\/Mauro-Moro-Paluzza-188x250.jpg\",\"contentUrl\":\"https:\\\/\\\/www.carnico.it\\\/blog\\\/wp-content\\\/uploads\\\/2017\\\/06\\\/Mauro-Moro-Paluzza-188x250.jpg\"},{\"@type\":\"BreadcrumbList\",\"@id\":\"https:\\\/\\\/2017.carnico.it\\\/blog\\\/2017\\\/06\\\/01\\\/gli-squalificati-della-quinta-giornata\\\/#breadcrumb\",\"itemListElement\":[{\"@type\":\"ListItem\",\"position\":1,\"name\":\"Home\",\"item\":\"https:\\\/\\\/2017.carnico.it\\\/blog\\\/\"},{\"@type\":\"ListItem\",\"position\":2,\"name\":\"GLI SQUALIFICATI DELLA QUINTA GIORNATA\"}]},{\"@type\":\"WebSite\",\"@id\":\"https:\\\/\\\/2017.carnico.it\\\/blog\\\/#website\",\"url\":\"https:\\\/\\\/2017.carnico.it\\\/blog\\\/\",\"name\":\"Campionato Carnico 2017\",\"description\":\"Notizie e aggiornamenti in tempo reale sul campionato Carnico\",\"potentialAction\":[{\"@type\":\"SearchAction\",\"target\":{\"@type\":\"EntryPoint\",\"urlTemplate\":\"https:\\\/\\\/2017.carnico.it\\\/blog\\\/?s={search_term_string}\"},\"query-input\":{\"@type\":\"PropertyValueSpecification\",\"valueRequired\":true,\"valueName\":\"search_term_string\"}}],\"inLanguage\":\"it-IT\"},{\"@type\":\"Person\",\"@id\":\"https:\\\/\\\/2017.carnico.it\\\/blog\\\/#\\\/schema\\\/person\\\/a68c764693d96df3238f123ea014e78c\",\"name\":\"Redazione\",\"image\":{\"@type\":\"ImageObject\",\"inLanguage\":\"it-IT\",\"@id\":\"https:\\\/\\\/secure.gravatar.com\\\/avatar\\\/6c05bd4dddbea475e283f76b4aa2d778ecb35c06fd92df5f6e0cac552163e2ac?s=96&d=mm&r=g\",\"url\":\"https:\\\/\\\/secure.gravatar.com\\\/avatar\\\/6c05bd4dddbea475e283f76b4aa2d778ecb35c06fd92df5f6e0cac552163e2ac?s=96&d=mm&r=g\",\"contentUrl\":\"https:\\\/\\\/secure.gravatar.com\\\/avatar\\\/6c05bd4dddbea475e283f76b4aa2d778ecb35c06fd92df5f6e0cac552163e2ac?s=96&d=mm&r=g\",\"caption\":\"Redazione\"},\"url\":\"https:\\\/\\\/2017.carnico.it\\\/blog\\\/author\\\/clyco-admin\\\/\"}]}<\/script>\n<!-- \/ Yoast SEO plugin. -->","yoast_head_json":{"title":"GLI SQUALIFICATI DELLA QUINTA GIORNATA - Campionato Carnico 2017","robots":{"index":"index","follow":"follow","max-snippet":"max-snippet:-1","max-image-preview":"max-image-preview:large","max-video-preview":"max-video-preview:-1"},"canonical":"https:\/\/2017.carnico.it\/blog\/2017\/06\/01\/gli-squalificati-della-quinta-giornata\/","og_locale":"it_IT","og_type":"article","og_title":"GLI SQUALIFICATI DELLA QUINTA GIORNATA - Campionato Carnico 2017","og_description":"In riferimento alla quinta giornata del Carnico, il Giudice Sportivo ha squalificato 2 giornate Mauro Moro (Paluzza) e Luca Micelli (Pontebbana) 1 giornata Federico Giuliattini (Verzegnis), Piero Borta (Edera), Omar Farinati (Arta Terme), Giuseppe Marcuzzi (Illegiana), Mirko Ciorba (Stella Azzurra) e Giuliano De Conti (Comeglians). DIRIGENTI. Squalifica sino al 10 giugno per il massaggiatore del [&hellip;]","og_url":"https:\/\/2017.carnico.it\/blog\/2017\/06\/01\/gli-squalificati-della-quinta-giornata\/","og_site_name":"Campionato Carnico 2017","article_publisher":"https:\/\/www.facebook.com\/campionatocarnico\/","article_published_time":"2017-06-01T13:18:11+00:00","og_image":[{"url":"https:\/\/www.carnico.it\/blog\/wp-content\/uploads\/2017\/06\/Mauro-Moro-Paluzza-188x250.jpg","type":"","width":"","height":""}],"author":"Redazione","twitter_card":"summary_large_image","twitter_misc":{"Scritto da":"Redazione","Tempo di lettura stimato":"1 minuto"},"schema":{"@context":"https:\/\/schema.org","@graph":[{"@type":"Article","@id":"https:\/\/2017.carnico.it\/blog\/2017\/06\/01\/gli-squalificati-della-quinta-giornata\/#article","isPartOf":{"@id":"https:\/\/2017.carnico.it\/blog\/2017\/06\/01\/gli-squalificati-della-quinta-giornata\/"},"author":{"name":"Redazione","@id":"https:\/\/2017.carnico.it\/blog\/#\/schema\/person\/a68c764693d96df3238f123ea014e78c"},"headline":"GLI SQUALIFICATI DELLA QUINTA GIORNATA","datePublished":"2017-06-01T13:18:11+00:00","mainEntityOfPage":{"@id":"https:\/\/2017.carnico.it\/blog\/2017\/06\/01\/gli-squalificati-della-quinta-giornata\/"},"wordCount":175,"commentCount":0,"image":{"@id":"https:\/\/2017.carnico.it\/blog\/2017\/06\/01\/gli-squalificati-della-quinta-giornata\/#primaryimage"},"thumbnailUrl":"https:\/\/www.carnico.it\/blog\/wp-content\/uploads\/2017\/06\/Mauro-Moro-Paluzza-188x250.jpg","articleSection":["Carnico"],"inLanguage":"it-IT","potentialAction":[{"@type":"CommentAction","name":"Comment","target":["https:\/\/2017.carnico.it\/blog\/2017\/06\/01\/gli-squalificati-della-quinta-giornata\/#respond"]}]},{"@type":"WebPage","@id":"https:\/\/2017.carnico.it\/blog\/2017\/06\/01\/gli-squalificati-della-quinta-giornata\/","url":"https:\/\/2017.carnico.it\/blog\/2017\/06\/01\/gli-squalificati-della-quinta-giornata\/","name":"GLI SQUALIFICATI DELLA QUINTA GIORNATA - Campionato Carnico 2017","isPartOf":{"@id":"https:\/\/2017.carnico.it\/blog\/#website"},"primaryImageOfPage":{"@id":"https:\/\/2017.carnico.it\/blog\/2017\/06\/01\/gli-squalificati-della-quinta-giornata\/#primaryimage"},"image":{"@id":"https:\/\/2017.carnico.it\/blog\/2017\/06\/01\/gli-squalificati-della-quinta-giornata\/#primaryimage"},"thumbnailUrl":"https:\/\/www.carnico.it\/blog\/wp-content\/uploads\/2017\/06\/Mauro-Moro-Paluzza-188x250.jpg","datePublished":"2017-06-01T13:18:11+00:00","author":{"@id":"https:\/\/2017.carnico.it\/blog\/#\/schema\/person\/a68c764693d96df3238f123ea014e78c"},"breadcrumb":{"@id":"https:\/\/2017.carnico.it\/blog\/2017\/06\/01\/gli-squalificati-della-quinta-giornata\/#breadcrumb"},"inLanguage":"it-IT","potentialAction":[{"@type":"ReadAction","target":["https:\/\/2017.carnico.it\/blog\/2017\/06\/01\/gli-squalificati-della-quinta-giornata\/"]}]},{"@type":"ImageObject","inLanguage":"it-IT","@id":"https:\/\/2017.carnico.it\/blog\/2017\/06\/01\/gli-squalificati-della-quinta-giornata\/#primaryimage","url":"https:\/\/www.carnico.it\/blog\/wp-content\/uploads\/2017\/06\/Mauro-Moro-Paluzza-188x250.jpg","contentUrl":"https:\/\/www.carnico.it\/blog\/wp-content\/uploads\/2017\/06\/Mauro-Moro-Paluzza-188x250.jpg"},{"@type":"BreadcrumbList","@id":"https:\/\/2017.carnico.it\/blog\/2017\/06\/01\/gli-squalificati-della-quinta-giornata\/#breadcrumb","itemListElement":[{"@type":"ListItem","position":1,"name":"Home","item":"https:\/\/2017.carnico.it\/blog\/"},{"@type":"ListItem","position":2,"name":"GLI SQUALIFICATI DELLA QUINTA GIORNATA"}]},{"@type":"WebSite","@id":"https:\/\/2017.carnico.it\/blog\/#website","url":"https:\/\/2017.carnico.it\/blog\/","name":"Campionato Carnico 2017","description":"Notizie e aggiornamenti in tempo reale sul campionato Carnico","potentialAction":[{"@type":"SearchAction","target":{"@type":"EntryPoint","urlTemplate":"https:\/\/2017.carnico.it\/blog\/?s={search_term_string}"},"query-input":{"@type":"PropertyValueSpecification","valueRequired":true,"valueName":"search_term_string"}}],"inLanguage":"it-IT"},{"@type":"Person","@id":"https:\/\/2017.carnico.it\/blog\/#\/schema\/person\/a68c764693d96df3238f123ea014e78c","name":"Redazione","image":{"@type":"ImageObject","inLanguage":"it-IT","@id":"https:\/\/secure.gravatar.com\/avatar\/6c05bd4dddbea475e283f76b4aa2d778ecb35c06fd92df5f6e0cac552163e2ac?s=96&d=mm&r=g","url":"https:\/\/secure.gravatar.com\/avatar\/6c05bd4dddbea475e283f76b4aa2d778ecb35c06fd92df5f6e0cac552163e2ac?s=96&d=mm&r=g","contentUrl":"https:\/\/secure.gravatar.com\/avatar\/6c05bd4dddbea475e283f76b4aa2d778ecb35c06fd92df5f6e0cac552163e2ac?s=96&d=mm&r=g","caption":"Redazione"},"url":"https:\/\/2017.carnico.it\/blog\/author\/clyco-admin\/"}]}},"_links":{"self":[{"href":"https:\/\/2017.carnico.it\/blog\/wp-json\/wp\/v2\/posts\/16510","targetHints":{"allow":["GET"]}}],"collection":[{"href":"https:\/\/2017.carnico.it\/blog\/wp-json\/wp\/v2\/posts"}],"about":[{"href":"https:\/\/2017.carnico.it\/blog\/wp-json\/wp\/v2\/types\/post"}],"author":[{"embeddable":true,"href":"https:\/\/2017.carnico.it\/blog\/wp-json\/wp\/v2\/users\/10"}],"replies":[{"embeddable":true,"href":"https:\/\/2017.carnico.it\/blog\/wp-json\/wp\/v2\/comments?post=16510"}],"version-history":[{"count":1,"href":"https:\/\/2017.carnico.it\/blog\/wp-json\/wp\/v2\/posts\/16510\/revisions"}],"predecessor-version":[{"id":16512,"href":"https:\/\/2017.carnico.it\/blog\/wp-json\/wp\/v2\/posts\/16510\/revisions\/16512"}],"wp:attachment":[{"href":"https:\/\/2017.carnico.it\/blog\/wp-json\/wp\/v2\/media?parent=16510"}],"wp:term":[{"taxonomy":"category","embeddable":true,"href":"https:\/\/2017.carnico.it\/blog\/wp-json\/wp\/v2\/categories?post=16510"},{"taxonomy":"post_tag","embeddable":true,"href":"https:\/\/2017.carnico.it\/blog\/wp-json\/wp\/v2\/tags?post=16510"}],"curies":[{"name":"wp","href":"https:\/\/api.w.org\/{rel}","templated":true}]}}