{"id":15852,"date":"2017-04-21T15:32:19","date_gmt":"2017-04-21T13:32:19","guid":{"rendered":"http:\/\/www.carnico.it\/blog\/?p=15852"},"modified":"2017-04-21T15:33:00","modified_gmt":"2017-04-21T13:33:00","slug":"cavazzo-ricorda-bulfoni-lalbertosi-del-friuli","status":"publish","type":"post","link":"https:\/\/2017.carnico.it\/blog\/2017\/04\/21\/cavazzo-ricorda-bulfoni-lalbertosi-del-friuli\/","title":{"rendered":"CAVAZZO RICORDA BULFONI, L'&#8221;ALBERTOSI DEL FRIULI&#8221;"},"content":{"rendered":"<p><a href=\"https:\/\/www.carnico.it\/blog\/2017\/04\/21\/cavazzo-ricorda-bulfoni-lalbertosi-del-friuli\/gb\/\" rel=\"attachment wp-att-15853\"><img loading=\"lazy\" decoding=\"async\" class=\" wp-image-15853 alignleft\" src=\"https:\/\/www.carnico.it\/blog\/wp-content\/uploads\/2017\/04\/gb.jpg\" alt=\"\" width=\"172\" height=\"194\" \/><\/a>Nell\u2019imminenza della stagione che sta per iniziare, da Cavazzo ci segnalano che nei giorni scorsi \u00e8 deceduto Gilberto Bulfoni, indimenticabile portiere del Cavazzo anni \u201970. Originario di Udine, \u201cGil\u201d arriv\u00f2 in Carnia grazie a Siro Macutan,\u00a0 storico dirigente del sodalizio viola, che rimase colpito dalle doti tecniche e dall\u2019esuberanza straripante del personaggio. Bulfoni \u00e8 stato un portiere figlio dei suoi tempi, uno che il ruolo ce l\u2019aveva dentro per il suo essere estroverso, originale e quasi mai banale. \u201cMatto\u201d, insomma, come per definizione, all\u2019epoca, erano un po\u2019 tutti i portieri. <!--more-->Lo chiamavano \u201cl\u2019Albertosi del Friuli\u201d, per una somiglianza non solo tecnica con l\u2019ex portiere della Nazionale: baffoni spioventi, capelli lunghi e la stessa interpretazione del ruolo. Era solo qualche centimetro pi\u00f9 basso, ma per il resto i punti in comune erano davvero tanti. A Cavazzo ha lasciato ottimi ricordi e chi come Dario Iuri (ex sindaco cavazzino ed ex giocatore) ci ha giocato insieme la notizia della sua scomparsa ha portato un velo di tristezza. \u201cGil\u201d ha difeso la porta viola per diverse stagioni ma \u00e8 stato a lungo tesserato col Cavazzo, perch\u00e9 in caso di necessit\u00e0 non avrebbe esitato nemmeno un attimo a salire in Carnia ed offrire la propria disponibilit\u00e0.<\/p>\n","protected":false},"excerpt":{"rendered":"<p>Nell\u2019imminenza della stagione che sta per iniziare, da Cavazzo ci segnalano che nei giorni scorsi \u00e8 deceduto Gilberto Bulfoni, indimenticabile portiere del Cavazzo anni \u201970. Originario di Udine, \u201cGil\u201d arriv\u00f2 in Carnia grazie a Siro Macutan,\u00a0 storico dirigente del sodalizio viola, che rimase colpito dalle doti tecniche e dall\u2019esuberanza straripante del personaggio. Bulfoni \u00e8 stato [&hellip;]<\/p>\n","protected":false},"author":10,"featured_media":0,"comment_status":"open","ping_status":"closed","sticky":false,"template":"","format":"standard","meta":{"footnotes":""},"categories":[5],"tags":[],"class_list":["post-15852","post","type-post","status-publish","format-standard","hentry","category-varie"],"yoast_head":"<!-- This site is optimized with the Yoast SEO plugin v27.3 - https:\/\/yoast.com\/product\/yoast-seo-wordpress\/ -->\n<title>CAVAZZO RICORDA BULFONI, L&#039;&quot;ALBERTOSI DEL FRIULI&quot; - Campionato Carnico 2017<\/title>\n<meta name=\"robots\" content=\"index, follow, max-snippet:-1, max-image-preview:large, max-video-preview:-1\" \/>\n<link rel=\"canonical\" href=\"https:\/\/2017.carnico.it\/blog\/2017\/04\/21\/cavazzo-ricorda-bulfoni-lalbertosi-del-friuli\/\" \/>\n<meta property=\"og:locale\" content=\"it_IT\" \/>\n<meta property=\"og:type\" content=\"article\" \/>\n<meta property=\"og:title\" content=\"CAVAZZO RICORDA BULFONI, L&#039;&quot;ALBERTOSI DEL FRIULI&quot; - Campionato Carnico 2017\" \/>\n<meta property=\"og:description\" content=\"Nell\u2019imminenza della stagione che sta per iniziare, da Cavazzo ci segnalano che nei giorni scorsi \u00e8 deceduto Gilberto Bulfoni, indimenticabile portiere del Cavazzo anni \u201970. Originario di Udine, \u201cGil\u201d arriv\u00f2 in Carnia grazie a Siro Macutan,\u00a0 storico dirigente del sodalizio viola, che rimase colpito dalle doti tecniche e dall\u2019esuberanza straripante del personaggio. Bulfoni \u00e8 stato [&hellip;]\" \/>\n<meta property=\"og:url\" content=\"https:\/\/2017.carnico.it\/blog\/2017\/04\/21\/cavazzo-ricorda-bulfoni-lalbertosi-del-friuli\/\" \/>\n<meta property=\"og:site_name\" content=\"Campionato Carnico 2017\" \/>\n<meta property=\"article:publisher\" content=\"https:\/\/www.facebook.com\/campionatocarnico\/\" \/>\n<meta property=\"article:published_time\" content=\"2017-04-21T13:32:19+00:00\" \/>\n<meta property=\"article:modified_time\" content=\"2017-04-21T13:33:00+00:00\" \/>\n<meta property=\"og:image\" content=\"https:\/\/www.carnico.it\/blog\/wp-content\/uploads\/2017\/04\/gb.jpg\" \/>\n<meta name=\"author\" content=\"Redazione\" \/>\n<meta name=\"twitter:card\" content=\"summary_large_image\" \/>\n<meta name=\"twitter:label1\" content=\"Scritto da\" \/>\n\t<meta name=\"twitter:data1\" content=\"Redazione\" \/>\n\t<meta name=\"twitter:label2\" content=\"Tempo di lettura stimato\" \/>\n\t<meta name=\"twitter:data2\" content=\"1 minuto\" \/>\n<script type=\"application\/ld+json\" class=\"yoast-schema-graph\">{\"@context\":\"https:\\\/\\\/schema.org\",\"@graph\":[{\"@type\":\"Article\",\"@id\":\"https:\\\/\\\/2017.carnico.it\\\/blog\\\/2017\\\/04\\\/21\\\/cavazzo-ricorda-bulfoni-lalbertosi-del-friuli\\\/#article\",\"isPartOf\":{\"@id\":\"https:\\\/\\\/2017.carnico.it\\\/blog\\\/2017\\\/04\\\/21\\\/cavazzo-ricorda-bulfoni-lalbertosi-del-friuli\\\/\"},\"author\":{\"name\":\"Redazione\",\"@id\":\"https:\\\/\\\/2017.carnico.it\\\/blog\\\/#\\\/schema\\\/person\\\/a68c764693d96df3238f123ea014e78c\"},\"headline\":\"CAVAZZO RICORDA BULFONI, L'&#8221;ALBERTOSI DEL FRIULI&#8221;\",\"datePublished\":\"2017-04-21T13:32:19+00:00\",\"dateModified\":\"2017-04-21T13:33:00+00:00\",\"mainEntityOfPage\":{\"@id\":\"https:\\\/\\\/2017.carnico.it\\\/blog\\\/2017\\\/04\\\/21\\\/cavazzo-ricorda-bulfoni-lalbertosi-del-friuli\\\/\"},\"wordCount\":211,\"commentCount\":0,\"image\":{\"@id\":\"https:\\\/\\\/2017.carnico.it\\\/blog\\\/2017\\\/04\\\/21\\\/cavazzo-ricorda-bulfoni-lalbertosi-del-friuli\\\/#primaryimage\"},\"thumbnailUrl\":\"https:\\\/\\\/www.carnico.it\\\/blog\\\/wp-content\\\/uploads\\\/2017\\\/04\\\/gb.jpg\",\"articleSection\":[\"Varie\"],\"inLanguage\":\"it-IT\",\"potentialAction\":[{\"@type\":\"CommentAction\",\"name\":\"Comment\",\"target\":[\"https:\\\/\\\/2017.carnico.it\\\/blog\\\/2017\\\/04\\\/21\\\/cavazzo-ricorda-bulfoni-lalbertosi-del-friuli\\\/#respond\"]}]},{\"@type\":\"WebPage\",\"@id\":\"https:\\\/\\\/2017.carnico.it\\\/blog\\\/2017\\\/04\\\/21\\\/cavazzo-ricorda-bulfoni-lalbertosi-del-friuli\\\/\",\"url\":\"https:\\\/\\\/2017.carnico.it\\\/blog\\\/2017\\\/04\\\/21\\\/cavazzo-ricorda-bulfoni-lalbertosi-del-friuli\\\/\",\"name\":\"CAVAZZO RICORDA BULFONI, L'\\\"ALBERTOSI DEL FRIULI\\\" - Campionato Carnico 2017\",\"isPartOf\":{\"@id\":\"https:\\\/\\\/2017.carnico.it\\\/blog\\\/#website\"},\"primaryImageOfPage\":{\"@id\":\"https:\\\/\\\/2017.carnico.it\\\/blog\\\/2017\\\/04\\\/21\\\/cavazzo-ricorda-bulfoni-lalbertosi-del-friuli\\\/#primaryimage\"},\"image\":{\"@id\":\"https:\\\/\\\/2017.carnico.it\\\/blog\\\/2017\\\/04\\\/21\\\/cavazzo-ricorda-bulfoni-lalbertosi-del-friuli\\\/#primaryimage\"},\"thumbnailUrl\":\"https:\\\/\\\/www.carnico.it\\\/blog\\\/wp-content\\\/uploads\\\/2017\\\/04\\\/gb.jpg\",\"datePublished\":\"2017-04-21T13:32:19+00:00\",\"dateModified\":\"2017-04-21T13:33:00+00:00\",\"author\":{\"@id\":\"https:\\\/\\\/2017.carnico.it\\\/blog\\\/#\\\/schema\\\/person\\\/a68c764693d96df3238f123ea014e78c\"},\"breadcrumb\":{\"@id\":\"https:\\\/\\\/2017.carnico.it\\\/blog\\\/2017\\\/04\\\/21\\\/cavazzo-ricorda-bulfoni-lalbertosi-del-friuli\\\/#breadcrumb\"},\"inLanguage\":\"it-IT\",\"potentialAction\":[{\"@type\":\"ReadAction\",\"target\":[\"https:\\\/\\\/2017.carnico.it\\\/blog\\\/2017\\\/04\\\/21\\\/cavazzo-ricorda-bulfoni-lalbertosi-del-friuli\\\/\"]}]},{\"@type\":\"ImageObject\",\"inLanguage\":\"it-IT\",\"@id\":\"https:\\\/\\\/2017.carnico.it\\\/blog\\\/2017\\\/04\\\/21\\\/cavazzo-ricorda-bulfoni-lalbertosi-del-friuli\\\/#primaryimage\",\"url\":\"https:\\\/\\\/www.carnico.it\\\/blog\\\/wp-content\\\/uploads\\\/2017\\\/04\\\/gb.jpg\",\"contentUrl\":\"https:\\\/\\\/www.carnico.it\\\/blog\\\/wp-content\\\/uploads\\\/2017\\\/04\\\/gb.jpg\"},{\"@type\":\"BreadcrumbList\",\"@id\":\"https:\\\/\\\/2017.carnico.it\\\/blog\\\/2017\\\/04\\\/21\\\/cavazzo-ricorda-bulfoni-lalbertosi-del-friuli\\\/#breadcrumb\",\"itemListElement\":[{\"@type\":\"ListItem\",\"position\":1,\"name\":\"Home\",\"item\":\"https:\\\/\\\/2017.carnico.it\\\/blog\\\/\"},{\"@type\":\"ListItem\",\"position\":2,\"name\":\"CAVAZZO RICORDA BULFONI, L'&#8221;ALBERTOSI DEL FRIULI&#8221;\"}]},{\"@type\":\"WebSite\",\"@id\":\"https:\\\/\\\/2017.carnico.it\\\/blog\\\/#website\",\"url\":\"https:\\\/\\\/2017.carnico.it\\\/blog\\\/\",\"name\":\"Campionato Carnico 2017\",\"description\":\"Notizie e aggiornamenti in tempo reale sul campionato Carnico\",\"potentialAction\":[{\"@type\":\"SearchAction\",\"target\":{\"@type\":\"EntryPoint\",\"urlTemplate\":\"https:\\\/\\\/2017.carnico.it\\\/blog\\\/?s={search_term_string}\"},\"query-input\":{\"@type\":\"PropertyValueSpecification\",\"valueRequired\":true,\"valueName\":\"search_term_string\"}}],\"inLanguage\":\"it-IT\"},{\"@type\":\"Person\",\"@id\":\"https:\\\/\\\/2017.carnico.it\\\/blog\\\/#\\\/schema\\\/person\\\/a68c764693d96df3238f123ea014e78c\",\"name\":\"Redazione\",\"image\":{\"@type\":\"ImageObject\",\"inLanguage\":\"it-IT\",\"@id\":\"https:\\\/\\\/secure.gravatar.com\\\/avatar\\\/6c05bd4dddbea475e283f76b4aa2d778ecb35c06fd92df5f6e0cac552163e2ac?s=96&d=mm&r=g\",\"url\":\"https:\\\/\\\/secure.gravatar.com\\\/avatar\\\/6c05bd4dddbea475e283f76b4aa2d778ecb35c06fd92df5f6e0cac552163e2ac?s=96&d=mm&r=g\",\"contentUrl\":\"https:\\\/\\\/secure.gravatar.com\\\/avatar\\\/6c05bd4dddbea475e283f76b4aa2d778ecb35c06fd92df5f6e0cac552163e2ac?s=96&d=mm&r=g\",\"caption\":\"Redazione\"},\"url\":\"https:\\\/\\\/2017.carnico.it\\\/blog\\\/author\\\/clyco-admin\\\/\"}]}<\/script>\n<!-- \/ Yoast SEO plugin. -->","yoast_head_json":{"title":"CAVAZZO RICORDA BULFONI, L'\"ALBERTOSI DEL FRIULI\" - Campionato Carnico 2017","robots":{"index":"index","follow":"follow","max-snippet":"max-snippet:-1","max-image-preview":"max-image-preview:large","max-video-preview":"max-video-preview:-1"},"canonical":"https:\/\/2017.carnico.it\/blog\/2017\/04\/21\/cavazzo-ricorda-bulfoni-lalbertosi-del-friuli\/","og_locale":"it_IT","og_type":"article","og_title":"CAVAZZO RICORDA BULFONI, L'\"ALBERTOSI DEL FRIULI\" - Campionato Carnico 2017","og_description":"Nell\u2019imminenza della stagione che sta per iniziare, da Cavazzo ci segnalano che nei giorni scorsi \u00e8 deceduto Gilberto Bulfoni, indimenticabile portiere del Cavazzo anni \u201970. Originario di Udine, \u201cGil\u201d arriv\u00f2 in Carnia grazie a Siro Macutan,\u00a0 storico dirigente del sodalizio viola, che rimase colpito dalle doti tecniche e dall\u2019esuberanza straripante del personaggio. Bulfoni \u00e8 stato [&hellip;]","og_url":"https:\/\/2017.carnico.it\/blog\/2017\/04\/21\/cavazzo-ricorda-bulfoni-lalbertosi-del-friuli\/","og_site_name":"Campionato Carnico 2017","article_publisher":"https:\/\/www.facebook.com\/campionatocarnico\/","article_published_time":"2017-04-21T13:32:19+00:00","article_modified_time":"2017-04-21T13:33:00+00:00","og_image":[{"url":"https:\/\/www.carnico.it\/blog\/wp-content\/uploads\/2017\/04\/gb.jpg","type":"","width":"","height":""}],"author":"Redazione","twitter_card":"summary_large_image","twitter_misc":{"Scritto da":"Redazione","Tempo di lettura stimato":"1 minuto"},"schema":{"@context":"https:\/\/schema.org","@graph":[{"@type":"Article","@id":"https:\/\/2017.carnico.it\/blog\/2017\/04\/21\/cavazzo-ricorda-bulfoni-lalbertosi-del-friuli\/#article","isPartOf":{"@id":"https:\/\/2017.carnico.it\/blog\/2017\/04\/21\/cavazzo-ricorda-bulfoni-lalbertosi-del-friuli\/"},"author":{"name":"Redazione","@id":"https:\/\/2017.carnico.it\/blog\/#\/schema\/person\/a68c764693d96df3238f123ea014e78c"},"headline":"CAVAZZO RICORDA BULFONI, L'&#8221;ALBERTOSI DEL FRIULI&#8221;","datePublished":"2017-04-21T13:32:19+00:00","dateModified":"2017-04-21T13:33:00+00:00","mainEntityOfPage":{"@id":"https:\/\/2017.carnico.it\/blog\/2017\/04\/21\/cavazzo-ricorda-bulfoni-lalbertosi-del-friuli\/"},"wordCount":211,"commentCount":0,"image":{"@id":"https:\/\/2017.carnico.it\/blog\/2017\/04\/21\/cavazzo-ricorda-bulfoni-lalbertosi-del-friuli\/#primaryimage"},"thumbnailUrl":"https:\/\/www.carnico.it\/blog\/wp-content\/uploads\/2017\/04\/gb.jpg","articleSection":["Varie"],"inLanguage":"it-IT","potentialAction":[{"@type":"CommentAction","name":"Comment","target":["https:\/\/2017.carnico.it\/blog\/2017\/04\/21\/cavazzo-ricorda-bulfoni-lalbertosi-del-friuli\/#respond"]}]},{"@type":"WebPage","@id":"https:\/\/2017.carnico.it\/blog\/2017\/04\/21\/cavazzo-ricorda-bulfoni-lalbertosi-del-friuli\/","url":"https:\/\/2017.carnico.it\/blog\/2017\/04\/21\/cavazzo-ricorda-bulfoni-lalbertosi-del-friuli\/","name":"CAVAZZO RICORDA BULFONI, L'\"ALBERTOSI DEL FRIULI\" - Campionato Carnico 2017","isPartOf":{"@id":"https:\/\/2017.carnico.it\/blog\/#website"},"primaryImageOfPage":{"@id":"https:\/\/2017.carnico.it\/blog\/2017\/04\/21\/cavazzo-ricorda-bulfoni-lalbertosi-del-friuli\/#primaryimage"},"image":{"@id":"https:\/\/2017.carnico.it\/blog\/2017\/04\/21\/cavazzo-ricorda-bulfoni-lalbertosi-del-friuli\/#primaryimage"},"thumbnailUrl":"https:\/\/www.carnico.it\/blog\/wp-content\/uploads\/2017\/04\/gb.jpg","datePublished":"2017-04-21T13:32:19+00:00","dateModified":"2017-04-21T13:33:00+00:00","author":{"@id":"https:\/\/2017.carnico.it\/blog\/#\/schema\/person\/a68c764693d96df3238f123ea014e78c"},"breadcrumb":{"@id":"https:\/\/2017.carnico.it\/blog\/2017\/04\/21\/cavazzo-ricorda-bulfoni-lalbertosi-del-friuli\/#breadcrumb"},"inLanguage":"it-IT","potentialAction":[{"@type":"ReadAction","target":["https:\/\/2017.carnico.it\/blog\/2017\/04\/21\/cavazzo-ricorda-bulfoni-lalbertosi-del-friuli\/"]}]},{"@type":"ImageObject","inLanguage":"it-IT","@id":"https:\/\/2017.carnico.it\/blog\/2017\/04\/21\/cavazzo-ricorda-bulfoni-lalbertosi-del-friuli\/#primaryimage","url":"https:\/\/www.carnico.it\/blog\/wp-content\/uploads\/2017\/04\/gb.jpg","contentUrl":"https:\/\/www.carnico.it\/blog\/wp-content\/uploads\/2017\/04\/gb.jpg"},{"@type":"BreadcrumbList","@id":"https:\/\/2017.carnico.it\/blog\/2017\/04\/21\/cavazzo-ricorda-bulfoni-lalbertosi-del-friuli\/#breadcrumb","itemListElement":[{"@type":"ListItem","position":1,"name":"Home","item":"https:\/\/2017.carnico.it\/blog\/"},{"@type":"ListItem","position":2,"name":"CAVAZZO RICORDA BULFONI, L'&#8221;ALBERTOSI DEL FRIULI&#8221;"}]},{"@type":"WebSite","@id":"https:\/\/2017.carnico.it\/blog\/#website","url":"https:\/\/2017.carnico.it\/blog\/","name":"Campionato Carnico 2017","description":"Notizie e aggiornamenti in tempo reale sul campionato Carnico","potentialAction":[{"@type":"SearchAction","target":{"@type":"EntryPoint","urlTemplate":"https:\/\/2017.carnico.it\/blog\/?s={search_term_string}"},"query-input":{"@type":"PropertyValueSpecification","valueRequired":true,"valueName":"search_term_string"}}],"inLanguage":"it-IT"},{"@type":"Person","@id":"https:\/\/2017.carnico.it\/blog\/#\/schema\/person\/a68c764693d96df3238f123ea014e78c","name":"Redazione","image":{"@type":"ImageObject","inLanguage":"it-IT","@id":"https:\/\/secure.gravatar.com\/avatar\/6c05bd4dddbea475e283f76b4aa2d778ecb35c06fd92df5f6e0cac552163e2ac?s=96&d=mm&r=g","url":"https:\/\/secure.gravatar.com\/avatar\/6c05bd4dddbea475e283f76b4aa2d778ecb35c06fd92df5f6e0cac552163e2ac?s=96&d=mm&r=g","contentUrl":"https:\/\/secure.gravatar.com\/avatar\/6c05bd4dddbea475e283f76b4aa2d778ecb35c06fd92df5f6e0cac552163e2ac?s=96&d=mm&r=g","caption":"Redazione"},"url":"https:\/\/2017.carnico.it\/blog\/author\/clyco-admin\/"}]}},"_links":{"self":[{"href":"https:\/\/2017.carnico.it\/blog\/wp-json\/wp\/v2\/posts\/15852","targetHints":{"allow":["GET"]}}],"collection":[{"href":"https:\/\/2017.carnico.it\/blog\/wp-json\/wp\/v2\/posts"}],"about":[{"href":"https:\/\/2017.carnico.it\/blog\/wp-json\/wp\/v2\/types\/post"}],"author":[{"embeddable":true,"href":"https:\/\/2017.carnico.it\/blog\/wp-json\/wp\/v2\/users\/10"}],"replies":[{"embeddable":true,"href":"https:\/\/2017.carnico.it\/blog\/wp-json\/wp\/v2\/comments?post=15852"}],"version-history":[{"count":4,"href":"https:\/\/2017.carnico.it\/blog\/wp-json\/wp\/v2\/posts\/15852\/revisions"}],"predecessor-version":[{"id":15857,"href":"https:\/\/2017.carnico.it\/blog\/wp-json\/wp\/v2\/posts\/15852\/revisions\/15857"}],"wp:attachment":[{"href":"https:\/\/2017.carnico.it\/blog\/wp-json\/wp\/v2\/media?parent=15852"}],"wp:term":[{"taxonomy":"category","embeddable":true,"href":"https:\/\/2017.carnico.it\/blog\/wp-json\/wp\/v2\/categories?post=15852"},{"taxonomy":"post_tag","embeddable":true,"href":"https:\/\/2017.carnico.it\/blog\/wp-json\/wp\/v2\/tags?post=15852"}],"curies":[{"name":"wp","href":"https:\/\/api.w.org\/{rel}","templated":true}]}}