{"id":15785,"date":"2017-04-13T10:41:01","date_gmt":"2017-04-13T08:41:01","guid":{"rendered":"http:\/\/www.carnico.it\/blog\/?p=15785"},"modified":"2017-04-20T11:32:28","modified_gmt":"2017-04-20T09:32:28","slug":"coppa-carnia-2017","status":"publish","type":"post","link":"https:\/\/2017.carnico.it\/blog\/2017\/04\/13\/coppa-carnia-2017\/","title":{"rendered":"COPPA CARNIA 2017"},"content":{"rendered":"<div id=\"attachment_15787\" style=\"width: 460px\" class=\"wp-caption aligncenter\"><a href=\"https:\/\/www.carnico.it\/blog\/2017\/04\/13\/coppa-carnia-2017\/i-campioni-in-carica-della-val-del-lago\/\" rel=\"attachment wp-att-15787\"><img loading=\"lazy\" decoding=\"async\" aria-describedby=\"caption-attachment-15787\" class=\"size-thumbnail wp-image-15787\" src=\"https:\/\/www.carnico.it\/blog\/wp-content\/uploads\/2017\/04\/I-campioni-in-carica-della-Val-del-lago-450x298.jpg\" alt=\"\" width=\"450\" height=\"298\" srcset=\"https:\/\/2017.carnico.it\/blog\/wp-content\/uploads\/2017\/04\/I-campioni-in-carica-della-Val-del-lago-450x298.jpg 450w, https:\/\/2017.carnico.it\/blog\/wp-content\/uploads\/2017\/04\/I-campioni-in-carica-della-Val-del-lago-300x199.jpg 300w, https:\/\/2017.carnico.it\/blog\/wp-content\/uploads\/2017\/04\/I-campioni-in-carica-della-Val-del-lago-630x417.jpg 630w, https:\/\/2017.carnico.it\/blog\/wp-content\/uploads\/2017\/04\/I-campioni-in-carica-della-Val-del-lago.jpg 1500w\" sizes=\"auto, (max-width: 450px) 100vw, 450px\" \/><\/a><p id=\"caption-attachment-15787\" class=\"wp-caption-text\">I campioni in carica della Val del Lago<\/p><\/div>\n<p>La 40\u00aa edizione prender\u00e0 il via sabato 22 aprile (ore 16.00) con la prima giornata della fase eliminatoria, quindi marted\u00ec 25 aprile (16.00) e mercoled\u00ec 10 maggio (20.30). 35 le squadre partecipanti suddivise in otto quadrangolari ed un triangolare. Accederanno agli ottavi di finale (fissati per mercoled\u00ec 24 maggio alle 20.30) le prime classificate dei 9 gironi pi\u00f9 le migliore 7 seconde. <!--more-->La composizione degli ottavi avverranno mediante sorteggio. I quarti di finale si giocheranno mercoled\u00ec 21 giugno (20.30). Per ottavi e quarti partite ad eliminazione diretta. Semifinali con partite di andata (mercoled\u00ec 5 luglio alle 20.30) e ritorno (mercoled\u00ec 12 luglio alle 20.30). Finalissima per mercoled\u00ec 9 agosto alle 20.30. La composizione dei gironi.<br \/>\nGirone A. Ancora, Paluzza, Audax, Velox<br \/>\nGirone B. Comeglians, Amaro, Real Ic, Villa<br \/>\nGirone C. La Delizia, Nuova Osoppo, Il Castello, Cavazzo.<br \/>\nGirone D. Stella Azzurra, San Pietro, Cedarchis, Verzegnis.<br \/>\nGirone E. Ardita, Bordano, Campagnola, Cercivento.<br \/>\nGirone G. Timaucleulis, Pontebbana, Val del Lago, Arta Terme.<br \/>\nGirone H. Viola, Edera, Mobilieri, Folgore.<br \/>\nGirone I. Illegiana, Trasaghis, Ovarese.<br \/>\nLe partite della prima giornata (22.05 ore 16.00)<br \/>\nGirone A. Velox-Ancora, Paluzza-Audax. Girone B. Real Ic-Amaro, Villa-Comeglians. Girone C. Cavazzo-La Delizia, Nuova Osoppo-Il Castello. Girone D. Verzegnis, Stella Azzurra, San Pietro-Cedarchis. Girone E. Lauco-Ravascletto, Tarvisio-Fusca. Girone F. Campagnola-Cercivento, Ardita-Bordano. Girone G. Timaucleulis-Val del Lago, Arta Terme-Pontebbana. Girone H. Edera-Viola, Mobilieri-Folgore. Girone I. Trasaghis-Illegiana, riposa Ovarese.<\/p>\n<p>&nbsp;<\/p>\n","protected":false},"excerpt":{"rendered":"<p>La 40\u00aa edizione prender\u00e0 il via sabato 22 aprile (ore 16.00) con la prima giornata della fase eliminatoria, quindi marted\u00ec 25 aprile (16.00) e mercoled\u00ec 10 maggio (20.30). 35 le squadre partecipanti suddivise in otto quadrangolari ed un triangolare. Accederanno agli ottavi di finale (fissati per mercoled\u00ec 24 maggio alle 20.30) le prime classificate dei [&hellip;]<\/p>\n","protected":false},"author":10,"featured_media":0,"comment_status":"open","ping_status":"closed","sticky":false,"template":"","format":"standard","meta":{"footnotes":""},"categories":[6],"tags":[],"class_list":["post-15785","post","type-post","status-publish","format-standard","hentry","category-coppa-carnia"],"yoast_head":"<!-- This site is optimized with the Yoast SEO plugin v27.3 - https:\/\/yoast.com\/product\/yoast-seo-wordpress\/ -->\n<title>COPPA CARNIA 2017 - Campionato Carnico 2017<\/title>\n<meta name=\"robots\" content=\"index, follow, max-snippet:-1, max-image-preview:large, max-video-preview:-1\" \/>\n<link rel=\"canonical\" href=\"https:\/\/2017.carnico.it\/blog\/2017\/04\/13\/coppa-carnia-2017\/\" \/>\n<meta property=\"og:locale\" content=\"it_IT\" \/>\n<meta property=\"og:type\" content=\"article\" \/>\n<meta property=\"og:title\" content=\"COPPA CARNIA 2017 - Campionato Carnico 2017\" \/>\n<meta property=\"og:description\" content=\"La 40\u00aa edizione prender\u00e0 il via sabato 22 aprile (ore 16.00) con la prima giornata della fase eliminatoria, quindi marted\u00ec 25 aprile (16.00) e mercoled\u00ec 10 maggio (20.30). 35 le squadre partecipanti suddivise in otto quadrangolari ed un triangolare. Accederanno agli ottavi di finale (fissati per mercoled\u00ec 24 maggio alle 20.30) le prime classificate dei [&hellip;]\" \/>\n<meta property=\"og:url\" content=\"https:\/\/2017.carnico.it\/blog\/2017\/04\/13\/coppa-carnia-2017\/\" \/>\n<meta property=\"og:site_name\" content=\"Campionato Carnico 2017\" \/>\n<meta property=\"article:publisher\" content=\"https:\/\/www.facebook.com\/campionatocarnico\/\" \/>\n<meta property=\"article:published_time\" content=\"2017-04-13T08:41:01+00:00\" \/>\n<meta property=\"article:modified_time\" content=\"2017-04-20T09:32:28+00:00\" \/>\n<meta property=\"og:image\" content=\"https:\/\/www.carnico.it\/blog\/wp-content\/uploads\/2017\/04\/I-campioni-in-carica-della-Val-del-lago-450x298.jpg\" \/>\n<meta name=\"author\" content=\"Redazione\" \/>\n<meta name=\"twitter:card\" content=\"summary_large_image\" \/>\n<meta name=\"twitter:label1\" content=\"Scritto da\" \/>\n\t<meta name=\"twitter:data1\" content=\"Redazione\" \/>\n\t<meta name=\"twitter:label2\" content=\"Tempo di lettura stimato\" \/>\n\t<meta name=\"twitter:data2\" content=\"1 minuto\" \/>\n<script type=\"application\/ld+json\" class=\"yoast-schema-graph\">{\"@context\":\"https:\\\/\\\/schema.org\",\"@graph\":[{\"@type\":\"Article\",\"@id\":\"https:\\\/\\\/2017.carnico.it\\\/blog\\\/2017\\\/04\\\/13\\\/coppa-carnia-2017\\\/#article\",\"isPartOf\":{\"@id\":\"https:\\\/\\\/2017.carnico.it\\\/blog\\\/2017\\\/04\\\/13\\\/coppa-carnia-2017\\\/\"},\"author\":{\"name\":\"Redazione\",\"@id\":\"https:\\\/\\\/2017.carnico.it\\\/blog\\\/#\\\/schema\\\/person\\\/a68c764693d96df3238f123ea014e78c\"},\"headline\":\"COPPA CARNIA 2017\",\"datePublished\":\"2017-04-13T08:41:01+00:00\",\"dateModified\":\"2017-04-20T09:32:28+00:00\",\"mainEntityOfPage\":{\"@id\":\"https:\\\/\\\/2017.carnico.it\\\/blog\\\/2017\\\/04\\\/13\\\/coppa-carnia-2017\\\/\"},\"wordCount\":222,\"commentCount\":0,\"image\":{\"@id\":\"https:\\\/\\\/2017.carnico.it\\\/blog\\\/2017\\\/04\\\/13\\\/coppa-carnia-2017\\\/#primaryimage\"},\"thumbnailUrl\":\"https:\\\/\\\/www.carnico.it\\\/blog\\\/wp-content\\\/uploads\\\/2017\\\/04\\\/I-campioni-in-carica-della-Val-del-lago-450x298.jpg\",\"articleSection\":[\"Coppa Carnia\"],\"inLanguage\":\"it-IT\",\"potentialAction\":[{\"@type\":\"CommentAction\",\"name\":\"Comment\",\"target\":[\"https:\\\/\\\/2017.carnico.it\\\/blog\\\/2017\\\/04\\\/13\\\/coppa-carnia-2017\\\/#respond\"]}]},{\"@type\":\"WebPage\",\"@id\":\"https:\\\/\\\/2017.carnico.it\\\/blog\\\/2017\\\/04\\\/13\\\/coppa-carnia-2017\\\/\",\"url\":\"https:\\\/\\\/2017.carnico.it\\\/blog\\\/2017\\\/04\\\/13\\\/coppa-carnia-2017\\\/\",\"name\":\"COPPA CARNIA 2017 - Campionato Carnico 2017\",\"isPartOf\":{\"@id\":\"https:\\\/\\\/2017.carnico.it\\\/blog\\\/#website\"},\"primaryImageOfPage\":{\"@id\":\"https:\\\/\\\/2017.carnico.it\\\/blog\\\/2017\\\/04\\\/13\\\/coppa-carnia-2017\\\/#primaryimage\"},\"image\":{\"@id\":\"https:\\\/\\\/2017.carnico.it\\\/blog\\\/2017\\\/04\\\/13\\\/coppa-carnia-2017\\\/#primaryimage\"},\"thumbnailUrl\":\"https:\\\/\\\/www.carnico.it\\\/blog\\\/wp-content\\\/uploads\\\/2017\\\/04\\\/I-campioni-in-carica-della-Val-del-lago-450x298.jpg\",\"datePublished\":\"2017-04-13T08:41:01+00:00\",\"dateModified\":\"2017-04-20T09:32:28+00:00\",\"author\":{\"@id\":\"https:\\\/\\\/2017.carnico.it\\\/blog\\\/#\\\/schema\\\/person\\\/a68c764693d96df3238f123ea014e78c\"},\"breadcrumb\":{\"@id\":\"https:\\\/\\\/2017.carnico.it\\\/blog\\\/2017\\\/04\\\/13\\\/coppa-carnia-2017\\\/#breadcrumb\"},\"inLanguage\":\"it-IT\",\"potentialAction\":[{\"@type\":\"ReadAction\",\"target\":[\"https:\\\/\\\/2017.carnico.it\\\/blog\\\/2017\\\/04\\\/13\\\/coppa-carnia-2017\\\/\"]}]},{\"@type\":\"ImageObject\",\"inLanguage\":\"it-IT\",\"@id\":\"https:\\\/\\\/2017.carnico.it\\\/blog\\\/2017\\\/04\\\/13\\\/coppa-carnia-2017\\\/#primaryimage\",\"url\":\"https:\\\/\\\/www.carnico.it\\\/blog\\\/wp-content\\\/uploads\\\/2017\\\/04\\\/I-campioni-in-carica-della-Val-del-lago-450x298.jpg\",\"contentUrl\":\"https:\\\/\\\/www.carnico.it\\\/blog\\\/wp-content\\\/uploads\\\/2017\\\/04\\\/I-campioni-in-carica-della-Val-del-lago-450x298.jpg\"},{\"@type\":\"BreadcrumbList\",\"@id\":\"https:\\\/\\\/2017.carnico.it\\\/blog\\\/2017\\\/04\\\/13\\\/coppa-carnia-2017\\\/#breadcrumb\",\"itemListElement\":[{\"@type\":\"ListItem\",\"position\":1,\"name\":\"Home\",\"item\":\"https:\\\/\\\/2017.carnico.it\\\/blog\\\/\"},{\"@type\":\"ListItem\",\"position\":2,\"name\":\"COPPA CARNIA 2017\"}]},{\"@type\":\"WebSite\",\"@id\":\"https:\\\/\\\/2017.carnico.it\\\/blog\\\/#website\",\"url\":\"https:\\\/\\\/2017.carnico.it\\\/blog\\\/\",\"name\":\"Campionato Carnico 2017\",\"description\":\"Notizie e aggiornamenti in tempo reale sul campionato Carnico\",\"potentialAction\":[{\"@type\":\"SearchAction\",\"target\":{\"@type\":\"EntryPoint\",\"urlTemplate\":\"https:\\\/\\\/2017.carnico.it\\\/blog\\\/?s={search_term_string}\"},\"query-input\":{\"@type\":\"PropertyValueSpecification\",\"valueRequired\":true,\"valueName\":\"search_term_string\"}}],\"inLanguage\":\"it-IT\"},{\"@type\":\"Person\",\"@id\":\"https:\\\/\\\/2017.carnico.it\\\/blog\\\/#\\\/schema\\\/person\\\/a68c764693d96df3238f123ea014e78c\",\"name\":\"Redazione\",\"image\":{\"@type\":\"ImageObject\",\"inLanguage\":\"it-IT\",\"@id\":\"https:\\\/\\\/secure.gravatar.com\\\/avatar\\\/6c05bd4dddbea475e283f76b4aa2d778ecb35c06fd92df5f6e0cac552163e2ac?s=96&d=mm&r=g\",\"url\":\"https:\\\/\\\/secure.gravatar.com\\\/avatar\\\/6c05bd4dddbea475e283f76b4aa2d778ecb35c06fd92df5f6e0cac552163e2ac?s=96&d=mm&r=g\",\"contentUrl\":\"https:\\\/\\\/secure.gravatar.com\\\/avatar\\\/6c05bd4dddbea475e283f76b4aa2d778ecb35c06fd92df5f6e0cac552163e2ac?s=96&d=mm&r=g\",\"caption\":\"Redazione\"},\"url\":\"https:\\\/\\\/2017.carnico.it\\\/blog\\\/author\\\/clyco-admin\\\/\"}]}<\/script>\n<!-- \/ Yoast SEO plugin. -->","yoast_head_json":{"title":"COPPA CARNIA 2017 - Campionato Carnico 2017","robots":{"index":"index","follow":"follow","max-snippet":"max-snippet:-1","max-image-preview":"max-image-preview:large","max-video-preview":"max-video-preview:-1"},"canonical":"https:\/\/2017.carnico.it\/blog\/2017\/04\/13\/coppa-carnia-2017\/","og_locale":"it_IT","og_type":"article","og_title":"COPPA CARNIA 2017 - Campionato Carnico 2017","og_description":"La 40\u00aa edizione prender\u00e0 il via sabato 22 aprile (ore 16.00) con la prima giornata della fase eliminatoria, quindi marted\u00ec 25 aprile (16.00) e mercoled\u00ec 10 maggio (20.30). 35 le squadre partecipanti suddivise in otto quadrangolari ed un triangolare. Accederanno agli ottavi di finale (fissati per mercoled\u00ec 24 maggio alle 20.30) le prime classificate dei [&hellip;]","og_url":"https:\/\/2017.carnico.it\/blog\/2017\/04\/13\/coppa-carnia-2017\/","og_site_name":"Campionato Carnico 2017","article_publisher":"https:\/\/www.facebook.com\/campionatocarnico\/","article_published_time":"2017-04-13T08:41:01+00:00","article_modified_time":"2017-04-20T09:32:28+00:00","og_image":[{"url":"https:\/\/www.carnico.it\/blog\/wp-content\/uploads\/2017\/04\/I-campioni-in-carica-della-Val-del-lago-450x298.jpg","type":"","width":"","height":""}],"author":"Redazione","twitter_card":"summary_large_image","twitter_misc":{"Scritto da":"Redazione","Tempo di lettura stimato":"1 minuto"},"schema":{"@context":"https:\/\/schema.org","@graph":[{"@type":"Article","@id":"https:\/\/2017.carnico.it\/blog\/2017\/04\/13\/coppa-carnia-2017\/#article","isPartOf":{"@id":"https:\/\/2017.carnico.it\/blog\/2017\/04\/13\/coppa-carnia-2017\/"},"author":{"name":"Redazione","@id":"https:\/\/2017.carnico.it\/blog\/#\/schema\/person\/a68c764693d96df3238f123ea014e78c"},"headline":"COPPA CARNIA 2017","datePublished":"2017-04-13T08:41:01+00:00","dateModified":"2017-04-20T09:32:28+00:00","mainEntityOfPage":{"@id":"https:\/\/2017.carnico.it\/blog\/2017\/04\/13\/coppa-carnia-2017\/"},"wordCount":222,"commentCount":0,"image":{"@id":"https:\/\/2017.carnico.it\/blog\/2017\/04\/13\/coppa-carnia-2017\/#primaryimage"},"thumbnailUrl":"https:\/\/www.carnico.it\/blog\/wp-content\/uploads\/2017\/04\/I-campioni-in-carica-della-Val-del-lago-450x298.jpg","articleSection":["Coppa Carnia"],"inLanguage":"it-IT","potentialAction":[{"@type":"CommentAction","name":"Comment","target":["https:\/\/2017.carnico.it\/blog\/2017\/04\/13\/coppa-carnia-2017\/#respond"]}]},{"@type":"WebPage","@id":"https:\/\/2017.carnico.it\/blog\/2017\/04\/13\/coppa-carnia-2017\/","url":"https:\/\/2017.carnico.it\/blog\/2017\/04\/13\/coppa-carnia-2017\/","name":"COPPA CARNIA 2017 - Campionato Carnico 2017","isPartOf":{"@id":"https:\/\/2017.carnico.it\/blog\/#website"},"primaryImageOfPage":{"@id":"https:\/\/2017.carnico.it\/blog\/2017\/04\/13\/coppa-carnia-2017\/#primaryimage"},"image":{"@id":"https:\/\/2017.carnico.it\/blog\/2017\/04\/13\/coppa-carnia-2017\/#primaryimage"},"thumbnailUrl":"https:\/\/www.carnico.it\/blog\/wp-content\/uploads\/2017\/04\/I-campioni-in-carica-della-Val-del-lago-450x298.jpg","datePublished":"2017-04-13T08:41:01+00:00","dateModified":"2017-04-20T09:32:28+00:00","author":{"@id":"https:\/\/2017.carnico.it\/blog\/#\/schema\/person\/a68c764693d96df3238f123ea014e78c"},"breadcrumb":{"@id":"https:\/\/2017.carnico.it\/blog\/2017\/04\/13\/coppa-carnia-2017\/#breadcrumb"},"inLanguage":"it-IT","potentialAction":[{"@type":"ReadAction","target":["https:\/\/2017.carnico.it\/blog\/2017\/04\/13\/coppa-carnia-2017\/"]}]},{"@type":"ImageObject","inLanguage":"it-IT","@id":"https:\/\/2017.carnico.it\/blog\/2017\/04\/13\/coppa-carnia-2017\/#primaryimage","url":"https:\/\/www.carnico.it\/blog\/wp-content\/uploads\/2017\/04\/I-campioni-in-carica-della-Val-del-lago-450x298.jpg","contentUrl":"https:\/\/www.carnico.it\/blog\/wp-content\/uploads\/2017\/04\/I-campioni-in-carica-della-Val-del-lago-450x298.jpg"},{"@type":"BreadcrumbList","@id":"https:\/\/2017.carnico.it\/blog\/2017\/04\/13\/coppa-carnia-2017\/#breadcrumb","itemListElement":[{"@type":"ListItem","position":1,"name":"Home","item":"https:\/\/2017.carnico.it\/blog\/"},{"@type":"ListItem","position":2,"name":"COPPA CARNIA 2017"}]},{"@type":"WebSite","@id":"https:\/\/2017.carnico.it\/blog\/#website","url":"https:\/\/2017.carnico.it\/blog\/","name":"Campionato Carnico 2017","description":"Notizie e aggiornamenti in tempo reale sul campionato Carnico","potentialAction":[{"@type":"SearchAction","target":{"@type":"EntryPoint","urlTemplate":"https:\/\/2017.carnico.it\/blog\/?s={search_term_string}"},"query-input":{"@type":"PropertyValueSpecification","valueRequired":true,"valueName":"search_term_string"}}],"inLanguage":"it-IT"},{"@type":"Person","@id":"https:\/\/2017.carnico.it\/blog\/#\/schema\/person\/a68c764693d96df3238f123ea014e78c","name":"Redazione","image":{"@type":"ImageObject","inLanguage":"it-IT","@id":"https:\/\/secure.gravatar.com\/avatar\/6c05bd4dddbea475e283f76b4aa2d778ecb35c06fd92df5f6e0cac552163e2ac?s=96&d=mm&r=g","url":"https:\/\/secure.gravatar.com\/avatar\/6c05bd4dddbea475e283f76b4aa2d778ecb35c06fd92df5f6e0cac552163e2ac?s=96&d=mm&r=g","contentUrl":"https:\/\/secure.gravatar.com\/avatar\/6c05bd4dddbea475e283f76b4aa2d778ecb35c06fd92df5f6e0cac552163e2ac?s=96&d=mm&r=g","caption":"Redazione"},"url":"https:\/\/2017.carnico.it\/blog\/author\/clyco-admin\/"}]}},"_links":{"self":[{"href":"https:\/\/2017.carnico.it\/blog\/wp-json\/wp\/v2\/posts\/15785","targetHints":{"allow":["GET"]}}],"collection":[{"href":"https:\/\/2017.carnico.it\/blog\/wp-json\/wp\/v2\/posts"}],"about":[{"href":"https:\/\/2017.carnico.it\/blog\/wp-json\/wp\/v2\/types\/post"}],"author":[{"embeddable":true,"href":"https:\/\/2017.carnico.it\/blog\/wp-json\/wp\/v2\/users\/10"}],"replies":[{"embeddable":true,"href":"https:\/\/2017.carnico.it\/blog\/wp-json\/wp\/v2\/comments?post=15785"}],"version-history":[{"count":5,"href":"https:\/\/2017.carnico.it\/blog\/wp-json\/wp\/v2\/posts\/15785\/revisions"}],"predecessor-version":[{"id":15797,"href":"https:\/\/2017.carnico.it\/blog\/wp-json\/wp\/v2\/posts\/15785\/revisions\/15797"}],"wp:attachment":[{"href":"https:\/\/2017.carnico.it\/blog\/wp-json\/wp\/v2\/media?parent=15785"}],"wp:term":[{"taxonomy":"category","embeddable":true,"href":"https:\/\/2017.carnico.it\/blog\/wp-json\/wp\/v2\/categories?post=15785"},{"taxonomy":"post_tag","embeddable":true,"href":"https:\/\/2017.carnico.it\/blog\/wp-json\/wp\/v2\/tags?post=15785"}],"curies":[{"name":"wp","href":"https:\/\/api.w.org\/{rel}","templated":true}]}}