{"id":15736,"date":"2017-03-29T18:06:08","date_gmt":"2017-03-29T16:06:08","guid":{"rendered":"http:\/\/www.carnico.it\/blog\/?p=15736"},"modified":"2017-03-29T18:06:08","modified_gmt":"2017-03-29T16:06:08","slug":"gli-organici-del-carnico-2017","status":"publish","type":"post","link":"https:\/\/2017.carnico.it\/blog\/2017\/03\/29\/gli-organici-del-carnico-2017\/","title":{"rendered":"GLI ORGANICI DEL CARNICO 2017"},"content":{"rendered":"<div id=\"attachment_15737\" style=\"width: 310px\" class=\"wp-caption alignleft\"><img loading=\"lazy\" decoding=\"async\" aria-describedby=\"caption-attachment-15737\" class=\"size-medium wp-image-15737\" src=\"https:\/\/www.carnico.it\/blog\/wp-content\/uploads\/2017\/03\/ALB_9144-ui-300x245.jpg\" alt=\"\" width=\"300\" height=\"245\" srcset=\"https:\/\/2017.carnico.it\/blog\/wp-content\/uploads\/2017\/03\/ALB_9144-ui-300x245.jpg 300w, https:\/\/2017.carnico.it\/blog\/wp-content\/uploads\/2017\/03\/ALB_9144-ui-450x367.jpg 450w, https:\/\/2017.carnico.it\/blog\/wp-content\/uploads\/2017\/03\/ALB_9144-ui-630x514.jpg 630w, https:\/\/2017.carnico.it\/blog\/wp-content\/uploads\/2017\/03\/ALB_9144-ui.jpg 1500w\" sizes=\"auto, (max-width: 300px) 100vw, 300px\" \/><p id=\"caption-attachment-15737\" class=\"wp-caption-text\">Denis Zozzoli, miglior portiere di 1^ Categoria della passata stagione<\/p><\/div>\n<p><strong>Organici.<\/strong> Da mercoled\u00ec 29 marzo 2017 sul nostro sito sono stati inseriti gli organici di tutte le squadre (40) partecipanti al Carnico 2017. Per eventuali nuovi inserimenti, che si potranno concretizzare entro il 31 marzo 2017, potete contattarmi al 335 6303989 per eventuali aggiornamenti.<br \/>\n<strong>Date.<\/strong> La presentazione dei calendari, originariamente fissata per mercoled\u00ec 5 aprile, \u00e8 stata posticipata a mercoled\u00ec 12 aprile 2017 ed in quella giornata saranno sorteggiati i 9 gironi (8 quadrangolari ed 1 triangolare) della Coppa Carnia che inizier\u00e0 sabato 22 aprile con la prima partita della fase eliminatoria, poi marted\u00ec 25 la seconda giornata.<br \/>\n<strong>Campionato.<\/strong> Confermato l&#8217;avvio per domenica 30 aprile e da notizie pervenute dalla delegazione tolmezzina della Figc in questa stagione \u00e8 stata ripristinata la sosta di ferragosto (decisione arrivata da un\u00a0questionario inviato alle societ\u00e0). Per altre novelle bisogner\u00e0 attendere il 12 aprile.<\/p>\n<p>&nbsp;<\/p>\n<p>&nbsp;<\/p>\n<p>&nbsp;<\/p>\n","protected":false},"excerpt":{"rendered":"<p>Organici. Da mercoled\u00ec 29 marzo 2017 sul nostro sito sono stati inseriti gli organici di tutte le squadre (40) partecipanti al Carnico 2017. Per eventuali nuovi inserimenti, che si potranno concretizzare entro il 31 marzo 2017, potete contattarmi al 335 6303989 per eventuali aggiornamenti. Date. La presentazione dei calendari, originariamente fissata per mercoled\u00ec 5 aprile, [&hellip;]<\/p>\n","protected":false},"author":10,"featured_media":0,"comment_status":"open","ping_status":"closed","sticky":false,"template":"","format":"standard","meta":{"footnotes":""},"categories":[3],"tags":[],"class_list":["post-15736","post","type-post","status-publish","format-standard","hentry","category-carnico"],"yoast_head":"<!-- This site is optimized with the Yoast SEO plugin v27.3 - https:\/\/yoast.com\/product\/yoast-seo-wordpress\/ -->\n<title>GLI ORGANICI DEL CARNICO 2017 - Campionato Carnico 2017<\/title>\n<meta name=\"robots\" content=\"index, follow, max-snippet:-1, max-image-preview:large, max-video-preview:-1\" \/>\n<link rel=\"canonical\" href=\"https:\/\/2017.carnico.it\/blog\/2017\/03\/29\/gli-organici-del-carnico-2017\/\" \/>\n<meta property=\"og:locale\" content=\"it_IT\" \/>\n<meta property=\"og:type\" content=\"article\" \/>\n<meta property=\"og:title\" content=\"GLI ORGANICI DEL CARNICO 2017 - Campionato Carnico 2017\" \/>\n<meta property=\"og:description\" content=\"Organici. Da mercoled\u00ec 29 marzo 2017 sul nostro sito sono stati inseriti gli organici di tutte le squadre (40) partecipanti al Carnico 2017. Per eventuali nuovi inserimenti, che si potranno concretizzare entro il 31 marzo 2017, potete contattarmi al 335 6303989 per eventuali aggiornamenti. Date. La presentazione dei calendari, originariamente fissata per mercoled\u00ec 5 aprile, [&hellip;]\" \/>\n<meta property=\"og:url\" content=\"https:\/\/2017.carnico.it\/blog\/2017\/03\/29\/gli-organici-del-carnico-2017\/\" \/>\n<meta property=\"og:site_name\" content=\"Campionato Carnico 2017\" \/>\n<meta property=\"article:publisher\" content=\"https:\/\/www.facebook.com\/campionatocarnico\/\" \/>\n<meta property=\"article:published_time\" content=\"2017-03-29T16:06:08+00:00\" \/>\n<meta property=\"og:image\" content=\"https:\/\/www.carnico.it\/blog\/wp-content\/uploads\/2017\/03\/ALB_9144-ui-300x245.jpg\" \/>\n<meta name=\"author\" content=\"Redazione\" \/>\n<meta name=\"twitter:card\" content=\"summary_large_image\" \/>\n<meta name=\"twitter:label1\" content=\"Scritto da\" \/>\n\t<meta name=\"twitter:data1\" content=\"Redazione\" \/>\n\t<meta name=\"twitter:label2\" content=\"Tempo di lettura stimato\" \/>\n\t<meta name=\"twitter:data2\" content=\"1 minuto\" \/>\n<script type=\"application\/ld+json\" class=\"yoast-schema-graph\">{\"@context\":\"https:\\\/\\\/schema.org\",\"@graph\":[{\"@type\":\"Article\",\"@id\":\"https:\\\/\\\/2017.carnico.it\\\/blog\\\/2017\\\/03\\\/29\\\/gli-organici-del-carnico-2017\\\/#article\",\"isPartOf\":{\"@id\":\"https:\\\/\\\/2017.carnico.it\\\/blog\\\/2017\\\/03\\\/29\\\/gli-organici-del-carnico-2017\\\/\"},\"author\":{\"name\":\"Redazione\",\"@id\":\"https:\\\/\\\/2017.carnico.it\\\/blog\\\/#\\\/schema\\\/person\\\/a68c764693d96df3238f123ea014e78c\"},\"headline\":\"GLI ORGANICI DEL CARNICO 2017\",\"datePublished\":\"2017-03-29T16:06:08+00:00\",\"mainEntityOfPage\":{\"@id\":\"https:\\\/\\\/2017.carnico.it\\\/blog\\\/2017\\\/03\\\/29\\\/gli-organici-del-carnico-2017\\\/\"},\"wordCount\":144,\"commentCount\":1,\"image\":{\"@id\":\"https:\\\/\\\/2017.carnico.it\\\/blog\\\/2017\\\/03\\\/29\\\/gli-organici-del-carnico-2017\\\/#primaryimage\"},\"thumbnailUrl\":\"https:\\\/\\\/www.carnico.it\\\/blog\\\/wp-content\\\/uploads\\\/2017\\\/03\\\/ALB_9144-ui-300x245.jpg\",\"articleSection\":[\"Carnico\"],\"inLanguage\":\"it-IT\",\"potentialAction\":[{\"@type\":\"CommentAction\",\"name\":\"Comment\",\"target\":[\"https:\\\/\\\/2017.carnico.it\\\/blog\\\/2017\\\/03\\\/29\\\/gli-organici-del-carnico-2017\\\/#respond\"]}]},{\"@type\":\"WebPage\",\"@id\":\"https:\\\/\\\/2017.carnico.it\\\/blog\\\/2017\\\/03\\\/29\\\/gli-organici-del-carnico-2017\\\/\",\"url\":\"https:\\\/\\\/2017.carnico.it\\\/blog\\\/2017\\\/03\\\/29\\\/gli-organici-del-carnico-2017\\\/\",\"name\":\"GLI ORGANICI DEL CARNICO 2017 - Campionato Carnico 2017\",\"isPartOf\":{\"@id\":\"https:\\\/\\\/2017.carnico.it\\\/blog\\\/#website\"},\"primaryImageOfPage\":{\"@id\":\"https:\\\/\\\/2017.carnico.it\\\/blog\\\/2017\\\/03\\\/29\\\/gli-organici-del-carnico-2017\\\/#primaryimage\"},\"image\":{\"@id\":\"https:\\\/\\\/2017.carnico.it\\\/blog\\\/2017\\\/03\\\/29\\\/gli-organici-del-carnico-2017\\\/#primaryimage\"},\"thumbnailUrl\":\"https:\\\/\\\/www.carnico.it\\\/blog\\\/wp-content\\\/uploads\\\/2017\\\/03\\\/ALB_9144-ui-300x245.jpg\",\"datePublished\":\"2017-03-29T16:06:08+00:00\",\"author\":{\"@id\":\"https:\\\/\\\/2017.carnico.it\\\/blog\\\/#\\\/schema\\\/person\\\/a68c764693d96df3238f123ea014e78c\"},\"breadcrumb\":{\"@id\":\"https:\\\/\\\/2017.carnico.it\\\/blog\\\/2017\\\/03\\\/29\\\/gli-organici-del-carnico-2017\\\/#breadcrumb\"},\"inLanguage\":\"it-IT\",\"potentialAction\":[{\"@type\":\"ReadAction\",\"target\":[\"https:\\\/\\\/2017.carnico.it\\\/blog\\\/2017\\\/03\\\/29\\\/gli-organici-del-carnico-2017\\\/\"]}]},{\"@type\":\"ImageObject\",\"inLanguage\":\"it-IT\",\"@id\":\"https:\\\/\\\/2017.carnico.it\\\/blog\\\/2017\\\/03\\\/29\\\/gli-organici-del-carnico-2017\\\/#primaryimage\",\"url\":\"https:\\\/\\\/www.carnico.it\\\/blog\\\/wp-content\\\/uploads\\\/2017\\\/03\\\/ALB_9144-ui-300x245.jpg\",\"contentUrl\":\"https:\\\/\\\/www.carnico.it\\\/blog\\\/wp-content\\\/uploads\\\/2017\\\/03\\\/ALB_9144-ui-300x245.jpg\"},{\"@type\":\"BreadcrumbList\",\"@id\":\"https:\\\/\\\/2017.carnico.it\\\/blog\\\/2017\\\/03\\\/29\\\/gli-organici-del-carnico-2017\\\/#breadcrumb\",\"itemListElement\":[{\"@type\":\"ListItem\",\"position\":1,\"name\":\"Home\",\"item\":\"https:\\\/\\\/2017.carnico.it\\\/blog\\\/\"},{\"@type\":\"ListItem\",\"position\":2,\"name\":\"GLI ORGANICI DEL CARNICO 2017\"}]},{\"@type\":\"WebSite\",\"@id\":\"https:\\\/\\\/2017.carnico.it\\\/blog\\\/#website\",\"url\":\"https:\\\/\\\/2017.carnico.it\\\/blog\\\/\",\"name\":\"Campionato Carnico 2017\",\"description\":\"Notizie e aggiornamenti in tempo reale sul campionato Carnico\",\"potentialAction\":[{\"@type\":\"SearchAction\",\"target\":{\"@type\":\"EntryPoint\",\"urlTemplate\":\"https:\\\/\\\/2017.carnico.it\\\/blog\\\/?s={search_term_string}\"},\"query-input\":{\"@type\":\"PropertyValueSpecification\",\"valueRequired\":true,\"valueName\":\"search_term_string\"}}],\"inLanguage\":\"it-IT\"},{\"@type\":\"Person\",\"@id\":\"https:\\\/\\\/2017.carnico.it\\\/blog\\\/#\\\/schema\\\/person\\\/a68c764693d96df3238f123ea014e78c\",\"name\":\"Redazione\",\"image\":{\"@type\":\"ImageObject\",\"inLanguage\":\"it-IT\",\"@id\":\"https:\\\/\\\/secure.gravatar.com\\\/avatar\\\/6c05bd4dddbea475e283f76b4aa2d778ecb35c06fd92df5f6e0cac552163e2ac?s=96&d=mm&r=g\",\"url\":\"https:\\\/\\\/secure.gravatar.com\\\/avatar\\\/6c05bd4dddbea475e283f76b4aa2d778ecb35c06fd92df5f6e0cac552163e2ac?s=96&d=mm&r=g\",\"contentUrl\":\"https:\\\/\\\/secure.gravatar.com\\\/avatar\\\/6c05bd4dddbea475e283f76b4aa2d778ecb35c06fd92df5f6e0cac552163e2ac?s=96&d=mm&r=g\",\"caption\":\"Redazione\"},\"url\":\"https:\\\/\\\/2017.carnico.it\\\/blog\\\/author\\\/clyco-admin\\\/\"}]}<\/script>\n<!-- \/ Yoast SEO plugin. -->","yoast_head_json":{"title":"GLI ORGANICI DEL CARNICO 2017 - Campionato Carnico 2017","robots":{"index":"index","follow":"follow","max-snippet":"max-snippet:-1","max-image-preview":"max-image-preview:large","max-video-preview":"max-video-preview:-1"},"canonical":"https:\/\/2017.carnico.it\/blog\/2017\/03\/29\/gli-organici-del-carnico-2017\/","og_locale":"it_IT","og_type":"article","og_title":"GLI ORGANICI DEL CARNICO 2017 - Campionato Carnico 2017","og_description":"Organici. Da mercoled\u00ec 29 marzo 2017 sul nostro sito sono stati inseriti gli organici di tutte le squadre (40) partecipanti al Carnico 2017. Per eventuali nuovi inserimenti, che si potranno concretizzare entro il 31 marzo 2017, potete contattarmi al 335 6303989 per eventuali aggiornamenti. Date. La presentazione dei calendari, originariamente fissata per mercoled\u00ec 5 aprile, [&hellip;]","og_url":"https:\/\/2017.carnico.it\/blog\/2017\/03\/29\/gli-organici-del-carnico-2017\/","og_site_name":"Campionato Carnico 2017","article_publisher":"https:\/\/www.facebook.com\/campionatocarnico\/","article_published_time":"2017-03-29T16:06:08+00:00","og_image":[{"url":"https:\/\/www.carnico.it\/blog\/wp-content\/uploads\/2017\/03\/ALB_9144-ui-300x245.jpg","type":"","width":"","height":""}],"author":"Redazione","twitter_card":"summary_large_image","twitter_misc":{"Scritto da":"Redazione","Tempo di lettura stimato":"1 minuto"},"schema":{"@context":"https:\/\/schema.org","@graph":[{"@type":"Article","@id":"https:\/\/2017.carnico.it\/blog\/2017\/03\/29\/gli-organici-del-carnico-2017\/#article","isPartOf":{"@id":"https:\/\/2017.carnico.it\/blog\/2017\/03\/29\/gli-organici-del-carnico-2017\/"},"author":{"name":"Redazione","@id":"https:\/\/2017.carnico.it\/blog\/#\/schema\/person\/a68c764693d96df3238f123ea014e78c"},"headline":"GLI ORGANICI DEL CARNICO 2017","datePublished":"2017-03-29T16:06:08+00:00","mainEntityOfPage":{"@id":"https:\/\/2017.carnico.it\/blog\/2017\/03\/29\/gli-organici-del-carnico-2017\/"},"wordCount":144,"commentCount":1,"image":{"@id":"https:\/\/2017.carnico.it\/blog\/2017\/03\/29\/gli-organici-del-carnico-2017\/#primaryimage"},"thumbnailUrl":"https:\/\/www.carnico.it\/blog\/wp-content\/uploads\/2017\/03\/ALB_9144-ui-300x245.jpg","articleSection":["Carnico"],"inLanguage":"it-IT","potentialAction":[{"@type":"CommentAction","name":"Comment","target":["https:\/\/2017.carnico.it\/blog\/2017\/03\/29\/gli-organici-del-carnico-2017\/#respond"]}]},{"@type":"WebPage","@id":"https:\/\/2017.carnico.it\/blog\/2017\/03\/29\/gli-organici-del-carnico-2017\/","url":"https:\/\/2017.carnico.it\/blog\/2017\/03\/29\/gli-organici-del-carnico-2017\/","name":"GLI ORGANICI DEL CARNICO 2017 - Campionato Carnico 2017","isPartOf":{"@id":"https:\/\/2017.carnico.it\/blog\/#website"},"primaryImageOfPage":{"@id":"https:\/\/2017.carnico.it\/blog\/2017\/03\/29\/gli-organici-del-carnico-2017\/#primaryimage"},"image":{"@id":"https:\/\/2017.carnico.it\/blog\/2017\/03\/29\/gli-organici-del-carnico-2017\/#primaryimage"},"thumbnailUrl":"https:\/\/www.carnico.it\/blog\/wp-content\/uploads\/2017\/03\/ALB_9144-ui-300x245.jpg","datePublished":"2017-03-29T16:06:08+00:00","author":{"@id":"https:\/\/2017.carnico.it\/blog\/#\/schema\/person\/a68c764693d96df3238f123ea014e78c"},"breadcrumb":{"@id":"https:\/\/2017.carnico.it\/blog\/2017\/03\/29\/gli-organici-del-carnico-2017\/#breadcrumb"},"inLanguage":"it-IT","potentialAction":[{"@type":"ReadAction","target":["https:\/\/2017.carnico.it\/blog\/2017\/03\/29\/gli-organici-del-carnico-2017\/"]}]},{"@type":"ImageObject","inLanguage":"it-IT","@id":"https:\/\/2017.carnico.it\/blog\/2017\/03\/29\/gli-organici-del-carnico-2017\/#primaryimage","url":"https:\/\/www.carnico.it\/blog\/wp-content\/uploads\/2017\/03\/ALB_9144-ui-300x245.jpg","contentUrl":"https:\/\/www.carnico.it\/blog\/wp-content\/uploads\/2017\/03\/ALB_9144-ui-300x245.jpg"},{"@type":"BreadcrumbList","@id":"https:\/\/2017.carnico.it\/blog\/2017\/03\/29\/gli-organici-del-carnico-2017\/#breadcrumb","itemListElement":[{"@type":"ListItem","position":1,"name":"Home","item":"https:\/\/2017.carnico.it\/blog\/"},{"@type":"ListItem","position":2,"name":"GLI ORGANICI DEL CARNICO 2017"}]},{"@type":"WebSite","@id":"https:\/\/2017.carnico.it\/blog\/#website","url":"https:\/\/2017.carnico.it\/blog\/","name":"Campionato Carnico 2017","description":"Notizie e aggiornamenti in tempo reale sul campionato Carnico","potentialAction":[{"@type":"SearchAction","target":{"@type":"EntryPoint","urlTemplate":"https:\/\/2017.carnico.it\/blog\/?s={search_term_string}"},"query-input":{"@type":"PropertyValueSpecification","valueRequired":true,"valueName":"search_term_string"}}],"inLanguage":"it-IT"},{"@type":"Person","@id":"https:\/\/2017.carnico.it\/blog\/#\/schema\/person\/a68c764693d96df3238f123ea014e78c","name":"Redazione","image":{"@type":"ImageObject","inLanguage":"it-IT","@id":"https:\/\/secure.gravatar.com\/avatar\/6c05bd4dddbea475e283f76b4aa2d778ecb35c06fd92df5f6e0cac552163e2ac?s=96&d=mm&r=g","url":"https:\/\/secure.gravatar.com\/avatar\/6c05bd4dddbea475e283f76b4aa2d778ecb35c06fd92df5f6e0cac552163e2ac?s=96&d=mm&r=g","contentUrl":"https:\/\/secure.gravatar.com\/avatar\/6c05bd4dddbea475e283f76b4aa2d778ecb35c06fd92df5f6e0cac552163e2ac?s=96&d=mm&r=g","caption":"Redazione"},"url":"https:\/\/2017.carnico.it\/blog\/author\/clyco-admin\/"}]}},"_links":{"self":[{"href":"https:\/\/2017.carnico.it\/blog\/wp-json\/wp\/v2\/posts\/15736","targetHints":{"allow":["GET"]}}],"collection":[{"href":"https:\/\/2017.carnico.it\/blog\/wp-json\/wp\/v2\/posts"}],"about":[{"href":"https:\/\/2017.carnico.it\/blog\/wp-json\/wp\/v2\/types\/post"}],"author":[{"embeddable":true,"href":"https:\/\/2017.carnico.it\/blog\/wp-json\/wp\/v2\/users\/10"}],"replies":[{"embeddable":true,"href":"https:\/\/2017.carnico.it\/blog\/wp-json\/wp\/v2\/comments?post=15736"}],"version-history":[{"count":1,"href":"https:\/\/2017.carnico.it\/blog\/wp-json\/wp\/v2\/posts\/15736\/revisions"}],"predecessor-version":[{"id":15738,"href":"https:\/\/2017.carnico.it\/blog\/wp-json\/wp\/v2\/posts\/15736\/revisions\/15738"}],"wp:attachment":[{"href":"https:\/\/2017.carnico.it\/blog\/wp-json\/wp\/v2\/media?parent=15736"}],"wp:term":[{"taxonomy":"category","embeddable":true,"href":"https:\/\/2017.carnico.it\/blog\/wp-json\/wp\/v2\/categories?post=15736"},{"taxonomy":"post_tag","embeddable":true,"href":"https:\/\/2017.carnico.it\/blog\/wp-json\/wp\/v2\/tags?post=15736"}],"curies":[{"name":"wp","href":"https:\/\/api.w.org\/{rel}","templated":true}]}}