{"id":15637,"date":"2017-02-19T12:49:38","date_gmt":"2017-02-19T11:49:38","guid":{"rendered":"http:\/\/www.carnico.it\/blog\/?p=15637"},"modified":"2017-02-19T23:58:50","modified_gmt":"2017-02-19T22:58:50","slug":"la-scomparsa-luca-pillinini","status":"publish","type":"post","link":"https:\/\/2017.carnico.it\/blog\/2017\/02\/19\/la-scomparsa-luca-pillinini\/","title":{"rendered":"LA SCOMPARSA DI LUCA PILLININI"},"content":{"rendered":"<div id=\"attachment_15635\" style=\"width: 130px\" class=\"wp-caption alignleft\"><img loading=\"lazy\" decoding=\"async\" aria-describedby=\"caption-attachment-15635\" class=\"size-full wp-image-15635\" src=\"https:\/\/www.carnico.it\/blog\/wp-content\/uploads\/2017\/02\/PILLININI.jpg\" alt=\"\" width=\"120\" height=\"160\" \/><p id=\"caption-attachment-15635\" class=\"wp-caption-text\">Luca Pillinini<\/p><\/div>\n<p>A soli cinquantanni se ne \u00e8 andato Luca Pillinini lasciando nello sconforto la moglie Filomena, la figlia Giulia e la mamma Valentina. Luca inizia nelle\u00a0 giovanili della Gemonese, poi approda nel Carnico nelle fila della Val del Lago, ma a soli ventanni deve abbandonare l&#8217;attivit\u00e0 agonistica per problemi di salute.\u00a0 Ma il suo amore per il calcio gli d\u00e0 la forza di intraprendere la carriera di allenatore ritornando nella &#8220;sua Val del Lago in cui ci resta per quattro anni\u00a0portando nel 2005 i biancoazzurri dalla Terza alla Seconda poi sfiorando nella stagione successiva la salita nell&#8217;\u00e8lite del calcio della montagna. <!--more-->Lasciato il carnico sposa il mondo amatoriale diventando mister dell&#8217;Amaca di Cavazzo con cui nel 2007 conquista lo scudetto e la Coppa Friuli. Nel frattempo le sue condizioni di salute peggiorano ed il 25 novembre dello scorso anno viene sottoposto ad un trapianto di fegato ma tutto \u00e8 inutile. I funerali si svolgeranno marted\u00ec 21 febbraio alle 15 a Mena di Cavazzo. Alla famiglia le pi\u00f9 sentite condoglianze.<\/p>\n","protected":false},"excerpt":{"rendered":"<p>A soli cinquantanni se ne \u00e8 andato Luca Pillinini lasciando nello sconforto la moglie Filomena, la figlia Giulia e la mamma Valentina. Luca inizia nelle\u00a0 giovanili della Gemonese, poi approda nel Carnico nelle fila della Val del Lago, ma a soli ventanni deve abbandonare l&#8217;attivit\u00e0 agonistica per problemi di salute.\u00a0 Ma il suo amore per [&hellip;]<\/p>\n","protected":false},"author":10,"featured_media":0,"comment_status":"open","ping_status":"closed","sticky":false,"template":"","format":"standard","meta":{"footnotes":""},"categories":[3],"tags":[],"class_list":["post-15637","post","type-post","status-publish","format-standard","hentry","category-carnico"],"yoast_head":"<!-- This site is optimized with the Yoast SEO plugin v27.3 - https:\/\/yoast.com\/product\/yoast-seo-wordpress\/ -->\n<title>LA SCOMPARSA DI LUCA PILLININI - Campionato Carnico 2017<\/title>\n<meta name=\"robots\" content=\"index, follow, max-snippet:-1, max-image-preview:large, max-video-preview:-1\" \/>\n<link rel=\"canonical\" href=\"https:\/\/2017.carnico.it\/blog\/2017\/02\/19\/la-scomparsa-luca-pillinini\/\" \/>\n<meta property=\"og:locale\" content=\"it_IT\" \/>\n<meta property=\"og:type\" content=\"article\" \/>\n<meta property=\"og:title\" content=\"LA SCOMPARSA DI LUCA PILLININI - Campionato Carnico 2017\" \/>\n<meta property=\"og:description\" content=\"A soli cinquantanni se ne \u00e8 andato Luca Pillinini lasciando nello sconforto la moglie Filomena, la figlia Giulia e la mamma Valentina. Luca inizia nelle\u00a0 giovanili della Gemonese, poi approda nel Carnico nelle fila della Val del Lago, ma a soli ventanni deve abbandonare l&#8217;attivit\u00e0 agonistica per problemi di salute.\u00a0 Ma il suo amore per [&hellip;]\" \/>\n<meta property=\"og:url\" content=\"https:\/\/2017.carnico.it\/blog\/2017\/02\/19\/la-scomparsa-luca-pillinini\/\" \/>\n<meta property=\"og:site_name\" content=\"Campionato Carnico 2017\" \/>\n<meta property=\"article:publisher\" content=\"https:\/\/www.facebook.com\/campionatocarnico\/\" \/>\n<meta property=\"article:published_time\" content=\"2017-02-19T11:49:38+00:00\" \/>\n<meta property=\"article:modified_time\" content=\"2017-02-19T22:58:50+00:00\" \/>\n<meta property=\"og:image\" content=\"https:\/\/www.carnico.it\/blog\/wp-content\/uploads\/2017\/02\/PILLININI.jpg\" \/>\n<meta name=\"author\" content=\"Redazione\" \/>\n<meta name=\"twitter:card\" content=\"summary_large_image\" \/>\n<meta name=\"twitter:label1\" content=\"Scritto da\" \/>\n\t<meta name=\"twitter:data1\" content=\"Redazione\" \/>\n\t<meta name=\"twitter:label2\" content=\"Tempo di lettura stimato\" \/>\n\t<meta name=\"twitter:data2\" content=\"1 minuto\" \/>\n<script type=\"application\/ld+json\" class=\"yoast-schema-graph\">{\"@context\":\"https:\\\/\\\/schema.org\",\"@graph\":[{\"@type\":\"Article\",\"@id\":\"https:\\\/\\\/2017.carnico.it\\\/blog\\\/2017\\\/02\\\/19\\\/la-scomparsa-luca-pillinini\\\/#article\",\"isPartOf\":{\"@id\":\"https:\\\/\\\/2017.carnico.it\\\/blog\\\/2017\\\/02\\\/19\\\/la-scomparsa-luca-pillinini\\\/\"},\"author\":{\"name\":\"Redazione\",\"@id\":\"https:\\\/\\\/2017.carnico.it\\\/blog\\\/#\\\/schema\\\/person\\\/a68c764693d96df3238f123ea014e78c\"},\"headline\":\"LA SCOMPARSA DI LUCA PILLININI\",\"datePublished\":\"2017-02-19T11:49:38+00:00\",\"dateModified\":\"2017-02-19T22:58:50+00:00\",\"mainEntityOfPage\":{\"@id\":\"https:\\\/\\\/2017.carnico.it\\\/blog\\\/2017\\\/02\\\/19\\\/la-scomparsa-luca-pillinini\\\/\"},\"wordCount\":179,\"commentCount\":4,\"image\":{\"@id\":\"https:\\\/\\\/2017.carnico.it\\\/blog\\\/2017\\\/02\\\/19\\\/la-scomparsa-luca-pillinini\\\/#primaryimage\"},\"thumbnailUrl\":\"https:\\\/\\\/www.carnico.it\\\/blog\\\/wp-content\\\/uploads\\\/2017\\\/02\\\/PILLININI.jpg\",\"articleSection\":[\"Carnico\"],\"inLanguage\":\"it-IT\",\"potentialAction\":[{\"@type\":\"CommentAction\",\"name\":\"Comment\",\"target\":[\"https:\\\/\\\/2017.carnico.it\\\/blog\\\/2017\\\/02\\\/19\\\/la-scomparsa-luca-pillinini\\\/#respond\"]}]},{\"@type\":\"WebPage\",\"@id\":\"https:\\\/\\\/2017.carnico.it\\\/blog\\\/2017\\\/02\\\/19\\\/la-scomparsa-luca-pillinini\\\/\",\"url\":\"https:\\\/\\\/2017.carnico.it\\\/blog\\\/2017\\\/02\\\/19\\\/la-scomparsa-luca-pillinini\\\/\",\"name\":\"LA SCOMPARSA DI LUCA PILLININI - Campionato Carnico 2017\",\"isPartOf\":{\"@id\":\"https:\\\/\\\/2017.carnico.it\\\/blog\\\/#website\"},\"primaryImageOfPage\":{\"@id\":\"https:\\\/\\\/2017.carnico.it\\\/blog\\\/2017\\\/02\\\/19\\\/la-scomparsa-luca-pillinini\\\/#primaryimage\"},\"image\":{\"@id\":\"https:\\\/\\\/2017.carnico.it\\\/blog\\\/2017\\\/02\\\/19\\\/la-scomparsa-luca-pillinini\\\/#primaryimage\"},\"thumbnailUrl\":\"https:\\\/\\\/www.carnico.it\\\/blog\\\/wp-content\\\/uploads\\\/2017\\\/02\\\/PILLININI.jpg\",\"datePublished\":\"2017-02-19T11:49:38+00:00\",\"dateModified\":\"2017-02-19T22:58:50+00:00\",\"author\":{\"@id\":\"https:\\\/\\\/2017.carnico.it\\\/blog\\\/#\\\/schema\\\/person\\\/a68c764693d96df3238f123ea014e78c\"},\"breadcrumb\":{\"@id\":\"https:\\\/\\\/2017.carnico.it\\\/blog\\\/2017\\\/02\\\/19\\\/la-scomparsa-luca-pillinini\\\/#breadcrumb\"},\"inLanguage\":\"it-IT\",\"potentialAction\":[{\"@type\":\"ReadAction\",\"target\":[\"https:\\\/\\\/2017.carnico.it\\\/blog\\\/2017\\\/02\\\/19\\\/la-scomparsa-luca-pillinini\\\/\"]}]},{\"@type\":\"ImageObject\",\"inLanguage\":\"it-IT\",\"@id\":\"https:\\\/\\\/2017.carnico.it\\\/blog\\\/2017\\\/02\\\/19\\\/la-scomparsa-luca-pillinini\\\/#primaryimage\",\"url\":\"https:\\\/\\\/www.carnico.it\\\/blog\\\/wp-content\\\/uploads\\\/2017\\\/02\\\/PILLININI.jpg\",\"contentUrl\":\"https:\\\/\\\/www.carnico.it\\\/blog\\\/wp-content\\\/uploads\\\/2017\\\/02\\\/PILLININI.jpg\"},{\"@type\":\"BreadcrumbList\",\"@id\":\"https:\\\/\\\/2017.carnico.it\\\/blog\\\/2017\\\/02\\\/19\\\/la-scomparsa-luca-pillinini\\\/#breadcrumb\",\"itemListElement\":[{\"@type\":\"ListItem\",\"position\":1,\"name\":\"Home\",\"item\":\"https:\\\/\\\/2017.carnico.it\\\/blog\\\/\"},{\"@type\":\"ListItem\",\"position\":2,\"name\":\"LA SCOMPARSA DI LUCA PILLININI\"}]},{\"@type\":\"WebSite\",\"@id\":\"https:\\\/\\\/2017.carnico.it\\\/blog\\\/#website\",\"url\":\"https:\\\/\\\/2017.carnico.it\\\/blog\\\/\",\"name\":\"Campionato Carnico 2017\",\"description\":\"Notizie e aggiornamenti in tempo reale sul campionato Carnico\",\"potentialAction\":[{\"@type\":\"SearchAction\",\"target\":{\"@type\":\"EntryPoint\",\"urlTemplate\":\"https:\\\/\\\/2017.carnico.it\\\/blog\\\/?s={search_term_string}\"},\"query-input\":{\"@type\":\"PropertyValueSpecification\",\"valueRequired\":true,\"valueName\":\"search_term_string\"}}],\"inLanguage\":\"it-IT\"},{\"@type\":\"Person\",\"@id\":\"https:\\\/\\\/2017.carnico.it\\\/blog\\\/#\\\/schema\\\/person\\\/a68c764693d96df3238f123ea014e78c\",\"name\":\"Redazione\",\"image\":{\"@type\":\"ImageObject\",\"inLanguage\":\"it-IT\",\"@id\":\"https:\\\/\\\/secure.gravatar.com\\\/avatar\\\/6c05bd4dddbea475e283f76b4aa2d778ecb35c06fd92df5f6e0cac552163e2ac?s=96&d=mm&r=g\",\"url\":\"https:\\\/\\\/secure.gravatar.com\\\/avatar\\\/6c05bd4dddbea475e283f76b4aa2d778ecb35c06fd92df5f6e0cac552163e2ac?s=96&d=mm&r=g\",\"contentUrl\":\"https:\\\/\\\/secure.gravatar.com\\\/avatar\\\/6c05bd4dddbea475e283f76b4aa2d778ecb35c06fd92df5f6e0cac552163e2ac?s=96&d=mm&r=g\",\"caption\":\"Redazione\"},\"url\":\"https:\\\/\\\/2017.carnico.it\\\/blog\\\/author\\\/clyco-admin\\\/\"}]}<\/script>\n<!-- \/ Yoast SEO plugin. -->","yoast_head_json":{"title":"LA SCOMPARSA DI LUCA PILLININI - Campionato Carnico 2017","robots":{"index":"index","follow":"follow","max-snippet":"max-snippet:-1","max-image-preview":"max-image-preview:large","max-video-preview":"max-video-preview:-1"},"canonical":"https:\/\/2017.carnico.it\/blog\/2017\/02\/19\/la-scomparsa-luca-pillinini\/","og_locale":"it_IT","og_type":"article","og_title":"LA SCOMPARSA DI LUCA PILLININI - Campionato Carnico 2017","og_description":"A soli cinquantanni se ne \u00e8 andato Luca Pillinini lasciando nello sconforto la moglie Filomena, la figlia Giulia e la mamma Valentina. Luca inizia nelle\u00a0 giovanili della Gemonese, poi approda nel Carnico nelle fila della Val del Lago, ma a soli ventanni deve abbandonare l&#8217;attivit\u00e0 agonistica per problemi di salute.\u00a0 Ma il suo amore per [&hellip;]","og_url":"https:\/\/2017.carnico.it\/blog\/2017\/02\/19\/la-scomparsa-luca-pillinini\/","og_site_name":"Campionato Carnico 2017","article_publisher":"https:\/\/www.facebook.com\/campionatocarnico\/","article_published_time":"2017-02-19T11:49:38+00:00","article_modified_time":"2017-02-19T22:58:50+00:00","og_image":[{"url":"https:\/\/www.carnico.it\/blog\/wp-content\/uploads\/2017\/02\/PILLININI.jpg","type":"","width":"","height":""}],"author":"Redazione","twitter_card":"summary_large_image","twitter_misc":{"Scritto da":"Redazione","Tempo di lettura stimato":"1 minuto"},"schema":{"@context":"https:\/\/schema.org","@graph":[{"@type":"Article","@id":"https:\/\/2017.carnico.it\/blog\/2017\/02\/19\/la-scomparsa-luca-pillinini\/#article","isPartOf":{"@id":"https:\/\/2017.carnico.it\/blog\/2017\/02\/19\/la-scomparsa-luca-pillinini\/"},"author":{"name":"Redazione","@id":"https:\/\/2017.carnico.it\/blog\/#\/schema\/person\/a68c764693d96df3238f123ea014e78c"},"headline":"LA SCOMPARSA DI LUCA PILLININI","datePublished":"2017-02-19T11:49:38+00:00","dateModified":"2017-02-19T22:58:50+00:00","mainEntityOfPage":{"@id":"https:\/\/2017.carnico.it\/blog\/2017\/02\/19\/la-scomparsa-luca-pillinini\/"},"wordCount":179,"commentCount":4,"image":{"@id":"https:\/\/2017.carnico.it\/blog\/2017\/02\/19\/la-scomparsa-luca-pillinini\/#primaryimage"},"thumbnailUrl":"https:\/\/www.carnico.it\/blog\/wp-content\/uploads\/2017\/02\/PILLININI.jpg","articleSection":["Carnico"],"inLanguage":"it-IT","potentialAction":[{"@type":"CommentAction","name":"Comment","target":["https:\/\/2017.carnico.it\/blog\/2017\/02\/19\/la-scomparsa-luca-pillinini\/#respond"]}]},{"@type":"WebPage","@id":"https:\/\/2017.carnico.it\/blog\/2017\/02\/19\/la-scomparsa-luca-pillinini\/","url":"https:\/\/2017.carnico.it\/blog\/2017\/02\/19\/la-scomparsa-luca-pillinini\/","name":"LA SCOMPARSA DI LUCA PILLININI - Campionato Carnico 2017","isPartOf":{"@id":"https:\/\/2017.carnico.it\/blog\/#website"},"primaryImageOfPage":{"@id":"https:\/\/2017.carnico.it\/blog\/2017\/02\/19\/la-scomparsa-luca-pillinini\/#primaryimage"},"image":{"@id":"https:\/\/2017.carnico.it\/blog\/2017\/02\/19\/la-scomparsa-luca-pillinini\/#primaryimage"},"thumbnailUrl":"https:\/\/www.carnico.it\/blog\/wp-content\/uploads\/2017\/02\/PILLININI.jpg","datePublished":"2017-02-19T11:49:38+00:00","dateModified":"2017-02-19T22:58:50+00:00","author":{"@id":"https:\/\/2017.carnico.it\/blog\/#\/schema\/person\/a68c764693d96df3238f123ea014e78c"},"breadcrumb":{"@id":"https:\/\/2017.carnico.it\/blog\/2017\/02\/19\/la-scomparsa-luca-pillinini\/#breadcrumb"},"inLanguage":"it-IT","potentialAction":[{"@type":"ReadAction","target":["https:\/\/2017.carnico.it\/blog\/2017\/02\/19\/la-scomparsa-luca-pillinini\/"]}]},{"@type":"ImageObject","inLanguage":"it-IT","@id":"https:\/\/2017.carnico.it\/blog\/2017\/02\/19\/la-scomparsa-luca-pillinini\/#primaryimage","url":"https:\/\/www.carnico.it\/blog\/wp-content\/uploads\/2017\/02\/PILLININI.jpg","contentUrl":"https:\/\/www.carnico.it\/blog\/wp-content\/uploads\/2017\/02\/PILLININI.jpg"},{"@type":"BreadcrumbList","@id":"https:\/\/2017.carnico.it\/blog\/2017\/02\/19\/la-scomparsa-luca-pillinini\/#breadcrumb","itemListElement":[{"@type":"ListItem","position":1,"name":"Home","item":"https:\/\/2017.carnico.it\/blog\/"},{"@type":"ListItem","position":2,"name":"LA SCOMPARSA DI LUCA PILLININI"}]},{"@type":"WebSite","@id":"https:\/\/2017.carnico.it\/blog\/#website","url":"https:\/\/2017.carnico.it\/blog\/","name":"Campionato Carnico 2017","description":"Notizie e aggiornamenti in tempo reale sul campionato Carnico","potentialAction":[{"@type":"SearchAction","target":{"@type":"EntryPoint","urlTemplate":"https:\/\/2017.carnico.it\/blog\/?s={search_term_string}"},"query-input":{"@type":"PropertyValueSpecification","valueRequired":true,"valueName":"search_term_string"}}],"inLanguage":"it-IT"},{"@type":"Person","@id":"https:\/\/2017.carnico.it\/blog\/#\/schema\/person\/a68c764693d96df3238f123ea014e78c","name":"Redazione","image":{"@type":"ImageObject","inLanguage":"it-IT","@id":"https:\/\/secure.gravatar.com\/avatar\/6c05bd4dddbea475e283f76b4aa2d778ecb35c06fd92df5f6e0cac552163e2ac?s=96&d=mm&r=g","url":"https:\/\/secure.gravatar.com\/avatar\/6c05bd4dddbea475e283f76b4aa2d778ecb35c06fd92df5f6e0cac552163e2ac?s=96&d=mm&r=g","contentUrl":"https:\/\/secure.gravatar.com\/avatar\/6c05bd4dddbea475e283f76b4aa2d778ecb35c06fd92df5f6e0cac552163e2ac?s=96&d=mm&r=g","caption":"Redazione"},"url":"https:\/\/2017.carnico.it\/blog\/author\/clyco-admin\/"}]}},"_links":{"self":[{"href":"https:\/\/2017.carnico.it\/blog\/wp-json\/wp\/v2\/posts\/15637","targetHints":{"allow":["GET"]}}],"collection":[{"href":"https:\/\/2017.carnico.it\/blog\/wp-json\/wp\/v2\/posts"}],"about":[{"href":"https:\/\/2017.carnico.it\/blog\/wp-json\/wp\/v2\/types\/post"}],"author":[{"embeddable":true,"href":"https:\/\/2017.carnico.it\/blog\/wp-json\/wp\/v2\/users\/10"}],"replies":[{"embeddable":true,"href":"https:\/\/2017.carnico.it\/blog\/wp-json\/wp\/v2\/comments?post=15637"}],"version-history":[{"count":5,"href":"https:\/\/2017.carnico.it\/blog\/wp-json\/wp\/v2\/posts\/15637\/revisions"}],"predecessor-version":[{"id":15643,"href":"https:\/\/2017.carnico.it\/blog\/wp-json\/wp\/v2\/posts\/15637\/revisions\/15643"}],"wp:attachment":[{"href":"https:\/\/2017.carnico.it\/blog\/wp-json\/wp\/v2\/media?parent=15637"}],"wp:term":[{"taxonomy":"category","embeddable":true,"href":"https:\/\/2017.carnico.it\/blog\/wp-json\/wp\/v2\/categories?post=15637"},{"taxonomy":"post_tag","embeddable":true,"href":"https:\/\/2017.carnico.it\/blog\/wp-json\/wp\/v2\/tags?post=15637"}],"curies":[{"name":"wp","href":"https:\/\/api.w.org\/{rel}","templated":true}]}}