{"id":15440,"date":"2016-12-06T15:29:22","date_gmt":"2016-12-06T14:29:22","guid":{"rendered":"http:\/\/www.carnico.it\/blog\/?p=15440"},"modified":"2016-12-14T11:04:02","modified_gmt":"2016-12-14T10:04:02","slug":"carnico-mercato-corti-allarta-terme-alessio-felaco-al-cavazzo","status":"publish","type":"post","link":"https:\/\/2017.carnico.it\/blog\/2016\/12\/06\/carnico-mercato-corti-allarta-terme-alessio-felaco-al-cavazzo\/","title":{"rendered":"MERCATO, CORTI ALL&#8217;ARTA TERME E ALESSIO FELACO AL CAVAZZO"},"content":{"rendered":"<div id=\"attachment_15441\" style=\"width: 210px\" class=\"wp-caption alignleft\"><img loading=\"lazy\" decoding=\"async\" aria-describedby=\"caption-attachment-15441\" class=\"size-medium wp-image-15441\" src=\"https:\/\/www.carnico.it\/blog\/wp-content\/uploads\/2016\/12\/Alessio-Felaco-Cavazzo-200x250.jpg\" alt=\"Alessio Felaco nei acquisto del Cavazzo\" width=\"200\" height=\"250\" srcset=\"https:\/\/2017.carnico.it\/blog\/wp-content\/uploads\/2016\/12\/Alessio-Felaco-Cavazzo-200x250.jpg 200w, https:\/\/2017.carnico.it\/blog\/wp-content\/uploads\/2016\/12\/Alessio-Felaco-Cavazzo-360x450.jpg 360w, https:\/\/2017.carnico.it\/blog\/wp-content\/uploads\/2016\/12\/Alessio-Felaco-Cavazzo-504x630.jpg 504w, https:\/\/2017.carnico.it\/blog\/wp-content\/uploads\/2016\/12\/Alessio-Felaco-Cavazzo.jpg 1000w\" sizes=\"auto, (max-width: 200px) 100vw, 200px\" \/><p id=\"caption-attachment-15441\" class=\"wp-caption-text\"><em>Alessio Felaco neo acquisto del Cavazzo<\/em><\/p><\/div>\n<p>Si sta completando il quadro degli allenatori, che nella prossima stagione non saranno obbligati ad avere il patentino, con qualche novit\u00e0 oltre a quelle gi\u00e0 annunciate. Sulla panca dell\u2019Arta Terme c\u2019\u00e8 il clamoroso ritorno di Marino Corti, mentre l\u2019Ovarese non ha confermato Idalio Fruch, preferendo Eddy Cicutti, gi\u00e0 a guidare i biancoazzurri ad inizio anni 2000, quindi Giancarlo Peirano ha lasciato l\u2019Ancora per accasarsi con il neo promosso Trasaghis. Novit\u00e0 anche a Verzegnis dove \u00e8 approdato Virginio Zigotti nella passata stagione, per questione di tesseramento, collaboratore esterno in quel di Priuso sponda La Delizia. In Terza categoria al momento restano vuote le panchine di Ampezzo, Ancora, La Delizia e Timaucleulis.<!--more--> Sul fronte giocatori colpaccio del Cavazzo che via Tolmezzo (proprietaria del cartellino) si \u00e8 assicurata le prestazioni di Alessio Felaco, capocannoniere della Seconda categoria con il Tarvisio nello scorso campionato con 25 reti, ed il suo s\u00ec ( per espressa volont\u00e0 del diretto interessato) alle avance dei viola, ha suscitato pi\u00f9 di qualche malcontento nel clan tarvisiano. Alla partenza del portiere Zozzoli, la squadra del neo allenatore Fabio Picco, \u00e8 subito corsa ai ripari tesserando Michele Cantarutti (ex Villa) quindi prelevando dalla consorella Viola Sandro Bazzetto. L\u2019elenco dei neo arrivati continua con Lorenzo De Baronio (ex Gemonese) e Emanuele Serafini (ex Tarcentina) ma per entrambi ci sono molti punti di domanda sulle loro condizioni fisiche in quanto reduci da brutti infortuni. Denis Moser nel prossimo campionato sar\u00e0 allenato da pap\u00e0 Francesco mister del Cercivento, mentre paiono in diritto d\u2019arrivo le trattative per confermare Loris Vezzi al Ravascletto. Appare corposa la campagna rafforzamento della Nuova Osoppo con il presidente Peretto ad ufficializzare gli arrivi dei portiere Daniele Spizzo (ex Campagnola) e Riccardo Dominici (ex Juniores della Gemonese), quindi Manuele Bressan.<\/p>\n","protected":false},"excerpt":{"rendered":"<p>Si sta completando il quadro degli allenatori, che nella prossima stagione non saranno obbligati ad avere il patentino, con qualche novit\u00e0 oltre a quelle gi\u00e0 annunciate. Sulla panca dell\u2019Arta Terme c\u2019\u00e8 il clamoroso ritorno di Marino Corti, mentre l\u2019Ovarese non ha confermato Idalio Fruch, preferendo Eddy Cicutti, gi\u00e0 a guidare i biancoazzurri ad inizio anni [&hellip;]<\/p>\n","protected":false},"author":10,"featured_media":0,"comment_status":"open","ping_status":"closed","sticky":false,"template":"","format":"standard","meta":{"footnotes":""},"categories":[3],"tags":[],"class_list":["post-15440","post","type-post","status-publish","format-standard","hentry","category-carnico"],"yoast_head":"<!-- This site is optimized with the Yoast SEO plugin v27.3 - https:\/\/yoast.com\/product\/yoast-seo-wordpress\/ -->\n<title>MERCATO, CORTI ALL&#039;ARTA TERME E ALESSIO FELACO AL CAVAZZO - Campionato Carnico 2017<\/title>\n<meta name=\"robots\" content=\"index, follow, max-snippet:-1, max-image-preview:large, max-video-preview:-1\" \/>\n<link rel=\"canonical\" href=\"https:\/\/2017.carnico.it\/blog\/2016\/12\/06\/carnico-mercato-corti-allarta-terme-alessio-felaco-al-cavazzo\/\" \/>\n<meta property=\"og:locale\" content=\"it_IT\" \/>\n<meta property=\"og:type\" content=\"article\" \/>\n<meta property=\"og:title\" content=\"MERCATO, CORTI ALL&#039;ARTA TERME E ALESSIO FELACO AL CAVAZZO - Campionato Carnico 2017\" \/>\n<meta property=\"og:description\" content=\"Si sta completando il quadro degli allenatori, che nella prossima stagione non saranno obbligati ad avere il patentino, con qualche novit\u00e0 oltre a quelle gi\u00e0 annunciate. Sulla panca dell\u2019Arta Terme c\u2019\u00e8 il clamoroso ritorno di Marino Corti, mentre l\u2019Ovarese non ha confermato Idalio Fruch, preferendo Eddy Cicutti, gi\u00e0 a guidare i biancoazzurri ad inizio anni [&hellip;]\" \/>\n<meta property=\"og:url\" content=\"https:\/\/2017.carnico.it\/blog\/2016\/12\/06\/carnico-mercato-corti-allarta-terme-alessio-felaco-al-cavazzo\/\" \/>\n<meta property=\"og:site_name\" content=\"Campionato Carnico 2017\" \/>\n<meta property=\"article:publisher\" content=\"https:\/\/www.facebook.com\/campionatocarnico\/\" \/>\n<meta property=\"article:published_time\" content=\"2016-12-06T14:29:22+00:00\" \/>\n<meta property=\"article:modified_time\" content=\"2016-12-14T10:04:02+00:00\" \/>\n<meta property=\"og:image\" content=\"https:\/\/www.carnico.it\/blog\/wp-content\/uploads\/2016\/12\/Alessio-Felaco-Cavazzo-200x250.jpg\" \/>\n<meta name=\"author\" content=\"Redazione\" \/>\n<meta name=\"twitter:card\" content=\"summary_large_image\" \/>\n<meta name=\"twitter:label1\" content=\"Scritto da\" \/>\n\t<meta name=\"twitter:data1\" content=\"Redazione\" \/>\n\t<meta name=\"twitter:label2\" content=\"Tempo di lettura stimato\" \/>\n\t<meta name=\"twitter:data2\" content=\"2 minuti\" \/>\n<script type=\"application\/ld+json\" class=\"yoast-schema-graph\">{\"@context\":\"https:\\\/\\\/schema.org\",\"@graph\":[{\"@type\":\"Article\",\"@id\":\"https:\\\/\\\/2017.carnico.it\\\/blog\\\/2016\\\/12\\\/06\\\/carnico-mercato-corti-allarta-terme-alessio-felaco-al-cavazzo\\\/#article\",\"isPartOf\":{\"@id\":\"https:\\\/\\\/2017.carnico.it\\\/blog\\\/2016\\\/12\\\/06\\\/carnico-mercato-corti-allarta-terme-alessio-felaco-al-cavazzo\\\/\"},\"author\":{\"name\":\"Redazione\",\"@id\":\"https:\\\/\\\/2017.carnico.it\\\/blog\\\/#\\\/schema\\\/person\\\/a68c764693d96df3238f123ea014e78c\"},\"headline\":\"MERCATO, CORTI ALL&#8217;ARTA TERME E ALESSIO FELACO AL CAVAZZO\",\"datePublished\":\"2016-12-06T14:29:22+00:00\",\"dateModified\":\"2016-12-14T10:04:02+00:00\",\"mainEntityOfPage\":{\"@id\":\"https:\\\/\\\/2017.carnico.it\\\/blog\\\/2016\\\/12\\\/06\\\/carnico-mercato-corti-allarta-terme-alessio-felaco-al-cavazzo\\\/\"},\"wordCount\":311,\"commentCount\":1,\"image\":{\"@id\":\"https:\\\/\\\/2017.carnico.it\\\/blog\\\/2016\\\/12\\\/06\\\/carnico-mercato-corti-allarta-terme-alessio-felaco-al-cavazzo\\\/#primaryimage\"},\"thumbnailUrl\":\"https:\\\/\\\/www.carnico.it\\\/blog\\\/wp-content\\\/uploads\\\/2016\\\/12\\\/Alessio-Felaco-Cavazzo-200x250.jpg\",\"articleSection\":[\"Carnico\"],\"inLanguage\":\"it-IT\",\"potentialAction\":[{\"@type\":\"CommentAction\",\"name\":\"Comment\",\"target\":[\"https:\\\/\\\/2017.carnico.it\\\/blog\\\/2016\\\/12\\\/06\\\/carnico-mercato-corti-allarta-terme-alessio-felaco-al-cavazzo\\\/#respond\"]}]},{\"@type\":\"WebPage\",\"@id\":\"https:\\\/\\\/2017.carnico.it\\\/blog\\\/2016\\\/12\\\/06\\\/carnico-mercato-corti-allarta-terme-alessio-felaco-al-cavazzo\\\/\",\"url\":\"https:\\\/\\\/2017.carnico.it\\\/blog\\\/2016\\\/12\\\/06\\\/carnico-mercato-corti-allarta-terme-alessio-felaco-al-cavazzo\\\/\",\"name\":\"MERCATO, CORTI ALL'ARTA TERME E ALESSIO FELACO AL CAVAZZO - Campionato Carnico 2017\",\"isPartOf\":{\"@id\":\"https:\\\/\\\/2017.carnico.it\\\/blog\\\/#website\"},\"primaryImageOfPage\":{\"@id\":\"https:\\\/\\\/2017.carnico.it\\\/blog\\\/2016\\\/12\\\/06\\\/carnico-mercato-corti-allarta-terme-alessio-felaco-al-cavazzo\\\/#primaryimage\"},\"image\":{\"@id\":\"https:\\\/\\\/2017.carnico.it\\\/blog\\\/2016\\\/12\\\/06\\\/carnico-mercato-corti-allarta-terme-alessio-felaco-al-cavazzo\\\/#primaryimage\"},\"thumbnailUrl\":\"https:\\\/\\\/www.carnico.it\\\/blog\\\/wp-content\\\/uploads\\\/2016\\\/12\\\/Alessio-Felaco-Cavazzo-200x250.jpg\",\"datePublished\":\"2016-12-06T14:29:22+00:00\",\"dateModified\":\"2016-12-14T10:04:02+00:00\",\"author\":{\"@id\":\"https:\\\/\\\/2017.carnico.it\\\/blog\\\/#\\\/schema\\\/person\\\/a68c764693d96df3238f123ea014e78c\"},\"breadcrumb\":{\"@id\":\"https:\\\/\\\/2017.carnico.it\\\/blog\\\/2016\\\/12\\\/06\\\/carnico-mercato-corti-allarta-terme-alessio-felaco-al-cavazzo\\\/#breadcrumb\"},\"inLanguage\":\"it-IT\",\"potentialAction\":[{\"@type\":\"ReadAction\",\"target\":[\"https:\\\/\\\/2017.carnico.it\\\/blog\\\/2016\\\/12\\\/06\\\/carnico-mercato-corti-allarta-terme-alessio-felaco-al-cavazzo\\\/\"]}]},{\"@type\":\"ImageObject\",\"inLanguage\":\"it-IT\",\"@id\":\"https:\\\/\\\/2017.carnico.it\\\/blog\\\/2016\\\/12\\\/06\\\/carnico-mercato-corti-allarta-terme-alessio-felaco-al-cavazzo\\\/#primaryimage\",\"url\":\"https:\\\/\\\/www.carnico.it\\\/blog\\\/wp-content\\\/uploads\\\/2016\\\/12\\\/Alessio-Felaco-Cavazzo-200x250.jpg\",\"contentUrl\":\"https:\\\/\\\/www.carnico.it\\\/blog\\\/wp-content\\\/uploads\\\/2016\\\/12\\\/Alessio-Felaco-Cavazzo-200x250.jpg\"},{\"@type\":\"BreadcrumbList\",\"@id\":\"https:\\\/\\\/2017.carnico.it\\\/blog\\\/2016\\\/12\\\/06\\\/carnico-mercato-corti-allarta-terme-alessio-felaco-al-cavazzo\\\/#breadcrumb\",\"itemListElement\":[{\"@type\":\"ListItem\",\"position\":1,\"name\":\"Home\",\"item\":\"https:\\\/\\\/2017.carnico.it\\\/blog\\\/\"},{\"@type\":\"ListItem\",\"position\":2,\"name\":\"MERCATO, CORTI ALL&#8217;ARTA TERME E ALESSIO FELACO AL CAVAZZO\"}]},{\"@type\":\"WebSite\",\"@id\":\"https:\\\/\\\/2017.carnico.it\\\/blog\\\/#website\",\"url\":\"https:\\\/\\\/2017.carnico.it\\\/blog\\\/\",\"name\":\"Campionato Carnico 2017\",\"description\":\"Notizie e aggiornamenti in tempo reale sul campionato Carnico\",\"potentialAction\":[{\"@type\":\"SearchAction\",\"target\":{\"@type\":\"EntryPoint\",\"urlTemplate\":\"https:\\\/\\\/2017.carnico.it\\\/blog\\\/?s={search_term_string}\"},\"query-input\":{\"@type\":\"PropertyValueSpecification\",\"valueRequired\":true,\"valueName\":\"search_term_string\"}}],\"inLanguage\":\"it-IT\"},{\"@type\":\"Person\",\"@id\":\"https:\\\/\\\/2017.carnico.it\\\/blog\\\/#\\\/schema\\\/person\\\/a68c764693d96df3238f123ea014e78c\",\"name\":\"Redazione\",\"image\":{\"@type\":\"ImageObject\",\"inLanguage\":\"it-IT\",\"@id\":\"https:\\\/\\\/secure.gravatar.com\\\/avatar\\\/6c05bd4dddbea475e283f76b4aa2d778ecb35c06fd92df5f6e0cac552163e2ac?s=96&d=mm&r=g\",\"url\":\"https:\\\/\\\/secure.gravatar.com\\\/avatar\\\/6c05bd4dddbea475e283f76b4aa2d778ecb35c06fd92df5f6e0cac552163e2ac?s=96&d=mm&r=g\",\"contentUrl\":\"https:\\\/\\\/secure.gravatar.com\\\/avatar\\\/6c05bd4dddbea475e283f76b4aa2d778ecb35c06fd92df5f6e0cac552163e2ac?s=96&d=mm&r=g\",\"caption\":\"Redazione\"},\"url\":\"https:\\\/\\\/2017.carnico.it\\\/blog\\\/author\\\/clyco-admin\\\/\"}]}<\/script>\n<!-- \/ Yoast SEO plugin. -->","yoast_head_json":{"title":"MERCATO, CORTI ALL'ARTA TERME E ALESSIO FELACO AL CAVAZZO - Campionato Carnico 2017","robots":{"index":"index","follow":"follow","max-snippet":"max-snippet:-1","max-image-preview":"max-image-preview:large","max-video-preview":"max-video-preview:-1"},"canonical":"https:\/\/2017.carnico.it\/blog\/2016\/12\/06\/carnico-mercato-corti-allarta-terme-alessio-felaco-al-cavazzo\/","og_locale":"it_IT","og_type":"article","og_title":"MERCATO, CORTI ALL'ARTA TERME E ALESSIO FELACO AL CAVAZZO - Campionato Carnico 2017","og_description":"Si sta completando il quadro degli allenatori, che nella prossima stagione non saranno obbligati ad avere il patentino, con qualche novit\u00e0 oltre a quelle gi\u00e0 annunciate. Sulla panca dell\u2019Arta Terme c\u2019\u00e8 il clamoroso ritorno di Marino Corti, mentre l\u2019Ovarese non ha confermato Idalio Fruch, preferendo Eddy Cicutti, gi\u00e0 a guidare i biancoazzurri ad inizio anni [&hellip;]","og_url":"https:\/\/2017.carnico.it\/blog\/2016\/12\/06\/carnico-mercato-corti-allarta-terme-alessio-felaco-al-cavazzo\/","og_site_name":"Campionato Carnico 2017","article_publisher":"https:\/\/www.facebook.com\/campionatocarnico\/","article_published_time":"2016-12-06T14:29:22+00:00","article_modified_time":"2016-12-14T10:04:02+00:00","og_image":[{"url":"https:\/\/www.carnico.it\/blog\/wp-content\/uploads\/2016\/12\/Alessio-Felaco-Cavazzo-200x250.jpg","type":"","width":"","height":""}],"author":"Redazione","twitter_card":"summary_large_image","twitter_misc":{"Scritto da":"Redazione","Tempo di lettura stimato":"2 minuti"},"schema":{"@context":"https:\/\/schema.org","@graph":[{"@type":"Article","@id":"https:\/\/2017.carnico.it\/blog\/2016\/12\/06\/carnico-mercato-corti-allarta-terme-alessio-felaco-al-cavazzo\/#article","isPartOf":{"@id":"https:\/\/2017.carnico.it\/blog\/2016\/12\/06\/carnico-mercato-corti-allarta-terme-alessio-felaco-al-cavazzo\/"},"author":{"name":"Redazione","@id":"https:\/\/2017.carnico.it\/blog\/#\/schema\/person\/a68c764693d96df3238f123ea014e78c"},"headline":"MERCATO, CORTI ALL&#8217;ARTA TERME E ALESSIO FELACO AL CAVAZZO","datePublished":"2016-12-06T14:29:22+00:00","dateModified":"2016-12-14T10:04:02+00:00","mainEntityOfPage":{"@id":"https:\/\/2017.carnico.it\/blog\/2016\/12\/06\/carnico-mercato-corti-allarta-terme-alessio-felaco-al-cavazzo\/"},"wordCount":311,"commentCount":1,"image":{"@id":"https:\/\/2017.carnico.it\/blog\/2016\/12\/06\/carnico-mercato-corti-allarta-terme-alessio-felaco-al-cavazzo\/#primaryimage"},"thumbnailUrl":"https:\/\/www.carnico.it\/blog\/wp-content\/uploads\/2016\/12\/Alessio-Felaco-Cavazzo-200x250.jpg","articleSection":["Carnico"],"inLanguage":"it-IT","potentialAction":[{"@type":"CommentAction","name":"Comment","target":["https:\/\/2017.carnico.it\/blog\/2016\/12\/06\/carnico-mercato-corti-allarta-terme-alessio-felaco-al-cavazzo\/#respond"]}]},{"@type":"WebPage","@id":"https:\/\/2017.carnico.it\/blog\/2016\/12\/06\/carnico-mercato-corti-allarta-terme-alessio-felaco-al-cavazzo\/","url":"https:\/\/2017.carnico.it\/blog\/2016\/12\/06\/carnico-mercato-corti-allarta-terme-alessio-felaco-al-cavazzo\/","name":"MERCATO, CORTI ALL'ARTA TERME E ALESSIO FELACO AL CAVAZZO - Campionato Carnico 2017","isPartOf":{"@id":"https:\/\/2017.carnico.it\/blog\/#website"},"primaryImageOfPage":{"@id":"https:\/\/2017.carnico.it\/blog\/2016\/12\/06\/carnico-mercato-corti-allarta-terme-alessio-felaco-al-cavazzo\/#primaryimage"},"image":{"@id":"https:\/\/2017.carnico.it\/blog\/2016\/12\/06\/carnico-mercato-corti-allarta-terme-alessio-felaco-al-cavazzo\/#primaryimage"},"thumbnailUrl":"https:\/\/www.carnico.it\/blog\/wp-content\/uploads\/2016\/12\/Alessio-Felaco-Cavazzo-200x250.jpg","datePublished":"2016-12-06T14:29:22+00:00","dateModified":"2016-12-14T10:04:02+00:00","author":{"@id":"https:\/\/2017.carnico.it\/blog\/#\/schema\/person\/a68c764693d96df3238f123ea014e78c"},"breadcrumb":{"@id":"https:\/\/2017.carnico.it\/blog\/2016\/12\/06\/carnico-mercato-corti-allarta-terme-alessio-felaco-al-cavazzo\/#breadcrumb"},"inLanguage":"it-IT","potentialAction":[{"@type":"ReadAction","target":["https:\/\/2017.carnico.it\/blog\/2016\/12\/06\/carnico-mercato-corti-allarta-terme-alessio-felaco-al-cavazzo\/"]}]},{"@type":"ImageObject","inLanguage":"it-IT","@id":"https:\/\/2017.carnico.it\/blog\/2016\/12\/06\/carnico-mercato-corti-allarta-terme-alessio-felaco-al-cavazzo\/#primaryimage","url":"https:\/\/www.carnico.it\/blog\/wp-content\/uploads\/2016\/12\/Alessio-Felaco-Cavazzo-200x250.jpg","contentUrl":"https:\/\/www.carnico.it\/blog\/wp-content\/uploads\/2016\/12\/Alessio-Felaco-Cavazzo-200x250.jpg"},{"@type":"BreadcrumbList","@id":"https:\/\/2017.carnico.it\/blog\/2016\/12\/06\/carnico-mercato-corti-allarta-terme-alessio-felaco-al-cavazzo\/#breadcrumb","itemListElement":[{"@type":"ListItem","position":1,"name":"Home","item":"https:\/\/2017.carnico.it\/blog\/"},{"@type":"ListItem","position":2,"name":"MERCATO, CORTI ALL&#8217;ARTA TERME E ALESSIO FELACO AL CAVAZZO"}]},{"@type":"WebSite","@id":"https:\/\/2017.carnico.it\/blog\/#website","url":"https:\/\/2017.carnico.it\/blog\/","name":"Campionato Carnico 2017","description":"Notizie e aggiornamenti in tempo reale sul campionato Carnico","potentialAction":[{"@type":"SearchAction","target":{"@type":"EntryPoint","urlTemplate":"https:\/\/2017.carnico.it\/blog\/?s={search_term_string}"},"query-input":{"@type":"PropertyValueSpecification","valueRequired":true,"valueName":"search_term_string"}}],"inLanguage":"it-IT"},{"@type":"Person","@id":"https:\/\/2017.carnico.it\/blog\/#\/schema\/person\/a68c764693d96df3238f123ea014e78c","name":"Redazione","image":{"@type":"ImageObject","inLanguage":"it-IT","@id":"https:\/\/secure.gravatar.com\/avatar\/6c05bd4dddbea475e283f76b4aa2d778ecb35c06fd92df5f6e0cac552163e2ac?s=96&d=mm&r=g","url":"https:\/\/secure.gravatar.com\/avatar\/6c05bd4dddbea475e283f76b4aa2d778ecb35c06fd92df5f6e0cac552163e2ac?s=96&d=mm&r=g","contentUrl":"https:\/\/secure.gravatar.com\/avatar\/6c05bd4dddbea475e283f76b4aa2d778ecb35c06fd92df5f6e0cac552163e2ac?s=96&d=mm&r=g","caption":"Redazione"},"url":"https:\/\/2017.carnico.it\/blog\/author\/clyco-admin\/"}]}},"_links":{"self":[{"href":"https:\/\/2017.carnico.it\/blog\/wp-json\/wp\/v2\/posts\/15440","targetHints":{"allow":["GET"]}}],"collection":[{"href":"https:\/\/2017.carnico.it\/blog\/wp-json\/wp\/v2\/posts"}],"about":[{"href":"https:\/\/2017.carnico.it\/blog\/wp-json\/wp\/v2\/types\/post"}],"author":[{"embeddable":true,"href":"https:\/\/2017.carnico.it\/blog\/wp-json\/wp\/v2\/users\/10"}],"replies":[{"embeddable":true,"href":"https:\/\/2017.carnico.it\/blog\/wp-json\/wp\/v2\/comments?post=15440"}],"version-history":[{"count":5,"href":"https:\/\/2017.carnico.it\/blog\/wp-json\/wp\/v2\/posts\/15440\/revisions"}],"predecessor-version":[{"id":15459,"href":"https:\/\/2017.carnico.it\/blog\/wp-json\/wp\/v2\/posts\/15440\/revisions\/15459"}],"wp:attachment":[{"href":"https:\/\/2017.carnico.it\/blog\/wp-json\/wp\/v2\/media?parent=15440"}],"wp:term":[{"taxonomy":"category","embeddable":true,"href":"https:\/\/2017.carnico.it\/blog\/wp-json\/wp\/v2\/categories?post=15440"},{"taxonomy":"post_tag","embeddable":true,"href":"https:\/\/2017.carnico.it\/blog\/wp-json\/wp\/v2\/tags?post=15440"}],"curies":[{"name":"wp","href":"https:\/\/api.w.org\/{rel}","templated":true}]}}