{"id":15217,"date":"2016-10-18T23:12:58","date_gmt":"2016-10-18T21:12:58","guid":{"rendered":"http:\/\/www.carnico.it\/blog\/?p=15217"},"modified":"2016-10-22T10:53:53","modified_gmt":"2016-10-22T08:53:53","slug":"villa-santina-la-grande-festa-del-carnico-2016","status":"publish","type":"post","link":"https:\/\/2017.carnico.it\/blog\/2016\/10\/18\/villa-santina-la-grande-festa-del-carnico-2016\/","title":{"rendered":"A VILLA SANTINA LA GRANDE FESTA DEL CARNICO 2016"},"content":{"rendered":"<p><span class=\"_4n-j fsl\"><img loading=\"lazy\" decoding=\"async\" class=\"aligncenter wp-image-15218 size-large\" src=\"https:\/\/www.carnico.it\/blog\/wp-content\/uploads\/2016\/10\/Terzo-tempo-630x240.jpg\" alt=\"terzo-tempo\" width=\"630\" height=\"240\" srcset=\"https:\/\/2017.carnico.it\/blog\/wp-content\/uploads\/2016\/10\/Terzo-tempo-630x240.jpg 630w, https:\/\/2017.carnico.it\/blog\/wp-content\/uploads\/2016\/10\/Terzo-tempo-450x171.jpg 450w, https:\/\/2017.carnico.it\/blog\/wp-content\/uploads\/2016\/10\/Terzo-tempo-300x114.jpg 300w, https:\/\/2017.carnico.it\/blog\/wp-content\/uploads\/2016\/10\/Terzo-tempo.jpg 828w\" sizes=\"auto, (max-width: 630px) 100vw, 630px\" \/><br \/>\nAppuntamento<strong>\u00a0venerd\u00ec 21 ottobre, alle ore 20:30 al Palazzetto dello Sport di Villa Santina<\/strong> con la <strong><a href=\"https:\/\/www.facebook.com\/events\/546221472240863\/\">puntata finale di &#8220;Terzo Tempo&#8221;<\/a><\/strong>, la trasmissione di approfondimento e intrattenimento in onda su <strong><a href=\"http:\/\/www.rsn.it\">Radio Studio Nord<\/a> con Simone Maier (Zita), Michael Plazzotta (Plaz) e Cristian Comelli,<\/strong> che da 8 stagioni rivive ogni settimana assieme ai protagonisti le giornate del <strong>Campionato Carnico.<\/strong><span class=\"text_exposed_show\"><br \/>\n<\/span><\/span><!--more--><span class=\"_4n-j fsl\"><span class=\"text_exposed_show\">Sar\u00e0 una serata che coinvolger\u00e0 tutte le squadre per quealla che \u00e8 una vera e propria festa di fine stagione.<br \/>\nSono state contattate tutte le 40 dirigenze delle squadre iscritte alle 3 categorie del Carnico e l&#8217;idea di coinvolgere indistintamente protagonisti e non, \u00e8 stata accolta da tutti con entusiasmo. Ogni dirigenza sceglier\u00e0 un giocatore, accompagnatore, tifoso, rappresentante e lo premier\u00e0 con un riconoscimento per il tipo di supporto o fedelt\u00e0 che ha apportato alla rispettiva societ\u00e0. Le targhette sono offerte dai main sponsor <strong>Io Print e Bluenergy.<\/strong><br \/>\nLa serata, <strong>che dalle 21 sar\u00e0 trasmessa in diretta su Radio Studio Nord<\/strong> in FM e in streaming su <a href=\"http:\/\/www.rsn.it\/\" target=\"_blank\" rel=\"nofollow nofollow\">www.rsn.it<\/a> o sulla App, sar\u00e0 ovviamente condotta da Simone Maier, Michael Plazzotta e Cristian Comelli, che chiameranno un rappresentante per societ\u00e0 partecipante sul palco, il quale consegner\u00e0 il riconoscimento al proprio tesserato, specificandone il motivo.<br \/>\nAlla presenza dell\u2019amministratore Claudio Casagrande e dello staff dell\u2019<strong>Erre\u00e0 Play Udine<\/strong>, verranno inoltre consegnati i premi della Erre\u00e0 Cup 2016, iniziativa giunta alla 4\u00b0 edizione, che coinvolge 19 delle squadre iscritte al Carnico.<br \/>\nA fine premiazioni seguir\u00e0 buffet gratuito, offerto da Erre\u00e0 Play Udine, per i partecipanti e successivamente serata musicale con Pietro Berti e Cris DJ.<br \/>\nL&#8217;intero evento sar\u00e0 ripreso dalle telecamere di <strong>VTC (Video Tele Carnia)<\/strong>, canale 690 del digitale terrestre.<\/span><\/span><\/p>\n","protected":false},"excerpt":{"rendered":"<p>Appuntamento\u00a0venerd\u00ec 21 ottobre, alle ore 20:30 al Palazzetto dello Sport di Villa Santina con la puntata finale di &#8220;Terzo Tempo&#8221;, la trasmissione di approfondimento e intrattenimento in onda su Radio Studio Nord con Simone Maier (Zita), Michael Plazzotta (Plaz) e Cristian Comelli, che da 8 stagioni rivive ogni settimana assieme ai protagonisti le giornate del [&hellip;]<\/p>\n","protected":false},"author":10,"featured_media":0,"comment_status":"open","ping_status":"closed","sticky":false,"template":"","format":"standard","meta":{"footnotes":""},"categories":[3,4,5],"tags":[15,22,14],"class_list":["post-15217","post","type-post","status-publish","format-standard","hentry","category-carnico","category-radio-studio-nord","category-varie","tag-carnico","tag-festa","tag-villa-santina"],"yoast_head":"<!-- This site is optimized with the Yoast SEO plugin v27.3 - https:\/\/yoast.com\/product\/yoast-seo-wordpress\/ -->\n<title>A VILLA SANTINA LA GRANDE FESTA DEL CARNICO 2016 - Campionato Carnico 2017<\/title>\n<meta name=\"robots\" content=\"index, follow, max-snippet:-1, max-image-preview:large, max-video-preview:-1\" \/>\n<link rel=\"canonical\" href=\"https:\/\/2017.carnico.it\/blog\/2016\/10\/18\/villa-santina-la-grande-festa-del-carnico-2016\/\" \/>\n<meta property=\"og:locale\" content=\"it_IT\" \/>\n<meta property=\"og:type\" content=\"article\" \/>\n<meta property=\"og:title\" content=\"A VILLA SANTINA LA GRANDE FESTA DEL CARNICO 2016 - Campionato Carnico 2017\" \/>\n<meta property=\"og:description\" content=\"Appuntamento\u00a0venerd\u00ec 21 ottobre, alle ore 20:30 al Palazzetto dello Sport di Villa Santina con la puntata finale di &#8220;Terzo Tempo&#8221;, la trasmissione di approfondimento e intrattenimento in onda su Radio Studio Nord con Simone Maier (Zita), Michael Plazzotta (Plaz) e Cristian Comelli, che da 8 stagioni rivive ogni settimana assieme ai protagonisti le giornate del [&hellip;]\" \/>\n<meta property=\"og:url\" content=\"https:\/\/2017.carnico.it\/blog\/2016\/10\/18\/villa-santina-la-grande-festa-del-carnico-2016\/\" \/>\n<meta property=\"og:site_name\" content=\"Campionato Carnico 2017\" \/>\n<meta property=\"article:publisher\" content=\"https:\/\/www.facebook.com\/campionatocarnico\/\" \/>\n<meta property=\"article:published_time\" content=\"2016-10-18T21:12:58+00:00\" \/>\n<meta property=\"article:modified_time\" content=\"2016-10-22T08:53:53+00:00\" \/>\n<meta property=\"og:image\" content=\"https:\/\/www.carnico.it\/blog\/wp-content\/uploads\/2016\/10\/Terzo-tempo-630x240.jpg\" \/>\n<meta name=\"author\" content=\"Redazione\" \/>\n<meta name=\"twitter:card\" content=\"summary_large_image\" \/>\n<meta name=\"twitter:label1\" content=\"Scritto da\" \/>\n\t<meta name=\"twitter:data1\" content=\"Redazione\" \/>\n\t<meta name=\"twitter:label2\" content=\"Tempo di lettura stimato\" \/>\n\t<meta name=\"twitter:data2\" content=\"1 minuto\" \/>\n<script type=\"application\/ld+json\" class=\"yoast-schema-graph\">{\"@context\":\"https:\\\/\\\/schema.org\",\"@graph\":[{\"@type\":\"Article\",\"@id\":\"https:\\\/\\\/2017.carnico.it\\\/blog\\\/2016\\\/10\\\/18\\\/villa-santina-la-grande-festa-del-carnico-2016\\\/#article\",\"isPartOf\":{\"@id\":\"https:\\\/\\\/2017.carnico.it\\\/blog\\\/2016\\\/10\\\/18\\\/villa-santina-la-grande-festa-del-carnico-2016\\\/\"},\"author\":{\"name\":\"Redazione\",\"@id\":\"https:\\\/\\\/2017.carnico.it\\\/blog\\\/#\\\/schema\\\/person\\\/a68c764693d96df3238f123ea014e78c\"},\"headline\":\"A VILLA SANTINA LA GRANDE FESTA DEL CARNICO 2016\",\"datePublished\":\"2016-10-18T21:12:58+00:00\",\"dateModified\":\"2016-10-22T08:53:53+00:00\",\"mainEntityOfPage\":{\"@id\":\"https:\\\/\\\/2017.carnico.it\\\/blog\\\/2016\\\/10\\\/18\\\/villa-santina-la-grande-festa-del-carnico-2016\\\/\"},\"wordCount\":275,\"commentCount\":0,\"image\":{\"@id\":\"https:\\\/\\\/2017.carnico.it\\\/blog\\\/2016\\\/10\\\/18\\\/villa-santina-la-grande-festa-del-carnico-2016\\\/#primaryimage\"},\"thumbnailUrl\":\"https:\\\/\\\/www.carnico.it\\\/blog\\\/wp-content\\\/uploads\\\/2016\\\/10\\\/Terzo-tempo-630x240.jpg\",\"keywords\":[\"Carnico\",\"festa\",\"Villa Santina\"],\"articleSection\":[\"Carnico\",\"Radio.Studio.Nord\",\"Varie\"],\"inLanguage\":\"it-IT\",\"potentialAction\":[{\"@type\":\"CommentAction\",\"name\":\"Comment\",\"target\":[\"https:\\\/\\\/2017.carnico.it\\\/blog\\\/2016\\\/10\\\/18\\\/villa-santina-la-grande-festa-del-carnico-2016\\\/#respond\"]}]},{\"@type\":\"WebPage\",\"@id\":\"https:\\\/\\\/2017.carnico.it\\\/blog\\\/2016\\\/10\\\/18\\\/villa-santina-la-grande-festa-del-carnico-2016\\\/\",\"url\":\"https:\\\/\\\/2017.carnico.it\\\/blog\\\/2016\\\/10\\\/18\\\/villa-santina-la-grande-festa-del-carnico-2016\\\/\",\"name\":\"A VILLA SANTINA LA GRANDE FESTA DEL CARNICO 2016 - Campionato Carnico 2017\",\"isPartOf\":{\"@id\":\"https:\\\/\\\/2017.carnico.it\\\/blog\\\/#website\"},\"primaryImageOfPage\":{\"@id\":\"https:\\\/\\\/2017.carnico.it\\\/blog\\\/2016\\\/10\\\/18\\\/villa-santina-la-grande-festa-del-carnico-2016\\\/#primaryimage\"},\"image\":{\"@id\":\"https:\\\/\\\/2017.carnico.it\\\/blog\\\/2016\\\/10\\\/18\\\/villa-santina-la-grande-festa-del-carnico-2016\\\/#primaryimage\"},\"thumbnailUrl\":\"https:\\\/\\\/www.carnico.it\\\/blog\\\/wp-content\\\/uploads\\\/2016\\\/10\\\/Terzo-tempo-630x240.jpg\",\"datePublished\":\"2016-10-18T21:12:58+00:00\",\"dateModified\":\"2016-10-22T08:53:53+00:00\",\"author\":{\"@id\":\"https:\\\/\\\/2017.carnico.it\\\/blog\\\/#\\\/schema\\\/person\\\/a68c764693d96df3238f123ea014e78c\"},\"breadcrumb\":{\"@id\":\"https:\\\/\\\/2017.carnico.it\\\/blog\\\/2016\\\/10\\\/18\\\/villa-santina-la-grande-festa-del-carnico-2016\\\/#breadcrumb\"},\"inLanguage\":\"it-IT\",\"potentialAction\":[{\"@type\":\"ReadAction\",\"target\":[\"https:\\\/\\\/2017.carnico.it\\\/blog\\\/2016\\\/10\\\/18\\\/villa-santina-la-grande-festa-del-carnico-2016\\\/\"]}]},{\"@type\":\"ImageObject\",\"inLanguage\":\"it-IT\",\"@id\":\"https:\\\/\\\/2017.carnico.it\\\/blog\\\/2016\\\/10\\\/18\\\/villa-santina-la-grande-festa-del-carnico-2016\\\/#primaryimage\",\"url\":\"https:\\\/\\\/www.carnico.it\\\/blog\\\/wp-content\\\/uploads\\\/2016\\\/10\\\/Terzo-tempo-630x240.jpg\",\"contentUrl\":\"https:\\\/\\\/www.carnico.it\\\/blog\\\/wp-content\\\/uploads\\\/2016\\\/10\\\/Terzo-tempo-630x240.jpg\"},{\"@type\":\"BreadcrumbList\",\"@id\":\"https:\\\/\\\/2017.carnico.it\\\/blog\\\/2016\\\/10\\\/18\\\/villa-santina-la-grande-festa-del-carnico-2016\\\/#breadcrumb\",\"itemListElement\":[{\"@type\":\"ListItem\",\"position\":1,\"name\":\"Home\",\"item\":\"https:\\\/\\\/2017.carnico.it\\\/blog\\\/\"},{\"@type\":\"ListItem\",\"position\":2,\"name\":\"A VILLA SANTINA LA GRANDE FESTA DEL CARNICO 2016\"}]},{\"@type\":\"WebSite\",\"@id\":\"https:\\\/\\\/2017.carnico.it\\\/blog\\\/#website\",\"url\":\"https:\\\/\\\/2017.carnico.it\\\/blog\\\/\",\"name\":\"Campionato Carnico 2017\",\"description\":\"Notizie e aggiornamenti in tempo reale sul campionato Carnico\",\"potentialAction\":[{\"@type\":\"SearchAction\",\"target\":{\"@type\":\"EntryPoint\",\"urlTemplate\":\"https:\\\/\\\/2017.carnico.it\\\/blog\\\/?s={search_term_string}\"},\"query-input\":{\"@type\":\"PropertyValueSpecification\",\"valueRequired\":true,\"valueName\":\"search_term_string\"}}],\"inLanguage\":\"it-IT\"},{\"@type\":\"Person\",\"@id\":\"https:\\\/\\\/2017.carnico.it\\\/blog\\\/#\\\/schema\\\/person\\\/a68c764693d96df3238f123ea014e78c\",\"name\":\"Redazione\",\"image\":{\"@type\":\"ImageObject\",\"inLanguage\":\"it-IT\",\"@id\":\"https:\\\/\\\/secure.gravatar.com\\\/avatar\\\/6c05bd4dddbea475e283f76b4aa2d778ecb35c06fd92df5f6e0cac552163e2ac?s=96&d=mm&r=g\",\"url\":\"https:\\\/\\\/secure.gravatar.com\\\/avatar\\\/6c05bd4dddbea475e283f76b4aa2d778ecb35c06fd92df5f6e0cac552163e2ac?s=96&d=mm&r=g\",\"contentUrl\":\"https:\\\/\\\/secure.gravatar.com\\\/avatar\\\/6c05bd4dddbea475e283f76b4aa2d778ecb35c06fd92df5f6e0cac552163e2ac?s=96&d=mm&r=g\",\"caption\":\"Redazione\"},\"url\":\"https:\\\/\\\/2017.carnico.it\\\/blog\\\/author\\\/clyco-admin\\\/\"}]}<\/script>\n<!-- \/ Yoast SEO plugin. -->","yoast_head_json":{"title":"A VILLA SANTINA LA GRANDE FESTA DEL CARNICO 2016 - Campionato Carnico 2017","robots":{"index":"index","follow":"follow","max-snippet":"max-snippet:-1","max-image-preview":"max-image-preview:large","max-video-preview":"max-video-preview:-1"},"canonical":"https:\/\/2017.carnico.it\/blog\/2016\/10\/18\/villa-santina-la-grande-festa-del-carnico-2016\/","og_locale":"it_IT","og_type":"article","og_title":"A VILLA SANTINA LA GRANDE FESTA DEL CARNICO 2016 - Campionato Carnico 2017","og_description":"Appuntamento\u00a0venerd\u00ec 21 ottobre, alle ore 20:30 al Palazzetto dello Sport di Villa Santina con la puntata finale di &#8220;Terzo Tempo&#8221;, la trasmissione di approfondimento e intrattenimento in onda su Radio Studio Nord con Simone Maier (Zita), Michael Plazzotta (Plaz) e Cristian Comelli, che da 8 stagioni rivive ogni settimana assieme ai protagonisti le giornate del [&hellip;]","og_url":"https:\/\/2017.carnico.it\/blog\/2016\/10\/18\/villa-santina-la-grande-festa-del-carnico-2016\/","og_site_name":"Campionato Carnico 2017","article_publisher":"https:\/\/www.facebook.com\/campionatocarnico\/","article_published_time":"2016-10-18T21:12:58+00:00","article_modified_time":"2016-10-22T08:53:53+00:00","og_image":[{"url":"https:\/\/www.carnico.it\/blog\/wp-content\/uploads\/2016\/10\/Terzo-tempo-630x240.jpg","type":"","width":"","height":""}],"author":"Redazione","twitter_card":"summary_large_image","twitter_misc":{"Scritto da":"Redazione","Tempo di lettura stimato":"1 minuto"},"schema":{"@context":"https:\/\/schema.org","@graph":[{"@type":"Article","@id":"https:\/\/2017.carnico.it\/blog\/2016\/10\/18\/villa-santina-la-grande-festa-del-carnico-2016\/#article","isPartOf":{"@id":"https:\/\/2017.carnico.it\/blog\/2016\/10\/18\/villa-santina-la-grande-festa-del-carnico-2016\/"},"author":{"name":"Redazione","@id":"https:\/\/2017.carnico.it\/blog\/#\/schema\/person\/a68c764693d96df3238f123ea014e78c"},"headline":"A VILLA SANTINA LA GRANDE FESTA DEL CARNICO 2016","datePublished":"2016-10-18T21:12:58+00:00","dateModified":"2016-10-22T08:53:53+00:00","mainEntityOfPage":{"@id":"https:\/\/2017.carnico.it\/blog\/2016\/10\/18\/villa-santina-la-grande-festa-del-carnico-2016\/"},"wordCount":275,"commentCount":0,"image":{"@id":"https:\/\/2017.carnico.it\/blog\/2016\/10\/18\/villa-santina-la-grande-festa-del-carnico-2016\/#primaryimage"},"thumbnailUrl":"https:\/\/www.carnico.it\/blog\/wp-content\/uploads\/2016\/10\/Terzo-tempo-630x240.jpg","keywords":["Carnico","festa","Villa Santina"],"articleSection":["Carnico","Radio.Studio.Nord","Varie"],"inLanguage":"it-IT","potentialAction":[{"@type":"CommentAction","name":"Comment","target":["https:\/\/2017.carnico.it\/blog\/2016\/10\/18\/villa-santina-la-grande-festa-del-carnico-2016\/#respond"]}]},{"@type":"WebPage","@id":"https:\/\/2017.carnico.it\/blog\/2016\/10\/18\/villa-santina-la-grande-festa-del-carnico-2016\/","url":"https:\/\/2017.carnico.it\/blog\/2016\/10\/18\/villa-santina-la-grande-festa-del-carnico-2016\/","name":"A VILLA SANTINA LA GRANDE FESTA DEL CARNICO 2016 - Campionato Carnico 2017","isPartOf":{"@id":"https:\/\/2017.carnico.it\/blog\/#website"},"primaryImageOfPage":{"@id":"https:\/\/2017.carnico.it\/blog\/2016\/10\/18\/villa-santina-la-grande-festa-del-carnico-2016\/#primaryimage"},"image":{"@id":"https:\/\/2017.carnico.it\/blog\/2016\/10\/18\/villa-santina-la-grande-festa-del-carnico-2016\/#primaryimage"},"thumbnailUrl":"https:\/\/www.carnico.it\/blog\/wp-content\/uploads\/2016\/10\/Terzo-tempo-630x240.jpg","datePublished":"2016-10-18T21:12:58+00:00","dateModified":"2016-10-22T08:53:53+00:00","author":{"@id":"https:\/\/2017.carnico.it\/blog\/#\/schema\/person\/a68c764693d96df3238f123ea014e78c"},"breadcrumb":{"@id":"https:\/\/2017.carnico.it\/blog\/2016\/10\/18\/villa-santina-la-grande-festa-del-carnico-2016\/#breadcrumb"},"inLanguage":"it-IT","potentialAction":[{"@type":"ReadAction","target":["https:\/\/2017.carnico.it\/blog\/2016\/10\/18\/villa-santina-la-grande-festa-del-carnico-2016\/"]}]},{"@type":"ImageObject","inLanguage":"it-IT","@id":"https:\/\/2017.carnico.it\/blog\/2016\/10\/18\/villa-santina-la-grande-festa-del-carnico-2016\/#primaryimage","url":"https:\/\/www.carnico.it\/blog\/wp-content\/uploads\/2016\/10\/Terzo-tempo-630x240.jpg","contentUrl":"https:\/\/www.carnico.it\/blog\/wp-content\/uploads\/2016\/10\/Terzo-tempo-630x240.jpg"},{"@type":"BreadcrumbList","@id":"https:\/\/2017.carnico.it\/blog\/2016\/10\/18\/villa-santina-la-grande-festa-del-carnico-2016\/#breadcrumb","itemListElement":[{"@type":"ListItem","position":1,"name":"Home","item":"https:\/\/2017.carnico.it\/blog\/"},{"@type":"ListItem","position":2,"name":"A VILLA SANTINA LA GRANDE FESTA DEL CARNICO 2016"}]},{"@type":"WebSite","@id":"https:\/\/2017.carnico.it\/blog\/#website","url":"https:\/\/2017.carnico.it\/blog\/","name":"Campionato Carnico 2017","description":"Notizie e aggiornamenti in tempo reale sul campionato Carnico","potentialAction":[{"@type":"SearchAction","target":{"@type":"EntryPoint","urlTemplate":"https:\/\/2017.carnico.it\/blog\/?s={search_term_string}"},"query-input":{"@type":"PropertyValueSpecification","valueRequired":true,"valueName":"search_term_string"}}],"inLanguage":"it-IT"},{"@type":"Person","@id":"https:\/\/2017.carnico.it\/blog\/#\/schema\/person\/a68c764693d96df3238f123ea014e78c","name":"Redazione","image":{"@type":"ImageObject","inLanguage":"it-IT","@id":"https:\/\/secure.gravatar.com\/avatar\/6c05bd4dddbea475e283f76b4aa2d778ecb35c06fd92df5f6e0cac552163e2ac?s=96&d=mm&r=g","url":"https:\/\/secure.gravatar.com\/avatar\/6c05bd4dddbea475e283f76b4aa2d778ecb35c06fd92df5f6e0cac552163e2ac?s=96&d=mm&r=g","contentUrl":"https:\/\/secure.gravatar.com\/avatar\/6c05bd4dddbea475e283f76b4aa2d778ecb35c06fd92df5f6e0cac552163e2ac?s=96&d=mm&r=g","caption":"Redazione"},"url":"https:\/\/2017.carnico.it\/blog\/author\/clyco-admin\/"}]}},"_links":{"self":[{"href":"https:\/\/2017.carnico.it\/blog\/wp-json\/wp\/v2\/posts\/15217","targetHints":{"allow":["GET"]}}],"collection":[{"href":"https:\/\/2017.carnico.it\/blog\/wp-json\/wp\/v2\/posts"}],"about":[{"href":"https:\/\/2017.carnico.it\/blog\/wp-json\/wp\/v2\/types\/post"}],"author":[{"embeddable":true,"href":"https:\/\/2017.carnico.it\/blog\/wp-json\/wp\/v2\/users\/10"}],"replies":[{"embeddable":true,"href":"https:\/\/2017.carnico.it\/blog\/wp-json\/wp\/v2\/comments?post=15217"}],"version-history":[{"count":5,"href":"https:\/\/2017.carnico.it\/blog\/wp-json\/wp\/v2\/posts\/15217\/revisions"}],"predecessor-version":[{"id":15226,"href":"https:\/\/2017.carnico.it\/blog\/wp-json\/wp\/v2\/posts\/15217\/revisions\/15226"}],"wp:attachment":[{"href":"https:\/\/2017.carnico.it\/blog\/wp-json\/wp\/v2\/media?parent=15217"}],"wp:term":[{"taxonomy":"category","embeddable":true,"href":"https:\/\/2017.carnico.it\/blog\/wp-json\/wp\/v2\/categories?post=15217"},{"taxonomy":"post_tag","embeddable":true,"href":"https:\/\/2017.carnico.it\/blog\/wp-json\/wp\/v2\/tags?post=15217"}],"curies":[{"name":"wp","href":"https:\/\/api.w.org\/{rel}","templated":true}]}}