{"id":15112,"date":"2016-10-11T08:00:41","date_gmt":"2016-10-11T06:00:41","guid":{"rendered":"http:\/\/www.carnico.it\/blog\/?p=15112"},"modified":"2016-10-11T12:13:15","modified_gmt":"2016-10-11T10:13:15","slug":"la-pagellina-dei-campioni","status":"publish","type":"post","link":"https:\/\/2017.carnico.it\/blog\/2016\/10\/11\/la-pagellina-dei-campioni\/","title":{"rendered":"LA PAGELLINA DEI CAMPIONI"},"content":{"rendered":"<div id=\"attachment_15113\" style=\"width: 609px\" class=\"wp-caption aligncenter\"><a href=\"https:\/\/www.carnico.it\/blog\/2016\/10\/09\/la-pagellina-dei-campioni\/festa-real\/\" rel=\"attachment wp-att-15113\"><img loading=\"lazy\" decoding=\"async\" aria-describedby=\"caption-attachment-15113\" class=\" wp-image-15113\" src=\"https:\/\/www.carnico.it\/blog\/wp-content\/uploads\/2016\/10\/FESTA-REAL-450x298.jpg\" alt=\"Il Real festeggia coi suoi tifosi (foto A. Cella).\" width=\"599\" height=\"397\" srcset=\"https:\/\/2017.carnico.it\/blog\/wp-content\/uploads\/2016\/10\/FESTA-REAL-450x298.jpg 450w, https:\/\/2017.carnico.it\/blog\/wp-content\/uploads\/2016\/10\/FESTA-REAL-300x199.jpg 300w, https:\/\/2017.carnico.it\/blog\/wp-content\/uploads\/2016\/10\/FESTA-REAL-630x417.jpg 630w\" sizes=\"auto, (max-width: 599px) 100vw, 599px\" \/><\/a><p id=\"caption-attachment-15113\" class=\"wp-caption-text\">Il Real festeggia coi suoi tifosi (foto A. Cella)<\/p><\/div>\n<p style=\"text-align: justify;\">E\u2019 stato uno degli scudetti meno pronosticabili della storia del Carnico il quinto del Real I.C. Le partenze di Davide Urban, Roberto Agostinis, Alberto Morassi e il ritiro di Stefano Vidoni sembravano aver indebolito una squadra che lo scorso campionato era finita terza a 15 punti dal Cavazzo campione. Ed invece, Ortobelli \u00e8 riuscito a creare un grandissimo gruppo, amalgamando quelli della vecchia guardia con qualche giovane interessante e di sicuro prospetto, proponendo il solito 4 \u2013 4 \u2013 2 ma in maniera molto meno dogmatica, ricorrendo, in talune circostanze, anche ad un pi\u00f9 spregiudicato 4 \u2013 3 \u2013 3 a seconda delle esigenze del match.<!--more--> Forse non \u00e8 stato il Real pi\u00f9 bello tra tutti quelli proposti dal tecnico in tanti anni sulla panchina biancorossa, ma di sicuro \u00e8 stato il pi\u00f9 pragmatico, il pi\u00f9 risoluto e il pi\u00f9 determinato della sua lunga gestione. Vediamo da vicino, allora, i protagonisti di questa cavalcata trionfale.<\/p>\n<p style=\"text-align: justify;\"><strong>ADRIANO ORTOBELLI <\/strong>si avvia a diventare l\u2019Alex Ferguson della Carnia: tante stagioni in biancorosso con la voglia sempre di far meglio dell\u2019anno prima. Fedele al suo credo calcistico plasma una squadra logica, razionale e funzionale, nella quale ognuno sa quello che deve fare. Questo scudetto ha impresso il suo marchio di fabbrica. E meno male che doveva salvarsi \u2026<\/p>\n<p style=\"text-align: justify;\"><strong>LUCA DE GIUDICI <\/strong>guida la difesa meno battuta del campionato (22 reti subite alla pari col Cavazzo) denotando la solita affidabilit\u00e0 ed il solito altissimo rendimento. Un altro torneo da incorniciare per \u201cLucone\u201d, l\u2019ennesimo di una carriera straordinaria.<\/p>\n<p style=\"text-align: justify;\"><strong>ANDREA MORASSI <\/strong>il capitano magari avr\u00e0 perso leggermente lo spunto brillante di qualche anno fa, quei raid a tutto campo che ne hanno contraddistinto la sua storia calcistica, ma resta il miglior interprete del torneo nel suo ruolo, mettendosi a disposizione anche come centrale di difesa e a centrocampo.<strong><br \/>\nGRAZIANO MORASSI <\/strong>gli anni passano per tutti e il \u201cGra\u201d cerca di \u2026 rallentarne l\u2019incedere. Solite giocate da difensore vecchio stampo e la definizione \u00e8 un complimento, perch\u00e9 gente capace di applicarsi sull\u2019uomo con la sua efficacia ce n\u2019\u00e8 davvero poca.<\/p>\n<p style=\"text-align: justify;\"><strong>SANDRO MORI <\/strong>gli impegni professionali lo costringono ad arrivare certe volte a partita in corso. Emblematica la partita interna col Verzegnis: arriva poco prima della pausa e i suoi sono sotto 2 a 1. Entra a inizio ripresa e Ortobelli pu\u00f2 sistemare la squadra con il solito assetto: la soluzione al cubo di Rubik!<\/p>\n<p style=\"text-align: justify;\"><strong>DANIELE MUNER <\/strong>poche apparizioni ma quando scende in campo non trema.<strong><br \/>\nMARCO NETTIS <\/strong>impegni di lavoro gli fanno saltare la prima parte di stagione, ma quando rientra consente ad Ortobelli di sistemare al meglio il pacchetto arretrato.<strong><br \/>\nALEX VISENTIN <\/strong>stagione tribolata per gli infortuni ma ogni volta che scende in campo lo fa sempre con la consueta efficacia e affidabilit\u00e0.<\/p>\n<p style=\"text-align: justify;\"><strong>ROBERTO AIELLO <\/strong>una squalifica assurda gli fa saltare le ultime tre gare di campionato e la sua assenza si fa sentire. Classico giocatore che dove lo metti ti d\u00e0 il massimo. Il sogno di ogni allenatore!<strong><br \/>\nFEDERICO CECCONI <\/strong>centrocampista elegante e dinamico, \u00e8 preziosismo nelle due fasi: ripiega spesso fino sulla linea difensiva, da dove poi \u00e8 in grado di dare il l\u00e0 alla fase d\u2019attacco. Lavora sotto traccia ma il suo \u00e8 un lavoro prezioso.<strong><br \/>\nNICOLAS CIMENTI <\/strong>prima parte di stagione straordinaria, poi fatalmente cala. Per un lungo periodo \u00e8 probabilmente uno dei primi tre centrocampisti del torneo, poi tira il fiato. E\u2019 suo il gol del preziosissimo pareggio a Cavazzo. Quel gol, probabilmente, \u00e8 stato decisivo ai fini della vittoria in campionato. <strong><br \/>\nMARVIN MATIZ<\/strong> si chiama come il pugile statunitense Hagler e come Hagler \u00e8 \u2026 marvelous, meraviglioso. Centrocampista di stampo classico, combattente nato, lucido, cattivo e sempre sul pezzo. La sua assenza nelle ultime giornate si \u00e8 avvertita eccome. Torna per l\u2019ultima partita e la decide con una botta dal limite che \u00e8 come un diretto al mento. Gi\u00e0, proprio come Hagler \u2026 <strong><br \/>\nNICOLA MAZZOLINI <\/strong>uno dei primi cambi: frizzante, coraggioso e sempre in movimento. Uno di prospettiva.<\/p>\n<p style=\"text-align: justify;\"><strong>DAVIDE DEL FRARI <\/strong>nelle ultime giornate vede spesso il campo da titolare, togliendosi anche la soddisfazione di un gol: quello della sicurezza nella complicata vittoria col Verzegnis.<strong><br \/>\nFEDERICO PETRIS <\/strong>il piccolo guerriero disputa forse la migliore stagione della sua carriera. Corre, prende e d\u00e0 botte, aggiungendo una facilit\u00e0 di inserimento che gli vale anche qualche gol importantissimo.<strong><br \/>\nOSCAR RUGGIA <\/strong>sempre pronto quando c\u2019\u00e8 da dare un cambio. Ragazzo umile e rispettoso, \u00e8 il simbolo della riserva perfetta per comportamento e disponibilit\u00e0.<\/p>\n<p style=\"text-align: justify;\"><strong>GABRIELE DE TONI <\/strong>una delle rivelazioni del campionato, forse quella pi\u00f9 grande. Gioca sempre a cento all\u2019ora, macinando chilometri sulla fascia. Salta spesso l\u2019uomo ed \u00e8 uno snodo offensivo importantissimo per la squadra. Quando acquisir\u00e0 pi\u00f9 cattiveria sotto porta potr\u00e0 diventare un attaccante top!<\/p>\n<p style=\"text-align: justify;\"><strong>MANUEL BONFIGLIOLI <\/strong>l\u2019aria estrosa da artista del pallone. E\u2019 uno al quale non bisogna chiedere sacrifici tattici o compiti di copertura. Ortobelli non sa come \u201ccollocarlo\u201d ma ha il merito di non imbrigliarne l\u2019istinto che produce spesso giocate decisive.<\/p>\n<p style=\"text-align: justify;\"><strong>DANIEL MENTIL <\/strong>quando entra corre e non disdegna l\u2019intervento duro. Non ha paura, insomma, e rispetta le consegne che il tecnico gli impartisce.<strong><br \/>\nMATTEO VERITTI <\/strong>dopo una settore giovanile da protagonista aveva vissuto qualche stagione in chiaroscuro. In questa si rivede l\u2019attaccante che tutti ad Imponzo aspettavano dai tempi della juniores. Centravanti moderno che segna e gioca per la squadra. Una specie di Ibraimovich, anche se lui si accontenterebbe di essere paragonato a Stefano Vidoni \u2026<\/p>\n<p style=\"text-align: justify;\">Una menzione anche per chi ha visto poco o niente il terreno di gioco, ma ha saputo interpretare benissimo il ruolo di quelli che rispettano ordini e gerarchie<strong>: ANDREA CANDONI, DANIEL CIMENTI, ALAN GONANO, FEDERICO MARZONA, SIMONE BEARZI, LORENZO GOZZER, CLAUDIO MARIONI <\/strong>e <strong>MICHELE CACITTI<\/strong>, quest\u2019ultimo infortunatosi in Coppa.<\/p>\n","protected":false},"excerpt":{"rendered":"<p>E\u2019 stato uno degli scudetti meno pronosticabili della storia del Carnico il quinto del Real I.C. Le partenze di Davide Urban, Roberto Agostinis, Alberto Morassi e il ritiro di Stefano Vidoni sembravano aver indebolito una squadra che lo scorso campionato era finita terza a 15 punti dal Cavazzo campione. Ed invece, Ortobelli \u00e8 riuscito a [&hellip;]<\/p>\n","protected":false},"author":10,"featured_media":0,"comment_status":"open","ping_status":"closed","sticky":false,"template":"","format":"standard","meta":{"footnotes":""},"categories":[3,1],"tags":[],"class_list":["post-15112","post","type-post","status-publish","format-standard","hentry","category-carnico","category-commento-campionato"],"yoast_head":"<!-- This site is optimized with the Yoast SEO plugin v27.3 - https:\/\/yoast.com\/product\/yoast-seo-wordpress\/ -->\n<title>LA PAGELLINA DEI CAMPIONI - Campionato Carnico 2017<\/title>\n<meta name=\"robots\" content=\"index, follow, max-snippet:-1, max-image-preview:large, max-video-preview:-1\" \/>\n<link rel=\"canonical\" href=\"https:\/\/2017.carnico.it\/blog\/2016\/10\/11\/la-pagellina-dei-campioni\/\" \/>\n<meta property=\"og:locale\" content=\"it_IT\" \/>\n<meta property=\"og:type\" content=\"article\" \/>\n<meta property=\"og:title\" content=\"LA PAGELLINA DEI CAMPIONI - Campionato Carnico 2017\" \/>\n<meta property=\"og:description\" content=\"E\u2019 stato uno degli scudetti meno pronosticabili della storia del Carnico il quinto del Real I.C. Le partenze di Davide Urban, Roberto Agostinis, Alberto Morassi e il ritiro di Stefano Vidoni sembravano aver indebolito una squadra che lo scorso campionato era finita terza a 15 punti dal Cavazzo campione. Ed invece, Ortobelli \u00e8 riuscito a [&hellip;]\" \/>\n<meta property=\"og:url\" content=\"https:\/\/2017.carnico.it\/blog\/2016\/10\/11\/la-pagellina-dei-campioni\/\" \/>\n<meta property=\"og:site_name\" content=\"Campionato Carnico 2017\" \/>\n<meta property=\"article:publisher\" content=\"https:\/\/www.facebook.com\/campionatocarnico\/\" \/>\n<meta property=\"article:published_time\" content=\"2016-10-11T06:00:41+00:00\" \/>\n<meta property=\"article:modified_time\" content=\"2016-10-11T10:13:15+00:00\" \/>\n<meta property=\"og:image\" content=\"https:\/\/www.carnico.it\/blog\/wp-content\/uploads\/2016\/10\/FESTA-REAL-450x298.jpg\" \/>\n<meta name=\"author\" content=\"Redazione\" \/>\n<meta name=\"twitter:card\" content=\"summary_large_image\" \/>\n<meta name=\"twitter:label1\" content=\"Scritto da\" \/>\n\t<meta name=\"twitter:data1\" content=\"Redazione\" \/>\n\t<meta name=\"twitter:label2\" content=\"Tempo di lettura stimato\" \/>\n\t<meta name=\"twitter:data2\" content=\"5 minuti\" \/>\n<script type=\"application\/ld+json\" class=\"yoast-schema-graph\">{\"@context\":\"https:\\\/\\\/schema.org\",\"@graph\":[{\"@type\":\"Article\",\"@id\":\"https:\\\/\\\/2017.carnico.it\\\/blog\\\/2016\\\/10\\\/11\\\/la-pagellina-dei-campioni\\\/#article\",\"isPartOf\":{\"@id\":\"https:\\\/\\\/2017.carnico.it\\\/blog\\\/2016\\\/10\\\/11\\\/la-pagellina-dei-campioni\\\/\"},\"author\":{\"name\":\"Redazione\",\"@id\":\"https:\\\/\\\/2017.carnico.it\\\/blog\\\/#\\\/schema\\\/person\\\/a68c764693d96df3238f123ea014e78c\"},\"headline\":\"LA PAGELLINA DEI CAMPIONI\",\"datePublished\":\"2016-10-11T06:00:41+00:00\",\"dateModified\":\"2016-10-11T10:13:15+00:00\",\"mainEntityOfPage\":{\"@id\":\"https:\\\/\\\/2017.carnico.it\\\/blog\\\/2016\\\/10\\\/11\\\/la-pagellina-dei-campioni\\\/\"},\"wordCount\":948,\"commentCount\":4,\"image\":{\"@id\":\"https:\\\/\\\/2017.carnico.it\\\/blog\\\/2016\\\/10\\\/11\\\/la-pagellina-dei-campioni\\\/#primaryimage\"},\"thumbnailUrl\":\"https:\\\/\\\/www.carnico.it\\\/blog\\\/wp-content\\\/uploads\\\/2016\\\/10\\\/FESTA-REAL-450x298.jpg\",\"articleSection\":[\"Carnico\",\"Commento al campionato\"],\"inLanguage\":\"it-IT\",\"potentialAction\":[{\"@type\":\"CommentAction\",\"name\":\"Comment\",\"target\":[\"https:\\\/\\\/2017.carnico.it\\\/blog\\\/2016\\\/10\\\/11\\\/la-pagellina-dei-campioni\\\/#respond\"]}]},{\"@type\":\"WebPage\",\"@id\":\"https:\\\/\\\/2017.carnico.it\\\/blog\\\/2016\\\/10\\\/11\\\/la-pagellina-dei-campioni\\\/\",\"url\":\"https:\\\/\\\/2017.carnico.it\\\/blog\\\/2016\\\/10\\\/11\\\/la-pagellina-dei-campioni\\\/\",\"name\":\"LA PAGELLINA DEI CAMPIONI - Campionato Carnico 2017\",\"isPartOf\":{\"@id\":\"https:\\\/\\\/2017.carnico.it\\\/blog\\\/#website\"},\"primaryImageOfPage\":{\"@id\":\"https:\\\/\\\/2017.carnico.it\\\/blog\\\/2016\\\/10\\\/11\\\/la-pagellina-dei-campioni\\\/#primaryimage\"},\"image\":{\"@id\":\"https:\\\/\\\/2017.carnico.it\\\/blog\\\/2016\\\/10\\\/11\\\/la-pagellina-dei-campioni\\\/#primaryimage\"},\"thumbnailUrl\":\"https:\\\/\\\/www.carnico.it\\\/blog\\\/wp-content\\\/uploads\\\/2016\\\/10\\\/FESTA-REAL-450x298.jpg\",\"datePublished\":\"2016-10-11T06:00:41+00:00\",\"dateModified\":\"2016-10-11T10:13:15+00:00\",\"author\":{\"@id\":\"https:\\\/\\\/2017.carnico.it\\\/blog\\\/#\\\/schema\\\/person\\\/a68c764693d96df3238f123ea014e78c\"},\"breadcrumb\":{\"@id\":\"https:\\\/\\\/2017.carnico.it\\\/blog\\\/2016\\\/10\\\/11\\\/la-pagellina-dei-campioni\\\/#breadcrumb\"},\"inLanguage\":\"it-IT\",\"potentialAction\":[{\"@type\":\"ReadAction\",\"target\":[\"https:\\\/\\\/2017.carnico.it\\\/blog\\\/2016\\\/10\\\/11\\\/la-pagellina-dei-campioni\\\/\"]}]},{\"@type\":\"ImageObject\",\"inLanguage\":\"it-IT\",\"@id\":\"https:\\\/\\\/2017.carnico.it\\\/blog\\\/2016\\\/10\\\/11\\\/la-pagellina-dei-campioni\\\/#primaryimage\",\"url\":\"https:\\\/\\\/www.carnico.it\\\/blog\\\/wp-content\\\/uploads\\\/2016\\\/10\\\/FESTA-REAL-450x298.jpg\",\"contentUrl\":\"https:\\\/\\\/www.carnico.it\\\/blog\\\/wp-content\\\/uploads\\\/2016\\\/10\\\/FESTA-REAL-450x298.jpg\"},{\"@type\":\"BreadcrumbList\",\"@id\":\"https:\\\/\\\/2017.carnico.it\\\/blog\\\/2016\\\/10\\\/11\\\/la-pagellina-dei-campioni\\\/#breadcrumb\",\"itemListElement\":[{\"@type\":\"ListItem\",\"position\":1,\"name\":\"Home\",\"item\":\"https:\\\/\\\/2017.carnico.it\\\/blog\\\/\"},{\"@type\":\"ListItem\",\"position\":2,\"name\":\"LA PAGELLINA DEI CAMPIONI\"}]},{\"@type\":\"WebSite\",\"@id\":\"https:\\\/\\\/2017.carnico.it\\\/blog\\\/#website\",\"url\":\"https:\\\/\\\/2017.carnico.it\\\/blog\\\/\",\"name\":\"Campionato Carnico 2017\",\"description\":\"Notizie e aggiornamenti in tempo reale sul campionato Carnico\",\"potentialAction\":[{\"@type\":\"SearchAction\",\"target\":{\"@type\":\"EntryPoint\",\"urlTemplate\":\"https:\\\/\\\/2017.carnico.it\\\/blog\\\/?s={search_term_string}\"},\"query-input\":{\"@type\":\"PropertyValueSpecification\",\"valueRequired\":true,\"valueName\":\"search_term_string\"}}],\"inLanguage\":\"it-IT\"},{\"@type\":\"Person\",\"@id\":\"https:\\\/\\\/2017.carnico.it\\\/blog\\\/#\\\/schema\\\/person\\\/a68c764693d96df3238f123ea014e78c\",\"name\":\"Redazione\",\"image\":{\"@type\":\"ImageObject\",\"inLanguage\":\"it-IT\",\"@id\":\"https:\\\/\\\/secure.gravatar.com\\\/avatar\\\/6c05bd4dddbea475e283f76b4aa2d778ecb35c06fd92df5f6e0cac552163e2ac?s=96&d=mm&r=g\",\"url\":\"https:\\\/\\\/secure.gravatar.com\\\/avatar\\\/6c05bd4dddbea475e283f76b4aa2d778ecb35c06fd92df5f6e0cac552163e2ac?s=96&d=mm&r=g\",\"contentUrl\":\"https:\\\/\\\/secure.gravatar.com\\\/avatar\\\/6c05bd4dddbea475e283f76b4aa2d778ecb35c06fd92df5f6e0cac552163e2ac?s=96&d=mm&r=g\",\"caption\":\"Redazione\"},\"url\":\"https:\\\/\\\/2017.carnico.it\\\/blog\\\/author\\\/clyco-admin\\\/\"}]}<\/script>\n<!-- \/ Yoast SEO plugin. -->","yoast_head_json":{"title":"LA PAGELLINA DEI CAMPIONI - Campionato Carnico 2017","robots":{"index":"index","follow":"follow","max-snippet":"max-snippet:-1","max-image-preview":"max-image-preview:large","max-video-preview":"max-video-preview:-1"},"canonical":"https:\/\/2017.carnico.it\/blog\/2016\/10\/11\/la-pagellina-dei-campioni\/","og_locale":"it_IT","og_type":"article","og_title":"LA PAGELLINA DEI CAMPIONI - Campionato Carnico 2017","og_description":"E\u2019 stato uno degli scudetti meno pronosticabili della storia del Carnico il quinto del Real I.C. Le partenze di Davide Urban, Roberto Agostinis, Alberto Morassi e il ritiro di Stefano Vidoni sembravano aver indebolito una squadra che lo scorso campionato era finita terza a 15 punti dal Cavazzo campione. Ed invece, Ortobelli \u00e8 riuscito a [&hellip;]","og_url":"https:\/\/2017.carnico.it\/blog\/2016\/10\/11\/la-pagellina-dei-campioni\/","og_site_name":"Campionato Carnico 2017","article_publisher":"https:\/\/www.facebook.com\/campionatocarnico\/","article_published_time":"2016-10-11T06:00:41+00:00","article_modified_time":"2016-10-11T10:13:15+00:00","og_image":[{"url":"https:\/\/www.carnico.it\/blog\/wp-content\/uploads\/2016\/10\/FESTA-REAL-450x298.jpg","type":"","width":"","height":""}],"author":"Redazione","twitter_card":"summary_large_image","twitter_misc":{"Scritto da":"Redazione","Tempo di lettura stimato":"5 minuti"},"schema":{"@context":"https:\/\/schema.org","@graph":[{"@type":"Article","@id":"https:\/\/2017.carnico.it\/blog\/2016\/10\/11\/la-pagellina-dei-campioni\/#article","isPartOf":{"@id":"https:\/\/2017.carnico.it\/blog\/2016\/10\/11\/la-pagellina-dei-campioni\/"},"author":{"name":"Redazione","@id":"https:\/\/2017.carnico.it\/blog\/#\/schema\/person\/a68c764693d96df3238f123ea014e78c"},"headline":"LA PAGELLINA DEI CAMPIONI","datePublished":"2016-10-11T06:00:41+00:00","dateModified":"2016-10-11T10:13:15+00:00","mainEntityOfPage":{"@id":"https:\/\/2017.carnico.it\/blog\/2016\/10\/11\/la-pagellina-dei-campioni\/"},"wordCount":948,"commentCount":4,"image":{"@id":"https:\/\/2017.carnico.it\/blog\/2016\/10\/11\/la-pagellina-dei-campioni\/#primaryimage"},"thumbnailUrl":"https:\/\/www.carnico.it\/blog\/wp-content\/uploads\/2016\/10\/FESTA-REAL-450x298.jpg","articleSection":["Carnico","Commento al campionato"],"inLanguage":"it-IT","potentialAction":[{"@type":"CommentAction","name":"Comment","target":["https:\/\/2017.carnico.it\/blog\/2016\/10\/11\/la-pagellina-dei-campioni\/#respond"]}]},{"@type":"WebPage","@id":"https:\/\/2017.carnico.it\/blog\/2016\/10\/11\/la-pagellina-dei-campioni\/","url":"https:\/\/2017.carnico.it\/blog\/2016\/10\/11\/la-pagellina-dei-campioni\/","name":"LA PAGELLINA DEI CAMPIONI - Campionato Carnico 2017","isPartOf":{"@id":"https:\/\/2017.carnico.it\/blog\/#website"},"primaryImageOfPage":{"@id":"https:\/\/2017.carnico.it\/blog\/2016\/10\/11\/la-pagellina-dei-campioni\/#primaryimage"},"image":{"@id":"https:\/\/2017.carnico.it\/blog\/2016\/10\/11\/la-pagellina-dei-campioni\/#primaryimage"},"thumbnailUrl":"https:\/\/www.carnico.it\/blog\/wp-content\/uploads\/2016\/10\/FESTA-REAL-450x298.jpg","datePublished":"2016-10-11T06:00:41+00:00","dateModified":"2016-10-11T10:13:15+00:00","author":{"@id":"https:\/\/2017.carnico.it\/blog\/#\/schema\/person\/a68c764693d96df3238f123ea014e78c"},"breadcrumb":{"@id":"https:\/\/2017.carnico.it\/blog\/2016\/10\/11\/la-pagellina-dei-campioni\/#breadcrumb"},"inLanguage":"it-IT","potentialAction":[{"@type":"ReadAction","target":["https:\/\/2017.carnico.it\/blog\/2016\/10\/11\/la-pagellina-dei-campioni\/"]}]},{"@type":"ImageObject","inLanguage":"it-IT","@id":"https:\/\/2017.carnico.it\/blog\/2016\/10\/11\/la-pagellina-dei-campioni\/#primaryimage","url":"https:\/\/www.carnico.it\/blog\/wp-content\/uploads\/2016\/10\/FESTA-REAL-450x298.jpg","contentUrl":"https:\/\/www.carnico.it\/blog\/wp-content\/uploads\/2016\/10\/FESTA-REAL-450x298.jpg"},{"@type":"BreadcrumbList","@id":"https:\/\/2017.carnico.it\/blog\/2016\/10\/11\/la-pagellina-dei-campioni\/#breadcrumb","itemListElement":[{"@type":"ListItem","position":1,"name":"Home","item":"https:\/\/2017.carnico.it\/blog\/"},{"@type":"ListItem","position":2,"name":"LA PAGELLINA DEI CAMPIONI"}]},{"@type":"WebSite","@id":"https:\/\/2017.carnico.it\/blog\/#website","url":"https:\/\/2017.carnico.it\/blog\/","name":"Campionato Carnico 2017","description":"Notizie e aggiornamenti in tempo reale sul campionato Carnico","potentialAction":[{"@type":"SearchAction","target":{"@type":"EntryPoint","urlTemplate":"https:\/\/2017.carnico.it\/blog\/?s={search_term_string}"},"query-input":{"@type":"PropertyValueSpecification","valueRequired":true,"valueName":"search_term_string"}}],"inLanguage":"it-IT"},{"@type":"Person","@id":"https:\/\/2017.carnico.it\/blog\/#\/schema\/person\/a68c764693d96df3238f123ea014e78c","name":"Redazione","image":{"@type":"ImageObject","inLanguage":"it-IT","@id":"https:\/\/secure.gravatar.com\/avatar\/6c05bd4dddbea475e283f76b4aa2d778ecb35c06fd92df5f6e0cac552163e2ac?s=96&d=mm&r=g","url":"https:\/\/secure.gravatar.com\/avatar\/6c05bd4dddbea475e283f76b4aa2d778ecb35c06fd92df5f6e0cac552163e2ac?s=96&d=mm&r=g","contentUrl":"https:\/\/secure.gravatar.com\/avatar\/6c05bd4dddbea475e283f76b4aa2d778ecb35c06fd92df5f6e0cac552163e2ac?s=96&d=mm&r=g","caption":"Redazione"},"url":"https:\/\/2017.carnico.it\/blog\/author\/clyco-admin\/"}]}},"_links":{"self":[{"href":"https:\/\/2017.carnico.it\/blog\/wp-json\/wp\/v2\/posts\/15112","targetHints":{"allow":["GET"]}}],"collection":[{"href":"https:\/\/2017.carnico.it\/blog\/wp-json\/wp\/v2\/posts"}],"about":[{"href":"https:\/\/2017.carnico.it\/blog\/wp-json\/wp\/v2\/types\/post"}],"author":[{"embeddable":true,"href":"https:\/\/2017.carnico.it\/blog\/wp-json\/wp\/v2\/users\/10"}],"replies":[{"embeddable":true,"href":"https:\/\/2017.carnico.it\/blog\/wp-json\/wp\/v2\/comments?post=15112"}],"version-history":[{"count":5,"href":"https:\/\/2017.carnico.it\/blog\/wp-json\/wp\/v2\/posts\/15112\/revisions"}],"predecessor-version":[{"id":15148,"href":"https:\/\/2017.carnico.it\/blog\/wp-json\/wp\/v2\/posts\/15112\/revisions\/15148"}],"wp:attachment":[{"href":"https:\/\/2017.carnico.it\/blog\/wp-json\/wp\/v2\/media?parent=15112"}],"wp:term":[{"taxonomy":"category","embeddable":true,"href":"https:\/\/2017.carnico.it\/blog\/wp-json\/wp\/v2\/categories?post=15112"},{"taxonomy":"post_tag","embeddable":true,"href":"https:\/\/2017.carnico.it\/blog\/wp-json\/wp\/v2\/tags?post=15112"}],"curies":[{"name":"wp","href":"https:\/\/api.w.org\/{rel}","templated":true}]}}