{"id":14099,"date":"2016-07-20T00:16:09","date_gmt":"2016-07-19T22:16:09","guid":{"rendered":"http:\/\/www.carnico.it\/blog\/?p=14099"},"modified":"2016-07-20T07:35:11","modified_gmt":"2016-07-20T05:35:11","slug":"coppa-val-del-lago-finalista","status":"publish","type":"post","link":"https:\/\/2017.carnico.it\/blog\/2016\/07\/20\/coppa-val-del-lago-finalista\/","title":{"rendered":"COPPA: VAL DEL LAGO PRIMA FINALISTA"},"content":{"rendered":"<div id=\"attachment_14100\" style=\"width: 376px\" class=\"wp-caption alignleft\"><a href=\"https:\/\/www.carnico.it\/blog\/2016\/07\/20\/coppa-val-del-lago-finalista\/20160719_221621\/\" rel=\"attachment wp-att-14100\"><img loading=\"lazy\" decoding=\"async\" aria-describedby=\"caption-attachment-14100\" class=\"wp-image-14100\" src=\"https:\/\/www.carnico.it\/blog\/wp-content\/uploads\/2016\/07\/20160719_221621-450x257.jpg\" alt=\"20160719_221621\" width=\"366\" height=\"209\" srcset=\"https:\/\/2017.carnico.it\/blog\/wp-content\/uploads\/2016\/07\/20160719_221621-450x257.jpg 450w, https:\/\/2017.carnico.it\/blog\/wp-content\/uploads\/2016\/07\/20160719_221621-300x171.jpg 300w, https:\/\/2017.carnico.it\/blog\/wp-content\/uploads\/2016\/07\/20160719_221621-630x360.jpg 630w, https:\/\/2017.carnico.it\/blog\/wp-content\/uploads\/2016\/07\/20160719_221621.jpg 700w\" sizes=\"auto, (max-width: 366px) 100vw, 366px\" \/><\/a><p id=\"caption-attachment-14100\" class=\"wp-caption-text\">Festa grande per la Val del Lago.<\/p><\/div>\n<p style=\"text-align: justify;\">E\u2019 la Val del Lago la prima finalista della Coppa Carnia 2016. Sconfiggendo 3-1 il Fusca nella gara di ritorno disputata a Trasaghis, la formazione di Alesso raggiunge per la prima volta lo storico traguardo. La vittoria dei biancazzurri non fa una grinza ed \u00e8 giusta sia nella forma che nella sostanza. Gi\u00e0 nel primo tempo i ragazzi di Franco D\u2019Agaro hanno<!--more--> dato l\u2019impressione di essere pi\u00f9 in palla: un palo di Di Gianantonio dopo pochi minuti e qualche altra buona iniziativa mettono a nudo qualche impaccio difensivo del Fusca, costretto a capitolare al 26\u2019, quando Gabriele Marcon con un destro ravvicinato fulmina Xotto. Il vantaggio per\u00f2 dura poco perch\u00e9 dopo soli 8\u2019 il Fusca pareggia: uno spunto isolato di Nevio Dario consente all\u2019attaccante arancione di andare alla conclusione dal limite. Conclusione secca sul primo palo e Candido \u00e8 battuto. Lo stesso Candido, all\u2019ultimo secondo della prima frazione, \u00e8 bravo a distendersi alla sua sinistra per andare a togliere dal sette una gran punizione di Paschini. La ripresa si apre col vantaggio della Val del Lago: \u00e8 bravo Ivano Picco a destreggiarsi appena entro l\u2019area e con un tiro a giro a spedire la palla sul palo lontano. Da quel momento i biancazzurri prendono in mano le redini del gioco e riducono a zero i rischi, col Fusca che cala vistosamente. La sentenza al match la emette Andrea De Cecco al 33\u2019 : una sua conclusione da lontano sorprende Xotto che si fa colpevolmente sgusciare la sfera tra le mani. Su questo episodio cala il sipario, perch\u00e9 nei minuti finali non succeder\u00e0 pi\u00f9 nulla. Alla fine soddisfazione in casa Val del Lago e grandissima delusione tra le fila del Fusca. Franco D\u2019Agaro\u00a0 e Andrea De Cecco hanno esaltato lo spirito di gruppo, individuando in questo la chiave del successo. Dall\u2019altra parte, uno sportivissimo Leo Fachin ha reso merito ai vincitori. Tutti d\u2019accorso su una cosa, per\u00f2: perch\u00e9 giocare una semifinale di Coppa di marted\u00ec, due soli giorni dopo il turno di campionato? Chiss\u00e0 se qualcuno potr\u00e0 mai darci una spiegazione?<\/p>\n","protected":false},"excerpt":{"rendered":"<p>E\u2019 la Val del Lago la prima finalista della Coppa Carnia 2016. Sconfiggendo 3-1 il Fusca nella gara di ritorno disputata a Trasaghis, la formazione di Alesso raggiunge per la prima volta lo storico traguardo. La vittoria dei biancazzurri non fa una grinza ed \u00e8 giusta sia nella forma che nella sostanza. Gi\u00e0 nel primo [&hellip;]<\/p>\n","protected":false},"author":10,"featured_media":0,"comment_status":"open","ping_status":"closed","sticky":false,"template":"","format":"standard","meta":{"footnotes":""},"categories":[6],"tags":[],"class_list":["post-14099","post","type-post","status-publish","format-standard","hentry","category-coppa-carnia"],"yoast_head":"<!-- This site is optimized with the Yoast SEO plugin v27.3 - https:\/\/yoast.com\/product\/yoast-seo-wordpress\/ -->\n<title>COPPA: VAL DEL LAGO PRIMA FINALISTA - Campionato Carnico 2017<\/title>\n<meta name=\"robots\" content=\"index, follow, max-snippet:-1, max-image-preview:large, max-video-preview:-1\" \/>\n<link rel=\"canonical\" href=\"https:\/\/2017.carnico.it\/blog\/2016\/07\/20\/coppa-val-del-lago-finalista\/\" \/>\n<meta property=\"og:locale\" content=\"it_IT\" \/>\n<meta property=\"og:type\" content=\"article\" \/>\n<meta property=\"og:title\" content=\"COPPA: VAL DEL LAGO PRIMA FINALISTA - Campionato Carnico 2017\" \/>\n<meta property=\"og:description\" content=\"E\u2019 la Val del Lago la prima finalista della Coppa Carnia 2016. Sconfiggendo 3-1 il Fusca nella gara di ritorno disputata a Trasaghis, la formazione di Alesso raggiunge per la prima volta lo storico traguardo. La vittoria dei biancazzurri non fa una grinza ed \u00e8 giusta sia nella forma che nella sostanza. Gi\u00e0 nel primo [&hellip;]\" \/>\n<meta property=\"og:url\" content=\"https:\/\/2017.carnico.it\/blog\/2016\/07\/20\/coppa-val-del-lago-finalista\/\" \/>\n<meta property=\"og:site_name\" content=\"Campionato Carnico 2017\" \/>\n<meta property=\"article:publisher\" content=\"https:\/\/www.facebook.com\/campionatocarnico\/\" \/>\n<meta property=\"article:published_time\" content=\"2016-07-19T22:16:09+00:00\" \/>\n<meta property=\"article:modified_time\" content=\"2016-07-20T05:35:11+00:00\" \/>\n<meta property=\"og:image\" content=\"https:\/\/www.carnico.it\/blog\/wp-content\/uploads\/2016\/07\/20160719_221621-450x257.jpg\" \/>\n<meta name=\"author\" content=\"Redazione\" \/>\n<meta name=\"twitter:card\" content=\"summary_large_image\" \/>\n<meta name=\"twitter:label1\" content=\"Scritto da\" \/>\n\t<meta name=\"twitter:data1\" content=\"Redazione\" \/>\n\t<meta name=\"twitter:label2\" content=\"Tempo di lettura stimato\" \/>\n\t<meta name=\"twitter:data2\" content=\"2 minuti\" \/>\n<script type=\"application\/ld+json\" class=\"yoast-schema-graph\">{\"@context\":\"https:\\\/\\\/schema.org\",\"@graph\":[{\"@type\":\"Article\",\"@id\":\"https:\\\/\\\/2017.carnico.it\\\/blog\\\/2016\\\/07\\\/20\\\/coppa-val-del-lago-finalista\\\/#article\",\"isPartOf\":{\"@id\":\"https:\\\/\\\/2017.carnico.it\\\/blog\\\/2016\\\/07\\\/20\\\/coppa-val-del-lago-finalista\\\/\"},\"author\":{\"name\":\"Redazione\",\"@id\":\"https:\\\/\\\/2017.carnico.it\\\/blog\\\/#\\\/schema\\\/person\\\/a68c764693d96df3238f123ea014e78c\"},\"headline\":\"COPPA: VAL DEL LAGO PRIMA FINALISTA\",\"datePublished\":\"2016-07-19T22:16:09+00:00\",\"dateModified\":\"2016-07-20T05:35:11+00:00\",\"mainEntityOfPage\":{\"@id\":\"https:\\\/\\\/2017.carnico.it\\\/blog\\\/2016\\\/07\\\/20\\\/coppa-val-del-lago-finalista\\\/\"},\"wordCount\":359,\"commentCount\":0,\"image\":{\"@id\":\"https:\\\/\\\/2017.carnico.it\\\/blog\\\/2016\\\/07\\\/20\\\/coppa-val-del-lago-finalista\\\/#primaryimage\"},\"thumbnailUrl\":\"https:\\\/\\\/www.carnico.it\\\/blog\\\/wp-content\\\/uploads\\\/2016\\\/07\\\/20160719_221621-450x257.jpg\",\"articleSection\":[\"Coppa Carnia\"],\"inLanguage\":\"it-IT\",\"potentialAction\":[{\"@type\":\"CommentAction\",\"name\":\"Comment\",\"target\":[\"https:\\\/\\\/2017.carnico.it\\\/blog\\\/2016\\\/07\\\/20\\\/coppa-val-del-lago-finalista\\\/#respond\"]}]},{\"@type\":\"WebPage\",\"@id\":\"https:\\\/\\\/2017.carnico.it\\\/blog\\\/2016\\\/07\\\/20\\\/coppa-val-del-lago-finalista\\\/\",\"url\":\"https:\\\/\\\/2017.carnico.it\\\/blog\\\/2016\\\/07\\\/20\\\/coppa-val-del-lago-finalista\\\/\",\"name\":\"COPPA: VAL DEL LAGO PRIMA FINALISTA - Campionato Carnico 2017\",\"isPartOf\":{\"@id\":\"https:\\\/\\\/2017.carnico.it\\\/blog\\\/#website\"},\"primaryImageOfPage\":{\"@id\":\"https:\\\/\\\/2017.carnico.it\\\/blog\\\/2016\\\/07\\\/20\\\/coppa-val-del-lago-finalista\\\/#primaryimage\"},\"image\":{\"@id\":\"https:\\\/\\\/2017.carnico.it\\\/blog\\\/2016\\\/07\\\/20\\\/coppa-val-del-lago-finalista\\\/#primaryimage\"},\"thumbnailUrl\":\"https:\\\/\\\/www.carnico.it\\\/blog\\\/wp-content\\\/uploads\\\/2016\\\/07\\\/20160719_221621-450x257.jpg\",\"datePublished\":\"2016-07-19T22:16:09+00:00\",\"dateModified\":\"2016-07-20T05:35:11+00:00\",\"author\":{\"@id\":\"https:\\\/\\\/2017.carnico.it\\\/blog\\\/#\\\/schema\\\/person\\\/a68c764693d96df3238f123ea014e78c\"},\"breadcrumb\":{\"@id\":\"https:\\\/\\\/2017.carnico.it\\\/blog\\\/2016\\\/07\\\/20\\\/coppa-val-del-lago-finalista\\\/#breadcrumb\"},\"inLanguage\":\"it-IT\",\"potentialAction\":[{\"@type\":\"ReadAction\",\"target\":[\"https:\\\/\\\/2017.carnico.it\\\/blog\\\/2016\\\/07\\\/20\\\/coppa-val-del-lago-finalista\\\/\"]}]},{\"@type\":\"ImageObject\",\"inLanguage\":\"it-IT\",\"@id\":\"https:\\\/\\\/2017.carnico.it\\\/blog\\\/2016\\\/07\\\/20\\\/coppa-val-del-lago-finalista\\\/#primaryimage\",\"url\":\"https:\\\/\\\/www.carnico.it\\\/blog\\\/wp-content\\\/uploads\\\/2016\\\/07\\\/20160719_221621-450x257.jpg\",\"contentUrl\":\"https:\\\/\\\/www.carnico.it\\\/blog\\\/wp-content\\\/uploads\\\/2016\\\/07\\\/20160719_221621-450x257.jpg\"},{\"@type\":\"BreadcrumbList\",\"@id\":\"https:\\\/\\\/2017.carnico.it\\\/blog\\\/2016\\\/07\\\/20\\\/coppa-val-del-lago-finalista\\\/#breadcrumb\",\"itemListElement\":[{\"@type\":\"ListItem\",\"position\":1,\"name\":\"Home\",\"item\":\"https:\\\/\\\/2017.carnico.it\\\/blog\\\/\"},{\"@type\":\"ListItem\",\"position\":2,\"name\":\"COPPA: VAL DEL LAGO PRIMA FINALISTA\"}]},{\"@type\":\"WebSite\",\"@id\":\"https:\\\/\\\/2017.carnico.it\\\/blog\\\/#website\",\"url\":\"https:\\\/\\\/2017.carnico.it\\\/blog\\\/\",\"name\":\"Campionato Carnico 2017\",\"description\":\"Notizie e aggiornamenti in tempo reale sul campionato Carnico\",\"potentialAction\":[{\"@type\":\"SearchAction\",\"target\":{\"@type\":\"EntryPoint\",\"urlTemplate\":\"https:\\\/\\\/2017.carnico.it\\\/blog\\\/?s={search_term_string}\"},\"query-input\":{\"@type\":\"PropertyValueSpecification\",\"valueRequired\":true,\"valueName\":\"search_term_string\"}}],\"inLanguage\":\"it-IT\"},{\"@type\":\"Person\",\"@id\":\"https:\\\/\\\/2017.carnico.it\\\/blog\\\/#\\\/schema\\\/person\\\/a68c764693d96df3238f123ea014e78c\",\"name\":\"Redazione\",\"image\":{\"@type\":\"ImageObject\",\"inLanguage\":\"it-IT\",\"@id\":\"https:\\\/\\\/secure.gravatar.com\\\/avatar\\\/6c05bd4dddbea475e283f76b4aa2d778ecb35c06fd92df5f6e0cac552163e2ac?s=96&d=mm&r=g\",\"url\":\"https:\\\/\\\/secure.gravatar.com\\\/avatar\\\/6c05bd4dddbea475e283f76b4aa2d778ecb35c06fd92df5f6e0cac552163e2ac?s=96&d=mm&r=g\",\"contentUrl\":\"https:\\\/\\\/secure.gravatar.com\\\/avatar\\\/6c05bd4dddbea475e283f76b4aa2d778ecb35c06fd92df5f6e0cac552163e2ac?s=96&d=mm&r=g\",\"caption\":\"Redazione\"},\"url\":\"https:\\\/\\\/2017.carnico.it\\\/blog\\\/author\\\/clyco-admin\\\/\"}]}<\/script>\n<!-- \/ Yoast SEO plugin. -->","yoast_head_json":{"title":"COPPA: VAL DEL LAGO PRIMA FINALISTA - Campionato Carnico 2017","robots":{"index":"index","follow":"follow","max-snippet":"max-snippet:-1","max-image-preview":"max-image-preview:large","max-video-preview":"max-video-preview:-1"},"canonical":"https:\/\/2017.carnico.it\/blog\/2016\/07\/20\/coppa-val-del-lago-finalista\/","og_locale":"it_IT","og_type":"article","og_title":"COPPA: VAL DEL LAGO PRIMA FINALISTA - Campionato Carnico 2017","og_description":"E\u2019 la Val del Lago la prima finalista della Coppa Carnia 2016. Sconfiggendo 3-1 il Fusca nella gara di ritorno disputata a Trasaghis, la formazione di Alesso raggiunge per la prima volta lo storico traguardo. La vittoria dei biancazzurri non fa una grinza ed \u00e8 giusta sia nella forma che nella sostanza. Gi\u00e0 nel primo [&hellip;]","og_url":"https:\/\/2017.carnico.it\/blog\/2016\/07\/20\/coppa-val-del-lago-finalista\/","og_site_name":"Campionato Carnico 2017","article_publisher":"https:\/\/www.facebook.com\/campionatocarnico\/","article_published_time":"2016-07-19T22:16:09+00:00","article_modified_time":"2016-07-20T05:35:11+00:00","og_image":[{"url":"https:\/\/www.carnico.it\/blog\/wp-content\/uploads\/2016\/07\/20160719_221621-450x257.jpg","type":"","width":"","height":""}],"author":"Redazione","twitter_card":"summary_large_image","twitter_misc":{"Scritto da":"Redazione","Tempo di lettura stimato":"2 minuti"},"schema":{"@context":"https:\/\/schema.org","@graph":[{"@type":"Article","@id":"https:\/\/2017.carnico.it\/blog\/2016\/07\/20\/coppa-val-del-lago-finalista\/#article","isPartOf":{"@id":"https:\/\/2017.carnico.it\/blog\/2016\/07\/20\/coppa-val-del-lago-finalista\/"},"author":{"name":"Redazione","@id":"https:\/\/2017.carnico.it\/blog\/#\/schema\/person\/a68c764693d96df3238f123ea014e78c"},"headline":"COPPA: VAL DEL LAGO PRIMA FINALISTA","datePublished":"2016-07-19T22:16:09+00:00","dateModified":"2016-07-20T05:35:11+00:00","mainEntityOfPage":{"@id":"https:\/\/2017.carnico.it\/blog\/2016\/07\/20\/coppa-val-del-lago-finalista\/"},"wordCount":359,"commentCount":0,"image":{"@id":"https:\/\/2017.carnico.it\/blog\/2016\/07\/20\/coppa-val-del-lago-finalista\/#primaryimage"},"thumbnailUrl":"https:\/\/www.carnico.it\/blog\/wp-content\/uploads\/2016\/07\/20160719_221621-450x257.jpg","articleSection":["Coppa Carnia"],"inLanguage":"it-IT","potentialAction":[{"@type":"CommentAction","name":"Comment","target":["https:\/\/2017.carnico.it\/blog\/2016\/07\/20\/coppa-val-del-lago-finalista\/#respond"]}]},{"@type":"WebPage","@id":"https:\/\/2017.carnico.it\/blog\/2016\/07\/20\/coppa-val-del-lago-finalista\/","url":"https:\/\/2017.carnico.it\/blog\/2016\/07\/20\/coppa-val-del-lago-finalista\/","name":"COPPA: VAL DEL LAGO PRIMA FINALISTA - Campionato Carnico 2017","isPartOf":{"@id":"https:\/\/2017.carnico.it\/blog\/#website"},"primaryImageOfPage":{"@id":"https:\/\/2017.carnico.it\/blog\/2016\/07\/20\/coppa-val-del-lago-finalista\/#primaryimage"},"image":{"@id":"https:\/\/2017.carnico.it\/blog\/2016\/07\/20\/coppa-val-del-lago-finalista\/#primaryimage"},"thumbnailUrl":"https:\/\/www.carnico.it\/blog\/wp-content\/uploads\/2016\/07\/20160719_221621-450x257.jpg","datePublished":"2016-07-19T22:16:09+00:00","dateModified":"2016-07-20T05:35:11+00:00","author":{"@id":"https:\/\/2017.carnico.it\/blog\/#\/schema\/person\/a68c764693d96df3238f123ea014e78c"},"breadcrumb":{"@id":"https:\/\/2017.carnico.it\/blog\/2016\/07\/20\/coppa-val-del-lago-finalista\/#breadcrumb"},"inLanguage":"it-IT","potentialAction":[{"@type":"ReadAction","target":["https:\/\/2017.carnico.it\/blog\/2016\/07\/20\/coppa-val-del-lago-finalista\/"]}]},{"@type":"ImageObject","inLanguage":"it-IT","@id":"https:\/\/2017.carnico.it\/blog\/2016\/07\/20\/coppa-val-del-lago-finalista\/#primaryimage","url":"https:\/\/www.carnico.it\/blog\/wp-content\/uploads\/2016\/07\/20160719_221621-450x257.jpg","contentUrl":"https:\/\/www.carnico.it\/blog\/wp-content\/uploads\/2016\/07\/20160719_221621-450x257.jpg"},{"@type":"BreadcrumbList","@id":"https:\/\/2017.carnico.it\/blog\/2016\/07\/20\/coppa-val-del-lago-finalista\/#breadcrumb","itemListElement":[{"@type":"ListItem","position":1,"name":"Home","item":"https:\/\/2017.carnico.it\/blog\/"},{"@type":"ListItem","position":2,"name":"COPPA: VAL DEL LAGO PRIMA FINALISTA"}]},{"@type":"WebSite","@id":"https:\/\/2017.carnico.it\/blog\/#website","url":"https:\/\/2017.carnico.it\/blog\/","name":"Campionato Carnico 2017","description":"Notizie e aggiornamenti in tempo reale sul campionato Carnico","potentialAction":[{"@type":"SearchAction","target":{"@type":"EntryPoint","urlTemplate":"https:\/\/2017.carnico.it\/blog\/?s={search_term_string}"},"query-input":{"@type":"PropertyValueSpecification","valueRequired":true,"valueName":"search_term_string"}}],"inLanguage":"it-IT"},{"@type":"Person","@id":"https:\/\/2017.carnico.it\/blog\/#\/schema\/person\/a68c764693d96df3238f123ea014e78c","name":"Redazione","image":{"@type":"ImageObject","inLanguage":"it-IT","@id":"https:\/\/secure.gravatar.com\/avatar\/6c05bd4dddbea475e283f76b4aa2d778ecb35c06fd92df5f6e0cac552163e2ac?s=96&d=mm&r=g","url":"https:\/\/secure.gravatar.com\/avatar\/6c05bd4dddbea475e283f76b4aa2d778ecb35c06fd92df5f6e0cac552163e2ac?s=96&d=mm&r=g","contentUrl":"https:\/\/secure.gravatar.com\/avatar\/6c05bd4dddbea475e283f76b4aa2d778ecb35c06fd92df5f6e0cac552163e2ac?s=96&d=mm&r=g","caption":"Redazione"},"url":"https:\/\/2017.carnico.it\/blog\/author\/clyco-admin\/"}]}},"_links":{"self":[{"href":"https:\/\/2017.carnico.it\/blog\/wp-json\/wp\/v2\/posts\/14099","targetHints":{"allow":["GET"]}}],"collection":[{"href":"https:\/\/2017.carnico.it\/blog\/wp-json\/wp\/v2\/posts"}],"about":[{"href":"https:\/\/2017.carnico.it\/blog\/wp-json\/wp\/v2\/types\/post"}],"author":[{"embeddable":true,"href":"https:\/\/2017.carnico.it\/blog\/wp-json\/wp\/v2\/users\/10"}],"replies":[{"embeddable":true,"href":"https:\/\/2017.carnico.it\/blog\/wp-json\/wp\/v2\/comments?post=14099"}],"version-history":[{"count":5,"href":"https:\/\/2017.carnico.it\/blog\/wp-json\/wp\/v2\/posts\/14099\/revisions"}],"predecessor-version":[{"id":14124,"href":"https:\/\/2017.carnico.it\/blog\/wp-json\/wp\/v2\/posts\/14099\/revisions\/14124"}],"wp:attachment":[{"href":"https:\/\/2017.carnico.it\/blog\/wp-json\/wp\/v2\/media?parent=14099"}],"wp:term":[{"taxonomy":"category","embeddable":true,"href":"https:\/\/2017.carnico.it\/blog\/wp-json\/wp\/v2\/categories?post=14099"},{"taxonomy":"post_tag","embeddable":true,"href":"https:\/\/2017.carnico.it\/blog\/wp-json\/wp\/v2\/tags?post=14099"}],"curies":[{"name":"wp","href":"https:\/\/api.w.org\/{rel}","templated":true}]}}