{"id":14009,"date":"2016-07-15T17:44:59","date_gmt":"2016-07-15T15:44:59","guid":{"rendered":"http:\/\/www.carnico.it\/blog\/?p=14009"},"modified":"2016-07-15T23:44:29","modified_gmt":"2016-07-15T21:44:29","slug":"la-giornata-che-verra-5","status":"publish","type":"post","link":"https:\/\/2017.carnico.it\/blog\/2016\/07\/15\/la-giornata-che-verra-5\/","title":{"rendered":"LA GIORNATA CHE VERRA&#8217;"},"content":{"rendered":"<div id=\"attachment_13250\" style=\"width: 336px\" class=\"wp-caption alignleft\"><a href=\"https:\/\/www.carnico.it\/blog\/2016\/05\/18\/coppa-carnia-ultima-giornata-del-primo-turno\/rava\/\" rel=\"attachment wp-att-13250\"><img loading=\"lazy\" decoding=\"async\" aria-describedby=\"caption-attachment-13250\" class=\" wp-image-13250\" src=\"https:\/\/www.carnico.it\/blog\/wp-content\/uploads\/2016\/05\/rava.jpg\" alt=\"Il campo di Ravascletto, teatro di due sfide.\" width=\"326\" height=\"163\" srcset=\"https:\/\/2017.carnico.it\/blog\/wp-content\/uploads\/2016\/05\/rava.jpg 400w, https:\/\/2017.carnico.it\/blog\/wp-content\/uploads\/2016\/05\/rava-300x150.jpg 300w\" sizes=\"auto, (max-width: 326px) 100vw, 326px\" \/><\/a><p id=\"caption-attachment-13250\" class=\"wp-caption-text\">Il campo di Ravascletto ospiter\u00e0 il match clou di Terza.<\/p><\/div>\n<p style=\"text-align: justify;\"><strong>PRIMA CATEGORIA<\/strong><\/p>\n<p style=\"text-align: justify;\">La tredicesima giornata, nella massima serie del Carnico, propone per le prima della classe partite molto pi\u00f9 scorbutiche di quanto non dica la classifica delle antagoniste- Il Real capolista, per esempio, sale ad Arta per sfidare un <!--more-->Cedarchis avvilito per come si \u00e8 messa la stagione e col morale ancora pi\u00f9 basso per lo 0 \u2013 2 subito in Coppa contro i Mobilieri. Tutto semplice, quindi, per la capolista? Secondo noi no, perch\u00e9 il cosiddetto \u201cderby del ponte\u201d \u00e8 il classico match in cui le motivazione e la voglia di farsi un dispetto reciproco, a volte, sono pi\u00f9 determinanti dei valori espressi dalla classifica. Pi\u00f9 o meno nella stessa situazione si trova il Villa, atteso nell\u2019anticipo (si gioca sabato alle 17.30) dal derby con la Folgore, una Folgore che nelle ultime 4 gare ha messo insieme 10 punti ingranando insomma una marcia da primato. E molte attente devono stare anche Cavazzo e Mobilieri. I viola renderanno visita al Verzegnis, compagine che finora contro le grandi ha sempre fatto bella figura, mentre i Mobilieri riceveranno il Fusca, esattamente 48 ore prima che gli arancioni tornino in campo per il return match di Coppa. Probabilmente l\u2019undici di Lavia avr\u00e0 la testa alla sfida di due giorni dopo, ma la classifica davvero scarna impone alla squadra di Fusca e Cazzaso di far punti. In zona salvezza, trasferte delicate per l\u2019Arta ( attesa a Gemona dal Campagnola), il Castello (impegnato ad Ovaro) e Val del Lago, che si scontrer\u00e0 contro il Paluzza, voglioso dei tre punti \u00a0per la sua <em>mission impossibile.<\/em><\/p>\n<p style=\"text-align: justify;\"><em>\u00a0<\/em><\/p>\n<p style=\"text-align: justify;\"><strong>SECONDA CATEGORIA<\/strong><\/p>\n<p style=\"text-align: justify;\">La cosa certa \u00e8 che la capolista Audax, questa domenica, non far\u00e0 punti! Alla squadra di Luca Craighero tocca il turno di riposo e cos\u00ec le inseguitrici cercheranno di fare punti per rosicchiare qualche punticin dell\u2019enorme vantaggio accumulato fin qui dai fornesi. Intanto ha iniziato il Tarvisio, che ha avuto vita facile nell\u2019anticipo di venerd\u00ec\u00a0 con La Delizia (7 a 0) il finale; il San Pietro attende la visita del Val Resia (occhio per\u00f2, perch\u00e9 i rossoblu sono la classica squadra capace di tutto), mentre un pochino pi\u00f9 complicate appaiano le gare della Nuova Osoppo (che ricever\u00e0 la Velox) e dell\u2019Edera che se la vedr\u00e0 in trasferta con l\u2019Amaro. Ardita \u2013 Bordano e Trasaghis \u2013 Pontebbana completano il programma.<\/p>\n<p style=\"text-align: justify;\"><strong>TERZA CATEGORIA<\/strong><\/p>\n<p style=\"text-align: justify;\">Fari puntati naturalmente sulla sfida tra le prime: Ravascletto \u2013 Cercivento \u00e8 il match clou di giornata: alla sfida in Val Calda guardano con interesse l\u2019Illegiana (che ospiter\u00e0 la Stella Azzurra) e l\u2019Ancora (che nell&#8217;anticipo si \u00e8 imposta per 3 a 1 in casa della Viola). Detto che Timaucleulis \u2013 Sappada completer\u00e0 il programma (squadre in campo marted\u00ec 19 alle 20.30 a Ravascletto), le ultime due gare di domenica sono Lauco \u2013 Ampezzo e Moggese \u2013 Comeglians. Riposa il Rigolato.<\/p>\n","protected":false},"excerpt":{"rendered":"<p>PRIMA CATEGORIA La tredicesima giornata, nella massima serie del Carnico, propone per le prima della classe partite molto pi\u00f9 scorbutiche di quanto non dica la classifica delle antagoniste- Il Real capolista, per esempio, sale ad Arta per sfidare un<\/p>\n","protected":false},"author":10,"featured_media":0,"comment_status":"open","ping_status":"closed","sticky":false,"template":"","format":"standard","meta":{"footnotes":""},"categories":[1],"tags":[],"class_list":["post-14009","post","type-post","status-publish","format-standard","hentry","category-commento-campionato"],"yoast_head":"<!-- This site is optimized with the Yoast SEO plugin v27.3 - https:\/\/yoast.com\/product\/yoast-seo-wordpress\/ -->\n<title>LA GIORNATA CHE VERRA&#039; - Campionato Carnico 2017<\/title>\n<meta name=\"robots\" content=\"index, follow, max-snippet:-1, max-image-preview:large, max-video-preview:-1\" \/>\n<link rel=\"canonical\" href=\"https:\/\/2017.carnico.it\/blog\/2016\/07\/15\/la-giornata-che-verra-5\/\" \/>\n<meta property=\"og:locale\" content=\"it_IT\" \/>\n<meta property=\"og:type\" content=\"article\" \/>\n<meta property=\"og:title\" content=\"LA GIORNATA CHE VERRA&#039; - Campionato Carnico 2017\" \/>\n<meta property=\"og:description\" content=\"PRIMA CATEGORIA La tredicesima giornata, nella massima serie del Carnico, propone per le prima della classe partite molto pi\u00f9 scorbutiche di quanto non dica la classifica delle antagoniste- Il Real capolista, per esempio, sale ad Arta per sfidare un\" \/>\n<meta property=\"og:url\" content=\"https:\/\/2017.carnico.it\/blog\/2016\/07\/15\/la-giornata-che-verra-5\/\" \/>\n<meta property=\"og:site_name\" content=\"Campionato Carnico 2017\" \/>\n<meta property=\"article:publisher\" content=\"https:\/\/www.facebook.com\/campionatocarnico\/\" \/>\n<meta property=\"article:published_time\" content=\"2016-07-15T15:44:59+00:00\" \/>\n<meta property=\"article:modified_time\" content=\"2016-07-15T21:44:29+00:00\" \/>\n<meta property=\"og:image\" content=\"https:\/\/www.carnico.it\/blog\/wp-content\/uploads\/2016\/05\/rava.jpg\" \/>\n<meta name=\"author\" content=\"Redazione\" \/>\n<meta name=\"twitter:card\" content=\"summary_large_image\" \/>\n<meta name=\"twitter:label1\" content=\"Scritto da\" \/>\n\t<meta name=\"twitter:data1\" content=\"Redazione\" \/>\n\t<meta name=\"twitter:label2\" content=\"Tempo di lettura stimato\" \/>\n\t<meta name=\"twitter:data2\" content=\"2 minuti\" \/>\n<script type=\"application\/ld+json\" class=\"yoast-schema-graph\">{\"@context\":\"https:\\\/\\\/schema.org\",\"@graph\":[{\"@type\":\"Article\",\"@id\":\"https:\\\/\\\/2017.carnico.it\\\/blog\\\/2016\\\/07\\\/15\\\/la-giornata-che-verra-5\\\/#article\",\"isPartOf\":{\"@id\":\"https:\\\/\\\/2017.carnico.it\\\/blog\\\/2016\\\/07\\\/15\\\/la-giornata-che-verra-5\\\/\"},\"author\":{\"name\":\"Redazione\",\"@id\":\"https:\\\/\\\/2017.carnico.it\\\/blog\\\/#\\\/schema\\\/person\\\/a68c764693d96df3238f123ea014e78c\"},\"headline\":\"LA GIORNATA CHE VERRA&#8217;\",\"datePublished\":\"2016-07-15T15:44:59+00:00\",\"dateModified\":\"2016-07-15T21:44:29+00:00\",\"mainEntityOfPage\":{\"@id\":\"https:\\\/\\\/2017.carnico.it\\\/blog\\\/2016\\\/07\\\/15\\\/la-giornata-che-verra-5\\\/\"},\"wordCount\":468,\"commentCount\":0,\"image\":{\"@id\":\"https:\\\/\\\/2017.carnico.it\\\/blog\\\/2016\\\/07\\\/15\\\/la-giornata-che-verra-5\\\/#primaryimage\"},\"thumbnailUrl\":\"https:\\\/\\\/www.carnico.it\\\/blog\\\/wp-content\\\/uploads\\\/2016\\\/05\\\/rava.jpg\",\"articleSection\":[\"Commento al campionato\"],\"inLanguage\":\"it-IT\",\"potentialAction\":[{\"@type\":\"CommentAction\",\"name\":\"Comment\",\"target\":[\"https:\\\/\\\/2017.carnico.it\\\/blog\\\/2016\\\/07\\\/15\\\/la-giornata-che-verra-5\\\/#respond\"]}]},{\"@type\":\"WebPage\",\"@id\":\"https:\\\/\\\/2017.carnico.it\\\/blog\\\/2016\\\/07\\\/15\\\/la-giornata-che-verra-5\\\/\",\"url\":\"https:\\\/\\\/2017.carnico.it\\\/blog\\\/2016\\\/07\\\/15\\\/la-giornata-che-verra-5\\\/\",\"name\":\"LA GIORNATA CHE VERRA' - Campionato Carnico 2017\",\"isPartOf\":{\"@id\":\"https:\\\/\\\/2017.carnico.it\\\/blog\\\/#website\"},\"primaryImageOfPage\":{\"@id\":\"https:\\\/\\\/2017.carnico.it\\\/blog\\\/2016\\\/07\\\/15\\\/la-giornata-che-verra-5\\\/#primaryimage\"},\"image\":{\"@id\":\"https:\\\/\\\/2017.carnico.it\\\/blog\\\/2016\\\/07\\\/15\\\/la-giornata-che-verra-5\\\/#primaryimage\"},\"thumbnailUrl\":\"https:\\\/\\\/www.carnico.it\\\/blog\\\/wp-content\\\/uploads\\\/2016\\\/05\\\/rava.jpg\",\"datePublished\":\"2016-07-15T15:44:59+00:00\",\"dateModified\":\"2016-07-15T21:44:29+00:00\",\"author\":{\"@id\":\"https:\\\/\\\/2017.carnico.it\\\/blog\\\/#\\\/schema\\\/person\\\/a68c764693d96df3238f123ea014e78c\"},\"breadcrumb\":{\"@id\":\"https:\\\/\\\/2017.carnico.it\\\/blog\\\/2016\\\/07\\\/15\\\/la-giornata-che-verra-5\\\/#breadcrumb\"},\"inLanguage\":\"it-IT\",\"potentialAction\":[{\"@type\":\"ReadAction\",\"target\":[\"https:\\\/\\\/2017.carnico.it\\\/blog\\\/2016\\\/07\\\/15\\\/la-giornata-che-verra-5\\\/\"]}]},{\"@type\":\"ImageObject\",\"inLanguage\":\"it-IT\",\"@id\":\"https:\\\/\\\/2017.carnico.it\\\/blog\\\/2016\\\/07\\\/15\\\/la-giornata-che-verra-5\\\/#primaryimage\",\"url\":\"https:\\\/\\\/www.carnico.it\\\/blog\\\/wp-content\\\/uploads\\\/2016\\\/05\\\/rava.jpg\",\"contentUrl\":\"https:\\\/\\\/www.carnico.it\\\/blog\\\/wp-content\\\/uploads\\\/2016\\\/05\\\/rava.jpg\"},{\"@type\":\"BreadcrumbList\",\"@id\":\"https:\\\/\\\/2017.carnico.it\\\/blog\\\/2016\\\/07\\\/15\\\/la-giornata-che-verra-5\\\/#breadcrumb\",\"itemListElement\":[{\"@type\":\"ListItem\",\"position\":1,\"name\":\"Home\",\"item\":\"https:\\\/\\\/2017.carnico.it\\\/blog\\\/\"},{\"@type\":\"ListItem\",\"position\":2,\"name\":\"LA GIORNATA CHE VERRA&#8217;\"}]},{\"@type\":\"WebSite\",\"@id\":\"https:\\\/\\\/2017.carnico.it\\\/blog\\\/#website\",\"url\":\"https:\\\/\\\/2017.carnico.it\\\/blog\\\/\",\"name\":\"Campionato Carnico 2017\",\"description\":\"Notizie e aggiornamenti in tempo reale sul campionato Carnico\",\"potentialAction\":[{\"@type\":\"SearchAction\",\"target\":{\"@type\":\"EntryPoint\",\"urlTemplate\":\"https:\\\/\\\/2017.carnico.it\\\/blog\\\/?s={search_term_string}\"},\"query-input\":{\"@type\":\"PropertyValueSpecification\",\"valueRequired\":true,\"valueName\":\"search_term_string\"}}],\"inLanguage\":\"it-IT\"},{\"@type\":\"Person\",\"@id\":\"https:\\\/\\\/2017.carnico.it\\\/blog\\\/#\\\/schema\\\/person\\\/a68c764693d96df3238f123ea014e78c\",\"name\":\"Redazione\",\"image\":{\"@type\":\"ImageObject\",\"inLanguage\":\"it-IT\",\"@id\":\"https:\\\/\\\/secure.gravatar.com\\\/avatar\\\/6c05bd4dddbea475e283f76b4aa2d778ecb35c06fd92df5f6e0cac552163e2ac?s=96&d=mm&r=g\",\"url\":\"https:\\\/\\\/secure.gravatar.com\\\/avatar\\\/6c05bd4dddbea475e283f76b4aa2d778ecb35c06fd92df5f6e0cac552163e2ac?s=96&d=mm&r=g\",\"contentUrl\":\"https:\\\/\\\/secure.gravatar.com\\\/avatar\\\/6c05bd4dddbea475e283f76b4aa2d778ecb35c06fd92df5f6e0cac552163e2ac?s=96&d=mm&r=g\",\"caption\":\"Redazione\"},\"url\":\"https:\\\/\\\/2017.carnico.it\\\/blog\\\/author\\\/clyco-admin\\\/\"}]}<\/script>\n<!-- \/ Yoast SEO plugin. -->","yoast_head_json":{"title":"LA GIORNATA CHE VERRA' - Campionato Carnico 2017","robots":{"index":"index","follow":"follow","max-snippet":"max-snippet:-1","max-image-preview":"max-image-preview:large","max-video-preview":"max-video-preview:-1"},"canonical":"https:\/\/2017.carnico.it\/blog\/2016\/07\/15\/la-giornata-che-verra-5\/","og_locale":"it_IT","og_type":"article","og_title":"LA GIORNATA CHE VERRA' - Campionato Carnico 2017","og_description":"PRIMA CATEGORIA La tredicesima giornata, nella massima serie del Carnico, propone per le prima della classe partite molto pi\u00f9 scorbutiche di quanto non dica la classifica delle antagoniste- Il Real capolista, per esempio, sale ad Arta per sfidare un","og_url":"https:\/\/2017.carnico.it\/blog\/2016\/07\/15\/la-giornata-che-verra-5\/","og_site_name":"Campionato Carnico 2017","article_publisher":"https:\/\/www.facebook.com\/campionatocarnico\/","article_published_time":"2016-07-15T15:44:59+00:00","article_modified_time":"2016-07-15T21:44:29+00:00","og_image":[{"url":"https:\/\/www.carnico.it\/blog\/wp-content\/uploads\/2016\/05\/rava.jpg","type":"","width":"","height":""}],"author":"Redazione","twitter_card":"summary_large_image","twitter_misc":{"Scritto da":"Redazione","Tempo di lettura stimato":"2 minuti"},"schema":{"@context":"https:\/\/schema.org","@graph":[{"@type":"Article","@id":"https:\/\/2017.carnico.it\/blog\/2016\/07\/15\/la-giornata-che-verra-5\/#article","isPartOf":{"@id":"https:\/\/2017.carnico.it\/blog\/2016\/07\/15\/la-giornata-che-verra-5\/"},"author":{"name":"Redazione","@id":"https:\/\/2017.carnico.it\/blog\/#\/schema\/person\/a68c764693d96df3238f123ea014e78c"},"headline":"LA GIORNATA CHE VERRA&#8217;","datePublished":"2016-07-15T15:44:59+00:00","dateModified":"2016-07-15T21:44:29+00:00","mainEntityOfPage":{"@id":"https:\/\/2017.carnico.it\/blog\/2016\/07\/15\/la-giornata-che-verra-5\/"},"wordCount":468,"commentCount":0,"image":{"@id":"https:\/\/2017.carnico.it\/blog\/2016\/07\/15\/la-giornata-che-verra-5\/#primaryimage"},"thumbnailUrl":"https:\/\/www.carnico.it\/blog\/wp-content\/uploads\/2016\/05\/rava.jpg","articleSection":["Commento al campionato"],"inLanguage":"it-IT","potentialAction":[{"@type":"CommentAction","name":"Comment","target":["https:\/\/2017.carnico.it\/blog\/2016\/07\/15\/la-giornata-che-verra-5\/#respond"]}]},{"@type":"WebPage","@id":"https:\/\/2017.carnico.it\/blog\/2016\/07\/15\/la-giornata-che-verra-5\/","url":"https:\/\/2017.carnico.it\/blog\/2016\/07\/15\/la-giornata-che-verra-5\/","name":"LA GIORNATA CHE VERRA' - Campionato Carnico 2017","isPartOf":{"@id":"https:\/\/2017.carnico.it\/blog\/#website"},"primaryImageOfPage":{"@id":"https:\/\/2017.carnico.it\/blog\/2016\/07\/15\/la-giornata-che-verra-5\/#primaryimage"},"image":{"@id":"https:\/\/2017.carnico.it\/blog\/2016\/07\/15\/la-giornata-che-verra-5\/#primaryimage"},"thumbnailUrl":"https:\/\/www.carnico.it\/blog\/wp-content\/uploads\/2016\/05\/rava.jpg","datePublished":"2016-07-15T15:44:59+00:00","dateModified":"2016-07-15T21:44:29+00:00","author":{"@id":"https:\/\/2017.carnico.it\/blog\/#\/schema\/person\/a68c764693d96df3238f123ea014e78c"},"breadcrumb":{"@id":"https:\/\/2017.carnico.it\/blog\/2016\/07\/15\/la-giornata-che-verra-5\/#breadcrumb"},"inLanguage":"it-IT","potentialAction":[{"@type":"ReadAction","target":["https:\/\/2017.carnico.it\/blog\/2016\/07\/15\/la-giornata-che-verra-5\/"]}]},{"@type":"ImageObject","inLanguage":"it-IT","@id":"https:\/\/2017.carnico.it\/blog\/2016\/07\/15\/la-giornata-che-verra-5\/#primaryimage","url":"https:\/\/www.carnico.it\/blog\/wp-content\/uploads\/2016\/05\/rava.jpg","contentUrl":"https:\/\/www.carnico.it\/blog\/wp-content\/uploads\/2016\/05\/rava.jpg"},{"@type":"BreadcrumbList","@id":"https:\/\/2017.carnico.it\/blog\/2016\/07\/15\/la-giornata-che-verra-5\/#breadcrumb","itemListElement":[{"@type":"ListItem","position":1,"name":"Home","item":"https:\/\/2017.carnico.it\/blog\/"},{"@type":"ListItem","position":2,"name":"LA GIORNATA CHE VERRA&#8217;"}]},{"@type":"WebSite","@id":"https:\/\/2017.carnico.it\/blog\/#website","url":"https:\/\/2017.carnico.it\/blog\/","name":"Campionato Carnico 2017","description":"Notizie e aggiornamenti in tempo reale sul campionato Carnico","potentialAction":[{"@type":"SearchAction","target":{"@type":"EntryPoint","urlTemplate":"https:\/\/2017.carnico.it\/blog\/?s={search_term_string}"},"query-input":{"@type":"PropertyValueSpecification","valueRequired":true,"valueName":"search_term_string"}}],"inLanguage":"it-IT"},{"@type":"Person","@id":"https:\/\/2017.carnico.it\/blog\/#\/schema\/person\/a68c764693d96df3238f123ea014e78c","name":"Redazione","image":{"@type":"ImageObject","inLanguage":"it-IT","@id":"https:\/\/secure.gravatar.com\/avatar\/6c05bd4dddbea475e283f76b4aa2d778ecb35c06fd92df5f6e0cac552163e2ac?s=96&d=mm&r=g","url":"https:\/\/secure.gravatar.com\/avatar\/6c05bd4dddbea475e283f76b4aa2d778ecb35c06fd92df5f6e0cac552163e2ac?s=96&d=mm&r=g","contentUrl":"https:\/\/secure.gravatar.com\/avatar\/6c05bd4dddbea475e283f76b4aa2d778ecb35c06fd92df5f6e0cac552163e2ac?s=96&d=mm&r=g","caption":"Redazione"},"url":"https:\/\/2017.carnico.it\/blog\/author\/clyco-admin\/"}]}},"_links":{"self":[{"href":"https:\/\/2017.carnico.it\/blog\/wp-json\/wp\/v2\/posts\/14009","targetHints":{"allow":["GET"]}}],"collection":[{"href":"https:\/\/2017.carnico.it\/blog\/wp-json\/wp\/v2\/posts"}],"about":[{"href":"https:\/\/2017.carnico.it\/blog\/wp-json\/wp\/v2\/types\/post"}],"author":[{"embeddable":true,"href":"https:\/\/2017.carnico.it\/blog\/wp-json\/wp\/v2\/users\/10"}],"replies":[{"embeddable":true,"href":"https:\/\/2017.carnico.it\/blog\/wp-json\/wp\/v2\/comments?post=14009"}],"version-history":[{"count":4,"href":"https:\/\/2017.carnico.it\/blog\/wp-json\/wp\/v2\/posts\/14009\/revisions"}],"predecessor-version":[{"id":14025,"href":"https:\/\/2017.carnico.it\/blog\/wp-json\/wp\/v2\/posts\/14009\/revisions\/14025"}],"wp:attachment":[{"href":"https:\/\/2017.carnico.it\/blog\/wp-json\/wp\/v2\/media?parent=14009"}],"wp:term":[{"taxonomy":"category","embeddable":true,"href":"https:\/\/2017.carnico.it\/blog\/wp-json\/wp\/v2\/categories?post=14009"},{"taxonomy":"post_tag","embeddable":true,"href":"https:\/\/2017.carnico.it\/blog\/wp-json\/wp\/v2\/tags?post=14009"}],"curies":[{"name":"wp","href":"https:\/\/api.w.org\/{rel}","templated":true}]}}