{"id":13976,"date":"2016-07-13T22:37:59","date_gmt":"2016-07-13T20:37:59","guid":{"rendered":"http:\/\/www.carnico.it\/blog\/?p=13976"},"modified":"2016-07-13T22:37:10","modified_gmt":"2016-07-13T20:37:10","slug":"fusca-val-del-lago-in-tempo-reale","status":"publish","type":"post","link":"https:\/\/2017.carnico.it\/blog\/2016\/07\/13\/fusca-val-del-lago-in-tempo-reale\/","title":{"rendered":"COPPA CARNIA: FUSCA &#8211; VAL DEL LAGO PAREGGIANO NELLA SEMIFINALE D&#8217;ANDATA"},"content":{"rendered":"<div id=\"attachment_13977\" style=\"width: 334px\" class=\"wp-caption alignleft\"><a href=\"https:\/\/www.carnico.it\/blog\/2016\/07\/13\/fusca-val-del-lago-in-tempo-reale\/fuscaval\/\" rel=\"attachment wp-att-13977\"><img loading=\"lazy\" decoding=\"async\" aria-describedby=\"caption-attachment-13977\" class=\" wp-image-13977\" src=\"https:\/\/www.carnico.it\/blog\/wp-content\/uploads\/2016\/07\/fuscaval-450x338.jpg\" alt=\"L'ingresso in campo delle due squadre\" width=\"324\" height=\"243\" srcset=\"https:\/\/2017.carnico.it\/blog\/wp-content\/uploads\/2016\/07\/fuscaval-450x338.jpg 450w, https:\/\/2017.carnico.it\/blog\/wp-content\/uploads\/2016\/07\/fuscaval-300x225.jpg 300w, https:\/\/2017.carnico.it\/blog\/wp-content\/uploads\/2016\/07\/fuscaval-630x473.jpg 630w, https:\/\/2017.carnico.it\/blog\/wp-content\/uploads\/2016\/07\/fuscaval.jpg 960w\" sizes=\"auto, (max-width: 324px) 100vw, 324px\" \/><\/a><p id=\"caption-attachment-13977\" class=\"wp-caption-text\">L&#8217;ingresso in campo delle due squadre<\/p><\/div>\n<p style=\"margin: 0cm 0cm 0.0001pt; text-align: justify;\"><strong>FUSCA &#8211; VAL DEL LAGO 2 &#8211; 2<br \/>\n<\/strong><\/p>\n<p style=\"margin: 0cm 0cm 0.0001pt; text-align: justify;\"><strong>GOL<\/strong>: pt 19&#8242; Dario, 22&#8242; Di Gianantonio; st 9&#8242; Fachin, 29&#8242; Picco.<\/p>\n<p style=\"margin: 0cm 0cm 0.0001pt; text-align: justify;\"><strong>FUSCA<\/strong>: Xotto, Cacitti, Faccin, Frezza, Stella, Canton, Adami (1&#8217;st Iaconissi), Fachin, Dario, Paschini, Florit. All. A. Lavia.<\/p>\n<p style=\"margin: 0cm 0cm 0.0001pt; text-align: justify;\"><strong>VAL DEL LAGO<\/strong>: Candido, Cussigh, Danelutti, Fabbro, Rossi, Pizzo (27&#8242; st Zilli), Di Gianantonio (31&#8217;st Della Schiava), Mardero, Granzotti (86&#8242; st De Cecco), Picco, Marcon (39&#8242; st Frucco). All. F. D\u2019Agaro.<\/p>\n<p style=\"margin: 0cm 0cm 0.0001pt; text-align: justify;\"><strong>ARBITRO<\/strong>: J. Fachin di Tolmezzo (assistenti: Maieron e Bonari di Tolmezzo).<!--more--><\/p>\n<p style=\"text-align: justify;\">Finisce in parit\u00e0 la semifinale d&#8217;andata di Coppa Carnia, disputata a Cavazzo su un campo ai limiti della praticabilit\u00e0. Gara in sostanziale equilibrio e a tratti anche nervosa. Un&#8217;iniziativa personale di Dario (che fulmina Candido con un tiro dall&#8217;altezza del dischetto del rigore) regala il vantaggio al Fusca al 19&#8242;. La Val del Lago, per\u00f2.ottiene il pari 3&#8242; pi\u00f9 tardi, quando Xotto si lascia sfuggire la sfera su conclusione di Di Gianantonio da oltre 20 metri. In apertura di ripresa (al 9&#8242;), Il Fusca torna in vantaggio: \u00e8 Fachin ad infilare l&#8217;angolino basso alla destra di Candido con una rasoiata dai 25 metri. La squadra di D&#8217;Agaro impiega 20 minuti per raggiungere il pareggio: poco prima della mezzora, infatti, \u00e8 Picco a sorprendere Xotto leggermente fuori dai pali, siglando il 2 a 2 con un dosatissimo lob. Marted\u00ec 19, sempre alle 20.30, match di ritorno a Trasaghis. Ricordiamo che in caso di parit\u00e0 i gol in trasferta non valgono doppio. Va in finale quindi chi vince, mentre in caso di un ulteriore pareggio si andr\u00e0 ai calci di rigori.<\/p>\n<p>&nbsp;<\/p>\n","protected":false},"excerpt":{"rendered":"<p>FUSCA &#8211; VAL DEL LAGO 2 &#8211; 2 GOL: pt 19&#8242; Dario, 22&#8242; Di Gianantonio; st 9&#8242; Fachin, 29&#8242; Picco. FUSCA: Xotto, Cacitti, Faccin, Frezza, Stella, Canton, Adami (1&#8217;st Iaconissi), Fachin, Dario, Paschini, Florit. All. A. Lavia. VAL DEL LAGO: Candido, Cussigh, Danelutti, Fabbro, Rossi, Pizzo (27&#8242; st Zilli), Di Gianantonio (31&#8217;st Della Schiava), Mardero, [&hellip;]<\/p>\n","protected":false},"author":10,"featured_media":0,"comment_status":"open","ping_status":"closed","sticky":false,"template":"","format":"standard","meta":{"footnotes":""},"categories":[6],"tags":[],"class_list":["post-13976","post","type-post","status-publish","format-standard","hentry","category-coppa-carnia"],"yoast_head":"<!-- This site is optimized with the Yoast SEO plugin v27.3 - https:\/\/yoast.com\/product\/yoast-seo-wordpress\/ -->\n<title>COPPA CARNIA: FUSCA - VAL DEL LAGO PAREGGIANO NELLA SEMIFINALE D&#039;ANDATA - Campionato Carnico 2017<\/title>\n<meta name=\"robots\" content=\"index, follow, max-snippet:-1, max-image-preview:large, max-video-preview:-1\" \/>\n<link rel=\"canonical\" href=\"https:\/\/2017.carnico.it\/blog\/2016\/07\/13\/fusca-val-del-lago-in-tempo-reale\/\" \/>\n<meta property=\"og:locale\" content=\"it_IT\" \/>\n<meta property=\"og:type\" content=\"article\" \/>\n<meta property=\"og:title\" content=\"COPPA CARNIA: FUSCA - VAL DEL LAGO PAREGGIANO NELLA SEMIFINALE D&#039;ANDATA - Campionato Carnico 2017\" \/>\n<meta property=\"og:description\" content=\"FUSCA &#8211; VAL DEL LAGO 2 &#8211; 2 GOL: pt 19&#8242; Dario, 22&#8242; Di Gianantonio; st 9&#8242; Fachin, 29&#8242; Picco. FUSCA: Xotto, Cacitti, Faccin, Frezza, Stella, Canton, Adami (1&#8217;st Iaconissi), Fachin, Dario, Paschini, Florit. All. A. Lavia. VAL DEL LAGO: Candido, Cussigh, Danelutti, Fabbro, Rossi, Pizzo (27&#8242; st Zilli), Di Gianantonio (31&#8217;st Della Schiava), Mardero, [&hellip;]\" \/>\n<meta property=\"og:url\" content=\"https:\/\/2017.carnico.it\/blog\/2016\/07\/13\/fusca-val-del-lago-in-tempo-reale\/\" \/>\n<meta property=\"og:site_name\" content=\"Campionato Carnico 2017\" \/>\n<meta property=\"article:publisher\" content=\"https:\/\/www.facebook.com\/campionatocarnico\/\" \/>\n<meta property=\"article:published_time\" content=\"2016-07-13T20:37:59+00:00\" \/>\n<meta property=\"og:image\" content=\"https:\/\/www.carnico.it\/blog\/wp-content\/uploads\/2016\/07\/fuscaval-450x338.jpg\" \/>\n<meta name=\"author\" content=\"Redazione\" \/>\n<meta name=\"twitter:card\" content=\"summary_large_image\" \/>\n<meta name=\"twitter:label1\" content=\"Scritto da\" \/>\n\t<meta name=\"twitter:data1\" content=\"Redazione\" \/>\n\t<meta name=\"twitter:label2\" content=\"Tempo di lettura stimato\" \/>\n\t<meta name=\"twitter:data2\" content=\"1 minuto\" \/>\n<script type=\"application\/ld+json\" class=\"yoast-schema-graph\">{\"@context\":\"https:\\\/\\\/schema.org\",\"@graph\":[{\"@type\":\"Article\",\"@id\":\"https:\\\/\\\/2017.carnico.it\\\/blog\\\/2016\\\/07\\\/13\\\/fusca-val-del-lago-in-tempo-reale\\\/#article\",\"isPartOf\":{\"@id\":\"https:\\\/\\\/2017.carnico.it\\\/blog\\\/2016\\\/07\\\/13\\\/fusca-val-del-lago-in-tempo-reale\\\/\"},\"author\":{\"name\":\"Redazione\",\"@id\":\"https:\\\/\\\/2017.carnico.it\\\/blog\\\/#\\\/schema\\\/person\\\/a68c764693d96df3238f123ea014e78c\"},\"headline\":\"COPPA CARNIA: FUSCA &#8211; VAL DEL LAGO PAREGGIANO NELLA SEMIFINALE D&#8217;ANDATA\",\"datePublished\":\"2016-07-13T20:37:59+00:00\",\"mainEntityOfPage\":{\"@id\":\"https:\\\/\\\/2017.carnico.it\\\/blog\\\/2016\\\/07\\\/13\\\/fusca-val-del-lago-in-tempo-reale\\\/\"},\"wordCount\":271,\"commentCount\":2,\"image\":{\"@id\":\"https:\\\/\\\/2017.carnico.it\\\/blog\\\/2016\\\/07\\\/13\\\/fusca-val-del-lago-in-tempo-reale\\\/#primaryimage\"},\"thumbnailUrl\":\"https:\\\/\\\/www.carnico.it\\\/blog\\\/wp-content\\\/uploads\\\/2016\\\/07\\\/fuscaval-450x338.jpg\",\"articleSection\":[\"Coppa Carnia\"],\"inLanguage\":\"it-IT\",\"potentialAction\":[{\"@type\":\"CommentAction\",\"name\":\"Comment\",\"target\":[\"https:\\\/\\\/2017.carnico.it\\\/blog\\\/2016\\\/07\\\/13\\\/fusca-val-del-lago-in-tempo-reale\\\/#respond\"]}]},{\"@type\":\"WebPage\",\"@id\":\"https:\\\/\\\/2017.carnico.it\\\/blog\\\/2016\\\/07\\\/13\\\/fusca-val-del-lago-in-tempo-reale\\\/\",\"url\":\"https:\\\/\\\/2017.carnico.it\\\/blog\\\/2016\\\/07\\\/13\\\/fusca-val-del-lago-in-tempo-reale\\\/\",\"name\":\"COPPA CARNIA: FUSCA - VAL DEL LAGO PAREGGIANO NELLA SEMIFINALE D'ANDATA - Campionato Carnico 2017\",\"isPartOf\":{\"@id\":\"https:\\\/\\\/2017.carnico.it\\\/blog\\\/#website\"},\"primaryImageOfPage\":{\"@id\":\"https:\\\/\\\/2017.carnico.it\\\/blog\\\/2016\\\/07\\\/13\\\/fusca-val-del-lago-in-tempo-reale\\\/#primaryimage\"},\"image\":{\"@id\":\"https:\\\/\\\/2017.carnico.it\\\/blog\\\/2016\\\/07\\\/13\\\/fusca-val-del-lago-in-tempo-reale\\\/#primaryimage\"},\"thumbnailUrl\":\"https:\\\/\\\/www.carnico.it\\\/blog\\\/wp-content\\\/uploads\\\/2016\\\/07\\\/fuscaval-450x338.jpg\",\"datePublished\":\"2016-07-13T20:37:59+00:00\",\"author\":{\"@id\":\"https:\\\/\\\/2017.carnico.it\\\/blog\\\/#\\\/schema\\\/person\\\/a68c764693d96df3238f123ea014e78c\"},\"breadcrumb\":{\"@id\":\"https:\\\/\\\/2017.carnico.it\\\/blog\\\/2016\\\/07\\\/13\\\/fusca-val-del-lago-in-tempo-reale\\\/#breadcrumb\"},\"inLanguage\":\"it-IT\",\"potentialAction\":[{\"@type\":\"ReadAction\",\"target\":[\"https:\\\/\\\/2017.carnico.it\\\/blog\\\/2016\\\/07\\\/13\\\/fusca-val-del-lago-in-tempo-reale\\\/\"]}]},{\"@type\":\"ImageObject\",\"inLanguage\":\"it-IT\",\"@id\":\"https:\\\/\\\/2017.carnico.it\\\/blog\\\/2016\\\/07\\\/13\\\/fusca-val-del-lago-in-tempo-reale\\\/#primaryimage\",\"url\":\"https:\\\/\\\/www.carnico.it\\\/blog\\\/wp-content\\\/uploads\\\/2016\\\/07\\\/fuscaval-450x338.jpg\",\"contentUrl\":\"https:\\\/\\\/www.carnico.it\\\/blog\\\/wp-content\\\/uploads\\\/2016\\\/07\\\/fuscaval-450x338.jpg\"},{\"@type\":\"BreadcrumbList\",\"@id\":\"https:\\\/\\\/2017.carnico.it\\\/blog\\\/2016\\\/07\\\/13\\\/fusca-val-del-lago-in-tempo-reale\\\/#breadcrumb\",\"itemListElement\":[{\"@type\":\"ListItem\",\"position\":1,\"name\":\"Home\",\"item\":\"https:\\\/\\\/2017.carnico.it\\\/blog\\\/\"},{\"@type\":\"ListItem\",\"position\":2,\"name\":\"COPPA CARNIA: FUSCA &#8211; VAL DEL LAGO PAREGGIANO NELLA SEMIFINALE D&#8217;ANDATA\"}]},{\"@type\":\"WebSite\",\"@id\":\"https:\\\/\\\/2017.carnico.it\\\/blog\\\/#website\",\"url\":\"https:\\\/\\\/2017.carnico.it\\\/blog\\\/\",\"name\":\"Campionato Carnico 2017\",\"description\":\"Notizie e aggiornamenti in tempo reale sul campionato Carnico\",\"potentialAction\":[{\"@type\":\"SearchAction\",\"target\":{\"@type\":\"EntryPoint\",\"urlTemplate\":\"https:\\\/\\\/2017.carnico.it\\\/blog\\\/?s={search_term_string}\"},\"query-input\":{\"@type\":\"PropertyValueSpecification\",\"valueRequired\":true,\"valueName\":\"search_term_string\"}}],\"inLanguage\":\"it-IT\"},{\"@type\":\"Person\",\"@id\":\"https:\\\/\\\/2017.carnico.it\\\/blog\\\/#\\\/schema\\\/person\\\/a68c764693d96df3238f123ea014e78c\",\"name\":\"Redazione\",\"image\":{\"@type\":\"ImageObject\",\"inLanguage\":\"it-IT\",\"@id\":\"https:\\\/\\\/secure.gravatar.com\\\/avatar\\\/6c05bd4dddbea475e283f76b4aa2d778ecb35c06fd92df5f6e0cac552163e2ac?s=96&d=mm&r=g\",\"url\":\"https:\\\/\\\/secure.gravatar.com\\\/avatar\\\/6c05bd4dddbea475e283f76b4aa2d778ecb35c06fd92df5f6e0cac552163e2ac?s=96&d=mm&r=g\",\"contentUrl\":\"https:\\\/\\\/secure.gravatar.com\\\/avatar\\\/6c05bd4dddbea475e283f76b4aa2d778ecb35c06fd92df5f6e0cac552163e2ac?s=96&d=mm&r=g\",\"caption\":\"Redazione\"},\"url\":\"https:\\\/\\\/2017.carnico.it\\\/blog\\\/author\\\/clyco-admin\\\/\"}]}<\/script>\n<!-- \/ Yoast SEO plugin. -->","yoast_head_json":{"title":"COPPA CARNIA: FUSCA - VAL DEL LAGO PAREGGIANO NELLA SEMIFINALE D'ANDATA - Campionato Carnico 2017","robots":{"index":"index","follow":"follow","max-snippet":"max-snippet:-1","max-image-preview":"max-image-preview:large","max-video-preview":"max-video-preview:-1"},"canonical":"https:\/\/2017.carnico.it\/blog\/2016\/07\/13\/fusca-val-del-lago-in-tempo-reale\/","og_locale":"it_IT","og_type":"article","og_title":"COPPA CARNIA: FUSCA - VAL DEL LAGO PAREGGIANO NELLA SEMIFINALE D'ANDATA - Campionato Carnico 2017","og_description":"FUSCA &#8211; VAL DEL LAGO 2 &#8211; 2 GOL: pt 19&#8242; Dario, 22&#8242; Di Gianantonio; st 9&#8242; Fachin, 29&#8242; Picco. FUSCA: Xotto, Cacitti, Faccin, Frezza, Stella, Canton, Adami (1&#8217;st Iaconissi), Fachin, Dario, Paschini, Florit. All. A. Lavia. VAL DEL LAGO: Candido, Cussigh, Danelutti, Fabbro, Rossi, Pizzo (27&#8242; st Zilli), Di Gianantonio (31&#8217;st Della Schiava), Mardero, [&hellip;]","og_url":"https:\/\/2017.carnico.it\/blog\/2016\/07\/13\/fusca-val-del-lago-in-tempo-reale\/","og_site_name":"Campionato Carnico 2017","article_publisher":"https:\/\/www.facebook.com\/campionatocarnico\/","article_published_time":"2016-07-13T20:37:59+00:00","og_image":[{"url":"https:\/\/www.carnico.it\/blog\/wp-content\/uploads\/2016\/07\/fuscaval-450x338.jpg","type":"","width":"","height":""}],"author":"Redazione","twitter_card":"summary_large_image","twitter_misc":{"Scritto da":"Redazione","Tempo di lettura stimato":"1 minuto"},"schema":{"@context":"https:\/\/schema.org","@graph":[{"@type":"Article","@id":"https:\/\/2017.carnico.it\/blog\/2016\/07\/13\/fusca-val-del-lago-in-tempo-reale\/#article","isPartOf":{"@id":"https:\/\/2017.carnico.it\/blog\/2016\/07\/13\/fusca-val-del-lago-in-tempo-reale\/"},"author":{"name":"Redazione","@id":"https:\/\/2017.carnico.it\/blog\/#\/schema\/person\/a68c764693d96df3238f123ea014e78c"},"headline":"COPPA CARNIA: FUSCA &#8211; VAL DEL LAGO PAREGGIANO NELLA SEMIFINALE D&#8217;ANDATA","datePublished":"2016-07-13T20:37:59+00:00","mainEntityOfPage":{"@id":"https:\/\/2017.carnico.it\/blog\/2016\/07\/13\/fusca-val-del-lago-in-tempo-reale\/"},"wordCount":271,"commentCount":2,"image":{"@id":"https:\/\/2017.carnico.it\/blog\/2016\/07\/13\/fusca-val-del-lago-in-tempo-reale\/#primaryimage"},"thumbnailUrl":"https:\/\/www.carnico.it\/blog\/wp-content\/uploads\/2016\/07\/fuscaval-450x338.jpg","articleSection":["Coppa Carnia"],"inLanguage":"it-IT","potentialAction":[{"@type":"CommentAction","name":"Comment","target":["https:\/\/2017.carnico.it\/blog\/2016\/07\/13\/fusca-val-del-lago-in-tempo-reale\/#respond"]}]},{"@type":"WebPage","@id":"https:\/\/2017.carnico.it\/blog\/2016\/07\/13\/fusca-val-del-lago-in-tempo-reale\/","url":"https:\/\/2017.carnico.it\/blog\/2016\/07\/13\/fusca-val-del-lago-in-tempo-reale\/","name":"COPPA CARNIA: FUSCA - VAL DEL LAGO PAREGGIANO NELLA SEMIFINALE D'ANDATA - Campionato Carnico 2017","isPartOf":{"@id":"https:\/\/2017.carnico.it\/blog\/#website"},"primaryImageOfPage":{"@id":"https:\/\/2017.carnico.it\/blog\/2016\/07\/13\/fusca-val-del-lago-in-tempo-reale\/#primaryimage"},"image":{"@id":"https:\/\/2017.carnico.it\/blog\/2016\/07\/13\/fusca-val-del-lago-in-tempo-reale\/#primaryimage"},"thumbnailUrl":"https:\/\/www.carnico.it\/blog\/wp-content\/uploads\/2016\/07\/fuscaval-450x338.jpg","datePublished":"2016-07-13T20:37:59+00:00","author":{"@id":"https:\/\/2017.carnico.it\/blog\/#\/schema\/person\/a68c764693d96df3238f123ea014e78c"},"breadcrumb":{"@id":"https:\/\/2017.carnico.it\/blog\/2016\/07\/13\/fusca-val-del-lago-in-tempo-reale\/#breadcrumb"},"inLanguage":"it-IT","potentialAction":[{"@type":"ReadAction","target":["https:\/\/2017.carnico.it\/blog\/2016\/07\/13\/fusca-val-del-lago-in-tempo-reale\/"]}]},{"@type":"ImageObject","inLanguage":"it-IT","@id":"https:\/\/2017.carnico.it\/blog\/2016\/07\/13\/fusca-val-del-lago-in-tempo-reale\/#primaryimage","url":"https:\/\/www.carnico.it\/blog\/wp-content\/uploads\/2016\/07\/fuscaval-450x338.jpg","contentUrl":"https:\/\/www.carnico.it\/blog\/wp-content\/uploads\/2016\/07\/fuscaval-450x338.jpg"},{"@type":"BreadcrumbList","@id":"https:\/\/2017.carnico.it\/blog\/2016\/07\/13\/fusca-val-del-lago-in-tempo-reale\/#breadcrumb","itemListElement":[{"@type":"ListItem","position":1,"name":"Home","item":"https:\/\/2017.carnico.it\/blog\/"},{"@type":"ListItem","position":2,"name":"COPPA CARNIA: FUSCA &#8211; VAL DEL LAGO PAREGGIANO NELLA SEMIFINALE D&#8217;ANDATA"}]},{"@type":"WebSite","@id":"https:\/\/2017.carnico.it\/blog\/#website","url":"https:\/\/2017.carnico.it\/blog\/","name":"Campionato Carnico 2017","description":"Notizie e aggiornamenti in tempo reale sul campionato Carnico","potentialAction":[{"@type":"SearchAction","target":{"@type":"EntryPoint","urlTemplate":"https:\/\/2017.carnico.it\/blog\/?s={search_term_string}"},"query-input":{"@type":"PropertyValueSpecification","valueRequired":true,"valueName":"search_term_string"}}],"inLanguage":"it-IT"},{"@type":"Person","@id":"https:\/\/2017.carnico.it\/blog\/#\/schema\/person\/a68c764693d96df3238f123ea014e78c","name":"Redazione","image":{"@type":"ImageObject","inLanguage":"it-IT","@id":"https:\/\/secure.gravatar.com\/avatar\/6c05bd4dddbea475e283f76b4aa2d778ecb35c06fd92df5f6e0cac552163e2ac?s=96&d=mm&r=g","url":"https:\/\/secure.gravatar.com\/avatar\/6c05bd4dddbea475e283f76b4aa2d778ecb35c06fd92df5f6e0cac552163e2ac?s=96&d=mm&r=g","contentUrl":"https:\/\/secure.gravatar.com\/avatar\/6c05bd4dddbea475e283f76b4aa2d778ecb35c06fd92df5f6e0cac552163e2ac?s=96&d=mm&r=g","caption":"Redazione"},"url":"https:\/\/2017.carnico.it\/blog\/author\/clyco-admin\/"}]}},"_links":{"self":[{"href":"https:\/\/2017.carnico.it\/blog\/wp-json\/wp\/v2\/posts\/13976","targetHints":{"allow":["GET"]}}],"collection":[{"href":"https:\/\/2017.carnico.it\/blog\/wp-json\/wp\/v2\/posts"}],"about":[{"href":"https:\/\/2017.carnico.it\/blog\/wp-json\/wp\/v2\/types\/post"}],"author":[{"embeddable":true,"href":"https:\/\/2017.carnico.it\/blog\/wp-json\/wp\/v2\/users\/10"}],"replies":[{"embeddable":true,"href":"https:\/\/2017.carnico.it\/blog\/wp-json\/wp\/v2\/comments?post=13976"}],"version-history":[{"count":5,"href":"https:\/\/2017.carnico.it\/blog\/wp-json\/wp\/v2\/posts\/13976\/revisions"}],"predecessor-version":[{"id":13982,"href":"https:\/\/2017.carnico.it\/blog\/wp-json\/wp\/v2\/posts\/13976\/revisions\/13982"}],"wp:attachment":[{"href":"https:\/\/2017.carnico.it\/blog\/wp-json\/wp\/v2\/media?parent=13976"}],"wp:term":[{"taxonomy":"category","embeddable":true,"href":"https:\/\/2017.carnico.it\/blog\/wp-json\/wp\/v2\/categories?post=13976"},{"taxonomy":"post_tag","embeddable":true,"href":"https:\/\/2017.carnico.it\/blog\/wp-json\/wp\/v2\/tags?post=13976"}],"curies":[{"name":"wp","href":"https:\/\/api.w.org\/{rel}","templated":true}]}}