{"id":13612,"date":"2016-06-16T20:17:47","date_gmt":"2016-06-16T18:17:47","guid":{"rendered":"http:\/\/www.carnico.it\/blog\/?p=13612"},"modified":"2016-06-17T10:35:36","modified_gmt":"2016-06-17T08:35:36","slug":"barei-lascia-il-cedarchis","status":"publish","type":"post","link":"https:\/\/2017.carnico.it\/blog\/2016\/06\/16\/barei-lascia-il-cedarchis\/","title":{"rendered":"BAREI LASCIA IL CEDARCHIS"},"content":{"rendered":"<div id=\"attachment_13613\" style=\"width: 230px\" class=\"wp-caption alignnone\"><a href=\"https:\/\/www.carnico.it\/blog\/2016\/06\/16\/barei-lascia-il-cedarchis\/barei\/\" rel=\"attachment wp-att-13613\"><img loading=\"lazy\" decoding=\"async\" aria-describedby=\"caption-attachment-13613\" class=\"wp-image-13613\" src=\"https:\/\/www.carnico.it\/blog\/wp-content\/uploads\/2016\/06\/barei.jpg\" alt=\"barei\" width=\"220\" height=\"221\" srcset=\"https:\/\/2017.carnico.it\/blog\/wp-content\/uploads\/2016\/06\/barei.jpg 322w, https:\/\/2017.carnico.it\/blog\/wp-content\/uploads\/2016\/06\/barei-249x250.jpg 249w\" sizes=\"auto, (max-width: 220px) 100vw, 220px\" \/><\/a><p id=\"caption-attachment-13613\" class=\"wp-caption-text\">Alessandro Barei in una foto tratta dal suo profilo Facebook<\/p><\/div>\n<p>Il pareggio subito in rimonta domenica scorsa a Paluzza ha scatenato una specie di terremoto in casa Cedarchis: sono arrivate le dimissioni del presidente Alessandro Barei, definite dallo stesso irrevocabili. Abbiamo raggiunto telefonicamente Barei, il quale ci ha dato la sua versione dei fatti.<br \/>\n<strong>Allora, presidente, cosa \u00e8 successo?<\/strong><\/p>\n<p style=\"text-align: justify;\">\u201cDomenica scorsa, al termine della partita col Paluzza, anzich\u00e9 lavare i panni sporchi in casa, come si fa in situazioni del genere, \u00e8 successo un putiferio al chiosco. <!--more-->Nei dopo partita, si sa, la tensione \u00e8 sempre alta e avremmo fatto meglio a definire le questioni tra di noi. Era gi\u00e0 da qualche settimana che notavo scarso impegno negli allenamenti, che a mio modo di vedere, dovrebbero essere pi\u00f9 articolati e completi e non durare un\u2019ora scarsa, soprattutto per una squadra che sta attraversando un periodo particolarmente tribolato per indisponibilit\u00e0 e infortuni. Concetti che ho ribadito nel post gara di Paluzza. A quel punto sono stato attaccato da Claudio Pradolin,\u00a0 che forse per giustificare le proprie responsabilit\u00e0 ha iniziato a criticarmi anche in maniera verbalmente violenta, accusandomi di non aver saputo allestire un organico in linea con le ambizioni di una squadra come il Cedarchis. La discussione \u00e8 diventata piuttosto accesa e a quel punto, l\u2019accompagnatore ufficiale Luciano Candoni si \u00e8 offerto come capro espiatorio, rassegnando le proprie dimissioni non mancando di stigmatizzareil mio comportamento;\u00a0 io le ho respinte, in quanto non\u00a0 era lui il bersaglio delle mie critiche\u201d.<\/p>\n<p style=\"text-align: justify;\"><strong>E nei giorni successivi, quali sono stati gli sviluppi?<\/strong><\/p>\n<p style=\"text-align: justify;\">\u201cSo che il luned\u00ec\u00a0 c\u2019\u00e8 stato un incontro tra alcuni dirigenti del Cedarchis, incontro al quale non sono stato invitato. In questo incontro si \u00e8 deciso di fare un allenamento il giorno successivo. La seduta \u00e8 stata condotta da Fabio Rella e Mauro Serini. Alla fine dell\u2019allenamento, per\u00f2, Rino Rainis, ha di fatto richiamato Pradolin e Candoni, chiedendo loro il reintegro nei ranghi. Non potevo, naturalmente, condividere questa scelta e a quel punto sono stato io a farmi da parte\u201d .<\/p>\n<p style=\"text-align: justify;\"><strong>Finisce qui, allora, il rapporto col Cedarchis?<\/strong><\/p>\n<p style=\"text-align: justify;\">\u201cAssolutamente s\u00ec. Credo di non aver nulla di cui rimproverarmi, nel senso che ho accettato l\u2019incarico propostomi dalla dirigenza giallorossa con entusiasmo, convinto di poter mettere a disposizione della societ\u00e0 le mie risorse, il mio carisma, il mio impegno e la mia conoscenza dell\u2019ambiente del calcio maturata in tanti anni di militanza. Non \u00e8 andata cos\u00ec, pazienza, ma non potevo pi\u00f9 restare in un posto dove mi sentivo ridotto a fare la figura dell\u2019autista e di quello che porta qualche soldino. Avrei anche potuto accettare questo ruolo ma dovevo sentirmi prima di tutto il presidente\u201d.<\/p>\n<p style=\"text-align: justify;\">Queste le parole di Alessandro Barei. Al Cedarchis, naturalmente, il diritto di replica.<\/p>\n<p>&nbsp;<\/p>\n","protected":false},"excerpt":{"rendered":"<p>Il pareggio subito in rimonta domenica scorsa a Paluzza ha scatenato una specie di terremoto in casa Cedarchis: sono arrivate le dimissioni del presidente Alessandro Barei, definite dallo stesso irrevocabili. Abbiamo raggiunto telefonicamente Barei, il quale ci ha dato la sua versione dei fatti. Allora, presidente, cosa \u00e8 successo? \u201cDomenica scorsa, al termine della partita [&hellip;]<\/p>\n","protected":false},"author":10,"featured_media":0,"comment_status":"open","ping_status":"closed","sticky":false,"template":"","format":"standard","meta":{"footnotes":""},"categories":[3,5],"tags":[],"class_list":["post-13612","post","type-post","status-publish","format-standard","hentry","category-carnico","category-varie"],"yoast_head":"<!-- This site is optimized with the Yoast SEO plugin v27.3 - https:\/\/yoast.com\/product\/yoast-seo-wordpress\/ -->\n<title>BAREI LASCIA IL CEDARCHIS - Campionato Carnico 2017<\/title>\n<meta name=\"robots\" content=\"index, follow, max-snippet:-1, max-image-preview:large, max-video-preview:-1\" \/>\n<link rel=\"canonical\" href=\"https:\/\/2017.carnico.it\/blog\/2016\/06\/16\/barei-lascia-il-cedarchis\/\" \/>\n<meta property=\"og:locale\" content=\"it_IT\" \/>\n<meta property=\"og:type\" content=\"article\" \/>\n<meta property=\"og:title\" content=\"BAREI LASCIA IL CEDARCHIS - Campionato Carnico 2017\" \/>\n<meta property=\"og:description\" content=\"Il pareggio subito in rimonta domenica scorsa a Paluzza ha scatenato una specie di terremoto in casa Cedarchis: sono arrivate le dimissioni del presidente Alessandro Barei, definite dallo stesso irrevocabili. Abbiamo raggiunto telefonicamente Barei, il quale ci ha dato la sua versione dei fatti. Allora, presidente, cosa \u00e8 successo? \u201cDomenica scorsa, al termine della partita [&hellip;]\" \/>\n<meta property=\"og:url\" content=\"https:\/\/2017.carnico.it\/blog\/2016\/06\/16\/barei-lascia-il-cedarchis\/\" \/>\n<meta property=\"og:site_name\" content=\"Campionato Carnico 2017\" \/>\n<meta property=\"article:publisher\" content=\"https:\/\/www.facebook.com\/campionatocarnico\/\" \/>\n<meta property=\"article:published_time\" content=\"2016-06-16T18:17:47+00:00\" \/>\n<meta property=\"article:modified_time\" content=\"2016-06-17T08:35:36+00:00\" \/>\n<meta property=\"og:image\" content=\"https:\/\/www.carnico.it\/blog\/wp-content\/uploads\/2016\/06\/barei.jpg\" \/>\n<meta name=\"author\" content=\"Redazione\" \/>\n<meta name=\"twitter:card\" content=\"summary_large_image\" \/>\n<meta name=\"twitter:label1\" content=\"Scritto da\" \/>\n\t<meta name=\"twitter:data1\" content=\"Redazione\" \/>\n\t<meta name=\"twitter:label2\" content=\"Tempo di lettura stimato\" \/>\n\t<meta name=\"twitter:data2\" content=\"2 minuti\" \/>\n<script type=\"application\/ld+json\" class=\"yoast-schema-graph\">{\"@context\":\"https:\\\/\\\/schema.org\",\"@graph\":[{\"@type\":\"Article\",\"@id\":\"https:\\\/\\\/2017.carnico.it\\\/blog\\\/2016\\\/06\\\/16\\\/barei-lascia-il-cedarchis\\\/#article\",\"isPartOf\":{\"@id\":\"https:\\\/\\\/2017.carnico.it\\\/blog\\\/2016\\\/06\\\/16\\\/barei-lascia-il-cedarchis\\\/\"},\"author\":{\"name\":\"Redazione\",\"@id\":\"https:\\\/\\\/2017.carnico.it\\\/blog\\\/#\\\/schema\\\/person\\\/a68c764693d96df3238f123ea014e78c\"},\"headline\":\"BAREI LASCIA IL CEDARCHIS\",\"datePublished\":\"2016-06-16T18:17:47+00:00\",\"dateModified\":\"2016-06-17T08:35:36+00:00\",\"mainEntityOfPage\":{\"@id\":\"https:\\\/\\\/2017.carnico.it\\\/blog\\\/2016\\\/06\\\/16\\\/barei-lascia-il-cedarchis\\\/\"},\"wordCount\":462,\"commentCount\":2,\"image\":{\"@id\":\"https:\\\/\\\/2017.carnico.it\\\/blog\\\/2016\\\/06\\\/16\\\/barei-lascia-il-cedarchis\\\/#primaryimage\"},\"thumbnailUrl\":\"https:\\\/\\\/www.carnico.it\\\/blog\\\/wp-content\\\/uploads\\\/2016\\\/06\\\/barei.jpg\",\"articleSection\":[\"Carnico\",\"Varie\"],\"inLanguage\":\"it-IT\",\"potentialAction\":[{\"@type\":\"CommentAction\",\"name\":\"Comment\",\"target\":[\"https:\\\/\\\/2017.carnico.it\\\/blog\\\/2016\\\/06\\\/16\\\/barei-lascia-il-cedarchis\\\/#respond\"]}]},{\"@type\":\"WebPage\",\"@id\":\"https:\\\/\\\/2017.carnico.it\\\/blog\\\/2016\\\/06\\\/16\\\/barei-lascia-il-cedarchis\\\/\",\"url\":\"https:\\\/\\\/2017.carnico.it\\\/blog\\\/2016\\\/06\\\/16\\\/barei-lascia-il-cedarchis\\\/\",\"name\":\"BAREI LASCIA IL CEDARCHIS - Campionato Carnico 2017\",\"isPartOf\":{\"@id\":\"https:\\\/\\\/2017.carnico.it\\\/blog\\\/#website\"},\"primaryImageOfPage\":{\"@id\":\"https:\\\/\\\/2017.carnico.it\\\/blog\\\/2016\\\/06\\\/16\\\/barei-lascia-il-cedarchis\\\/#primaryimage\"},\"image\":{\"@id\":\"https:\\\/\\\/2017.carnico.it\\\/blog\\\/2016\\\/06\\\/16\\\/barei-lascia-il-cedarchis\\\/#primaryimage\"},\"thumbnailUrl\":\"https:\\\/\\\/www.carnico.it\\\/blog\\\/wp-content\\\/uploads\\\/2016\\\/06\\\/barei.jpg\",\"datePublished\":\"2016-06-16T18:17:47+00:00\",\"dateModified\":\"2016-06-17T08:35:36+00:00\",\"author\":{\"@id\":\"https:\\\/\\\/2017.carnico.it\\\/blog\\\/#\\\/schema\\\/person\\\/a68c764693d96df3238f123ea014e78c\"},\"breadcrumb\":{\"@id\":\"https:\\\/\\\/2017.carnico.it\\\/blog\\\/2016\\\/06\\\/16\\\/barei-lascia-il-cedarchis\\\/#breadcrumb\"},\"inLanguage\":\"it-IT\",\"potentialAction\":[{\"@type\":\"ReadAction\",\"target\":[\"https:\\\/\\\/2017.carnico.it\\\/blog\\\/2016\\\/06\\\/16\\\/barei-lascia-il-cedarchis\\\/\"]}]},{\"@type\":\"ImageObject\",\"inLanguage\":\"it-IT\",\"@id\":\"https:\\\/\\\/2017.carnico.it\\\/blog\\\/2016\\\/06\\\/16\\\/barei-lascia-il-cedarchis\\\/#primaryimage\",\"url\":\"https:\\\/\\\/www.carnico.it\\\/blog\\\/wp-content\\\/uploads\\\/2016\\\/06\\\/barei.jpg\",\"contentUrl\":\"https:\\\/\\\/www.carnico.it\\\/blog\\\/wp-content\\\/uploads\\\/2016\\\/06\\\/barei.jpg\"},{\"@type\":\"BreadcrumbList\",\"@id\":\"https:\\\/\\\/2017.carnico.it\\\/blog\\\/2016\\\/06\\\/16\\\/barei-lascia-il-cedarchis\\\/#breadcrumb\",\"itemListElement\":[{\"@type\":\"ListItem\",\"position\":1,\"name\":\"Home\",\"item\":\"https:\\\/\\\/2017.carnico.it\\\/blog\\\/\"},{\"@type\":\"ListItem\",\"position\":2,\"name\":\"BAREI LASCIA IL CEDARCHIS\"}]},{\"@type\":\"WebSite\",\"@id\":\"https:\\\/\\\/2017.carnico.it\\\/blog\\\/#website\",\"url\":\"https:\\\/\\\/2017.carnico.it\\\/blog\\\/\",\"name\":\"Campionato Carnico 2017\",\"description\":\"Notizie e aggiornamenti in tempo reale sul campionato Carnico\",\"potentialAction\":[{\"@type\":\"SearchAction\",\"target\":{\"@type\":\"EntryPoint\",\"urlTemplate\":\"https:\\\/\\\/2017.carnico.it\\\/blog\\\/?s={search_term_string}\"},\"query-input\":{\"@type\":\"PropertyValueSpecification\",\"valueRequired\":true,\"valueName\":\"search_term_string\"}}],\"inLanguage\":\"it-IT\"},{\"@type\":\"Person\",\"@id\":\"https:\\\/\\\/2017.carnico.it\\\/blog\\\/#\\\/schema\\\/person\\\/a68c764693d96df3238f123ea014e78c\",\"name\":\"Redazione\",\"image\":{\"@type\":\"ImageObject\",\"inLanguage\":\"it-IT\",\"@id\":\"https:\\\/\\\/secure.gravatar.com\\\/avatar\\\/6c05bd4dddbea475e283f76b4aa2d778ecb35c06fd92df5f6e0cac552163e2ac?s=96&d=mm&r=g\",\"url\":\"https:\\\/\\\/secure.gravatar.com\\\/avatar\\\/6c05bd4dddbea475e283f76b4aa2d778ecb35c06fd92df5f6e0cac552163e2ac?s=96&d=mm&r=g\",\"contentUrl\":\"https:\\\/\\\/secure.gravatar.com\\\/avatar\\\/6c05bd4dddbea475e283f76b4aa2d778ecb35c06fd92df5f6e0cac552163e2ac?s=96&d=mm&r=g\",\"caption\":\"Redazione\"},\"url\":\"https:\\\/\\\/2017.carnico.it\\\/blog\\\/author\\\/clyco-admin\\\/\"}]}<\/script>\n<!-- \/ Yoast SEO plugin. -->","yoast_head_json":{"title":"BAREI LASCIA IL CEDARCHIS - Campionato Carnico 2017","robots":{"index":"index","follow":"follow","max-snippet":"max-snippet:-1","max-image-preview":"max-image-preview:large","max-video-preview":"max-video-preview:-1"},"canonical":"https:\/\/2017.carnico.it\/blog\/2016\/06\/16\/barei-lascia-il-cedarchis\/","og_locale":"it_IT","og_type":"article","og_title":"BAREI LASCIA IL CEDARCHIS - Campionato Carnico 2017","og_description":"Il pareggio subito in rimonta domenica scorsa a Paluzza ha scatenato una specie di terremoto in casa Cedarchis: sono arrivate le dimissioni del presidente Alessandro Barei, definite dallo stesso irrevocabili. Abbiamo raggiunto telefonicamente Barei, il quale ci ha dato la sua versione dei fatti. Allora, presidente, cosa \u00e8 successo? \u201cDomenica scorsa, al termine della partita [&hellip;]","og_url":"https:\/\/2017.carnico.it\/blog\/2016\/06\/16\/barei-lascia-il-cedarchis\/","og_site_name":"Campionato Carnico 2017","article_publisher":"https:\/\/www.facebook.com\/campionatocarnico\/","article_published_time":"2016-06-16T18:17:47+00:00","article_modified_time":"2016-06-17T08:35:36+00:00","og_image":[{"url":"https:\/\/www.carnico.it\/blog\/wp-content\/uploads\/2016\/06\/barei.jpg","type":"","width":"","height":""}],"author":"Redazione","twitter_card":"summary_large_image","twitter_misc":{"Scritto da":"Redazione","Tempo di lettura stimato":"2 minuti"},"schema":{"@context":"https:\/\/schema.org","@graph":[{"@type":"Article","@id":"https:\/\/2017.carnico.it\/blog\/2016\/06\/16\/barei-lascia-il-cedarchis\/#article","isPartOf":{"@id":"https:\/\/2017.carnico.it\/blog\/2016\/06\/16\/barei-lascia-il-cedarchis\/"},"author":{"name":"Redazione","@id":"https:\/\/2017.carnico.it\/blog\/#\/schema\/person\/a68c764693d96df3238f123ea014e78c"},"headline":"BAREI LASCIA IL CEDARCHIS","datePublished":"2016-06-16T18:17:47+00:00","dateModified":"2016-06-17T08:35:36+00:00","mainEntityOfPage":{"@id":"https:\/\/2017.carnico.it\/blog\/2016\/06\/16\/barei-lascia-il-cedarchis\/"},"wordCount":462,"commentCount":2,"image":{"@id":"https:\/\/2017.carnico.it\/blog\/2016\/06\/16\/barei-lascia-il-cedarchis\/#primaryimage"},"thumbnailUrl":"https:\/\/www.carnico.it\/blog\/wp-content\/uploads\/2016\/06\/barei.jpg","articleSection":["Carnico","Varie"],"inLanguage":"it-IT","potentialAction":[{"@type":"CommentAction","name":"Comment","target":["https:\/\/2017.carnico.it\/blog\/2016\/06\/16\/barei-lascia-il-cedarchis\/#respond"]}]},{"@type":"WebPage","@id":"https:\/\/2017.carnico.it\/blog\/2016\/06\/16\/barei-lascia-il-cedarchis\/","url":"https:\/\/2017.carnico.it\/blog\/2016\/06\/16\/barei-lascia-il-cedarchis\/","name":"BAREI LASCIA IL CEDARCHIS - Campionato Carnico 2017","isPartOf":{"@id":"https:\/\/2017.carnico.it\/blog\/#website"},"primaryImageOfPage":{"@id":"https:\/\/2017.carnico.it\/blog\/2016\/06\/16\/barei-lascia-il-cedarchis\/#primaryimage"},"image":{"@id":"https:\/\/2017.carnico.it\/blog\/2016\/06\/16\/barei-lascia-il-cedarchis\/#primaryimage"},"thumbnailUrl":"https:\/\/www.carnico.it\/blog\/wp-content\/uploads\/2016\/06\/barei.jpg","datePublished":"2016-06-16T18:17:47+00:00","dateModified":"2016-06-17T08:35:36+00:00","author":{"@id":"https:\/\/2017.carnico.it\/blog\/#\/schema\/person\/a68c764693d96df3238f123ea014e78c"},"breadcrumb":{"@id":"https:\/\/2017.carnico.it\/blog\/2016\/06\/16\/barei-lascia-il-cedarchis\/#breadcrumb"},"inLanguage":"it-IT","potentialAction":[{"@type":"ReadAction","target":["https:\/\/2017.carnico.it\/blog\/2016\/06\/16\/barei-lascia-il-cedarchis\/"]}]},{"@type":"ImageObject","inLanguage":"it-IT","@id":"https:\/\/2017.carnico.it\/blog\/2016\/06\/16\/barei-lascia-il-cedarchis\/#primaryimage","url":"https:\/\/www.carnico.it\/blog\/wp-content\/uploads\/2016\/06\/barei.jpg","contentUrl":"https:\/\/www.carnico.it\/blog\/wp-content\/uploads\/2016\/06\/barei.jpg"},{"@type":"BreadcrumbList","@id":"https:\/\/2017.carnico.it\/blog\/2016\/06\/16\/barei-lascia-il-cedarchis\/#breadcrumb","itemListElement":[{"@type":"ListItem","position":1,"name":"Home","item":"https:\/\/2017.carnico.it\/blog\/"},{"@type":"ListItem","position":2,"name":"BAREI LASCIA IL CEDARCHIS"}]},{"@type":"WebSite","@id":"https:\/\/2017.carnico.it\/blog\/#website","url":"https:\/\/2017.carnico.it\/blog\/","name":"Campionato Carnico 2017","description":"Notizie e aggiornamenti in tempo reale sul campionato Carnico","potentialAction":[{"@type":"SearchAction","target":{"@type":"EntryPoint","urlTemplate":"https:\/\/2017.carnico.it\/blog\/?s={search_term_string}"},"query-input":{"@type":"PropertyValueSpecification","valueRequired":true,"valueName":"search_term_string"}}],"inLanguage":"it-IT"},{"@type":"Person","@id":"https:\/\/2017.carnico.it\/blog\/#\/schema\/person\/a68c764693d96df3238f123ea014e78c","name":"Redazione","image":{"@type":"ImageObject","inLanguage":"it-IT","@id":"https:\/\/secure.gravatar.com\/avatar\/6c05bd4dddbea475e283f76b4aa2d778ecb35c06fd92df5f6e0cac552163e2ac?s=96&d=mm&r=g","url":"https:\/\/secure.gravatar.com\/avatar\/6c05bd4dddbea475e283f76b4aa2d778ecb35c06fd92df5f6e0cac552163e2ac?s=96&d=mm&r=g","contentUrl":"https:\/\/secure.gravatar.com\/avatar\/6c05bd4dddbea475e283f76b4aa2d778ecb35c06fd92df5f6e0cac552163e2ac?s=96&d=mm&r=g","caption":"Redazione"},"url":"https:\/\/2017.carnico.it\/blog\/author\/clyco-admin\/"}]}},"_links":{"self":[{"href":"https:\/\/2017.carnico.it\/blog\/wp-json\/wp\/v2\/posts\/13612","targetHints":{"allow":["GET"]}}],"collection":[{"href":"https:\/\/2017.carnico.it\/blog\/wp-json\/wp\/v2\/posts"}],"about":[{"href":"https:\/\/2017.carnico.it\/blog\/wp-json\/wp\/v2\/types\/post"}],"author":[{"embeddable":true,"href":"https:\/\/2017.carnico.it\/blog\/wp-json\/wp\/v2\/users\/10"}],"replies":[{"embeddable":true,"href":"https:\/\/2017.carnico.it\/blog\/wp-json\/wp\/v2\/comments?post=13612"}],"version-history":[{"count":5,"href":"https:\/\/2017.carnico.it\/blog\/wp-json\/wp\/v2\/posts\/13612\/revisions"}],"predecessor-version":[{"id":13623,"href":"https:\/\/2017.carnico.it\/blog\/wp-json\/wp\/v2\/posts\/13612\/revisions\/13623"}],"wp:attachment":[{"href":"https:\/\/2017.carnico.it\/blog\/wp-json\/wp\/v2\/media?parent=13612"}],"wp:term":[{"taxonomy":"category","embeddable":true,"href":"https:\/\/2017.carnico.it\/blog\/wp-json\/wp\/v2\/categories?post=13612"},{"taxonomy":"post_tag","embeddable":true,"href":"https:\/\/2017.carnico.it\/blog\/wp-json\/wp\/v2\/tags?post=13612"}],"curies":[{"name":"wp","href":"https:\/\/api.w.org\/{rel}","templated":true}]}}