{"id":13413,"date":"2016-06-01T10:50:05","date_gmt":"2016-06-01T08:50:05","guid":{"rendered":"http:\/\/www.carnico.it\/blog\/?p=13413"},"modified":"2016-06-01T10:53:19","modified_gmt":"2016-06-01T08:53:19","slug":"al-via-lerrea-cup-2016","status":"publish","type":"post","link":"https:\/\/2017.carnico.it\/blog\/2016\/06\/01\/al-via-lerrea-cup-2016\/","title":{"rendered":"AL VIA L&#8217;ERREA&#8217; CUP 2016"},"content":{"rendered":"<p><img loading=\"lazy\" decoding=\"async\" class=\"alignleft wp-image-13416\" src=\"https:\/\/www.carnico.it\/blog\/wp-content\/uploads\/2016\/06\/294-2-300x62.jpg\" alt=\"294\" width=\"350\" height=\"72\" srcset=\"https:\/\/2017.carnico.it\/blog\/wp-content\/uploads\/2016\/06\/294-2-300x62.jpg 300w, https:\/\/2017.carnico.it\/blog\/wp-content\/uploads\/2016\/06\/294-2-450x93.jpg 450w, https:\/\/2017.carnico.it\/blog\/wp-content\/uploads\/2016\/06\/294-2-630x130.jpg 630w, https:\/\/2017.carnico.it\/blog\/wp-content\/uploads\/2016\/06\/294-2.jpg 960w\" sizes=\"auto, (max-width: 350px) 100vw, 350px\" \/>Con la sesta giornata di campionato, in programma gioved\u00ec 2 giugno (anticipi del 1\u00b0 giugno compresi), prende il via l&#8217;<strong>Erre\u00e0 Cup 2016<\/strong>, appuntamento ormai tradizionale che conferma ancora una volta lo stretto rapporto di collaborazione fra <strong>Erre\u00e0 Play Udine<\/strong> e il mondo del Carnico.<br \/>\nSono 19 le squadre che vestono il marchio Erre\u00e0, partecipando cos\u00ec alla Erre\u00e0 Cup 2016, dove in collaborazione con <strong><a href=\"http:\/\/WWW.RSN.IT\">Radio Studio Nord<\/a><\/strong> e <strong>Carnico.it<\/strong> verranno prese in considerazione le 17 gare successive alla data del 1 giugno stilando, una classifica che verr\u00e0 inserita in uno <a href=\"https:\/\/www.carnico.it\/classifica-errea\/\">spazio personalizzato su questo sito.<\/a><\/p>\n<p><!--more-->Queste le partecipanti:<\/p>\n<p><strong>REAL <\/strong><br \/>\n<strong>CEDARCHIS<\/strong><br \/>\n<strong>FUSCA<\/strong><br \/>\n<strong>CAMPAGNOLA<\/strong><br \/>\n<strong>VAL DEL LAGO<\/strong><br \/>\n<strong>FOLGORE<\/strong><br \/>\n<strong>PALUZZA<\/strong><br \/>\n<strong>VELOX<\/strong><br \/>\n<strong>EDERA<\/strong><br \/>\n<strong>TARVISIO<\/strong><br \/>\n<strong>AMARO<\/strong><br \/>\n<strong>TRASAGHIS<\/strong><br \/>\n<strong>BORDANO<\/strong><br \/>\n<strong>PONTEBBANA<\/strong><br \/>\n<strong>LA DELIZIA<\/strong><br \/>\n<strong>AMPEZZO<\/strong><br \/>\n<strong>ILLEGIANA<\/strong><br \/>\n<strong>CERCIVENTO<\/strong><br \/>\n<strong>LAUCO<\/strong><\/p>\n<p>La classifica verr\u00e0 stilata in base ai seguenti criteri:<br \/>\n-3 punti in caso di vittoria<br \/>\n-1 punto in caso di pareggio<br \/>\n-0 punti in caso di sconfitta<\/p>\n<p>In caso di parit\u00e0 di punti, per determinare la vincitrice valgono i criteri in ordine elencati: differenza reti sul totale degli incontri disputati; maggior numeri di goals segnati sul totale delle partite disputate; minor numero di goal sul totale degli incontri disputati.<\/p>\n<p>Al termine del campionato la squadra prima classificata ricever\u00e0 in premio un assegno pari a \u20ac 500,00 iva compresa per acquisti di abbigliamento o accessori spendibile entro il 30 marzo 2017.<br \/>\nVerranno inoltre premiati 3 tra giocatori, allenatori o dirigenti che maggiormente si saranno messi in evidenza per gesti tecnici o situazione di \u201cfair play\u201d su indicazione di Radio Studio Nord.<\/p>\n","protected":false},"excerpt":{"rendered":"<p>Con la sesta giornata di campionato, in programma gioved\u00ec 2 giugno (anticipi del 1\u00b0 giugno compresi), prende il via l&#8217;Erre\u00e0 Cup 2016, appuntamento ormai tradizionale che conferma ancora una volta lo stretto rapporto di collaborazione fra Erre\u00e0 Play Udine e il mondo del Carnico. Sono 19 le squadre che vestono il marchio Erre\u00e0, partecipando cos\u00ec [&hellip;]<\/p>\n","protected":false},"author":10,"featured_media":0,"comment_status":"open","ping_status":"closed","sticky":false,"template":"","format":"standard","meta":{"footnotes":""},"categories":[3,5],"tags":[8,10,15],"class_list":["post-13413","post","type-post","status-publish","format-standard","hentry","category-carnico","category-varie","tag-calcio","tag-campionato-carnico","tag-carnico"],"yoast_head":"<!-- This site is optimized with the Yoast SEO plugin v27.3 - https:\/\/yoast.com\/product\/yoast-seo-wordpress\/ -->\n<title>AL VIA L&#039;ERREA&#039; CUP 2016 - Campionato Carnico 2017<\/title>\n<meta name=\"robots\" content=\"index, follow, max-snippet:-1, max-image-preview:large, max-video-preview:-1\" \/>\n<link rel=\"canonical\" href=\"https:\/\/2017.carnico.it\/blog\/2016\/06\/01\/al-via-lerrea-cup-2016\/\" \/>\n<meta property=\"og:locale\" content=\"it_IT\" \/>\n<meta property=\"og:type\" content=\"article\" \/>\n<meta property=\"og:title\" content=\"AL VIA L&#039;ERREA&#039; CUP 2016 - Campionato Carnico 2017\" \/>\n<meta property=\"og:description\" content=\"Con la sesta giornata di campionato, in programma gioved\u00ec 2 giugno (anticipi del 1\u00b0 giugno compresi), prende il via l&#8217;Erre\u00e0 Cup 2016, appuntamento ormai tradizionale che conferma ancora una volta lo stretto rapporto di collaborazione fra Erre\u00e0 Play Udine e il mondo del Carnico. Sono 19 le squadre che vestono il marchio Erre\u00e0, partecipando cos\u00ec [&hellip;]\" \/>\n<meta property=\"og:url\" content=\"https:\/\/2017.carnico.it\/blog\/2016\/06\/01\/al-via-lerrea-cup-2016\/\" \/>\n<meta property=\"og:site_name\" content=\"Campionato Carnico 2017\" \/>\n<meta property=\"article:publisher\" content=\"https:\/\/www.facebook.com\/campionatocarnico\/\" \/>\n<meta property=\"article:published_time\" content=\"2016-06-01T08:50:05+00:00\" \/>\n<meta property=\"article:modified_time\" content=\"2016-06-01T08:53:19+00:00\" \/>\n<meta property=\"og:image\" content=\"https:\/\/www.carnico.it\/blog\/wp-content\/uploads\/2016\/06\/294-2-300x62.jpg\" \/>\n<meta name=\"author\" content=\"Redazione\" \/>\n<meta name=\"twitter:card\" content=\"summary_large_image\" \/>\n<meta name=\"twitter:label1\" content=\"Scritto da\" \/>\n\t<meta name=\"twitter:data1\" content=\"Redazione\" \/>\n\t<meta name=\"twitter:label2\" content=\"Tempo di lettura stimato\" \/>\n\t<meta name=\"twitter:data2\" content=\"1 minuto\" \/>\n<script type=\"application\/ld+json\" class=\"yoast-schema-graph\">{\"@context\":\"https:\\\/\\\/schema.org\",\"@graph\":[{\"@type\":\"Article\",\"@id\":\"https:\\\/\\\/2017.carnico.it\\\/blog\\\/2016\\\/06\\\/01\\\/al-via-lerrea-cup-2016\\\/#article\",\"isPartOf\":{\"@id\":\"https:\\\/\\\/2017.carnico.it\\\/blog\\\/2016\\\/06\\\/01\\\/al-via-lerrea-cup-2016\\\/\"},\"author\":{\"name\":\"Redazione\",\"@id\":\"https:\\\/\\\/2017.carnico.it\\\/blog\\\/#\\\/schema\\\/person\\\/a68c764693d96df3238f123ea014e78c\"},\"headline\":\"AL VIA L&#8217;ERREA&#8217; CUP 2016\",\"datePublished\":\"2016-06-01T08:50:05+00:00\",\"dateModified\":\"2016-06-01T08:53:19+00:00\",\"mainEntityOfPage\":{\"@id\":\"https:\\\/\\\/2017.carnico.it\\\/blog\\\/2016\\\/06\\\/01\\\/al-via-lerrea-cup-2016\\\/\"},\"wordCount\":244,\"commentCount\":0,\"image\":{\"@id\":\"https:\\\/\\\/2017.carnico.it\\\/blog\\\/2016\\\/06\\\/01\\\/al-via-lerrea-cup-2016\\\/#primaryimage\"},\"thumbnailUrl\":\"https:\\\/\\\/www.carnico.it\\\/blog\\\/wp-content\\\/uploads\\\/2016\\\/06\\\/294-2-300x62.jpg\",\"keywords\":[\"calcio\",\"Campionato Carnico\",\"Carnico\"],\"articleSection\":[\"Carnico\",\"Varie\"],\"inLanguage\":\"it-IT\",\"potentialAction\":[{\"@type\":\"CommentAction\",\"name\":\"Comment\",\"target\":[\"https:\\\/\\\/2017.carnico.it\\\/blog\\\/2016\\\/06\\\/01\\\/al-via-lerrea-cup-2016\\\/#respond\"]}]},{\"@type\":\"WebPage\",\"@id\":\"https:\\\/\\\/2017.carnico.it\\\/blog\\\/2016\\\/06\\\/01\\\/al-via-lerrea-cup-2016\\\/\",\"url\":\"https:\\\/\\\/2017.carnico.it\\\/blog\\\/2016\\\/06\\\/01\\\/al-via-lerrea-cup-2016\\\/\",\"name\":\"AL VIA L'ERREA' CUP 2016 - Campionato Carnico 2017\",\"isPartOf\":{\"@id\":\"https:\\\/\\\/2017.carnico.it\\\/blog\\\/#website\"},\"primaryImageOfPage\":{\"@id\":\"https:\\\/\\\/2017.carnico.it\\\/blog\\\/2016\\\/06\\\/01\\\/al-via-lerrea-cup-2016\\\/#primaryimage\"},\"image\":{\"@id\":\"https:\\\/\\\/2017.carnico.it\\\/blog\\\/2016\\\/06\\\/01\\\/al-via-lerrea-cup-2016\\\/#primaryimage\"},\"thumbnailUrl\":\"https:\\\/\\\/www.carnico.it\\\/blog\\\/wp-content\\\/uploads\\\/2016\\\/06\\\/294-2-300x62.jpg\",\"datePublished\":\"2016-06-01T08:50:05+00:00\",\"dateModified\":\"2016-06-01T08:53:19+00:00\",\"author\":{\"@id\":\"https:\\\/\\\/2017.carnico.it\\\/blog\\\/#\\\/schema\\\/person\\\/a68c764693d96df3238f123ea014e78c\"},\"breadcrumb\":{\"@id\":\"https:\\\/\\\/2017.carnico.it\\\/blog\\\/2016\\\/06\\\/01\\\/al-via-lerrea-cup-2016\\\/#breadcrumb\"},\"inLanguage\":\"it-IT\",\"potentialAction\":[{\"@type\":\"ReadAction\",\"target\":[\"https:\\\/\\\/2017.carnico.it\\\/blog\\\/2016\\\/06\\\/01\\\/al-via-lerrea-cup-2016\\\/\"]}]},{\"@type\":\"ImageObject\",\"inLanguage\":\"it-IT\",\"@id\":\"https:\\\/\\\/2017.carnico.it\\\/blog\\\/2016\\\/06\\\/01\\\/al-via-lerrea-cup-2016\\\/#primaryimage\",\"url\":\"https:\\\/\\\/www.carnico.it\\\/blog\\\/wp-content\\\/uploads\\\/2016\\\/06\\\/294-2-300x62.jpg\",\"contentUrl\":\"https:\\\/\\\/www.carnico.it\\\/blog\\\/wp-content\\\/uploads\\\/2016\\\/06\\\/294-2-300x62.jpg\"},{\"@type\":\"BreadcrumbList\",\"@id\":\"https:\\\/\\\/2017.carnico.it\\\/blog\\\/2016\\\/06\\\/01\\\/al-via-lerrea-cup-2016\\\/#breadcrumb\",\"itemListElement\":[{\"@type\":\"ListItem\",\"position\":1,\"name\":\"Home\",\"item\":\"https:\\\/\\\/2017.carnico.it\\\/blog\\\/\"},{\"@type\":\"ListItem\",\"position\":2,\"name\":\"AL VIA L&#8217;ERREA&#8217; CUP 2016\"}]},{\"@type\":\"WebSite\",\"@id\":\"https:\\\/\\\/2017.carnico.it\\\/blog\\\/#website\",\"url\":\"https:\\\/\\\/2017.carnico.it\\\/blog\\\/\",\"name\":\"Campionato Carnico 2017\",\"description\":\"Notizie e aggiornamenti in tempo reale sul campionato Carnico\",\"potentialAction\":[{\"@type\":\"SearchAction\",\"target\":{\"@type\":\"EntryPoint\",\"urlTemplate\":\"https:\\\/\\\/2017.carnico.it\\\/blog\\\/?s={search_term_string}\"},\"query-input\":{\"@type\":\"PropertyValueSpecification\",\"valueRequired\":true,\"valueName\":\"search_term_string\"}}],\"inLanguage\":\"it-IT\"},{\"@type\":\"Person\",\"@id\":\"https:\\\/\\\/2017.carnico.it\\\/blog\\\/#\\\/schema\\\/person\\\/a68c764693d96df3238f123ea014e78c\",\"name\":\"Redazione\",\"image\":{\"@type\":\"ImageObject\",\"inLanguage\":\"it-IT\",\"@id\":\"https:\\\/\\\/secure.gravatar.com\\\/avatar\\\/6c05bd4dddbea475e283f76b4aa2d778ecb35c06fd92df5f6e0cac552163e2ac?s=96&d=mm&r=g\",\"url\":\"https:\\\/\\\/secure.gravatar.com\\\/avatar\\\/6c05bd4dddbea475e283f76b4aa2d778ecb35c06fd92df5f6e0cac552163e2ac?s=96&d=mm&r=g\",\"contentUrl\":\"https:\\\/\\\/secure.gravatar.com\\\/avatar\\\/6c05bd4dddbea475e283f76b4aa2d778ecb35c06fd92df5f6e0cac552163e2ac?s=96&d=mm&r=g\",\"caption\":\"Redazione\"},\"url\":\"https:\\\/\\\/2017.carnico.it\\\/blog\\\/author\\\/clyco-admin\\\/\"}]}<\/script>\n<!-- \/ Yoast SEO plugin. -->","yoast_head_json":{"title":"AL VIA L'ERREA' CUP 2016 - Campionato Carnico 2017","robots":{"index":"index","follow":"follow","max-snippet":"max-snippet:-1","max-image-preview":"max-image-preview:large","max-video-preview":"max-video-preview:-1"},"canonical":"https:\/\/2017.carnico.it\/blog\/2016\/06\/01\/al-via-lerrea-cup-2016\/","og_locale":"it_IT","og_type":"article","og_title":"AL VIA L'ERREA' CUP 2016 - Campionato Carnico 2017","og_description":"Con la sesta giornata di campionato, in programma gioved\u00ec 2 giugno (anticipi del 1\u00b0 giugno compresi), prende il via l&#8217;Erre\u00e0 Cup 2016, appuntamento ormai tradizionale che conferma ancora una volta lo stretto rapporto di collaborazione fra Erre\u00e0 Play Udine e il mondo del Carnico. Sono 19 le squadre che vestono il marchio Erre\u00e0, partecipando cos\u00ec [&hellip;]","og_url":"https:\/\/2017.carnico.it\/blog\/2016\/06\/01\/al-via-lerrea-cup-2016\/","og_site_name":"Campionato Carnico 2017","article_publisher":"https:\/\/www.facebook.com\/campionatocarnico\/","article_published_time":"2016-06-01T08:50:05+00:00","article_modified_time":"2016-06-01T08:53:19+00:00","og_image":[{"url":"https:\/\/www.carnico.it\/blog\/wp-content\/uploads\/2016\/06\/294-2-300x62.jpg","type":"","width":"","height":""}],"author":"Redazione","twitter_card":"summary_large_image","twitter_misc":{"Scritto da":"Redazione","Tempo di lettura stimato":"1 minuto"},"schema":{"@context":"https:\/\/schema.org","@graph":[{"@type":"Article","@id":"https:\/\/2017.carnico.it\/blog\/2016\/06\/01\/al-via-lerrea-cup-2016\/#article","isPartOf":{"@id":"https:\/\/2017.carnico.it\/blog\/2016\/06\/01\/al-via-lerrea-cup-2016\/"},"author":{"name":"Redazione","@id":"https:\/\/2017.carnico.it\/blog\/#\/schema\/person\/a68c764693d96df3238f123ea014e78c"},"headline":"AL VIA L&#8217;ERREA&#8217; CUP 2016","datePublished":"2016-06-01T08:50:05+00:00","dateModified":"2016-06-01T08:53:19+00:00","mainEntityOfPage":{"@id":"https:\/\/2017.carnico.it\/blog\/2016\/06\/01\/al-via-lerrea-cup-2016\/"},"wordCount":244,"commentCount":0,"image":{"@id":"https:\/\/2017.carnico.it\/blog\/2016\/06\/01\/al-via-lerrea-cup-2016\/#primaryimage"},"thumbnailUrl":"https:\/\/www.carnico.it\/blog\/wp-content\/uploads\/2016\/06\/294-2-300x62.jpg","keywords":["calcio","Campionato Carnico","Carnico"],"articleSection":["Carnico","Varie"],"inLanguage":"it-IT","potentialAction":[{"@type":"CommentAction","name":"Comment","target":["https:\/\/2017.carnico.it\/blog\/2016\/06\/01\/al-via-lerrea-cup-2016\/#respond"]}]},{"@type":"WebPage","@id":"https:\/\/2017.carnico.it\/blog\/2016\/06\/01\/al-via-lerrea-cup-2016\/","url":"https:\/\/2017.carnico.it\/blog\/2016\/06\/01\/al-via-lerrea-cup-2016\/","name":"AL VIA L'ERREA' CUP 2016 - Campionato Carnico 2017","isPartOf":{"@id":"https:\/\/2017.carnico.it\/blog\/#website"},"primaryImageOfPage":{"@id":"https:\/\/2017.carnico.it\/blog\/2016\/06\/01\/al-via-lerrea-cup-2016\/#primaryimage"},"image":{"@id":"https:\/\/2017.carnico.it\/blog\/2016\/06\/01\/al-via-lerrea-cup-2016\/#primaryimage"},"thumbnailUrl":"https:\/\/www.carnico.it\/blog\/wp-content\/uploads\/2016\/06\/294-2-300x62.jpg","datePublished":"2016-06-01T08:50:05+00:00","dateModified":"2016-06-01T08:53:19+00:00","author":{"@id":"https:\/\/2017.carnico.it\/blog\/#\/schema\/person\/a68c764693d96df3238f123ea014e78c"},"breadcrumb":{"@id":"https:\/\/2017.carnico.it\/blog\/2016\/06\/01\/al-via-lerrea-cup-2016\/#breadcrumb"},"inLanguage":"it-IT","potentialAction":[{"@type":"ReadAction","target":["https:\/\/2017.carnico.it\/blog\/2016\/06\/01\/al-via-lerrea-cup-2016\/"]}]},{"@type":"ImageObject","inLanguage":"it-IT","@id":"https:\/\/2017.carnico.it\/blog\/2016\/06\/01\/al-via-lerrea-cup-2016\/#primaryimage","url":"https:\/\/www.carnico.it\/blog\/wp-content\/uploads\/2016\/06\/294-2-300x62.jpg","contentUrl":"https:\/\/www.carnico.it\/blog\/wp-content\/uploads\/2016\/06\/294-2-300x62.jpg"},{"@type":"BreadcrumbList","@id":"https:\/\/2017.carnico.it\/blog\/2016\/06\/01\/al-via-lerrea-cup-2016\/#breadcrumb","itemListElement":[{"@type":"ListItem","position":1,"name":"Home","item":"https:\/\/2017.carnico.it\/blog\/"},{"@type":"ListItem","position":2,"name":"AL VIA L&#8217;ERREA&#8217; CUP 2016"}]},{"@type":"WebSite","@id":"https:\/\/2017.carnico.it\/blog\/#website","url":"https:\/\/2017.carnico.it\/blog\/","name":"Campionato Carnico 2017","description":"Notizie e aggiornamenti in tempo reale sul campionato Carnico","potentialAction":[{"@type":"SearchAction","target":{"@type":"EntryPoint","urlTemplate":"https:\/\/2017.carnico.it\/blog\/?s={search_term_string}"},"query-input":{"@type":"PropertyValueSpecification","valueRequired":true,"valueName":"search_term_string"}}],"inLanguage":"it-IT"},{"@type":"Person","@id":"https:\/\/2017.carnico.it\/blog\/#\/schema\/person\/a68c764693d96df3238f123ea014e78c","name":"Redazione","image":{"@type":"ImageObject","inLanguage":"it-IT","@id":"https:\/\/secure.gravatar.com\/avatar\/6c05bd4dddbea475e283f76b4aa2d778ecb35c06fd92df5f6e0cac552163e2ac?s=96&d=mm&r=g","url":"https:\/\/secure.gravatar.com\/avatar\/6c05bd4dddbea475e283f76b4aa2d778ecb35c06fd92df5f6e0cac552163e2ac?s=96&d=mm&r=g","contentUrl":"https:\/\/secure.gravatar.com\/avatar\/6c05bd4dddbea475e283f76b4aa2d778ecb35c06fd92df5f6e0cac552163e2ac?s=96&d=mm&r=g","caption":"Redazione"},"url":"https:\/\/2017.carnico.it\/blog\/author\/clyco-admin\/"}]}},"_links":{"self":[{"href":"https:\/\/2017.carnico.it\/blog\/wp-json\/wp\/v2\/posts\/13413","targetHints":{"allow":["GET"]}}],"collection":[{"href":"https:\/\/2017.carnico.it\/blog\/wp-json\/wp\/v2\/posts"}],"about":[{"href":"https:\/\/2017.carnico.it\/blog\/wp-json\/wp\/v2\/types\/post"}],"author":[{"embeddable":true,"href":"https:\/\/2017.carnico.it\/blog\/wp-json\/wp\/v2\/users\/10"}],"replies":[{"embeddable":true,"href":"https:\/\/2017.carnico.it\/blog\/wp-json\/wp\/v2\/comments?post=13413"}],"version-history":[{"count":5,"href":"https:\/\/2017.carnico.it\/blog\/wp-json\/wp\/v2\/posts\/13413\/revisions"}],"predecessor-version":[{"id":13421,"href":"https:\/\/2017.carnico.it\/blog\/wp-json\/wp\/v2\/posts\/13413\/revisions\/13421"}],"wp:attachment":[{"href":"https:\/\/2017.carnico.it\/blog\/wp-json\/wp\/v2\/media?parent=13413"}],"wp:term":[{"taxonomy":"category","embeddable":true,"href":"https:\/\/2017.carnico.it\/blog\/wp-json\/wp\/v2\/categories?post=13413"},{"taxonomy":"post_tag","embeddable":true,"href":"https:\/\/2017.carnico.it\/blog\/wp-json\/wp\/v2\/tags?post=13413"}],"curies":[{"name":"wp","href":"https:\/\/api.w.org\/{rel}","templated":true}]}}