{"id":12908,"date":"2016-04-13T12:00:49","date_gmt":"2016-04-13T10:00:49","guid":{"rendered":"http:\/\/www.carnico.it\/blog\/?p=12908"},"modified":"2016-04-11T23:00:27","modified_gmt":"2016-04-11T21:00:27","slug":"il-comeglians-ricorda-roberto-pellizzari","status":"publish","type":"post","link":"https:\/\/2017.carnico.it\/blog\/2016\/04\/13\/il-comeglians-ricorda-roberto-pellizzari\/","title":{"rendered":"IL COMEGLIANS RICORDA ROBERTO PELLIZZARI"},"content":{"rendered":"<div id=\"attachment_12909\" style=\"width: 194px\" class=\"wp-caption alignleft\"><a href=\"https:\/\/www.carnico.it\/blog\/2016\/04\/11\/il-comeglians-ricorda-roberto-pellizzari\/pelli-3\/\" rel=\"attachment wp-att-12909\"><img loading=\"lazy\" decoding=\"async\" aria-describedby=\"caption-attachment-12909\" class=\" wp-image-12909\" src=\"https:\/\/www.carnico.it\/blog\/wp-content\/uploads\/2016\/04\/PELLI-326x450.jpg\" alt=\"La locandina della manifestazione.\" width=\"184\" height=\"254\" srcset=\"https:\/\/2017.carnico.it\/blog\/wp-content\/uploads\/2016\/04\/PELLI-326x450.jpg 326w, https:\/\/2017.carnico.it\/blog\/wp-content\/uploads\/2016\/04\/PELLI-181x250.jpg 181w, https:\/\/2017.carnico.it\/blog\/wp-content\/uploads\/2016\/04\/PELLI-768x1060.jpg 768w, https:\/\/2017.carnico.it\/blog\/wp-content\/uploads\/2016\/04\/PELLI-456x630.jpg 456w, https:\/\/2017.carnico.it\/blog\/wp-content\/uploads\/2016\/04\/PELLI.jpg 1700w\" sizes=\"auto, (max-width: 184px) 100vw, 184px\" \/><\/a><p id=\"caption-attachment-12909\" class=\"wp-caption-text\">La locandina della manifestazione.<\/p><\/div>\n<p>Roberto Pellizzari, storico dirigente biancorosso, \u00e8 sempre vivo nel ricordo del Comeglians, ma pi\u00f9 in generale di Comeglians, intesa come comunit\u00e0. A lui, scomparso nel luglio scorso, la societ\u00e0 del presidente Pietro Vesnaver ha deciso di intitolare un memorial che si terr\u00e0 presso il campo sportivo della localit\u00e0 della \u00a0Val di Gorto sabato 15 aprile con inizio alle ore 15. Alla manifestazione parteciperanno, oltre al Comeglians, anche l\u2019Ancora e l\u2019Ovarese. Ecco il programma del torneo, biennale non consecutivo:<\/p>\n<p>ORE 15: ANCORA &#8211; OVARESE<br \/>\nORE 15: COMEGLIANS \u2013 perdente prima partita<br \/>\nORE 17: COMEGLIANS \u2013 vincente prima partita<\/p>\n","protected":false},"excerpt":{"rendered":"<p>Roberto Pellizzari, storico dirigente biancorosso, \u00e8 sempre vivo nel ricordo del Comeglians, ma pi\u00f9 in generale di Comeglians, intesa come comunit\u00e0. A lui, scomparso nel luglio scorso, la societ\u00e0 del presidente Pietro Vesnaver ha deciso di intitolare un memorial che si terr\u00e0 presso il campo sportivo della localit\u00e0 della \u00a0Val di Gorto sabato 15 aprile [&hellip;]<\/p>\n","protected":false},"author":10,"featured_media":0,"comment_status":"open","ping_status":"closed","sticky":false,"template":"","format":"standard","meta":{"footnotes":""},"categories":[3,5],"tags":[],"class_list":["post-12908","post","type-post","status-publish","format-standard","hentry","category-carnico","category-varie"],"yoast_head":"<!-- This site is optimized with the Yoast SEO plugin v27.3 - https:\/\/yoast.com\/product\/yoast-seo-wordpress\/ -->\n<title>IL COMEGLIANS RICORDA ROBERTO PELLIZZARI - Campionato Carnico 2017<\/title>\n<meta name=\"robots\" content=\"index, follow, max-snippet:-1, max-image-preview:large, max-video-preview:-1\" \/>\n<link rel=\"canonical\" href=\"https:\/\/2017.carnico.it\/blog\/2016\/04\/13\/il-comeglians-ricorda-roberto-pellizzari\/\" \/>\n<meta property=\"og:locale\" content=\"it_IT\" \/>\n<meta property=\"og:type\" content=\"article\" \/>\n<meta property=\"og:title\" content=\"IL COMEGLIANS RICORDA ROBERTO PELLIZZARI - Campionato Carnico 2017\" \/>\n<meta property=\"og:description\" content=\"Roberto Pellizzari, storico dirigente biancorosso, \u00e8 sempre vivo nel ricordo del Comeglians, ma pi\u00f9 in generale di Comeglians, intesa come comunit\u00e0. A lui, scomparso nel luglio scorso, la societ\u00e0 del presidente Pietro Vesnaver ha deciso di intitolare un memorial che si terr\u00e0 presso il campo sportivo della localit\u00e0 della \u00a0Val di Gorto sabato 15 aprile [&hellip;]\" \/>\n<meta property=\"og:url\" content=\"https:\/\/2017.carnico.it\/blog\/2016\/04\/13\/il-comeglians-ricorda-roberto-pellizzari\/\" \/>\n<meta property=\"og:site_name\" content=\"Campionato Carnico 2017\" \/>\n<meta property=\"article:publisher\" content=\"https:\/\/www.facebook.com\/campionatocarnico\/\" \/>\n<meta property=\"article:published_time\" content=\"2016-04-13T10:00:49+00:00\" \/>\n<meta property=\"og:image\" content=\"https:\/\/www.carnico.it\/blog\/wp-content\/uploads\/2016\/04\/PELLI-326x450.jpg\" \/>\n<meta name=\"author\" content=\"Redazione\" \/>\n<meta name=\"twitter:card\" content=\"summary_large_image\" \/>\n<meta name=\"twitter:label1\" content=\"Scritto da\" \/>\n\t<meta name=\"twitter:data1\" content=\"Redazione\" \/>\n\t<meta name=\"twitter:label2\" content=\"Tempo di lettura stimato\" \/>\n\t<meta name=\"twitter:data2\" content=\"1 minuto\" \/>\n<script type=\"application\/ld+json\" class=\"yoast-schema-graph\">{\"@context\":\"https:\\\/\\\/schema.org\",\"@graph\":[{\"@type\":\"Article\",\"@id\":\"https:\\\/\\\/2017.carnico.it\\\/blog\\\/2016\\\/04\\\/13\\\/il-comeglians-ricorda-roberto-pellizzari\\\/#article\",\"isPartOf\":{\"@id\":\"https:\\\/\\\/2017.carnico.it\\\/blog\\\/2016\\\/04\\\/13\\\/il-comeglians-ricorda-roberto-pellizzari\\\/\"},\"author\":{\"name\":\"Redazione\",\"@id\":\"https:\\\/\\\/2017.carnico.it\\\/blog\\\/#\\\/schema\\\/person\\\/a68c764693d96df3238f123ea014e78c\"},\"headline\":\"IL COMEGLIANS RICORDA ROBERTO PELLIZZARI\",\"datePublished\":\"2016-04-13T10:00:49+00:00\",\"mainEntityOfPage\":{\"@id\":\"https:\\\/\\\/2017.carnico.it\\\/blog\\\/2016\\\/04\\\/13\\\/il-comeglians-ricorda-roberto-pellizzari\\\/\"},\"wordCount\":107,\"commentCount\":0,\"image\":{\"@id\":\"https:\\\/\\\/2017.carnico.it\\\/blog\\\/2016\\\/04\\\/13\\\/il-comeglians-ricorda-roberto-pellizzari\\\/#primaryimage\"},\"thumbnailUrl\":\"https:\\\/\\\/www.carnico.it\\\/blog\\\/wp-content\\\/uploads\\\/2016\\\/04\\\/PELLI-326x450.jpg\",\"articleSection\":[\"Carnico\",\"Varie\"],\"inLanguage\":\"it-IT\",\"potentialAction\":[{\"@type\":\"CommentAction\",\"name\":\"Comment\",\"target\":[\"https:\\\/\\\/2017.carnico.it\\\/blog\\\/2016\\\/04\\\/13\\\/il-comeglians-ricorda-roberto-pellizzari\\\/#respond\"]}]},{\"@type\":\"WebPage\",\"@id\":\"https:\\\/\\\/2017.carnico.it\\\/blog\\\/2016\\\/04\\\/13\\\/il-comeglians-ricorda-roberto-pellizzari\\\/\",\"url\":\"https:\\\/\\\/2017.carnico.it\\\/blog\\\/2016\\\/04\\\/13\\\/il-comeglians-ricorda-roberto-pellizzari\\\/\",\"name\":\"IL COMEGLIANS RICORDA ROBERTO PELLIZZARI - Campionato Carnico 2017\",\"isPartOf\":{\"@id\":\"https:\\\/\\\/2017.carnico.it\\\/blog\\\/#website\"},\"primaryImageOfPage\":{\"@id\":\"https:\\\/\\\/2017.carnico.it\\\/blog\\\/2016\\\/04\\\/13\\\/il-comeglians-ricorda-roberto-pellizzari\\\/#primaryimage\"},\"image\":{\"@id\":\"https:\\\/\\\/2017.carnico.it\\\/blog\\\/2016\\\/04\\\/13\\\/il-comeglians-ricorda-roberto-pellizzari\\\/#primaryimage\"},\"thumbnailUrl\":\"https:\\\/\\\/www.carnico.it\\\/blog\\\/wp-content\\\/uploads\\\/2016\\\/04\\\/PELLI-326x450.jpg\",\"datePublished\":\"2016-04-13T10:00:49+00:00\",\"author\":{\"@id\":\"https:\\\/\\\/2017.carnico.it\\\/blog\\\/#\\\/schema\\\/person\\\/a68c764693d96df3238f123ea014e78c\"},\"breadcrumb\":{\"@id\":\"https:\\\/\\\/2017.carnico.it\\\/blog\\\/2016\\\/04\\\/13\\\/il-comeglians-ricorda-roberto-pellizzari\\\/#breadcrumb\"},\"inLanguage\":\"it-IT\",\"potentialAction\":[{\"@type\":\"ReadAction\",\"target\":[\"https:\\\/\\\/2017.carnico.it\\\/blog\\\/2016\\\/04\\\/13\\\/il-comeglians-ricorda-roberto-pellizzari\\\/\"]}]},{\"@type\":\"ImageObject\",\"inLanguage\":\"it-IT\",\"@id\":\"https:\\\/\\\/2017.carnico.it\\\/blog\\\/2016\\\/04\\\/13\\\/il-comeglians-ricorda-roberto-pellizzari\\\/#primaryimage\",\"url\":\"https:\\\/\\\/www.carnico.it\\\/blog\\\/wp-content\\\/uploads\\\/2016\\\/04\\\/PELLI-326x450.jpg\",\"contentUrl\":\"https:\\\/\\\/www.carnico.it\\\/blog\\\/wp-content\\\/uploads\\\/2016\\\/04\\\/PELLI-326x450.jpg\"},{\"@type\":\"BreadcrumbList\",\"@id\":\"https:\\\/\\\/2017.carnico.it\\\/blog\\\/2016\\\/04\\\/13\\\/il-comeglians-ricorda-roberto-pellizzari\\\/#breadcrumb\",\"itemListElement\":[{\"@type\":\"ListItem\",\"position\":1,\"name\":\"Home\",\"item\":\"https:\\\/\\\/2017.carnico.it\\\/blog\\\/\"},{\"@type\":\"ListItem\",\"position\":2,\"name\":\"IL COMEGLIANS RICORDA ROBERTO PELLIZZARI\"}]},{\"@type\":\"WebSite\",\"@id\":\"https:\\\/\\\/2017.carnico.it\\\/blog\\\/#website\",\"url\":\"https:\\\/\\\/2017.carnico.it\\\/blog\\\/\",\"name\":\"Campionato Carnico 2017\",\"description\":\"Notizie e aggiornamenti in tempo reale sul campionato Carnico\",\"potentialAction\":[{\"@type\":\"SearchAction\",\"target\":{\"@type\":\"EntryPoint\",\"urlTemplate\":\"https:\\\/\\\/2017.carnico.it\\\/blog\\\/?s={search_term_string}\"},\"query-input\":{\"@type\":\"PropertyValueSpecification\",\"valueRequired\":true,\"valueName\":\"search_term_string\"}}],\"inLanguage\":\"it-IT\"},{\"@type\":\"Person\",\"@id\":\"https:\\\/\\\/2017.carnico.it\\\/blog\\\/#\\\/schema\\\/person\\\/a68c764693d96df3238f123ea014e78c\",\"name\":\"Redazione\",\"image\":{\"@type\":\"ImageObject\",\"inLanguage\":\"it-IT\",\"@id\":\"https:\\\/\\\/secure.gravatar.com\\\/avatar\\\/6c05bd4dddbea475e283f76b4aa2d778ecb35c06fd92df5f6e0cac552163e2ac?s=96&d=mm&r=g\",\"url\":\"https:\\\/\\\/secure.gravatar.com\\\/avatar\\\/6c05bd4dddbea475e283f76b4aa2d778ecb35c06fd92df5f6e0cac552163e2ac?s=96&d=mm&r=g\",\"contentUrl\":\"https:\\\/\\\/secure.gravatar.com\\\/avatar\\\/6c05bd4dddbea475e283f76b4aa2d778ecb35c06fd92df5f6e0cac552163e2ac?s=96&d=mm&r=g\",\"caption\":\"Redazione\"},\"url\":\"https:\\\/\\\/2017.carnico.it\\\/blog\\\/author\\\/clyco-admin\\\/\"}]}<\/script>\n<!-- \/ Yoast SEO plugin. -->","yoast_head_json":{"title":"IL COMEGLIANS RICORDA ROBERTO PELLIZZARI - Campionato Carnico 2017","robots":{"index":"index","follow":"follow","max-snippet":"max-snippet:-1","max-image-preview":"max-image-preview:large","max-video-preview":"max-video-preview:-1"},"canonical":"https:\/\/2017.carnico.it\/blog\/2016\/04\/13\/il-comeglians-ricorda-roberto-pellizzari\/","og_locale":"it_IT","og_type":"article","og_title":"IL COMEGLIANS RICORDA ROBERTO PELLIZZARI - Campionato Carnico 2017","og_description":"Roberto Pellizzari, storico dirigente biancorosso, \u00e8 sempre vivo nel ricordo del Comeglians, ma pi\u00f9 in generale di Comeglians, intesa come comunit\u00e0. A lui, scomparso nel luglio scorso, la societ\u00e0 del presidente Pietro Vesnaver ha deciso di intitolare un memorial che si terr\u00e0 presso il campo sportivo della localit\u00e0 della \u00a0Val di Gorto sabato 15 aprile [&hellip;]","og_url":"https:\/\/2017.carnico.it\/blog\/2016\/04\/13\/il-comeglians-ricorda-roberto-pellizzari\/","og_site_name":"Campionato Carnico 2017","article_publisher":"https:\/\/www.facebook.com\/campionatocarnico\/","article_published_time":"2016-04-13T10:00:49+00:00","og_image":[{"url":"https:\/\/www.carnico.it\/blog\/wp-content\/uploads\/2016\/04\/PELLI-326x450.jpg","type":"","width":"","height":""}],"author":"Redazione","twitter_card":"summary_large_image","twitter_misc":{"Scritto da":"Redazione","Tempo di lettura stimato":"1 minuto"},"schema":{"@context":"https:\/\/schema.org","@graph":[{"@type":"Article","@id":"https:\/\/2017.carnico.it\/blog\/2016\/04\/13\/il-comeglians-ricorda-roberto-pellizzari\/#article","isPartOf":{"@id":"https:\/\/2017.carnico.it\/blog\/2016\/04\/13\/il-comeglians-ricorda-roberto-pellizzari\/"},"author":{"name":"Redazione","@id":"https:\/\/2017.carnico.it\/blog\/#\/schema\/person\/a68c764693d96df3238f123ea014e78c"},"headline":"IL COMEGLIANS RICORDA ROBERTO PELLIZZARI","datePublished":"2016-04-13T10:00:49+00:00","mainEntityOfPage":{"@id":"https:\/\/2017.carnico.it\/blog\/2016\/04\/13\/il-comeglians-ricorda-roberto-pellizzari\/"},"wordCount":107,"commentCount":0,"image":{"@id":"https:\/\/2017.carnico.it\/blog\/2016\/04\/13\/il-comeglians-ricorda-roberto-pellizzari\/#primaryimage"},"thumbnailUrl":"https:\/\/www.carnico.it\/blog\/wp-content\/uploads\/2016\/04\/PELLI-326x450.jpg","articleSection":["Carnico","Varie"],"inLanguage":"it-IT","potentialAction":[{"@type":"CommentAction","name":"Comment","target":["https:\/\/2017.carnico.it\/blog\/2016\/04\/13\/il-comeglians-ricorda-roberto-pellizzari\/#respond"]}]},{"@type":"WebPage","@id":"https:\/\/2017.carnico.it\/blog\/2016\/04\/13\/il-comeglians-ricorda-roberto-pellizzari\/","url":"https:\/\/2017.carnico.it\/blog\/2016\/04\/13\/il-comeglians-ricorda-roberto-pellizzari\/","name":"IL COMEGLIANS RICORDA ROBERTO PELLIZZARI - Campionato Carnico 2017","isPartOf":{"@id":"https:\/\/2017.carnico.it\/blog\/#website"},"primaryImageOfPage":{"@id":"https:\/\/2017.carnico.it\/blog\/2016\/04\/13\/il-comeglians-ricorda-roberto-pellizzari\/#primaryimage"},"image":{"@id":"https:\/\/2017.carnico.it\/blog\/2016\/04\/13\/il-comeglians-ricorda-roberto-pellizzari\/#primaryimage"},"thumbnailUrl":"https:\/\/www.carnico.it\/blog\/wp-content\/uploads\/2016\/04\/PELLI-326x450.jpg","datePublished":"2016-04-13T10:00:49+00:00","author":{"@id":"https:\/\/2017.carnico.it\/blog\/#\/schema\/person\/a68c764693d96df3238f123ea014e78c"},"breadcrumb":{"@id":"https:\/\/2017.carnico.it\/blog\/2016\/04\/13\/il-comeglians-ricorda-roberto-pellizzari\/#breadcrumb"},"inLanguage":"it-IT","potentialAction":[{"@type":"ReadAction","target":["https:\/\/2017.carnico.it\/blog\/2016\/04\/13\/il-comeglians-ricorda-roberto-pellizzari\/"]}]},{"@type":"ImageObject","inLanguage":"it-IT","@id":"https:\/\/2017.carnico.it\/blog\/2016\/04\/13\/il-comeglians-ricorda-roberto-pellizzari\/#primaryimage","url":"https:\/\/www.carnico.it\/blog\/wp-content\/uploads\/2016\/04\/PELLI-326x450.jpg","contentUrl":"https:\/\/www.carnico.it\/blog\/wp-content\/uploads\/2016\/04\/PELLI-326x450.jpg"},{"@type":"BreadcrumbList","@id":"https:\/\/2017.carnico.it\/blog\/2016\/04\/13\/il-comeglians-ricorda-roberto-pellizzari\/#breadcrumb","itemListElement":[{"@type":"ListItem","position":1,"name":"Home","item":"https:\/\/2017.carnico.it\/blog\/"},{"@type":"ListItem","position":2,"name":"IL COMEGLIANS RICORDA ROBERTO PELLIZZARI"}]},{"@type":"WebSite","@id":"https:\/\/2017.carnico.it\/blog\/#website","url":"https:\/\/2017.carnico.it\/blog\/","name":"Campionato Carnico 2017","description":"Notizie e aggiornamenti in tempo reale sul campionato Carnico","potentialAction":[{"@type":"SearchAction","target":{"@type":"EntryPoint","urlTemplate":"https:\/\/2017.carnico.it\/blog\/?s={search_term_string}"},"query-input":{"@type":"PropertyValueSpecification","valueRequired":true,"valueName":"search_term_string"}}],"inLanguage":"it-IT"},{"@type":"Person","@id":"https:\/\/2017.carnico.it\/blog\/#\/schema\/person\/a68c764693d96df3238f123ea014e78c","name":"Redazione","image":{"@type":"ImageObject","inLanguage":"it-IT","@id":"https:\/\/secure.gravatar.com\/avatar\/6c05bd4dddbea475e283f76b4aa2d778ecb35c06fd92df5f6e0cac552163e2ac?s=96&d=mm&r=g","url":"https:\/\/secure.gravatar.com\/avatar\/6c05bd4dddbea475e283f76b4aa2d778ecb35c06fd92df5f6e0cac552163e2ac?s=96&d=mm&r=g","contentUrl":"https:\/\/secure.gravatar.com\/avatar\/6c05bd4dddbea475e283f76b4aa2d778ecb35c06fd92df5f6e0cac552163e2ac?s=96&d=mm&r=g","caption":"Redazione"},"url":"https:\/\/2017.carnico.it\/blog\/author\/clyco-admin\/"}]}},"_links":{"self":[{"href":"https:\/\/2017.carnico.it\/blog\/wp-json\/wp\/v2\/posts\/12908","targetHints":{"allow":["GET"]}}],"collection":[{"href":"https:\/\/2017.carnico.it\/blog\/wp-json\/wp\/v2\/posts"}],"about":[{"href":"https:\/\/2017.carnico.it\/blog\/wp-json\/wp\/v2\/types\/post"}],"author":[{"embeddable":true,"href":"https:\/\/2017.carnico.it\/blog\/wp-json\/wp\/v2\/users\/10"}],"replies":[{"embeddable":true,"href":"https:\/\/2017.carnico.it\/blog\/wp-json\/wp\/v2\/comments?post=12908"}],"version-history":[{"count":5,"href":"https:\/\/2017.carnico.it\/blog\/wp-json\/wp\/v2\/posts\/12908\/revisions"}],"predecessor-version":[{"id":12915,"href":"https:\/\/2017.carnico.it\/blog\/wp-json\/wp\/v2\/posts\/12908\/revisions\/12915"}],"wp:attachment":[{"href":"https:\/\/2017.carnico.it\/blog\/wp-json\/wp\/v2\/media?parent=12908"}],"wp:term":[{"taxonomy":"category","embeddable":true,"href":"https:\/\/2017.carnico.it\/blog\/wp-json\/wp\/v2\/categories?post=12908"},{"taxonomy":"post_tag","embeddable":true,"href":"https:\/\/2017.carnico.it\/blog\/wp-json\/wp\/v2\/tags?post=12908"}],"curies":[{"name":"wp","href":"https:\/\/api.w.org\/{rel}","templated":true}]}}