{"id":12794,"date":"2016-02-12T15:59:23","date_gmt":"2016-02-12T14:59:23","guid":{"rendered":"http:\/\/www.carnico.it\/blog\/?p=12794"},"modified":"2016-02-12T15:59:49","modified_gmt":"2016-02-12T14:59:49","slug":"ciao-milena-ragazza-meravigliosa","status":"publish","type":"post","link":"https:\/\/2017.carnico.it\/blog\/2016\/02\/12\/ciao-milena-ragazza-meravigliosa\/","title":{"rendered":"CIAO MILENA, RAGAZZA MERAVIGLIOSA &#8230;"},"content":{"rendered":"<p><a href=\"https:\/\/www.carnico.it\/blog\/2016\/02\/12\/ciao-milena-ragazza-meravigliosa\/milena\/\" rel=\"attachment wp-att-12795\"><img loading=\"lazy\" decoding=\"async\" class=\"alignleft  wp-image-12795\" src=\"https:\/\/www.carnico.it\/blog\/wp-content\/uploads\/2016\/02\/milena-450x438.jpg\" alt=\"milena\" width=\"192\" height=\"187\" srcset=\"https:\/\/2017.carnico.it\/blog\/wp-content\/uploads\/2016\/02\/milena-450x438.jpg 450w, https:\/\/2017.carnico.it\/blog\/wp-content\/uploads\/2016\/02\/milena-257x250.jpg 257w, https:\/\/2017.carnico.it\/blog\/wp-content\/uploads\/2016\/02\/milena-768x747.jpg 768w, https:\/\/2017.carnico.it\/blog\/wp-content\/uploads\/2016\/02\/milena-630x613.jpg 630w, https:\/\/2017.carnico.it\/blog\/wp-content\/uploads\/2016\/02\/milena.jpg 960w\" sizes=\"auto, (max-width: 192px) 100vw, 192px\" \/><\/a>Adesso che tutto \u00e8 finito (per modo dire \u2026), adesso che la rabbia ha lasciato spazio solo al dolore ed alla sofferenza, ecco, adesso anche noi vogliamo ricordare Milena. Milena era una ragazza meravigliosa e le testimonianze di tutti quelli che hanno avuto la fortuna di conoscere e volerle bene in questi giorni lo hanno dimostrato. Chi non l\u2019ha conosciuta ha perso una grande occasione. Una ragazza che, pur nella spensieratezza dei propri pochi, troppo pochi, anni, viveva per aiutare gli altri. <!--more-->Un esempio, insomma. Milena era la figlia di Elio Pascoli, per anni prima giocatore e poi allenatore del Carnico. Ed \u00e8 a lui e a sua moglie Barbara che adesso va il nostro pensiero. Cosa dirvi, Elio e Barbara? Non esistono parole in cui far star dentro un dolore cos\u00ec grande. Possiamo solo sperare che il ricordo ed il sorriso della vostra ragazza possa scaldarvi il cuore, possa dare alle vostre vite un senso che ancora \u00e8 troppo difficile da comprendere. Chiss\u00e0 se esiste il paradiso? Ci piace pensare di s\u00ec, per poter immaginare Milena in un posto di sicuro in prima fila. Ad Elio e Barbara, un abbraccio, un grande abbraccio, da parte di tutto il mondo del Carnico, che qui ci piace rappresentare. S\u00ec, avete ragione, lo sappiamo che non \u00e8 giusto ed ogni parola sarebbe inutile, ma \u00e8 l\u2019unico modo per farvi sentire quanto vi siamo vicini. E perdonateci se proprio non \u00e8 possibile condividere con voi un dolore che \u00e8 tutto vostro, tremendamente solo vostro. E tu Milena, mi raccomando, continua a dedicarti agli altri: vedi dei tuoi cari. Ne hanno bisogno. Ciao, Ragazza Meravigliosa.<\/p>\n","protected":false},"excerpt":{"rendered":"<p>Adesso che tutto \u00e8 finito (per modo dire \u2026), adesso che la rabbia ha lasciato spazio solo al dolore ed alla sofferenza, ecco, adesso anche noi vogliamo ricordare Milena. Milena era una ragazza meravigliosa e le testimonianze di tutti quelli che hanno avuto la fortuna di conoscere e volerle bene in questi giorni lo hanno [&hellip;]<\/p>\n","protected":false},"author":10,"featured_media":0,"comment_status":"open","ping_status":"closed","sticky":false,"template":"","format":"standard","meta":{"footnotes":""},"categories":[3,5],"tags":[],"class_list":["post-12794","post","type-post","status-publish","format-standard","hentry","category-carnico","category-varie"],"yoast_head":"<!-- This site is optimized with the Yoast SEO plugin v27.3 - https:\/\/yoast.com\/product\/yoast-seo-wordpress\/ -->\n<title>CIAO MILENA, RAGAZZA MERAVIGLIOSA ... - Campionato Carnico 2017<\/title>\n<meta name=\"robots\" content=\"index, follow, max-snippet:-1, max-image-preview:large, max-video-preview:-1\" \/>\n<link rel=\"canonical\" href=\"https:\/\/2017.carnico.it\/blog\/2016\/02\/12\/ciao-milena-ragazza-meravigliosa\/\" \/>\n<meta property=\"og:locale\" content=\"it_IT\" \/>\n<meta property=\"og:type\" content=\"article\" \/>\n<meta property=\"og:title\" content=\"CIAO MILENA, RAGAZZA MERAVIGLIOSA ... - Campionato Carnico 2017\" \/>\n<meta property=\"og:description\" content=\"Adesso che tutto \u00e8 finito (per modo dire \u2026), adesso che la rabbia ha lasciato spazio solo al dolore ed alla sofferenza, ecco, adesso anche noi vogliamo ricordare Milena. Milena era una ragazza meravigliosa e le testimonianze di tutti quelli che hanno avuto la fortuna di conoscere e volerle bene in questi giorni lo hanno [&hellip;]\" \/>\n<meta property=\"og:url\" content=\"https:\/\/2017.carnico.it\/blog\/2016\/02\/12\/ciao-milena-ragazza-meravigliosa\/\" \/>\n<meta property=\"og:site_name\" content=\"Campionato Carnico 2017\" \/>\n<meta property=\"article:publisher\" content=\"https:\/\/www.facebook.com\/campionatocarnico\/\" \/>\n<meta property=\"article:published_time\" content=\"2016-02-12T14:59:23+00:00\" \/>\n<meta property=\"article:modified_time\" content=\"2016-02-12T14:59:49+00:00\" \/>\n<meta property=\"og:image\" content=\"https:\/\/www.carnico.it\/blog\/wp-content\/uploads\/2016\/02\/milena-450x438.jpg\" \/>\n<meta name=\"author\" content=\"Redazione\" \/>\n<meta name=\"twitter:card\" content=\"summary_large_image\" \/>\n<meta name=\"twitter:label1\" content=\"Scritto da\" \/>\n\t<meta name=\"twitter:data1\" content=\"Redazione\" \/>\n\t<meta name=\"twitter:label2\" content=\"Tempo di lettura stimato\" \/>\n\t<meta name=\"twitter:data2\" content=\"1 minuto\" \/>\n<script type=\"application\/ld+json\" class=\"yoast-schema-graph\">{\"@context\":\"https:\\\/\\\/schema.org\",\"@graph\":[{\"@type\":\"Article\",\"@id\":\"https:\\\/\\\/2017.carnico.it\\\/blog\\\/2016\\\/02\\\/12\\\/ciao-milena-ragazza-meravigliosa\\\/#article\",\"isPartOf\":{\"@id\":\"https:\\\/\\\/2017.carnico.it\\\/blog\\\/2016\\\/02\\\/12\\\/ciao-milena-ragazza-meravigliosa\\\/\"},\"author\":{\"name\":\"Redazione\",\"@id\":\"https:\\\/\\\/2017.carnico.it\\\/blog\\\/#\\\/schema\\\/person\\\/a68c764693d96df3238f123ea014e78c\"},\"headline\":\"CIAO MILENA, RAGAZZA MERAVIGLIOSA &#8230;\",\"datePublished\":\"2016-02-12T14:59:23+00:00\",\"dateModified\":\"2016-02-12T14:59:49+00:00\",\"mainEntityOfPage\":{\"@id\":\"https:\\\/\\\/2017.carnico.it\\\/blog\\\/2016\\\/02\\\/12\\\/ciao-milena-ragazza-meravigliosa\\\/\"},\"wordCount\":269,\"commentCount\":2,\"image\":{\"@id\":\"https:\\\/\\\/2017.carnico.it\\\/blog\\\/2016\\\/02\\\/12\\\/ciao-milena-ragazza-meravigliosa\\\/#primaryimage\"},\"thumbnailUrl\":\"https:\\\/\\\/www.carnico.it\\\/blog\\\/wp-content\\\/uploads\\\/2016\\\/02\\\/milena-450x438.jpg\",\"articleSection\":[\"Carnico\",\"Varie\"],\"inLanguage\":\"it-IT\",\"potentialAction\":[{\"@type\":\"CommentAction\",\"name\":\"Comment\",\"target\":[\"https:\\\/\\\/2017.carnico.it\\\/blog\\\/2016\\\/02\\\/12\\\/ciao-milena-ragazza-meravigliosa\\\/#respond\"]}]},{\"@type\":\"WebPage\",\"@id\":\"https:\\\/\\\/2017.carnico.it\\\/blog\\\/2016\\\/02\\\/12\\\/ciao-milena-ragazza-meravigliosa\\\/\",\"url\":\"https:\\\/\\\/2017.carnico.it\\\/blog\\\/2016\\\/02\\\/12\\\/ciao-milena-ragazza-meravigliosa\\\/\",\"name\":\"CIAO MILENA, RAGAZZA MERAVIGLIOSA ... - Campionato Carnico 2017\",\"isPartOf\":{\"@id\":\"https:\\\/\\\/2017.carnico.it\\\/blog\\\/#website\"},\"primaryImageOfPage\":{\"@id\":\"https:\\\/\\\/2017.carnico.it\\\/blog\\\/2016\\\/02\\\/12\\\/ciao-milena-ragazza-meravigliosa\\\/#primaryimage\"},\"image\":{\"@id\":\"https:\\\/\\\/2017.carnico.it\\\/blog\\\/2016\\\/02\\\/12\\\/ciao-milena-ragazza-meravigliosa\\\/#primaryimage\"},\"thumbnailUrl\":\"https:\\\/\\\/www.carnico.it\\\/blog\\\/wp-content\\\/uploads\\\/2016\\\/02\\\/milena-450x438.jpg\",\"datePublished\":\"2016-02-12T14:59:23+00:00\",\"dateModified\":\"2016-02-12T14:59:49+00:00\",\"author\":{\"@id\":\"https:\\\/\\\/2017.carnico.it\\\/blog\\\/#\\\/schema\\\/person\\\/a68c764693d96df3238f123ea014e78c\"},\"breadcrumb\":{\"@id\":\"https:\\\/\\\/2017.carnico.it\\\/blog\\\/2016\\\/02\\\/12\\\/ciao-milena-ragazza-meravigliosa\\\/#breadcrumb\"},\"inLanguage\":\"it-IT\",\"potentialAction\":[{\"@type\":\"ReadAction\",\"target\":[\"https:\\\/\\\/2017.carnico.it\\\/blog\\\/2016\\\/02\\\/12\\\/ciao-milena-ragazza-meravigliosa\\\/\"]}]},{\"@type\":\"ImageObject\",\"inLanguage\":\"it-IT\",\"@id\":\"https:\\\/\\\/2017.carnico.it\\\/blog\\\/2016\\\/02\\\/12\\\/ciao-milena-ragazza-meravigliosa\\\/#primaryimage\",\"url\":\"https:\\\/\\\/www.carnico.it\\\/blog\\\/wp-content\\\/uploads\\\/2016\\\/02\\\/milena-450x438.jpg\",\"contentUrl\":\"https:\\\/\\\/www.carnico.it\\\/blog\\\/wp-content\\\/uploads\\\/2016\\\/02\\\/milena-450x438.jpg\"},{\"@type\":\"BreadcrumbList\",\"@id\":\"https:\\\/\\\/2017.carnico.it\\\/blog\\\/2016\\\/02\\\/12\\\/ciao-milena-ragazza-meravigliosa\\\/#breadcrumb\",\"itemListElement\":[{\"@type\":\"ListItem\",\"position\":1,\"name\":\"Home\",\"item\":\"https:\\\/\\\/2017.carnico.it\\\/blog\\\/\"},{\"@type\":\"ListItem\",\"position\":2,\"name\":\"CIAO MILENA, RAGAZZA MERAVIGLIOSA &#8230;\"}]},{\"@type\":\"WebSite\",\"@id\":\"https:\\\/\\\/2017.carnico.it\\\/blog\\\/#website\",\"url\":\"https:\\\/\\\/2017.carnico.it\\\/blog\\\/\",\"name\":\"Campionato Carnico 2017\",\"description\":\"Notizie e aggiornamenti in tempo reale sul campionato Carnico\",\"potentialAction\":[{\"@type\":\"SearchAction\",\"target\":{\"@type\":\"EntryPoint\",\"urlTemplate\":\"https:\\\/\\\/2017.carnico.it\\\/blog\\\/?s={search_term_string}\"},\"query-input\":{\"@type\":\"PropertyValueSpecification\",\"valueRequired\":true,\"valueName\":\"search_term_string\"}}],\"inLanguage\":\"it-IT\"},{\"@type\":\"Person\",\"@id\":\"https:\\\/\\\/2017.carnico.it\\\/blog\\\/#\\\/schema\\\/person\\\/a68c764693d96df3238f123ea014e78c\",\"name\":\"Redazione\",\"image\":{\"@type\":\"ImageObject\",\"inLanguage\":\"it-IT\",\"@id\":\"https:\\\/\\\/secure.gravatar.com\\\/avatar\\\/6c05bd4dddbea475e283f76b4aa2d778ecb35c06fd92df5f6e0cac552163e2ac?s=96&d=mm&r=g\",\"url\":\"https:\\\/\\\/secure.gravatar.com\\\/avatar\\\/6c05bd4dddbea475e283f76b4aa2d778ecb35c06fd92df5f6e0cac552163e2ac?s=96&d=mm&r=g\",\"contentUrl\":\"https:\\\/\\\/secure.gravatar.com\\\/avatar\\\/6c05bd4dddbea475e283f76b4aa2d778ecb35c06fd92df5f6e0cac552163e2ac?s=96&d=mm&r=g\",\"caption\":\"Redazione\"},\"url\":\"https:\\\/\\\/2017.carnico.it\\\/blog\\\/author\\\/clyco-admin\\\/\"}]}<\/script>\n<!-- \/ Yoast SEO plugin. -->","yoast_head_json":{"title":"CIAO MILENA, RAGAZZA MERAVIGLIOSA ... - Campionato Carnico 2017","robots":{"index":"index","follow":"follow","max-snippet":"max-snippet:-1","max-image-preview":"max-image-preview:large","max-video-preview":"max-video-preview:-1"},"canonical":"https:\/\/2017.carnico.it\/blog\/2016\/02\/12\/ciao-milena-ragazza-meravigliosa\/","og_locale":"it_IT","og_type":"article","og_title":"CIAO MILENA, RAGAZZA MERAVIGLIOSA ... - Campionato Carnico 2017","og_description":"Adesso che tutto \u00e8 finito (per modo dire \u2026), adesso che la rabbia ha lasciato spazio solo al dolore ed alla sofferenza, ecco, adesso anche noi vogliamo ricordare Milena. Milena era una ragazza meravigliosa e le testimonianze di tutti quelli che hanno avuto la fortuna di conoscere e volerle bene in questi giorni lo hanno [&hellip;]","og_url":"https:\/\/2017.carnico.it\/blog\/2016\/02\/12\/ciao-milena-ragazza-meravigliosa\/","og_site_name":"Campionato Carnico 2017","article_publisher":"https:\/\/www.facebook.com\/campionatocarnico\/","article_published_time":"2016-02-12T14:59:23+00:00","article_modified_time":"2016-02-12T14:59:49+00:00","og_image":[{"url":"https:\/\/www.carnico.it\/blog\/wp-content\/uploads\/2016\/02\/milena-450x438.jpg","type":"","width":"","height":""}],"author":"Redazione","twitter_card":"summary_large_image","twitter_misc":{"Scritto da":"Redazione","Tempo di lettura stimato":"1 minuto"},"schema":{"@context":"https:\/\/schema.org","@graph":[{"@type":"Article","@id":"https:\/\/2017.carnico.it\/blog\/2016\/02\/12\/ciao-milena-ragazza-meravigliosa\/#article","isPartOf":{"@id":"https:\/\/2017.carnico.it\/blog\/2016\/02\/12\/ciao-milena-ragazza-meravigliosa\/"},"author":{"name":"Redazione","@id":"https:\/\/2017.carnico.it\/blog\/#\/schema\/person\/a68c764693d96df3238f123ea014e78c"},"headline":"CIAO MILENA, RAGAZZA MERAVIGLIOSA &#8230;","datePublished":"2016-02-12T14:59:23+00:00","dateModified":"2016-02-12T14:59:49+00:00","mainEntityOfPage":{"@id":"https:\/\/2017.carnico.it\/blog\/2016\/02\/12\/ciao-milena-ragazza-meravigliosa\/"},"wordCount":269,"commentCount":2,"image":{"@id":"https:\/\/2017.carnico.it\/blog\/2016\/02\/12\/ciao-milena-ragazza-meravigliosa\/#primaryimage"},"thumbnailUrl":"https:\/\/www.carnico.it\/blog\/wp-content\/uploads\/2016\/02\/milena-450x438.jpg","articleSection":["Carnico","Varie"],"inLanguage":"it-IT","potentialAction":[{"@type":"CommentAction","name":"Comment","target":["https:\/\/2017.carnico.it\/blog\/2016\/02\/12\/ciao-milena-ragazza-meravigliosa\/#respond"]}]},{"@type":"WebPage","@id":"https:\/\/2017.carnico.it\/blog\/2016\/02\/12\/ciao-milena-ragazza-meravigliosa\/","url":"https:\/\/2017.carnico.it\/blog\/2016\/02\/12\/ciao-milena-ragazza-meravigliosa\/","name":"CIAO MILENA, RAGAZZA MERAVIGLIOSA ... - Campionato Carnico 2017","isPartOf":{"@id":"https:\/\/2017.carnico.it\/blog\/#website"},"primaryImageOfPage":{"@id":"https:\/\/2017.carnico.it\/blog\/2016\/02\/12\/ciao-milena-ragazza-meravigliosa\/#primaryimage"},"image":{"@id":"https:\/\/2017.carnico.it\/blog\/2016\/02\/12\/ciao-milena-ragazza-meravigliosa\/#primaryimage"},"thumbnailUrl":"https:\/\/www.carnico.it\/blog\/wp-content\/uploads\/2016\/02\/milena-450x438.jpg","datePublished":"2016-02-12T14:59:23+00:00","dateModified":"2016-02-12T14:59:49+00:00","author":{"@id":"https:\/\/2017.carnico.it\/blog\/#\/schema\/person\/a68c764693d96df3238f123ea014e78c"},"breadcrumb":{"@id":"https:\/\/2017.carnico.it\/blog\/2016\/02\/12\/ciao-milena-ragazza-meravigliosa\/#breadcrumb"},"inLanguage":"it-IT","potentialAction":[{"@type":"ReadAction","target":["https:\/\/2017.carnico.it\/blog\/2016\/02\/12\/ciao-milena-ragazza-meravigliosa\/"]}]},{"@type":"ImageObject","inLanguage":"it-IT","@id":"https:\/\/2017.carnico.it\/blog\/2016\/02\/12\/ciao-milena-ragazza-meravigliosa\/#primaryimage","url":"https:\/\/www.carnico.it\/blog\/wp-content\/uploads\/2016\/02\/milena-450x438.jpg","contentUrl":"https:\/\/www.carnico.it\/blog\/wp-content\/uploads\/2016\/02\/milena-450x438.jpg"},{"@type":"BreadcrumbList","@id":"https:\/\/2017.carnico.it\/blog\/2016\/02\/12\/ciao-milena-ragazza-meravigliosa\/#breadcrumb","itemListElement":[{"@type":"ListItem","position":1,"name":"Home","item":"https:\/\/2017.carnico.it\/blog\/"},{"@type":"ListItem","position":2,"name":"CIAO MILENA, RAGAZZA MERAVIGLIOSA &#8230;"}]},{"@type":"WebSite","@id":"https:\/\/2017.carnico.it\/blog\/#website","url":"https:\/\/2017.carnico.it\/blog\/","name":"Campionato Carnico 2017","description":"Notizie e aggiornamenti in tempo reale sul campionato Carnico","potentialAction":[{"@type":"SearchAction","target":{"@type":"EntryPoint","urlTemplate":"https:\/\/2017.carnico.it\/blog\/?s={search_term_string}"},"query-input":{"@type":"PropertyValueSpecification","valueRequired":true,"valueName":"search_term_string"}}],"inLanguage":"it-IT"},{"@type":"Person","@id":"https:\/\/2017.carnico.it\/blog\/#\/schema\/person\/a68c764693d96df3238f123ea014e78c","name":"Redazione","image":{"@type":"ImageObject","inLanguage":"it-IT","@id":"https:\/\/secure.gravatar.com\/avatar\/6c05bd4dddbea475e283f76b4aa2d778ecb35c06fd92df5f6e0cac552163e2ac?s=96&d=mm&r=g","url":"https:\/\/secure.gravatar.com\/avatar\/6c05bd4dddbea475e283f76b4aa2d778ecb35c06fd92df5f6e0cac552163e2ac?s=96&d=mm&r=g","contentUrl":"https:\/\/secure.gravatar.com\/avatar\/6c05bd4dddbea475e283f76b4aa2d778ecb35c06fd92df5f6e0cac552163e2ac?s=96&d=mm&r=g","caption":"Redazione"},"url":"https:\/\/2017.carnico.it\/blog\/author\/clyco-admin\/"}]}},"_links":{"self":[{"href":"https:\/\/2017.carnico.it\/blog\/wp-json\/wp\/v2\/posts\/12794","targetHints":{"allow":["GET"]}}],"collection":[{"href":"https:\/\/2017.carnico.it\/blog\/wp-json\/wp\/v2\/posts"}],"about":[{"href":"https:\/\/2017.carnico.it\/blog\/wp-json\/wp\/v2\/types\/post"}],"author":[{"embeddable":true,"href":"https:\/\/2017.carnico.it\/blog\/wp-json\/wp\/v2\/users\/10"}],"replies":[{"embeddable":true,"href":"https:\/\/2017.carnico.it\/blog\/wp-json\/wp\/v2\/comments?post=12794"}],"version-history":[{"count":3,"href":"https:\/\/2017.carnico.it\/blog\/wp-json\/wp\/v2\/posts\/12794\/revisions"}],"predecessor-version":[{"id":12798,"href":"https:\/\/2017.carnico.it\/blog\/wp-json\/wp\/v2\/posts\/12794\/revisions\/12798"}],"wp:attachment":[{"href":"https:\/\/2017.carnico.it\/blog\/wp-json\/wp\/v2\/media?parent=12794"}],"wp:term":[{"taxonomy":"category","embeddable":true,"href":"https:\/\/2017.carnico.it\/blog\/wp-json\/wp\/v2\/categories?post=12794"},{"taxonomy":"post_tag","embeddable":true,"href":"https:\/\/2017.carnico.it\/blog\/wp-json\/wp\/v2\/tags?post=12794"}],"curies":[{"name":"wp","href":"https:\/\/api.w.org\/{rel}","templated":true}]}}