{"id":12675,"date":"2015-10-16T13:38:54","date_gmt":"2015-10-16T11:38:54","guid":{"rendered":"http:\/\/www.carnico.it\/blog\/?p=12675"},"modified":"2015-10-16T13:58:43","modified_gmt":"2015-10-16T11:58:43","slug":"il-carnico-premia-i-suoi-campioni","status":"publish","type":"post","link":"https:\/\/2017.carnico.it\/blog\/2015\/10\/16\/il-carnico-premia-i-suoi-campioni\/","title":{"rendered":"IL CARNICO PREMIA I SUOI CAMPIONI"},"content":{"rendered":"<p><img loading=\"lazy\" decoding=\"async\" class=\"alignright size-medium wp-image-12682\" src=\"https:\/\/www.carnico.it\/blog\/wp-content\/uploads\/2015\/10\/25-anni-carnico1-260x250.png\" alt=\"25 anni carnico(1)\" width=\"260\" height=\"250\" srcset=\"https:\/\/2017.carnico.it\/blog\/wp-content\/uploads\/2015\/10\/25-anni-carnico1-260x250.png 260w, https:\/\/2017.carnico.it\/blog\/wp-content\/uploads\/2015\/10\/25-anni-carnico1-450x432.png 450w, https:\/\/2017.carnico.it\/blog\/wp-content\/uploads\/2015\/10\/25-anni-carnico1-630x605.png 630w, https:\/\/2017.carnico.it\/blog\/wp-content\/uploads\/2015\/10\/25-anni-carnico1.png 800w\" sizes=\"auto, (max-width: 260px) 100vw, 260px\" \/>Questa sera alle 19.30, all&#8217;<strong>Albergo Miramonti di Illegio,<\/strong> doppio appuntamento con le<strong> premiazioni del Campionato Carnico. <\/strong><\/p>\n<p>Il pi\u00f9 significativo \u00e8 targato <strong>Radio Studio Nord,<\/strong> perch\u00e9 riguarda i<strong> 25 anni di &#8220;A tutto Carnico&#8221;<\/strong>, la trasmissione ideata da<strong> Renato Damiani,<\/strong> dal 1993 in onda sulle frequenze di RSN.<\/p>\n<p>Nei mesi scorsi su nostro sito i &#8220;navigatori&#8221; hanno avuto la possibilit\u00e0 di votare i migliori giocatori (divisi per ruolo), allenatori e arbitri dal 1991 ad oggi.<\/p>\n<p><!--more-->L&#8217;iniziativa ha avuto un ottimo riscontro ed alla fine sono risultati vincitori lo storico portiere dell&#8217;Illegiana <strong>Tarcisio Iob, <\/strong>il difensore centrale del Cedarchis anni &#8217;90<strong> Raimondo Tassotti<\/strong>, il talentuosissimo <strong>Gino Candido<\/strong> (a lungo anima del Real), il freschissimo ex <strong>Stefano Vidoni<\/strong> (400 gol nel Carnico, 700 complessivi in carriera), l&#8217;attuale allenatore del Tolmezzo <strong>Fabrizio &#8220;Bacio&#8221; Damiani<\/strong> (dispensatore di meraviglie con Lauco, Stella Azzurra e Illegiana prima di approdare a Tolmezzo), mister 4 scudetti e 3 coppe <strong>Giuliano Voltan<\/strong> e infine l&#8217;arbitro <strong>Maurizio Stefanutti.<\/strong><\/p>\n<p>Per quanto riguarda il <strong>Carnico 2015,<\/strong> premi ai <strong>bomber<\/strong> delle tre categorie (<strong>Angelo Dionisio<\/strong> del Cavazzo, <strong>Riccardo Granzotti<\/strong> della Val del Lago, <strong>Davide Casanova<\/strong> del San Pietro), ai <strong>portieri<\/strong> meno battuti (<strong>Michele Cantarutti<\/strong> del Villa, <strong>Angelo Ponticelli<\/strong> della Pontebbana, <strong>Mitia Cortiula<\/strong> del Tarvisio) e ai migliori giocatori dei<strong> campionati giovanili<\/strong> (<strong>Marco Di Rofi<\/strong> del Tarvisio per i Giovanissimi, <strong>Gabriele De Toni<\/strong> del Real per gli Juniores).<\/p>\n","protected":false},"excerpt":{"rendered":"<p>Questa sera alle 19.30, all&#8217;Albergo Miramonti di Illegio, doppio appuntamento con le premiazioni del Campionato Carnico. Il pi\u00f9 significativo \u00e8 targato Radio Studio Nord, perch\u00e9 riguarda i 25 anni di &#8220;A tutto Carnico&#8221;, la trasmissione ideata da Renato Damiani, dal 1993 in onda sulle frequenze di RSN. Nei mesi scorsi su nostro sito i &#8220;navigatori&#8221; [&hellip;]<\/p>\n","protected":false},"author":10,"featured_media":0,"comment_status":"open","ping_status":"closed","sticky":false,"template":"","format":"standard","meta":{"footnotes":""},"categories":[3],"tags":[],"class_list":["post-12675","post","type-post","status-publish","format-standard","hentry","category-carnico"],"yoast_head":"<!-- This site is optimized with the Yoast SEO plugin v27.3 - https:\/\/yoast.com\/product\/yoast-seo-wordpress\/ -->\n<title>IL CARNICO PREMIA I SUOI CAMPIONI - Campionato Carnico 2017<\/title>\n<meta name=\"robots\" content=\"index, follow, max-snippet:-1, max-image-preview:large, max-video-preview:-1\" \/>\n<link rel=\"canonical\" href=\"https:\/\/2017.carnico.it\/blog\/2015\/10\/16\/il-carnico-premia-i-suoi-campioni\/\" \/>\n<meta property=\"og:locale\" content=\"it_IT\" \/>\n<meta property=\"og:type\" content=\"article\" \/>\n<meta property=\"og:title\" content=\"IL CARNICO PREMIA I SUOI CAMPIONI - Campionato Carnico 2017\" \/>\n<meta property=\"og:description\" content=\"Questa sera alle 19.30, all&#8217;Albergo Miramonti di Illegio, doppio appuntamento con le premiazioni del Campionato Carnico. Il pi\u00f9 significativo \u00e8 targato Radio Studio Nord, perch\u00e9 riguarda i 25 anni di &#8220;A tutto Carnico&#8221;, la trasmissione ideata da Renato Damiani, dal 1993 in onda sulle frequenze di RSN. Nei mesi scorsi su nostro sito i &#8220;navigatori&#8221; [&hellip;]\" \/>\n<meta property=\"og:url\" content=\"https:\/\/2017.carnico.it\/blog\/2015\/10\/16\/il-carnico-premia-i-suoi-campioni\/\" \/>\n<meta property=\"og:site_name\" content=\"Campionato Carnico 2017\" \/>\n<meta property=\"article:publisher\" content=\"https:\/\/www.facebook.com\/campionatocarnico\/\" \/>\n<meta property=\"article:published_time\" content=\"2015-10-16T11:38:54+00:00\" \/>\n<meta property=\"article:modified_time\" content=\"2015-10-16T11:58:43+00:00\" \/>\n<meta property=\"og:image\" content=\"https:\/\/www.carnico.it\/blog\/wp-content\/uploads\/2015\/10\/25-anni-carnico1-260x250.png\" \/>\n<meta name=\"author\" content=\"Redazione\" \/>\n<meta name=\"twitter:card\" content=\"summary_large_image\" \/>\n<meta name=\"twitter:label1\" content=\"Scritto da\" \/>\n\t<meta name=\"twitter:data1\" content=\"Redazione\" \/>\n\t<meta name=\"twitter:label2\" content=\"Tempo di lettura stimato\" \/>\n\t<meta name=\"twitter:data2\" content=\"1 minuto\" \/>\n<script type=\"application\/ld+json\" class=\"yoast-schema-graph\">{\"@context\":\"https:\\\/\\\/schema.org\",\"@graph\":[{\"@type\":\"Article\",\"@id\":\"https:\\\/\\\/2017.carnico.it\\\/blog\\\/2015\\\/10\\\/16\\\/il-carnico-premia-i-suoi-campioni\\\/#article\",\"isPartOf\":{\"@id\":\"https:\\\/\\\/2017.carnico.it\\\/blog\\\/2015\\\/10\\\/16\\\/il-carnico-premia-i-suoi-campioni\\\/\"},\"author\":{\"name\":\"Redazione\",\"@id\":\"https:\\\/\\\/2017.carnico.it\\\/blog\\\/#\\\/schema\\\/person\\\/a68c764693d96df3238f123ea014e78c\"},\"headline\":\"IL CARNICO PREMIA I SUOI CAMPIONI\",\"datePublished\":\"2015-10-16T11:38:54+00:00\",\"dateModified\":\"2015-10-16T11:58:43+00:00\",\"mainEntityOfPage\":{\"@id\":\"https:\\\/\\\/2017.carnico.it\\\/blog\\\/2015\\\/10\\\/16\\\/il-carnico-premia-i-suoi-campioni\\\/\"},\"wordCount\":223,\"commentCount\":0,\"image\":{\"@id\":\"https:\\\/\\\/2017.carnico.it\\\/blog\\\/2015\\\/10\\\/16\\\/il-carnico-premia-i-suoi-campioni\\\/#primaryimage\"},\"thumbnailUrl\":\"https:\\\/\\\/www.carnico.it\\\/blog\\\/wp-content\\\/uploads\\\/2015\\\/10\\\/25-anni-carnico1-260x250.png\",\"articleSection\":[\"Carnico\"],\"inLanguage\":\"it-IT\",\"potentialAction\":[{\"@type\":\"CommentAction\",\"name\":\"Comment\",\"target\":[\"https:\\\/\\\/2017.carnico.it\\\/blog\\\/2015\\\/10\\\/16\\\/il-carnico-premia-i-suoi-campioni\\\/#respond\"]}]},{\"@type\":\"WebPage\",\"@id\":\"https:\\\/\\\/2017.carnico.it\\\/blog\\\/2015\\\/10\\\/16\\\/il-carnico-premia-i-suoi-campioni\\\/\",\"url\":\"https:\\\/\\\/2017.carnico.it\\\/blog\\\/2015\\\/10\\\/16\\\/il-carnico-premia-i-suoi-campioni\\\/\",\"name\":\"IL CARNICO PREMIA I SUOI CAMPIONI - Campionato Carnico 2017\",\"isPartOf\":{\"@id\":\"https:\\\/\\\/2017.carnico.it\\\/blog\\\/#website\"},\"primaryImageOfPage\":{\"@id\":\"https:\\\/\\\/2017.carnico.it\\\/blog\\\/2015\\\/10\\\/16\\\/il-carnico-premia-i-suoi-campioni\\\/#primaryimage\"},\"image\":{\"@id\":\"https:\\\/\\\/2017.carnico.it\\\/blog\\\/2015\\\/10\\\/16\\\/il-carnico-premia-i-suoi-campioni\\\/#primaryimage\"},\"thumbnailUrl\":\"https:\\\/\\\/www.carnico.it\\\/blog\\\/wp-content\\\/uploads\\\/2015\\\/10\\\/25-anni-carnico1-260x250.png\",\"datePublished\":\"2015-10-16T11:38:54+00:00\",\"dateModified\":\"2015-10-16T11:58:43+00:00\",\"author\":{\"@id\":\"https:\\\/\\\/2017.carnico.it\\\/blog\\\/#\\\/schema\\\/person\\\/a68c764693d96df3238f123ea014e78c\"},\"breadcrumb\":{\"@id\":\"https:\\\/\\\/2017.carnico.it\\\/blog\\\/2015\\\/10\\\/16\\\/il-carnico-premia-i-suoi-campioni\\\/#breadcrumb\"},\"inLanguage\":\"it-IT\",\"potentialAction\":[{\"@type\":\"ReadAction\",\"target\":[\"https:\\\/\\\/2017.carnico.it\\\/blog\\\/2015\\\/10\\\/16\\\/il-carnico-premia-i-suoi-campioni\\\/\"]}]},{\"@type\":\"ImageObject\",\"inLanguage\":\"it-IT\",\"@id\":\"https:\\\/\\\/2017.carnico.it\\\/blog\\\/2015\\\/10\\\/16\\\/il-carnico-premia-i-suoi-campioni\\\/#primaryimage\",\"url\":\"https:\\\/\\\/www.carnico.it\\\/blog\\\/wp-content\\\/uploads\\\/2015\\\/10\\\/25-anni-carnico1-260x250.png\",\"contentUrl\":\"https:\\\/\\\/www.carnico.it\\\/blog\\\/wp-content\\\/uploads\\\/2015\\\/10\\\/25-anni-carnico1-260x250.png\"},{\"@type\":\"BreadcrumbList\",\"@id\":\"https:\\\/\\\/2017.carnico.it\\\/blog\\\/2015\\\/10\\\/16\\\/il-carnico-premia-i-suoi-campioni\\\/#breadcrumb\",\"itemListElement\":[{\"@type\":\"ListItem\",\"position\":1,\"name\":\"Home\",\"item\":\"https:\\\/\\\/2017.carnico.it\\\/blog\\\/\"},{\"@type\":\"ListItem\",\"position\":2,\"name\":\"IL CARNICO PREMIA I SUOI CAMPIONI\"}]},{\"@type\":\"WebSite\",\"@id\":\"https:\\\/\\\/2017.carnico.it\\\/blog\\\/#website\",\"url\":\"https:\\\/\\\/2017.carnico.it\\\/blog\\\/\",\"name\":\"Campionato Carnico 2017\",\"description\":\"Notizie e aggiornamenti in tempo reale sul campionato Carnico\",\"potentialAction\":[{\"@type\":\"SearchAction\",\"target\":{\"@type\":\"EntryPoint\",\"urlTemplate\":\"https:\\\/\\\/2017.carnico.it\\\/blog\\\/?s={search_term_string}\"},\"query-input\":{\"@type\":\"PropertyValueSpecification\",\"valueRequired\":true,\"valueName\":\"search_term_string\"}}],\"inLanguage\":\"it-IT\"},{\"@type\":\"Person\",\"@id\":\"https:\\\/\\\/2017.carnico.it\\\/blog\\\/#\\\/schema\\\/person\\\/a68c764693d96df3238f123ea014e78c\",\"name\":\"Redazione\",\"image\":{\"@type\":\"ImageObject\",\"inLanguage\":\"it-IT\",\"@id\":\"https:\\\/\\\/secure.gravatar.com\\\/avatar\\\/6c05bd4dddbea475e283f76b4aa2d778ecb35c06fd92df5f6e0cac552163e2ac?s=96&d=mm&r=g\",\"url\":\"https:\\\/\\\/secure.gravatar.com\\\/avatar\\\/6c05bd4dddbea475e283f76b4aa2d778ecb35c06fd92df5f6e0cac552163e2ac?s=96&d=mm&r=g\",\"contentUrl\":\"https:\\\/\\\/secure.gravatar.com\\\/avatar\\\/6c05bd4dddbea475e283f76b4aa2d778ecb35c06fd92df5f6e0cac552163e2ac?s=96&d=mm&r=g\",\"caption\":\"Redazione\"},\"url\":\"https:\\\/\\\/2017.carnico.it\\\/blog\\\/author\\\/clyco-admin\\\/\"}]}<\/script>\n<!-- \/ Yoast SEO plugin. -->","yoast_head_json":{"title":"IL CARNICO PREMIA I SUOI CAMPIONI - Campionato Carnico 2017","robots":{"index":"index","follow":"follow","max-snippet":"max-snippet:-1","max-image-preview":"max-image-preview:large","max-video-preview":"max-video-preview:-1"},"canonical":"https:\/\/2017.carnico.it\/blog\/2015\/10\/16\/il-carnico-premia-i-suoi-campioni\/","og_locale":"it_IT","og_type":"article","og_title":"IL CARNICO PREMIA I SUOI CAMPIONI - Campionato Carnico 2017","og_description":"Questa sera alle 19.30, all&#8217;Albergo Miramonti di Illegio, doppio appuntamento con le premiazioni del Campionato Carnico. Il pi\u00f9 significativo \u00e8 targato Radio Studio Nord, perch\u00e9 riguarda i 25 anni di &#8220;A tutto Carnico&#8221;, la trasmissione ideata da Renato Damiani, dal 1993 in onda sulle frequenze di RSN. Nei mesi scorsi su nostro sito i &#8220;navigatori&#8221; [&hellip;]","og_url":"https:\/\/2017.carnico.it\/blog\/2015\/10\/16\/il-carnico-premia-i-suoi-campioni\/","og_site_name":"Campionato Carnico 2017","article_publisher":"https:\/\/www.facebook.com\/campionatocarnico\/","article_published_time":"2015-10-16T11:38:54+00:00","article_modified_time":"2015-10-16T11:58:43+00:00","og_image":[{"url":"https:\/\/www.carnico.it\/blog\/wp-content\/uploads\/2015\/10\/25-anni-carnico1-260x250.png","type":"","width":"","height":""}],"author":"Redazione","twitter_card":"summary_large_image","twitter_misc":{"Scritto da":"Redazione","Tempo di lettura stimato":"1 minuto"},"schema":{"@context":"https:\/\/schema.org","@graph":[{"@type":"Article","@id":"https:\/\/2017.carnico.it\/blog\/2015\/10\/16\/il-carnico-premia-i-suoi-campioni\/#article","isPartOf":{"@id":"https:\/\/2017.carnico.it\/blog\/2015\/10\/16\/il-carnico-premia-i-suoi-campioni\/"},"author":{"name":"Redazione","@id":"https:\/\/2017.carnico.it\/blog\/#\/schema\/person\/a68c764693d96df3238f123ea014e78c"},"headline":"IL CARNICO PREMIA I SUOI CAMPIONI","datePublished":"2015-10-16T11:38:54+00:00","dateModified":"2015-10-16T11:58:43+00:00","mainEntityOfPage":{"@id":"https:\/\/2017.carnico.it\/blog\/2015\/10\/16\/il-carnico-premia-i-suoi-campioni\/"},"wordCount":223,"commentCount":0,"image":{"@id":"https:\/\/2017.carnico.it\/blog\/2015\/10\/16\/il-carnico-premia-i-suoi-campioni\/#primaryimage"},"thumbnailUrl":"https:\/\/www.carnico.it\/blog\/wp-content\/uploads\/2015\/10\/25-anni-carnico1-260x250.png","articleSection":["Carnico"],"inLanguage":"it-IT","potentialAction":[{"@type":"CommentAction","name":"Comment","target":["https:\/\/2017.carnico.it\/blog\/2015\/10\/16\/il-carnico-premia-i-suoi-campioni\/#respond"]}]},{"@type":"WebPage","@id":"https:\/\/2017.carnico.it\/blog\/2015\/10\/16\/il-carnico-premia-i-suoi-campioni\/","url":"https:\/\/2017.carnico.it\/blog\/2015\/10\/16\/il-carnico-premia-i-suoi-campioni\/","name":"IL CARNICO PREMIA I SUOI CAMPIONI - Campionato Carnico 2017","isPartOf":{"@id":"https:\/\/2017.carnico.it\/blog\/#website"},"primaryImageOfPage":{"@id":"https:\/\/2017.carnico.it\/blog\/2015\/10\/16\/il-carnico-premia-i-suoi-campioni\/#primaryimage"},"image":{"@id":"https:\/\/2017.carnico.it\/blog\/2015\/10\/16\/il-carnico-premia-i-suoi-campioni\/#primaryimage"},"thumbnailUrl":"https:\/\/www.carnico.it\/blog\/wp-content\/uploads\/2015\/10\/25-anni-carnico1-260x250.png","datePublished":"2015-10-16T11:38:54+00:00","dateModified":"2015-10-16T11:58:43+00:00","author":{"@id":"https:\/\/2017.carnico.it\/blog\/#\/schema\/person\/a68c764693d96df3238f123ea014e78c"},"breadcrumb":{"@id":"https:\/\/2017.carnico.it\/blog\/2015\/10\/16\/il-carnico-premia-i-suoi-campioni\/#breadcrumb"},"inLanguage":"it-IT","potentialAction":[{"@type":"ReadAction","target":["https:\/\/2017.carnico.it\/blog\/2015\/10\/16\/il-carnico-premia-i-suoi-campioni\/"]}]},{"@type":"ImageObject","inLanguage":"it-IT","@id":"https:\/\/2017.carnico.it\/blog\/2015\/10\/16\/il-carnico-premia-i-suoi-campioni\/#primaryimage","url":"https:\/\/www.carnico.it\/blog\/wp-content\/uploads\/2015\/10\/25-anni-carnico1-260x250.png","contentUrl":"https:\/\/www.carnico.it\/blog\/wp-content\/uploads\/2015\/10\/25-anni-carnico1-260x250.png"},{"@type":"BreadcrumbList","@id":"https:\/\/2017.carnico.it\/blog\/2015\/10\/16\/il-carnico-premia-i-suoi-campioni\/#breadcrumb","itemListElement":[{"@type":"ListItem","position":1,"name":"Home","item":"https:\/\/2017.carnico.it\/blog\/"},{"@type":"ListItem","position":2,"name":"IL CARNICO PREMIA I SUOI CAMPIONI"}]},{"@type":"WebSite","@id":"https:\/\/2017.carnico.it\/blog\/#website","url":"https:\/\/2017.carnico.it\/blog\/","name":"Campionato Carnico 2017","description":"Notizie e aggiornamenti in tempo reale sul campionato Carnico","potentialAction":[{"@type":"SearchAction","target":{"@type":"EntryPoint","urlTemplate":"https:\/\/2017.carnico.it\/blog\/?s={search_term_string}"},"query-input":{"@type":"PropertyValueSpecification","valueRequired":true,"valueName":"search_term_string"}}],"inLanguage":"it-IT"},{"@type":"Person","@id":"https:\/\/2017.carnico.it\/blog\/#\/schema\/person\/a68c764693d96df3238f123ea014e78c","name":"Redazione","image":{"@type":"ImageObject","inLanguage":"it-IT","@id":"https:\/\/secure.gravatar.com\/avatar\/6c05bd4dddbea475e283f76b4aa2d778ecb35c06fd92df5f6e0cac552163e2ac?s=96&d=mm&r=g","url":"https:\/\/secure.gravatar.com\/avatar\/6c05bd4dddbea475e283f76b4aa2d778ecb35c06fd92df5f6e0cac552163e2ac?s=96&d=mm&r=g","contentUrl":"https:\/\/secure.gravatar.com\/avatar\/6c05bd4dddbea475e283f76b4aa2d778ecb35c06fd92df5f6e0cac552163e2ac?s=96&d=mm&r=g","caption":"Redazione"},"url":"https:\/\/2017.carnico.it\/blog\/author\/clyco-admin\/"}]}},"_links":{"self":[{"href":"https:\/\/2017.carnico.it\/blog\/wp-json\/wp\/v2\/posts\/12675","targetHints":{"allow":["GET"]}}],"collection":[{"href":"https:\/\/2017.carnico.it\/blog\/wp-json\/wp\/v2\/posts"}],"about":[{"href":"https:\/\/2017.carnico.it\/blog\/wp-json\/wp\/v2\/types\/post"}],"author":[{"embeddable":true,"href":"https:\/\/2017.carnico.it\/blog\/wp-json\/wp\/v2\/users\/10"}],"replies":[{"embeddable":true,"href":"https:\/\/2017.carnico.it\/blog\/wp-json\/wp\/v2\/comments?post=12675"}],"version-history":[{"count":5,"href":"https:\/\/2017.carnico.it\/blog\/wp-json\/wp\/v2\/posts\/12675\/revisions"}],"predecessor-version":[{"id":12685,"href":"https:\/\/2017.carnico.it\/blog\/wp-json\/wp\/v2\/posts\/12675\/revisions\/12685"}],"wp:attachment":[{"href":"https:\/\/2017.carnico.it\/blog\/wp-json\/wp\/v2\/media?parent=12675"}],"wp:term":[{"taxonomy":"category","embeddable":true,"href":"https:\/\/2017.carnico.it\/blog\/wp-json\/wp\/v2\/categories?post=12675"},{"taxonomy":"post_tag","embeddable":true,"href":"https:\/\/2017.carnico.it\/blog\/wp-json\/wp\/v2\/tags?post=12675"}],"curies":[{"name":"wp","href":"https:\/\/api.w.org\/{rel}","templated":true}]}}