{"id":12666,"date":"2015-10-13T22:08:11","date_gmt":"2015-10-13T20:08:11","guid":{"rendered":"http:\/\/www.carnico.it\/blog\/?p=12666"},"modified":"2015-10-13T22:08:55","modified_gmt":"2015-10-13T20:08:55","slug":"il-cavazzo-cerca-il-tris-poi-la-festa","status":"publish","type":"post","link":"https:\/\/2017.carnico.it\/blog\/2015\/10\/13\/il-cavazzo-cerca-il-tris-poi-la-festa\/","title":{"rendered":"IL CAVAZZO CERCA IL TRIS,  POI LA FESTA &#8230;"},"content":{"rendered":"<div id=\"attachment_12667\" style=\"width: 376px\" class=\"wp-caption alignleft\"><a href=\"https:\/\/www.carnico.it\/blog\/2015\/10\/13\/il-cavazzo-cerca-il-tris-poi-la-festa\/ca\/\" rel=\"attachment wp-att-12667\"><img loading=\"lazy\" decoding=\"async\" aria-describedby=\"caption-attachment-12667\" class=\" wp-image-12667\" src=\"https:\/\/www.carnico.it\/blog\/wp-content\/uploads\/2015\/10\/ca-630x417.jpg\" alt=\"Il Cavazzo festeggia il titolo\" width=\"366\" height=\"242\" srcset=\"https:\/\/2017.carnico.it\/blog\/wp-content\/uploads\/2015\/10\/ca-630x417.jpg 630w, https:\/\/2017.carnico.it\/blog\/wp-content\/uploads\/2015\/10\/ca-450x298.jpg 450w, https:\/\/2017.carnico.it\/blog\/wp-content\/uploads\/2015\/10\/ca-300x198.jpg 300w, https:\/\/2017.carnico.it\/blog\/wp-content\/uploads\/2015\/10\/ca.jpg 792w\" sizes=\"auto, (max-width: 366px) 100vw, 366px\" \/><\/a><p id=\"caption-attachment-12667\" class=\"wp-caption-text\">Il Cavazzo festeggia il titolo<\/p><\/div>\n<p>Nella finale contro l\u2019Arta in programma sul proprio campo<strong> sabato 17 alle ore 16<\/strong> il Cavazzo cercher\u00e0 di aggiungere a campionato e Coppa Carnia anche la Supercoppa, per un 2015 che resterebbe nella storia della societ\u00e0 viola. In precedenza il tris vincente era gi\u00e0 riuscito all\u2019 Illegiana nel 1993, anche si di fatto la societ\u00e0 neroverde virtualmente<!--more--> il tris lo avrebbe ottenuto anche nel 1992, quando la finale di Supercoppa non si disput\u00f2, prorio perch\u00e9 la stessa squadra aveva gi\u00e0 vinto campionato e Coppa Carnia. Probabilmente fu proprio per quel vuoto regolamentare che si decise, in caso di vittoria della stessa squadra nelle due manifestazioni, di far disputare la Supercoppa alla squadra finalista di Coppa Carnia.<br \/>\nCome detto, la finale si disputer\u00e0 sul campo dei campioni, che hanno ottenuto dall\u2019Arta il consenso alla loro proposta. Ricordiamo che, in caso di parit\u00e0 a 90\u2019, si andr\u00e0 immediatamente ai calcio di rigori.<br \/>\nPer l\u2019occasione il Cavazzo ha invitato tutti quei giocatori e qui dirigenti che hanno fatto parte della societ\u00e0 negli scorsi anni: alla fine, una festa in grande stile, per un\u2019annata che potrebbe risultare trionfale per la formazione di Josef Negyedi, Arta permettendo, naturalmente.<\/p>\n","protected":false},"excerpt":{"rendered":"<p>Nella finale contro l\u2019Arta in programma sul proprio campo sabato 17 alle ore 16 il Cavazzo cercher\u00e0 di aggiungere a campionato e Coppa Carnia anche la Supercoppa, per un 2015 che resterebbe nella storia della societ\u00e0 viola. In precedenza il tris vincente era gi\u00e0 riuscito all\u2019 Illegiana nel 1993, anche si di fatto la societ\u00e0 [&hellip;]<\/p>\n","protected":false},"author":10,"featured_media":0,"comment_status":"open","ping_status":"closed","sticky":false,"template":"","format":"standard","meta":{"footnotes":""},"categories":[3,5],"tags":[],"class_list":["post-12666","post","type-post","status-publish","format-standard","hentry","category-carnico","category-varie"],"yoast_head":"<!-- This site is optimized with the Yoast SEO plugin v27.3 - https:\/\/yoast.com\/product\/yoast-seo-wordpress\/ -->\n<title>IL CAVAZZO CERCA IL TRIS, POI LA FESTA ... - Campionato Carnico 2017<\/title>\n<meta name=\"robots\" content=\"index, follow, max-snippet:-1, max-image-preview:large, max-video-preview:-1\" \/>\n<link rel=\"canonical\" href=\"https:\/\/2017.carnico.it\/blog\/2015\/10\/13\/il-cavazzo-cerca-il-tris-poi-la-festa\/\" \/>\n<meta property=\"og:locale\" content=\"it_IT\" \/>\n<meta property=\"og:type\" content=\"article\" \/>\n<meta property=\"og:title\" content=\"IL CAVAZZO CERCA IL TRIS, POI LA FESTA ... - Campionato Carnico 2017\" \/>\n<meta property=\"og:description\" content=\"Nella finale contro l\u2019Arta in programma sul proprio campo sabato 17 alle ore 16 il Cavazzo cercher\u00e0 di aggiungere a campionato e Coppa Carnia anche la Supercoppa, per un 2015 che resterebbe nella storia della societ\u00e0 viola. In precedenza il tris vincente era gi\u00e0 riuscito all\u2019 Illegiana nel 1993, anche si di fatto la societ\u00e0 [&hellip;]\" \/>\n<meta property=\"og:url\" content=\"https:\/\/2017.carnico.it\/blog\/2015\/10\/13\/il-cavazzo-cerca-il-tris-poi-la-festa\/\" \/>\n<meta property=\"og:site_name\" content=\"Campionato Carnico 2017\" \/>\n<meta property=\"article:publisher\" content=\"https:\/\/www.facebook.com\/campionatocarnico\/\" \/>\n<meta property=\"article:published_time\" content=\"2015-10-13T20:08:11+00:00\" \/>\n<meta property=\"article:modified_time\" content=\"2015-10-13T20:08:55+00:00\" \/>\n<meta property=\"og:image\" content=\"https:\/\/www.carnico.it\/blog\/wp-content\/uploads\/2015\/10\/ca-630x417.jpg\" \/>\n<meta name=\"author\" content=\"Redazione\" \/>\n<meta name=\"twitter:card\" content=\"summary_large_image\" \/>\n<meta name=\"twitter:label1\" content=\"Scritto da\" \/>\n\t<meta name=\"twitter:data1\" content=\"Redazione\" \/>\n\t<meta name=\"twitter:label2\" content=\"Tempo di lettura stimato\" \/>\n\t<meta name=\"twitter:data2\" content=\"1 minuto\" \/>\n<script type=\"application\/ld+json\" class=\"yoast-schema-graph\">{\"@context\":\"https:\\\/\\\/schema.org\",\"@graph\":[{\"@type\":\"Article\",\"@id\":\"https:\\\/\\\/2017.carnico.it\\\/blog\\\/2015\\\/10\\\/13\\\/il-cavazzo-cerca-il-tris-poi-la-festa\\\/#article\",\"isPartOf\":{\"@id\":\"https:\\\/\\\/2017.carnico.it\\\/blog\\\/2015\\\/10\\\/13\\\/il-cavazzo-cerca-il-tris-poi-la-festa\\\/\"},\"author\":{\"name\":\"Redazione\",\"@id\":\"https:\\\/\\\/2017.carnico.it\\\/blog\\\/#\\\/schema\\\/person\\\/a68c764693d96df3238f123ea014e78c\"},\"headline\":\"IL CAVAZZO CERCA IL TRIS, POI LA FESTA &#8230;\",\"datePublished\":\"2015-10-13T20:08:11+00:00\",\"dateModified\":\"2015-10-13T20:08:55+00:00\",\"mainEntityOfPage\":{\"@id\":\"https:\\\/\\\/2017.carnico.it\\\/blog\\\/2015\\\/10\\\/13\\\/il-cavazzo-cerca-il-tris-poi-la-festa\\\/\"},\"wordCount\":211,\"commentCount\":0,\"image\":{\"@id\":\"https:\\\/\\\/2017.carnico.it\\\/blog\\\/2015\\\/10\\\/13\\\/il-cavazzo-cerca-il-tris-poi-la-festa\\\/#primaryimage\"},\"thumbnailUrl\":\"https:\\\/\\\/www.carnico.it\\\/blog\\\/wp-content\\\/uploads\\\/2015\\\/10\\\/ca-630x417.jpg\",\"articleSection\":[\"Carnico\",\"Varie\"],\"inLanguage\":\"it-IT\",\"potentialAction\":[{\"@type\":\"CommentAction\",\"name\":\"Comment\",\"target\":[\"https:\\\/\\\/2017.carnico.it\\\/blog\\\/2015\\\/10\\\/13\\\/il-cavazzo-cerca-il-tris-poi-la-festa\\\/#respond\"]}]},{\"@type\":\"WebPage\",\"@id\":\"https:\\\/\\\/2017.carnico.it\\\/blog\\\/2015\\\/10\\\/13\\\/il-cavazzo-cerca-il-tris-poi-la-festa\\\/\",\"url\":\"https:\\\/\\\/2017.carnico.it\\\/blog\\\/2015\\\/10\\\/13\\\/il-cavazzo-cerca-il-tris-poi-la-festa\\\/\",\"name\":\"IL CAVAZZO CERCA IL TRIS, POI LA FESTA ... - Campionato Carnico 2017\",\"isPartOf\":{\"@id\":\"https:\\\/\\\/2017.carnico.it\\\/blog\\\/#website\"},\"primaryImageOfPage\":{\"@id\":\"https:\\\/\\\/2017.carnico.it\\\/blog\\\/2015\\\/10\\\/13\\\/il-cavazzo-cerca-il-tris-poi-la-festa\\\/#primaryimage\"},\"image\":{\"@id\":\"https:\\\/\\\/2017.carnico.it\\\/blog\\\/2015\\\/10\\\/13\\\/il-cavazzo-cerca-il-tris-poi-la-festa\\\/#primaryimage\"},\"thumbnailUrl\":\"https:\\\/\\\/www.carnico.it\\\/blog\\\/wp-content\\\/uploads\\\/2015\\\/10\\\/ca-630x417.jpg\",\"datePublished\":\"2015-10-13T20:08:11+00:00\",\"dateModified\":\"2015-10-13T20:08:55+00:00\",\"author\":{\"@id\":\"https:\\\/\\\/2017.carnico.it\\\/blog\\\/#\\\/schema\\\/person\\\/a68c764693d96df3238f123ea014e78c\"},\"breadcrumb\":{\"@id\":\"https:\\\/\\\/2017.carnico.it\\\/blog\\\/2015\\\/10\\\/13\\\/il-cavazzo-cerca-il-tris-poi-la-festa\\\/#breadcrumb\"},\"inLanguage\":\"it-IT\",\"potentialAction\":[{\"@type\":\"ReadAction\",\"target\":[\"https:\\\/\\\/2017.carnico.it\\\/blog\\\/2015\\\/10\\\/13\\\/il-cavazzo-cerca-il-tris-poi-la-festa\\\/\"]}]},{\"@type\":\"ImageObject\",\"inLanguage\":\"it-IT\",\"@id\":\"https:\\\/\\\/2017.carnico.it\\\/blog\\\/2015\\\/10\\\/13\\\/il-cavazzo-cerca-il-tris-poi-la-festa\\\/#primaryimage\",\"url\":\"https:\\\/\\\/www.carnico.it\\\/blog\\\/wp-content\\\/uploads\\\/2015\\\/10\\\/ca-630x417.jpg\",\"contentUrl\":\"https:\\\/\\\/www.carnico.it\\\/blog\\\/wp-content\\\/uploads\\\/2015\\\/10\\\/ca-630x417.jpg\"},{\"@type\":\"BreadcrumbList\",\"@id\":\"https:\\\/\\\/2017.carnico.it\\\/blog\\\/2015\\\/10\\\/13\\\/il-cavazzo-cerca-il-tris-poi-la-festa\\\/#breadcrumb\",\"itemListElement\":[{\"@type\":\"ListItem\",\"position\":1,\"name\":\"Home\",\"item\":\"https:\\\/\\\/2017.carnico.it\\\/blog\\\/\"},{\"@type\":\"ListItem\",\"position\":2,\"name\":\"IL CAVAZZO CERCA IL TRIS, POI LA FESTA &#8230;\"}]},{\"@type\":\"WebSite\",\"@id\":\"https:\\\/\\\/2017.carnico.it\\\/blog\\\/#website\",\"url\":\"https:\\\/\\\/2017.carnico.it\\\/blog\\\/\",\"name\":\"Campionato Carnico 2017\",\"description\":\"Notizie e aggiornamenti in tempo reale sul campionato Carnico\",\"potentialAction\":[{\"@type\":\"SearchAction\",\"target\":{\"@type\":\"EntryPoint\",\"urlTemplate\":\"https:\\\/\\\/2017.carnico.it\\\/blog\\\/?s={search_term_string}\"},\"query-input\":{\"@type\":\"PropertyValueSpecification\",\"valueRequired\":true,\"valueName\":\"search_term_string\"}}],\"inLanguage\":\"it-IT\"},{\"@type\":\"Person\",\"@id\":\"https:\\\/\\\/2017.carnico.it\\\/blog\\\/#\\\/schema\\\/person\\\/a68c764693d96df3238f123ea014e78c\",\"name\":\"Redazione\",\"image\":{\"@type\":\"ImageObject\",\"inLanguage\":\"it-IT\",\"@id\":\"https:\\\/\\\/secure.gravatar.com\\\/avatar\\\/6c05bd4dddbea475e283f76b4aa2d778ecb35c06fd92df5f6e0cac552163e2ac?s=96&d=mm&r=g\",\"url\":\"https:\\\/\\\/secure.gravatar.com\\\/avatar\\\/6c05bd4dddbea475e283f76b4aa2d778ecb35c06fd92df5f6e0cac552163e2ac?s=96&d=mm&r=g\",\"contentUrl\":\"https:\\\/\\\/secure.gravatar.com\\\/avatar\\\/6c05bd4dddbea475e283f76b4aa2d778ecb35c06fd92df5f6e0cac552163e2ac?s=96&d=mm&r=g\",\"caption\":\"Redazione\"},\"url\":\"https:\\\/\\\/2017.carnico.it\\\/blog\\\/author\\\/clyco-admin\\\/\"}]}<\/script>\n<!-- \/ Yoast SEO plugin. -->","yoast_head_json":{"title":"IL CAVAZZO CERCA IL TRIS, POI LA FESTA ... - Campionato Carnico 2017","robots":{"index":"index","follow":"follow","max-snippet":"max-snippet:-1","max-image-preview":"max-image-preview:large","max-video-preview":"max-video-preview:-1"},"canonical":"https:\/\/2017.carnico.it\/blog\/2015\/10\/13\/il-cavazzo-cerca-il-tris-poi-la-festa\/","og_locale":"it_IT","og_type":"article","og_title":"IL CAVAZZO CERCA IL TRIS, POI LA FESTA ... - Campionato Carnico 2017","og_description":"Nella finale contro l\u2019Arta in programma sul proprio campo sabato 17 alle ore 16 il Cavazzo cercher\u00e0 di aggiungere a campionato e Coppa Carnia anche la Supercoppa, per un 2015 che resterebbe nella storia della societ\u00e0 viola. In precedenza il tris vincente era gi\u00e0 riuscito all\u2019 Illegiana nel 1993, anche si di fatto la societ\u00e0 [&hellip;]","og_url":"https:\/\/2017.carnico.it\/blog\/2015\/10\/13\/il-cavazzo-cerca-il-tris-poi-la-festa\/","og_site_name":"Campionato Carnico 2017","article_publisher":"https:\/\/www.facebook.com\/campionatocarnico\/","article_published_time":"2015-10-13T20:08:11+00:00","article_modified_time":"2015-10-13T20:08:55+00:00","og_image":[{"url":"https:\/\/www.carnico.it\/blog\/wp-content\/uploads\/2015\/10\/ca-630x417.jpg","type":"","width":"","height":""}],"author":"Redazione","twitter_card":"summary_large_image","twitter_misc":{"Scritto da":"Redazione","Tempo di lettura stimato":"1 minuto"},"schema":{"@context":"https:\/\/schema.org","@graph":[{"@type":"Article","@id":"https:\/\/2017.carnico.it\/blog\/2015\/10\/13\/il-cavazzo-cerca-il-tris-poi-la-festa\/#article","isPartOf":{"@id":"https:\/\/2017.carnico.it\/blog\/2015\/10\/13\/il-cavazzo-cerca-il-tris-poi-la-festa\/"},"author":{"name":"Redazione","@id":"https:\/\/2017.carnico.it\/blog\/#\/schema\/person\/a68c764693d96df3238f123ea014e78c"},"headline":"IL CAVAZZO CERCA IL TRIS, POI LA FESTA &#8230;","datePublished":"2015-10-13T20:08:11+00:00","dateModified":"2015-10-13T20:08:55+00:00","mainEntityOfPage":{"@id":"https:\/\/2017.carnico.it\/blog\/2015\/10\/13\/il-cavazzo-cerca-il-tris-poi-la-festa\/"},"wordCount":211,"commentCount":0,"image":{"@id":"https:\/\/2017.carnico.it\/blog\/2015\/10\/13\/il-cavazzo-cerca-il-tris-poi-la-festa\/#primaryimage"},"thumbnailUrl":"https:\/\/www.carnico.it\/blog\/wp-content\/uploads\/2015\/10\/ca-630x417.jpg","articleSection":["Carnico","Varie"],"inLanguage":"it-IT","potentialAction":[{"@type":"CommentAction","name":"Comment","target":["https:\/\/2017.carnico.it\/blog\/2015\/10\/13\/il-cavazzo-cerca-il-tris-poi-la-festa\/#respond"]}]},{"@type":"WebPage","@id":"https:\/\/2017.carnico.it\/blog\/2015\/10\/13\/il-cavazzo-cerca-il-tris-poi-la-festa\/","url":"https:\/\/2017.carnico.it\/blog\/2015\/10\/13\/il-cavazzo-cerca-il-tris-poi-la-festa\/","name":"IL CAVAZZO CERCA IL TRIS, POI LA FESTA ... - Campionato Carnico 2017","isPartOf":{"@id":"https:\/\/2017.carnico.it\/blog\/#website"},"primaryImageOfPage":{"@id":"https:\/\/2017.carnico.it\/blog\/2015\/10\/13\/il-cavazzo-cerca-il-tris-poi-la-festa\/#primaryimage"},"image":{"@id":"https:\/\/2017.carnico.it\/blog\/2015\/10\/13\/il-cavazzo-cerca-il-tris-poi-la-festa\/#primaryimage"},"thumbnailUrl":"https:\/\/www.carnico.it\/blog\/wp-content\/uploads\/2015\/10\/ca-630x417.jpg","datePublished":"2015-10-13T20:08:11+00:00","dateModified":"2015-10-13T20:08:55+00:00","author":{"@id":"https:\/\/2017.carnico.it\/blog\/#\/schema\/person\/a68c764693d96df3238f123ea014e78c"},"breadcrumb":{"@id":"https:\/\/2017.carnico.it\/blog\/2015\/10\/13\/il-cavazzo-cerca-il-tris-poi-la-festa\/#breadcrumb"},"inLanguage":"it-IT","potentialAction":[{"@type":"ReadAction","target":["https:\/\/2017.carnico.it\/blog\/2015\/10\/13\/il-cavazzo-cerca-il-tris-poi-la-festa\/"]}]},{"@type":"ImageObject","inLanguage":"it-IT","@id":"https:\/\/2017.carnico.it\/blog\/2015\/10\/13\/il-cavazzo-cerca-il-tris-poi-la-festa\/#primaryimage","url":"https:\/\/www.carnico.it\/blog\/wp-content\/uploads\/2015\/10\/ca-630x417.jpg","contentUrl":"https:\/\/www.carnico.it\/blog\/wp-content\/uploads\/2015\/10\/ca-630x417.jpg"},{"@type":"BreadcrumbList","@id":"https:\/\/2017.carnico.it\/blog\/2015\/10\/13\/il-cavazzo-cerca-il-tris-poi-la-festa\/#breadcrumb","itemListElement":[{"@type":"ListItem","position":1,"name":"Home","item":"https:\/\/2017.carnico.it\/blog\/"},{"@type":"ListItem","position":2,"name":"IL CAVAZZO CERCA IL TRIS, POI LA FESTA &#8230;"}]},{"@type":"WebSite","@id":"https:\/\/2017.carnico.it\/blog\/#website","url":"https:\/\/2017.carnico.it\/blog\/","name":"Campionato Carnico 2017","description":"Notizie e aggiornamenti in tempo reale sul campionato Carnico","potentialAction":[{"@type":"SearchAction","target":{"@type":"EntryPoint","urlTemplate":"https:\/\/2017.carnico.it\/blog\/?s={search_term_string}"},"query-input":{"@type":"PropertyValueSpecification","valueRequired":true,"valueName":"search_term_string"}}],"inLanguage":"it-IT"},{"@type":"Person","@id":"https:\/\/2017.carnico.it\/blog\/#\/schema\/person\/a68c764693d96df3238f123ea014e78c","name":"Redazione","image":{"@type":"ImageObject","inLanguage":"it-IT","@id":"https:\/\/secure.gravatar.com\/avatar\/6c05bd4dddbea475e283f76b4aa2d778ecb35c06fd92df5f6e0cac552163e2ac?s=96&d=mm&r=g","url":"https:\/\/secure.gravatar.com\/avatar\/6c05bd4dddbea475e283f76b4aa2d778ecb35c06fd92df5f6e0cac552163e2ac?s=96&d=mm&r=g","contentUrl":"https:\/\/secure.gravatar.com\/avatar\/6c05bd4dddbea475e283f76b4aa2d778ecb35c06fd92df5f6e0cac552163e2ac?s=96&d=mm&r=g","caption":"Redazione"},"url":"https:\/\/2017.carnico.it\/blog\/author\/clyco-admin\/"}]}},"_links":{"self":[{"href":"https:\/\/2017.carnico.it\/blog\/wp-json\/wp\/v2\/posts\/12666","targetHints":{"allow":["GET"]}}],"collection":[{"href":"https:\/\/2017.carnico.it\/blog\/wp-json\/wp\/v2\/posts"}],"about":[{"href":"https:\/\/2017.carnico.it\/blog\/wp-json\/wp\/v2\/types\/post"}],"author":[{"embeddable":true,"href":"https:\/\/2017.carnico.it\/blog\/wp-json\/wp\/v2\/users\/10"}],"replies":[{"embeddable":true,"href":"https:\/\/2017.carnico.it\/blog\/wp-json\/wp\/v2\/comments?post=12666"}],"version-history":[{"count":4,"href":"https:\/\/2017.carnico.it\/blog\/wp-json\/wp\/v2\/posts\/12666\/revisions"}],"predecessor-version":[{"id":12671,"href":"https:\/\/2017.carnico.it\/blog\/wp-json\/wp\/v2\/posts\/12666\/revisions\/12671"}],"wp:attachment":[{"href":"https:\/\/2017.carnico.it\/blog\/wp-json\/wp\/v2\/media?parent=12666"}],"wp:term":[{"taxonomy":"category","embeddable":true,"href":"https:\/\/2017.carnico.it\/blog\/wp-json\/wp\/v2\/categories?post=12666"},{"taxonomy":"post_tag","embeddable":true,"href":"https:\/\/2017.carnico.it\/blog\/wp-json\/wp\/v2\/tags?post=12666"}],"curies":[{"name":"wp","href":"https:\/\/api.w.org\/{rel}","templated":true}]}}