{"id":12390,"date":"2015-08-18T22:54:35","date_gmt":"2015-08-18T20:54:35","guid":{"rendered":"http:\/\/www.carnico.it\/blog\/?p=12390"},"modified":"2015-08-18T22:55:43","modified_gmt":"2015-08-18T20:55:43","slug":"giovanissimi-in-campo-per-il-memorial-lucio-olivo","status":"publish","type":"post","link":"https:\/\/2017.carnico.it\/blog\/2015\/08\/18\/giovanissimi-in-campo-per-il-memorial-lucio-olivo\/","title":{"rendered":"GIOVANISSIMI IN CAMPO PER IL &#8220;MEMORIAL LUCIO OLIVO&#8221;"},"content":{"rendered":"<div id=\"attachment_12391\" style=\"width: 269px\" class=\"wp-caption alignleft\"><a href=\"https:\/\/www.carnico.it\/blog\/2015\/08\/18\/giovanissimi-in-campo-per-il-memorial-lucio-olivo\/loc\/\" rel=\"attachment wp-att-12391\"><img loading=\"lazy\" decoding=\"async\" aria-describedby=\"caption-attachment-12391\" class=\" wp-image-12391\" src=\"https:\/\/www.carnico.it\/blog\/wp-content\/uploads\/2015\/08\/loc-336x450.jpg\" alt=\"La locandina della manifestazione\" width=\"259\" height=\"347\" srcset=\"https:\/\/2017.carnico.it\/blog\/wp-content\/uploads\/2015\/08\/loc-336x450.jpg 336w, https:\/\/2017.carnico.it\/blog\/wp-content\/uploads\/2015\/08\/loc-187x250.jpg 187w, https:\/\/2017.carnico.it\/blog\/wp-content\/uploads\/2015\/08\/loc-471x630.jpg 471w, https:\/\/2017.carnico.it\/blog\/wp-content\/uploads\/2015\/08\/loc.jpg 717w\" sizes=\"auto, (max-width: 259px) 100vw, 259px\" \/><\/a><p id=\"caption-attachment-12391\" class=\"wp-caption-text\">La locandina della manifestazione<\/p><\/div>\n<p>Sabato 22 agosto, con inizio alle 9.30, a Cavazzo e ad Amaro si disputer\u00e0 il 2\u00b0 &#8220;Memorial Lucio Olivo&#8221;, un torneo di calcio giovanile categoria Giovanissimi con squadre provenienti da tutte le province del FVG. La manifestazione si svolger\u00e0 nell&#8217;arco di un&#8217;unica giornata ed \u00e8 intitolato alla memoria di Lucio Olivo, storico dirigente della societ\u00e0 viola, presidente dello scudetto del 1965 e grande figura dell&#8217;imprenditoria friulana. Organizzato dal Cavazzo, in collaborazione con Viola, Amaro ed il Comune di Cavazzo Carnico, prevede la partecipazione di di 8 societ\u00e0: Cavazzo, Donatello, Maianese, San Luigi, Tarcentina, Sanvitese, Itala San Marco e Udinese suddivise in due gironi eliminatori che si disputeranno al mattino: il girone A nel campo di Cavazzo Carnico, il girone B in quello di Amaro.<!--more--> Le finali nel pomeriggio e la susseguente cerimonia di premiazione presso il campo sportivo di Cavazzo Carnico. Il torneo, nato lo scorso anno, \u00e8 inserito in un contesto molto pi\u00f9 ampio che rappresenta il grande progetto che l&#8217; ASD Cavazzo sta sviluppando in maniera esemplare nel settore giovanile. Come detto, siamo solo alla seconda edizione, ma in futuro si cercher\u00e0 di coinvolgere altre societ\u00e0 con l&#8217;obiettivo di portare in Carnia il meglio delle squadre giovanili di tutto il Friuli V.G.<\/p>\n","protected":false},"excerpt":{"rendered":"<p>Sabato 22 agosto, con inizio alle 9.30, a Cavazzo e ad Amaro si disputer\u00e0 il 2\u00b0 &#8220;Memorial Lucio Olivo&#8221;, un torneo di calcio giovanile categoria Giovanissimi con squadre provenienti da tutte le province del FVG. La manifestazione si svolger\u00e0 nell&#8217;arco di un&#8217;unica giornata ed \u00e8 intitolato alla memoria di Lucio Olivo, storico dirigente della societ\u00e0 [&hellip;]<\/p>\n","protected":false},"author":10,"featured_media":0,"comment_status":"open","ping_status":"closed","sticky":false,"template":"","format":"standard","meta":{"footnotes":""},"categories":[5],"tags":[],"class_list":["post-12390","post","type-post","status-publish","format-standard","hentry","category-varie"],"yoast_head":"<!-- This site is optimized with the Yoast SEO plugin v27.3 - https:\/\/yoast.com\/product\/yoast-seo-wordpress\/ -->\n<title>GIOVANISSIMI IN CAMPO PER IL &quot;MEMORIAL LUCIO OLIVO&quot; - Campionato Carnico 2017<\/title>\n<meta name=\"robots\" content=\"index, follow, max-snippet:-1, max-image-preview:large, max-video-preview:-1\" \/>\n<link rel=\"canonical\" href=\"https:\/\/2017.carnico.it\/blog\/2015\/08\/18\/giovanissimi-in-campo-per-il-memorial-lucio-olivo\/\" \/>\n<meta property=\"og:locale\" content=\"it_IT\" \/>\n<meta property=\"og:type\" content=\"article\" \/>\n<meta property=\"og:title\" content=\"GIOVANISSIMI IN CAMPO PER IL &quot;MEMORIAL LUCIO OLIVO&quot; - Campionato Carnico 2017\" \/>\n<meta property=\"og:description\" content=\"Sabato 22 agosto, con inizio alle 9.30, a Cavazzo e ad Amaro si disputer\u00e0 il 2\u00b0 &#8220;Memorial Lucio Olivo&#8221;, un torneo di calcio giovanile categoria Giovanissimi con squadre provenienti da tutte le province del FVG. La manifestazione si svolger\u00e0 nell&#8217;arco di un&#8217;unica giornata ed \u00e8 intitolato alla memoria di Lucio Olivo, storico dirigente della societ\u00e0 [&hellip;]\" \/>\n<meta property=\"og:url\" content=\"https:\/\/2017.carnico.it\/blog\/2015\/08\/18\/giovanissimi-in-campo-per-il-memorial-lucio-olivo\/\" \/>\n<meta property=\"og:site_name\" content=\"Campionato Carnico 2017\" \/>\n<meta property=\"article:publisher\" content=\"https:\/\/www.facebook.com\/campionatocarnico\/\" \/>\n<meta property=\"article:published_time\" content=\"2015-08-18T20:54:35+00:00\" \/>\n<meta property=\"article:modified_time\" content=\"2015-08-18T20:55:43+00:00\" \/>\n<meta property=\"og:image\" content=\"https:\/\/www.carnico.it\/blog\/wp-content\/uploads\/2015\/08\/loc-336x450.jpg\" \/>\n<meta name=\"author\" content=\"Redazione\" \/>\n<meta name=\"twitter:card\" content=\"summary_large_image\" \/>\n<meta name=\"twitter:label1\" content=\"Scritto da\" \/>\n\t<meta name=\"twitter:data1\" content=\"Redazione\" \/>\n\t<meta name=\"twitter:label2\" content=\"Tempo di lettura stimato\" \/>\n\t<meta name=\"twitter:data2\" content=\"1 minuto\" \/>\n<script type=\"application\/ld+json\" class=\"yoast-schema-graph\">{\"@context\":\"https:\\\/\\\/schema.org\",\"@graph\":[{\"@type\":\"Article\",\"@id\":\"https:\\\/\\\/2017.carnico.it\\\/blog\\\/2015\\\/08\\\/18\\\/giovanissimi-in-campo-per-il-memorial-lucio-olivo\\\/#article\",\"isPartOf\":{\"@id\":\"https:\\\/\\\/2017.carnico.it\\\/blog\\\/2015\\\/08\\\/18\\\/giovanissimi-in-campo-per-il-memorial-lucio-olivo\\\/\"},\"author\":{\"name\":\"Redazione\",\"@id\":\"https:\\\/\\\/2017.carnico.it\\\/blog\\\/#\\\/schema\\\/person\\\/a68c764693d96df3238f123ea014e78c\"},\"headline\":\"GIOVANISSIMI IN CAMPO PER IL &#8220;MEMORIAL LUCIO OLIVO&#8221;\",\"datePublished\":\"2015-08-18T20:54:35+00:00\",\"dateModified\":\"2015-08-18T20:55:43+00:00\",\"mainEntityOfPage\":{\"@id\":\"https:\\\/\\\/2017.carnico.it\\\/blog\\\/2015\\\/08\\\/18\\\/giovanissimi-in-campo-per-il-memorial-lucio-olivo\\\/\"},\"wordCount\":221,\"commentCount\":0,\"image\":{\"@id\":\"https:\\\/\\\/2017.carnico.it\\\/blog\\\/2015\\\/08\\\/18\\\/giovanissimi-in-campo-per-il-memorial-lucio-olivo\\\/#primaryimage\"},\"thumbnailUrl\":\"https:\\\/\\\/www.carnico.it\\\/blog\\\/wp-content\\\/uploads\\\/2015\\\/08\\\/loc-336x450.jpg\",\"articleSection\":[\"Varie\"],\"inLanguage\":\"it-IT\",\"potentialAction\":[{\"@type\":\"CommentAction\",\"name\":\"Comment\",\"target\":[\"https:\\\/\\\/2017.carnico.it\\\/blog\\\/2015\\\/08\\\/18\\\/giovanissimi-in-campo-per-il-memorial-lucio-olivo\\\/#respond\"]}]},{\"@type\":\"WebPage\",\"@id\":\"https:\\\/\\\/2017.carnico.it\\\/blog\\\/2015\\\/08\\\/18\\\/giovanissimi-in-campo-per-il-memorial-lucio-olivo\\\/\",\"url\":\"https:\\\/\\\/2017.carnico.it\\\/blog\\\/2015\\\/08\\\/18\\\/giovanissimi-in-campo-per-il-memorial-lucio-olivo\\\/\",\"name\":\"GIOVANISSIMI IN CAMPO PER IL \\\"MEMORIAL LUCIO OLIVO\\\" - Campionato Carnico 2017\",\"isPartOf\":{\"@id\":\"https:\\\/\\\/2017.carnico.it\\\/blog\\\/#website\"},\"primaryImageOfPage\":{\"@id\":\"https:\\\/\\\/2017.carnico.it\\\/blog\\\/2015\\\/08\\\/18\\\/giovanissimi-in-campo-per-il-memorial-lucio-olivo\\\/#primaryimage\"},\"image\":{\"@id\":\"https:\\\/\\\/2017.carnico.it\\\/blog\\\/2015\\\/08\\\/18\\\/giovanissimi-in-campo-per-il-memorial-lucio-olivo\\\/#primaryimage\"},\"thumbnailUrl\":\"https:\\\/\\\/www.carnico.it\\\/blog\\\/wp-content\\\/uploads\\\/2015\\\/08\\\/loc-336x450.jpg\",\"datePublished\":\"2015-08-18T20:54:35+00:00\",\"dateModified\":\"2015-08-18T20:55:43+00:00\",\"author\":{\"@id\":\"https:\\\/\\\/2017.carnico.it\\\/blog\\\/#\\\/schema\\\/person\\\/a68c764693d96df3238f123ea014e78c\"},\"breadcrumb\":{\"@id\":\"https:\\\/\\\/2017.carnico.it\\\/blog\\\/2015\\\/08\\\/18\\\/giovanissimi-in-campo-per-il-memorial-lucio-olivo\\\/#breadcrumb\"},\"inLanguage\":\"it-IT\",\"potentialAction\":[{\"@type\":\"ReadAction\",\"target\":[\"https:\\\/\\\/2017.carnico.it\\\/blog\\\/2015\\\/08\\\/18\\\/giovanissimi-in-campo-per-il-memorial-lucio-olivo\\\/\"]}]},{\"@type\":\"ImageObject\",\"inLanguage\":\"it-IT\",\"@id\":\"https:\\\/\\\/2017.carnico.it\\\/blog\\\/2015\\\/08\\\/18\\\/giovanissimi-in-campo-per-il-memorial-lucio-olivo\\\/#primaryimage\",\"url\":\"https:\\\/\\\/www.carnico.it\\\/blog\\\/wp-content\\\/uploads\\\/2015\\\/08\\\/loc-336x450.jpg\",\"contentUrl\":\"https:\\\/\\\/www.carnico.it\\\/blog\\\/wp-content\\\/uploads\\\/2015\\\/08\\\/loc-336x450.jpg\"},{\"@type\":\"BreadcrumbList\",\"@id\":\"https:\\\/\\\/2017.carnico.it\\\/blog\\\/2015\\\/08\\\/18\\\/giovanissimi-in-campo-per-il-memorial-lucio-olivo\\\/#breadcrumb\",\"itemListElement\":[{\"@type\":\"ListItem\",\"position\":1,\"name\":\"Home\",\"item\":\"https:\\\/\\\/2017.carnico.it\\\/blog\\\/\"},{\"@type\":\"ListItem\",\"position\":2,\"name\":\"GIOVANISSIMI IN CAMPO PER IL &#8220;MEMORIAL LUCIO OLIVO&#8221;\"}]},{\"@type\":\"WebSite\",\"@id\":\"https:\\\/\\\/2017.carnico.it\\\/blog\\\/#website\",\"url\":\"https:\\\/\\\/2017.carnico.it\\\/blog\\\/\",\"name\":\"Campionato Carnico 2017\",\"description\":\"Notizie e aggiornamenti in tempo reale sul campionato Carnico\",\"potentialAction\":[{\"@type\":\"SearchAction\",\"target\":{\"@type\":\"EntryPoint\",\"urlTemplate\":\"https:\\\/\\\/2017.carnico.it\\\/blog\\\/?s={search_term_string}\"},\"query-input\":{\"@type\":\"PropertyValueSpecification\",\"valueRequired\":true,\"valueName\":\"search_term_string\"}}],\"inLanguage\":\"it-IT\"},{\"@type\":\"Person\",\"@id\":\"https:\\\/\\\/2017.carnico.it\\\/blog\\\/#\\\/schema\\\/person\\\/a68c764693d96df3238f123ea014e78c\",\"name\":\"Redazione\",\"image\":{\"@type\":\"ImageObject\",\"inLanguage\":\"it-IT\",\"@id\":\"https:\\\/\\\/secure.gravatar.com\\\/avatar\\\/6c05bd4dddbea475e283f76b4aa2d778ecb35c06fd92df5f6e0cac552163e2ac?s=96&d=mm&r=g\",\"url\":\"https:\\\/\\\/secure.gravatar.com\\\/avatar\\\/6c05bd4dddbea475e283f76b4aa2d778ecb35c06fd92df5f6e0cac552163e2ac?s=96&d=mm&r=g\",\"contentUrl\":\"https:\\\/\\\/secure.gravatar.com\\\/avatar\\\/6c05bd4dddbea475e283f76b4aa2d778ecb35c06fd92df5f6e0cac552163e2ac?s=96&d=mm&r=g\",\"caption\":\"Redazione\"},\"url\":\"https:\\\/\\\/2017.carnico.it\\\/blog\\\/author\\\/clyco-admin\\\/\"}]}<\/script>\n<!-- \/ Yoast SEO plugin. -->","yoast_head_json":{"title":"GIOVANISSIMI IN CAMPO PER IL \"MEMORIAL LUCIO OLIVO\" - Campionato Carnico 2017","robots":{"index":"index","follow":"follow","max-snippet":"max-snippet:-1","max-image-preview":"max-image-preview:large","max-video-preview":"max-video-preview:-1"},"canonical":"https:\/\/2017.carnico.it\/blog\/2015\/08\/18\/giovanissimi-in-campo-per-il-memorial-lucio-olivo\/","og_locale":"it_IT","og_type":"article","og_title":"GIOVANISSIMI IN CAMPO PER IL \"MEMORIAL LUCIO OLIVO\" - Campionato Carnico 2017","og_description":"Sabato 22 agosto, con inizio alle 9.30, a Cavazzo e ad Amaro si disputer\u00e0 il 2\u00b0 &#8220;Memorial Lucio Olivo&#8221;, un torneo di calcio giovanile categoria Giovanissimi con squadre provenienti da tutte le province del FVG. La manifestazione si svolger\u00e0 nell&#8217;arco di un&#8217;unica giornata ed \u00e8 intitolato alla memoria di Lucio Olivo, storico dirigente della societ\u00e0 [&hellip;]","og_url":"https:\/\/2017.carnico.it\/blog\/2015\/08\/18\/giovanissimi-in-campo-per-il-memorial-lucio-olivo\/","og_site_name":"Campionato Carnico 2017","article_publisher":"https:\/\/www.facebook.com\/campionatocarnico\/","article_published_time":"2015-08-18T20:54:35+00:00","article_modified_time":"2015-08-18T20:55:43+00:00","og_image":[{"url":"https:\/\/www.carnico.it\/blog\/wp-content\/uploads\/2015\/08\/loc-336x450.jpg","type":"","width":"","height":""}],"author":"Redazione","twitter_card":"summary_large_image","twitter_misc":{"Scritto da":"Redazione","Tempo di lettura stimato":"1 minuto"},"schema":{"@context":"https:\/\/schema.org","@graph":[{"@type":"Article","@id":"https:\/\/2017.carnico.it\/blog\/2015\/08\/18\/giovanissimi-in-campo-per-il-memorial-lucio-olivo\/#article","isPartOf":{"@id":"https:\/\/2017.carnico.it\/blog\/2015\/08\/18\/giovanissimi-in-campo-per-il-memorial-lucio-olivo\/"},"author":{"name":"Redazione","@id":"https:\/\/2017.carnico.it\/blog\/#\/schema\/person\/a68c764693d96df3238f123ea014e78c"},"headline":"GIOVANISSIMI IN CAMPO PER IL &#8220;MEMORIAL LUCIO OLIVO&#8221;","datePublished":"2015-08-18T20:54:35+00:00","dateModified":"2015-08-18T20:55:43+00:00","mainEntityOfPage":{"@id":"https:\/\/2017.carnico.it\/blog\/2015\/08\/18\/giovanissimi-in-campo-per-il-memorial-lucio-olivo\/"},"wordCount":221,"commentCount":0,"image":{"@id":"https:\/\/2017.carnico.it\/blog\/2015\/08\/18\/giovanissimi-in-campo-per-il-memorial-lucio-olivo\/#primaryimage"},"thumbnailUrl":"https:\/\/www.carnico.it\/blog\/wp-content\/uploads\/2015\/08\/loc-336x450.jpg","articleSection":["Varie"],"inLanguage":"it-IT","potentialAction":[{"@type":"CommentAction","name":"Comment","target":["https:\/\/2017.carnico.it\/blog\/2015\/08\/18\/giovanissimi-in-campo-per-il-memorial-lucio-olivo\/#respond"]}]},{"@type":"WebPage","@id":"https:\/\/2017.carnico.it\/blog\/2015\/08\/18\/giovanissimi-in-campo-per-il-memorial-lucio-olivo\/","url":"https:\/\/2017.carnico.it\/blog\/2015\/08\/18\/giovanissimi-in-campo-per-il-memorial-lucio-olivo\/","name":"GIOVANISSIMI IN CAMPO PER IL \"MEMORIAL LUCIO OLIVO\" - Campionato Carnico 2017","isPartOf":{"@id":"https:\/\/2017.carnico.it\/blog\/#website"},"primaryImageOfPage":{"@id":"https:\/\/2017.carnico.it\/blog\/2015\/08\/18\/giovanissimi-in-campo-per-il-memorial-lucio-olivo\/#primaryimage"},"image":{"@id":"https:\/\/2017.carnico.it\/blog\/2015\/08\/18\/giovanissimi-in-campo-per-il-memorial-lucio-olivo\/#primaryimage"},"thumbnailUrl":"https:\/\/www.carnico.it\/blog\/wp-content\/uploads\/2015\/08\/loc-336x450.jpg","datePublished":"2015-08-18T20:54:35+00:00","dateModified":"2015-08-18T20:55:43+00:00","author":{"@id":"https:\/\/2017.carnico.it\/blog\/#\/schema\/person\/a68c764693d96df3238f123ea014e78c"},"breadcrumb":{"@id":"https:\/\/2017.carnico.it\/blog\/2015\/08\/18\/giovanissimi-in-campo-per-il-memorial-lucio-olivo\/#breadcrumb"},"inLanguage":"it-IT","potentialAction":[{"@type":"ReadAction","target":["https:\/\/2017.carnico.it\/blog\/2015\/08\/18\/giovanissimi-in-campo-per-il-memorial-lucio-olivo\/"]}]},{"@type":"ImageObject","inLanguage":"it-IT","@id":"https:\/\/2017.carnico.it\/blog\/2015\/08\/18\/giovanissimi-in-campo-per-il-memorial-lucio-olivo\/#primaryimage","url":"https:\/\/www.carnico.it\/blog\/wp-content\/uploads\/2015\/08\/loc-336x450.jpg","contentUrl":"https:\/\/www.carnico.it\/blog\/wp-content\/uploads\/2015\/08\/loc-336x450.jpg"},{"@type":"BreadcrumbList","@id":"https:\/\/2017.carnico.it\/blog\/2015\/08\/18\/giovanissimi-in-campo-per-il-memorial-lucio-olivo\/#breadcrumb","itemListElement":[{"@type":"ListItem","position":1,"name":"Home","item":"https:\/\/2017.carnico.it\/blog\/"},{"@type":"ListItem","position":2,"name":"GIOVANISSIMI IN CAMPO PER IL &#8220;MEMORIAL LUCIO OLIVO&#8221;"}]},{"@type":"WebSite","@id":"https:\/\/2017.carnico.it\/blog\/#website","url":"https:\/\/2017.carnico.it\/blog\/","name":"Campionato Carnico 2017","description":"Notizie e aggiornamenti in tempo reale sul campionato Carnico","potentialAction":[{"@type":"SearchAction","target":{"@type":"EntryPoint","urlTemplate":"https:\/\/2017.carnico.it\/blog\/?s={search_term_string}"},"query-input":{"@type":"PropertyValueSpecification","valueRequired":true,"valueName":"search_term_string"}}],"inLanguage":"it-IT"},{"@type":"Person","@id":"https:\/\/2017.carnico.it\/blog\/#\/schema\/person\/a68c764693d96df3238f123ea014e78c","name":"Redazione","image":{"@type":"ImageObject","inLanguage":"it-IT","@id":"https:\/\/secure.gravatar.com\/avatar\/6c05bd4dddbea475e283f76b4aa2d778ecb35c06fd92df5f6e0cac552163e2ac?s=96&d=mm&r=g","url":"https:\/\/secure.gravatar.com\/avatar\/6c05bd4dddbea475e283f76b4aa2d778ecb35c06fd92df5f6e0cac552163e2ac?s=96&d=mm&r=g","contentUrl":"https:\/\/secure.gravatar.com\/avatar\/6c05bd4dddbea475e283f76b4aa2d778ecb35c06fd92df5f6e0cac552163e2ac?s=96&d=mm&r=g","caption":"Redazione"},"url":"https:\/\/2017.carnico.it\/blog\/author\/clyco-admin\/"}]}},"_links":{"self":[{"href":"https:\/\/2017.carnico.it\/blog\/wp-json\/wp\/v2\/posts\/12390","targetHints":{"allow":["GET"]}}],"collection":[{"href":"https:\/\/2017.carnico.it\/blog\/wp-json\/wp\/v2\/posts"}],"about":[{"href":"https:\/\/2017.carnico.it\/blog\/wp-json\/wp\/v2\/types\/post"}],"author":[{"embeddable":true,"href":"https:\/\/2017.carnico.it\/blog\/wp-json\/wp\/v2\/users\/10"}],"replies":[{"embeddable":true,"href":"https:\/\/2017.carnico.it\/blog\/wp-json\/wp\/v2\/comments?post=12390"}],"version-history":[{"count":4,"href":"https:\/\/2017.carnico.it\/blog\/wp-json\/wp\/v2\/posts\/12390\/revisions"}],"predecessor-version":[{"id":12395,"href":"https:\/\/2017.carnico.it\/blog\/wp-json\/wp\/v2\/posts\/12390\/revisions\/12395"}],"wp:attachment":[{"href":"https:\/\/2017.carnico.it\/blog\/wp-json\/wp\/v2\/media?parent=12390"}],"wp:term":[{"taxonomy":"category","embeddable":true,"href":"https:\/\/2017.carnico.it\/blog\/wp-json\/wp\/v2\/categories?post=12390"},{"taxonomy":"post_tag","embeddable":true,"href":"https:\/\/2017.carnico.it\/blog\/wp-json\/wp\/v2\/tags?post=12390"}],"curies":[{"name":"wp","href":"https:\/\/api.w.org\/{rel}","templated":true}]}}