{"id":12283,"date":"2015-08-07T18:31:25","date_gmt":"2015-08-07T16:31:25","guid":{"rendered":"http:\/\/www.carnico.it\/blog\/?p=12283"},"modified":"2015-08-07T18:32:30","modified_gmt":"2015-08-07T16:32:30","slug":"il-timaucleulis-inaugura-i-nuovi-spogliatoi","status":"publish","type":"post","link":"https:\/\/2017.carnico.it\/blog\/2015\/08\/07\/il-timaucleulis-inaugura-i-nuovi-spogliatoi\/","title":{"rendered":"IL TIMAUCLEULIS INAUGURA I NUOVI SPOGLIATOI"},"content":{"rendered":"<div id=\"attachment_12280\" style=\"width: 310px\" class=\"wp-caption alignleft\"><a href=\"https:\/\/www.carnico.it\/blog\/2015\/08\/07\/12279\/spo\/\" rel=\"attachment wp-att-12280\"><img loading=\"lazy\" decoding=\"async\" aria-describedby=\"caption-attachment-12280\" class=\"size-medium wp-image-12280\" src=\"https:\/\/www.carnico.it\/blog\/wp-content\/uploads\/2015\/08\/SPO-300x180.jpg\" alt=\"I nuovi spogliatoi del &quot;Mentil&quot;\" width=\"300\" height=\"180\" srcset=\"https:\/\/2017.carnico.it\/blog\/wp-content\/uploads\/2015\/08\/SPO-300x180.jpg 300w, https:\/\/2017.carnico.it\/blog\/wp-content\/uploads\/2015\/08\/SPO-450x270.jpg 450w, https:\/\/2017.carnico.it\/blog\/wp-content\/uploads\/2015\/08\/SPO-630x379.jpg 630w, https:\/\/2017.carnico.it\/blog\/wp-content\/uploads\/2015\/08\/SPO.jpg 852w\" sizes=\"auto, (max-width: 300px) 100vw, 300px\" \/><\/a><p id=\"caption-attachment-12280\" class=\"wp-caption-text\">I nuovi spogliatoi del &#8220;Mentil&#8221;<\/p><\/div>\n<p>Sar\u00e0 il giorno di ferragosto quello scelto dal Timaucleulis per l\u2019inaugurazione dei nuovi spogliatoi. E\u2019 gi\u00e0 da qualche settimana che i \u201ccaprioli\u201d hanno fatto il loro ritorno a casa, dopo tante partite giocate lontano dalla \u201cCrete\u201d: mancava solo l\u2019ufficialit\u00e0 del rientro e questa, come detto, avverr\u00e0 il giorno <strong>15 agosto<\/strong> con inizio dell&#8217;evento <strong>alle ore 16.30<\/strong>.<!--more-->I nuovi spogliatoi dell\u2019impianto timavese saranno intitolati a tre persone che non ci sono pi\u00f9 ma che con la loro passione, il loro impegno e la loro forte appartenenza alla comunit\u00e0 hanno scritto la storia, non solo calcistica, del paese: Lorenzo Matiz, Tullio Mentil e Daniele Primus verranno ricordati nella cerimonia dell\u2019intitolazione proprio a loro dei locali. Seguir\u00e0 una partita di vecchie glorie ed il solito momento di aggregazione al chiosco. Per un timavese esserci \u00e8 praticamente un obbligo, per tutti gli altri sportivi che vorranno partecipare una maniera per rendere onore a Lorenzo, Tullio e Daniele, ma anche ad una societ\u00e0 che si \u00e8 sempre distinta per seriet\u00e0 e profondit\u00e0 di valori.<\/p>\n","protected":false},"excerpt":{"rendered":"<p>Sar\u00e0 il giorno di ferragosto quello scelto dal Timaucleulis per l\u2019inaugurazione dei nuovi spogliatoi. E\u2019 gi\u00e0 da qualche settimana che i \u201ccaprioli\u201d hanno fatto il loro ritorno a casa, dopo tante partite giocate lontano dalla \u201cCrete\u201d: mancava solo l\u2019ufficialit\u00e0 del rientro e questa, come detto, avverr\u00e0 il giorno 15 agosto con inizio dell&#8217;evento alle ore [&hellip;]<\/p>\n","protected":false},"author":10,"featured_media":0,"comment_status":"open","ping_status":"closed","sticky":false,"template":"","format":"standard","meta":{"footnotes":""},"categories":[3,5],"tags":[],"class_list":["post-12283","post","type-post","status-publish","format-standard","hentry","category-carnico","category-varie"],"yoast_head":"<!-- This site is optimized with the Yoast SEO plugin v27.3 - https:\/\/yoast.com\/product\/yoast-seo-wordpress\/ -->\n<title>IL TIMAUCLEULIS INAUGURA I NUOVI SPOGLIATOI - Campionato Carnico 2017<\/title>\n<meta name=\"robots\" content=\"index, follow, max-snippet:-1, max-image-preview:large, max-video-preview:-1\" \/>\n<link rel=\"canonical\" href=\"https:\/\/2017.carnico.it\/blog\/2015\/08\/07\/il-timaucleulis-inaugura-i-nuovi-spogliatoi\/\" \/>\n<meta property=\"og:locale\" content=\"it_IT\" \/>\n<meta property=\"og:type\" content=\"article\" \/>\n<meta property=\"og:title\" content=\"IL TIMAUCLEULIS INAUGURA I NUOVI SPOGLIATOI - Campionato Carnico 2017\" \/>\n<meta property=\"og:description\" content=\"Sar\u00e0 il giorno di ferragosto quello scelto dal Timaucleulis per l\u2019inaugurazione dei nuovi spogliatoi. E\u2019 gi\u00e0 da qualche settimana che i \u201ccaprioli\u201d hanno fatto il loro ritorno a casa, dopo tante partite giocate lontano dalla \u201cCrete\u201d: mancava solo l\u2019ufficialit\u00e0 del rientro e questa, come detto, avverr\u00e0 il giorno 15 agosto con inizio dell&#8217;evento alle ore [&hellip;]\" \/>\n<meta property=\"og:url\" content=\"https:\/\/2017.carnico.it\/blog\/2015\/08\/07\/il-timaucleulis-inaugura-i-nuovi-spogliatoi\/\" \/>\n<meta property=\"og:site_name\" content=\"Campionato Carnico 2017\" \/>\n<meta property=\"article:publisher\" content=\"https:\/\/www.facebook.com\/campionatocarnico\/\" \/>\n<meta property=\"article:published_time\" content=\"2015-08-07T16:31:25+00:00\" \/>\n<meta property=\"article:modified_time\" content=\"2015-08-07T16:32:30+00:00\" \/>\n<meta property=\"og:image\" content=\"https:\/\/www.carnico.it\/blog\/wp-content\/uploads\/2015\/08\/SPO-300x180.jpg\" \/>\n<meta name=\"author\" content=\"Redazione\" \/>\n<meta name=\"twitter:card\" content=\"summary_large_image\" \/>\n<meta name=\"twitter:label1\" content=\"Scritto da\" \/>\n\t<meta name=\"twitter:data1\" content=\"Redazione\" \/>\n\t<meta name=\"twitter:label2\" content=\"Tempo di lettura stimato\" \/>\n\t<meta name=\"twitter:data2\" content=\"1 minuto\" \/>\n<script type=\"application\/ld+json\" class=\"yoast-schema-graph\">{\"@context\":\"https:\\\/\\\/schema.org\",\"@graph\":[{\"@type\":\"Article\",\"@id\":\"https:\\\/\\\/2017.carnico.it\\\/blog\\\/2015\\\/08\\\/07\\\/il-timaucleulis-inaugura-i-nuovi-spogliatoi\\\/#article\",\"isPartOf\":{\"@id\":\"https:\\\/\\\/2017.carnico.it\\\/blog\\\/2015\\\/08\\\/07\\\/il-timaucleulis-inaugura-i-nuovi-spogliatoi\\\/\"},\"author\":{\"name\":\"Redazione\",\"@id\":\"https:\\\/\\\/2017.carnico.it\\\/blog\\\/#\\\/schema\\\/person\\\/a68c764693d96df3238f123ea014e78c\"},\"headline\":\"IL TIMAUCLEULIS INAUGURA I NUOVI SPOGLIATOI\",\"datePublished\":\"2015-08-07T16:31:25+00:00\",\"dateModified\":\"2015-08-07T16:32:30+00:00\",\"mainEntityOfPage\":{\"@id\":\"https:\\\/\\\/2017.carnico.it\\\/blog\\\/2015\\\/08\\\/07\\\/il-timaucleulis-inaugura-i-nuovi-spogliatoi\\\/\"},\"wordCount\":188,\"commentCount\":1,\"image\":{\"@id\":\"https:\\\/\\\/2017.carnico.it\\\/blog\\\/2015\\\/08\\\/07\\\/il-timaucleulis-inaugura-i-nuovi-spogliatoi\\\/#primaryimage\"},\"thumbnailUrl\":\"https:\\\/\\\/www.carnico.it\\\/blog\\\/wp-content\\\/uploads\\\/2015\\\/08\\\/SPO-300x180.jpg\",\"articleSection\":[\"Carnico\",\"Varie\"],\"inLanguage\":\"it-IT\",\"potentialAction\":[{\"@type\":\"CommentAction\",\"name\":\"Comment\",\"target\":[\"https:\\\/\\\/2017.carnico.it\\\/blog\\\/2015\\\/08\\\/07\\\/il-timaucleulis-inaugura-i-nuovi-spogliatoi\\\/#respond\"]}]},{\"@type\":\"WebPage\",\"@id\":\"https:\\\/\\\/2017.carnico.it\\\/blog\\\/2015\\\/08\\\/07\\\/il-timaucleulis-inaugura-i-nuovi-spogliatoi\\\/\",\"url\":\"https:\\\/\\\/2017.carnico.it\\\/blog\\\/2015\\\/08\\\/07\\\/il-timaucleulis-inaugura-i-nuovi-spogliatoi\\\/\",\"name\":\"IL TIMAUCLEULIS INAUGURA I NUOVI SPOGLIATOI - Campionato Carnico 2017\",\"isPartOf\":{\"@id\":\"https:\\\/\\\/2017.carnico.it\\\/blog\\\/#website\"},\"primaryImageOfPage\":{\"@id\":\"https:\\\/\\\/2017.carnico.it\\\/blog\\\/2015\\\/08\\\/07\\\/il-timaucleulis-inaugura-i-nuovi-spogliatoi\\\/#primaryimage\"},\"image\":{\"@id\":\"https:\\\/\\\/2017.carnico.it\\\/blog\\\/2015\\\/08\\\/07\\\/il-timaucleulis-inaugura-i-nuovi-spogliatoi\\\/#primaryimage\"},\"thumbnailUrl\":\"https:\\\/\\\/www.carnico.it\\\/blog\\\/wp-content\\\/uploads\\\/2015\\\/08\\\/SPO-300x180.jpg\",\"datePublished\":\"2015-08-07T16:31:25+00:00\",\"dateModified\":\"2015-08-07T16:32:30+00:00\",\"author\":{\"@id\":\"https:\\\/\\\/2017.carnico.it\\\/blog\\\/#\\\/schema\\\/person\\\/a68c764693d96df3238f123ea014e78c\"},\"breadcrumb\":{\"@id\":\"https:\\\/\\\/2017.carnico.it\\\/blog\\\/2015\\\/08\\\/07\\\/il-timaucleulis-inaugura-i-nuovi-spogliatoi\\\/#breadcrumb\"},\"inLanguage\":\"it-IT\",\"potentialAction\":[{\"@type\":\"ReadAction\",\"target\":[\"https:\\\/\\\/2017.carnico.it\\\/blog\\\/2015\\\/08\\\/07\\\/il-timaucleulis-inaugura-i-nuovi-spogliatoi\\\/\"]}]},{\"@type\":\"ImageObject\",\"inLanguage\":\"it-IT\",\"@id\":\"https:\\\/\\\/2017.carnico.it\\\/blog\\\/2015\\\/08\\\/07\\\/il-timaucleulis-inaugura-i-nuovi-spogliatoi\\\/#primaryimage\",\"url\":\"https:\\\/\\\/www.carnico.it\\\/blog\\\/wp-content\\\/uploads\\\/2015\\\/08\\\/SPO-300x180.jpg\",\"contentUrl\":\"https:\\\/\\\/www.carnico.it\\\/blog\\\/wp-content\\\/uploads\\\/2015\\\/08\\\/SPO-300x180.jpg\"},{\"@type\":\"BreadcrumbList\",\"@id\":\"https:\\\/\\\/2017.carnico.it\\\/blog\\\/2015\\\/08\\\/07\\\/il-timaucleulis-inaugura-i-nuovi-spogliatoi\\\/#breadcrumb\",\"itemListElement\":[{\"@type\":\"ListItem\",\"position\":1,\"name\":\"Home\",\"item\":\"https:\\\/\\\/2017.carnico.it\\\/blog\\\/\"},{\"@type\":\"ListItem\",\"position\":2,\"name\":\"IL TIMAUCLEULIS INAUGURA I NUOVI SPOGLIATOI\"}]},{\"@type\":\"WebSite\",\"@id\":\"https:\\\/\\\/2017.carnico.it\\\/blog\\\/#website\",\"url\":\"https:\\\/\\\/2017.carnico.it\\\/blog\\\/\",\"name\":\"Campionato Carnico 2017\",\"description\":\"Notizie e aggiornamenti in tempo reale sul campionato Carnico\",\"potentialAction\":[{\"@type\":\"SearchAction\",\"target\":{\"@type\":\"EntryPoint\",\"urlTemplate\":\"https:\\\/\\\/2017.carnico.it\\\/blog\\\/?s={search_term_string}\"},\"query-input\":{\"@type\":\"PropertyValueSpecification\",\"valueRequired\":true,\"valueName\":\"search_term_string\"}}],\"inLanguage\":\"it-IT\"},{\"@type\":\"Person\",\"@id\":\"https:\\\/\\\/2017.carnico.it\\\/blog\\\/#\\\/schema\\\/person\\\/a68c764693d96df3238f123ea014e78c\",\"name\":\"Redazione\",\"image\":{\"@type\":\"ImageObject\",\"inLanguage\":\"it-IT\",\"@id\":\"https:\\\/\\\/secure.gravatar.com\\\/avatar\\\/6c05bd4dddbea475e283f76b4aa2d778ecb35c06fd92df5f6e0cac552163e2ac?s=96&d=mm&r=g\",\"url\":\"https:\\\/\\\/secure.gravatar.com\\\/avatar\\\/6c05bd4dddbea475e283f76b4aa2d778ecb35c06fd92df5f6e0cac552163e2ac?s=96&d=mm&r=g\",\"contentUrl\":\"https:\\\/\\\/secure.gravatar.com\\\/avatar\\\/6c05bd4dddbea475e283f76b4aa2d778ecb35c06fd92df5f6e0cac552163e2ac?s=96&d=mm&r=g\",\"caption\":\"Redazione\"},\"url\":\"https:\\\/\\\/2017.carnico.it\\\/blog\\\/author\\\/clyco-admin\\\/\"}]}<\/script>\n<!-- \/ Yoast SEO plugin. -->","yoast_head_json":{"title":"IL TIMAUCLEULIS INAUGURA I NUOVI SPOGLIATOI - Campionato Carnico 2017","robots":{"index":"index","follow":"follow","max-snippet":"max-snippet:-1","max-image-preview":"max-image-preview:large","max-video-preview":"max-video-preview:-1"},"canonical":"https:\/\/2017.carnico.it\/blog\/2015\/08\/07\/il-timaucleulis-inaugura-i-nuovi-spogliatoi\/","og_locale":"it_IT","og_type":"article","og_title":"IL TIMAUCLEULIS INAUGURA I NUOVI SPOGLIATOI - Campionato Carnico 2017","og_description":"Sar\u00e0 il giorno di ferragosto quello scelto dal Timaucleulis per l\u2019inaugurazione dei nuovi spogliatoi. E\u2019 gi\u00e0 da qualche settimana che i \u201ccaprioli\u201d hanno fatto il loro ritorno a casa, dopo tante partite giocate lontano dalla \u201cCrete\u201d: mancava solo l\u2019ufficialit\u00e0 del rientro e questa, come detto, avverr\u00e0 il giorno 15 agosto con inizio dell&#8217;evento alle ore [&hellip;]","og_url":"https:\/\/2017.carnico.it\/blog\/2015\/08\/07\/il-timaucleulis-inaugura-i-nuovi-spogliatoi\/","og_site_name":"Campionato Carnico 2017","article_publisher":"https:\/\/www.facebook.com\/campionatocarnico\/","article_published_time":"2015-08-07T16:31:25+00:00","article_modified_time":"2015-08-07T16:32:30+00:00","og_image":[{"url":"https:\/\/www.carnico.it\/blog\/wp-content\/uploads\/2015\/08\/SPO-300x180.jpg","type":"","width":"","height":""}],"author":"Redazione","twitter_card":"summary_large_image","twitter_misc":{"Scritto da":"Redazione","Tempo di lettura stimato":"1 minuto"},"schema":{"@context":"https:\/\/schema.org","@graph":[{"@type":"Article","@id":"https:\/\/2017.carnico.it\/blog\/2015\/08\/07\/il-timaucleulis-inaugura-i-nuovi-spogliatoi\/#article","isPartOf":{"@id":"https:\/\/2017.carnico.it\/blog\/2015\/08\/07\/il-timaucleulis-inaugura-i-nuovi-spogliatoi\/"},"author":{"name":"Redazione","@id":"https:\/\/2017.carnico.it\/blog\/#\/schema\/person\/a68c764693d96df3238f123ea014e78c"},"headline":"IL TIMAUCLEULIS INAUGURA I NUOVI SPOGLIATOI","datePublished":"2015-08-07T16:31:25+00:00","dateModified":"2015-08-07T16:32:30+00:00","mainEntityOfPage":{"@id":"https:\/\/2017.carnico.it\/blog\/2015\/08\/07\/il-timaucleulis-inaugura-i-nuovi-spogliatoi\/"},"wordCount":188,"commentCount":1,"image":{"@id":"https:\/\/2017.carnico.it\/blog\/2015\/08\/07\/il-timaucleulis-inaugura-i-nuovi-spogliatoi\/#primaryimage"},"thumbnailUrl":"https:\/\/www.carnico.it\/blog\/wp-content\/uploads\/2015\/08\/SPO-300x180.jpg","articleSection":["Carnico","Varie"],"inLanguage":"it-IT","potentialAction":[{"@type":"CommentAction","name":"Comment","target":["https:\/\/2017.carnico.it\/blog\/2015\/08\/07\/il-timaucleulis-inaugura-i-nuovi-spogliatoi\/#respond"]}]},{"@type":"WebPage","@id":"https:\/\/2017.carnico.it\/blog\/2015\/08\/07\/il-timaucleulis-inaugura-i-nuovi-spogliatoi\/","url":"https:\/\/2017.carnico.it\/blog\/2015\/08\/07\/il-timaucleulis-inaugura-i-nuovi-spogliatoi\/","name":"IL TIMAUCLEULIS INAUGURA I NUOVI SPOGLIATOI - Campionato Carnico 2017","isPartOf":{"@id":"https:\/\/2017.carnico.it\/blog\/#website"},"primaryImageOfPage":{"@id":"https:\/\/2017.carnico.it\/blog\/2015\/08\/07\/il-timaucleulis-inaugura-i-nuovi-spogliatoi\/#primaryimage"},"image":{"@id":"https:\/\/2017.carnico.it\/blog\/2015\/08\/07\/il-timaucleulis-inaugura-i-nuovi-spogliatoi\/#primaryimage"},"thumbnailUrl":"https:\/\/www.carnico.it\/blog\/wp-content\/uploads\/2015\/08\/SPO-300x180.jpg","datePublished":"2015-08-07T16:31:25+00:00","dateModified":"2015-08-07T16:32:30+00:00","author":{"@id":"https:\/\/2017.carnico.it\/blog\/#\/schema\/person\/a68c764693d96df3238f123ea014e78c"},"breadcrumb":{"@id":"https:\/\/2017.carnico.it\/blog\/2015\/08\/07\/il-timaucleulis-inaugura-i-nuovi-spogliatoi\/#breadcrumb"},"inLanguage":"it-IT","potentialAction":[{"@type":"ReadAction","target":["https:\/\/2017.carnico.it\/blog\/2015\/08\/07\/il-timaucleulis-inaugura-i-nuovi-spogliatoi\/"]}]},{"@type":"ImageObject","inLanguage":"it-IT","@id":"https:\/\/2017.carnico.it\/blog\/2015\/08\/07\/il-timaucleulis-inaugura-i-nuovi-spogliatoi\/#primaryimage","url":"https:\/\/www.carnico.it\/blog\/wp-content\/uploads\/2015\/08\/SPO-300x180.jpg","contentUrl":"https:\/\/www.carnico.it\/blog\/wp-content\/uploads\/2015\/08\/SPO-300x180.jpg"},{"@type":"BreadcrumbList","@id":"https:\/\/2017.carnico.it\/blog\/2015\/08\/07\/il-timaucleulis-inaugura-i-nuovi-spogliatoi\/#breadcrumb","itemListElement":[{"@type":"ListItem","position":1,"name":"Home","item":"https:\/\/2017.carnico.it\/blog\/"},{"@type":"ListItem","position":2,"name":"IL TIMAUCLEULIS INAUGURA I NUOVI SPOGLIATOI"}]},{"@type":"WebSite","@id":"https:\/\/2017.carnico.it\/blog\/#website","url":"https:\/\/2017.carnico.it\/blog\/","name":"Campionato Carnico 2017","description":"Notizie e aggiornamenti in tempo reale sul campionato Carnico","potentialAction":[{"@type":"SearchAction","target":{"@type":"EntryPoint","urlTemplate":"https:\/\/2017.carnico.it\/blog\/?s={search_term_string}"},"query-input":{"@type":"PropertyValueSpecification","valueRequired":true,"valueName":"search_term_string"}}],"inLanguage":"it-IT"},{"@type":"Person","@id":"https:\/\/2017.carnico.it\/blog\/#\/schema\/person\/a68c764693d96df3238f123ea014e78c","name":"Redazione","image":{"@type":"ImageObject","inLanguage":"it-IT","@id":"https:\/\/secure.gravatar.com\/avatar\/6c05bd4dddbea475e283f76b4aa2d778ecb35c06fd92df5f6e0cac552163e2ac?s=96&d=mm&r=g","url":"https:\/\/secure.gravatar.com\/avatar\/6c05bd4dddbea475e283f76b4aa2d778ecb35c06fd92df5f6e0cac552163e2ac?s=96&d=mm&r=g","contentUrl":"https:\/\/secure.gravatar.com\/avatar\/6c05bd4dddbea475e283f76b4aa2d778ecb35c06fd92df5f6e0cac552163e2ac?s=96&d=mm&r=g","caption":"Redazione"},"url":"https:\/\/2017.carnico.it\/blog\/author\/clyco-admin\/"}]}},"_links":{"self":[{"href":"https:\/\/2017.carnico.it\/blog\/wp-json\/wp\/v2\/posts\/12283","targetHints":{"allow":["GET"]}}],"collection":[{"href":"https:\/\/2017.carnico.it\/blog\/wp-json\/wp\/v2\/posts"}],"about":[{"href":"https:\/\/2017.carnico.it\/blog\/wp-json\/wp\/v2\/types\/post"}],"author":[{"embeddable":true,"href":"https:\/\/2017.carnico.it\/blog\/wp-json\/wp\/v2\/users\/10"}],"replies":[{"embeddable":true,"href":"https:\/\/2017.carnico.it\/blog\/wp-json\/wp\/v2\/comments?post=12283"}],"version-history":[{"count":2,"href":"https:\/\/2017.carnico.it\/blog\/wp-json\/wp\/v2\/posts\/12283\/revisions"}],"predecessor-version":[{"id":12286,"href":"https:\/\/2017.carnico.it\/blog\/wp-json\/wp\/v2\/posts\/12283\/revisions\/12286"}],"wp:attachment":[{"href":"https:\/\/2017.carnico.it\/blog\/wp-json\/wp\/v2\/media?parent=12283"}],"wp:term":[{"taxonomy":"category","embeddable":true,"href":"https:\/\/2017.carnico.it\/blog\/wp-json\/wp\/v2\/categories?post=12283"},{"taxonomy":"post_tag","embeddable":true,"href":"https:\/\/2017.carnico.it\/blog\/wp-json\/wp\/v2\/tags?post=12283"}],"curies":[{"name":"wp","href":"https:\/\/api.w.org\/{rel}","templated":true}]}}