{"id":12268,"date":"2015-08-04T18:11:12","date_gmt":"2015-08-04T16:11:12","guid":{"rendered":"http:\/\/www.carnico.it\/blog\/?p=12268"},"modified":"2015-08-05T20:40:39","modified_gmt":"2015-08-05T18:40:39","slug":"un-pensiero-per-stefano-fachin","status":"publish","type":"post","link":"https:\/\/2017.carnico.it\/blog\/2015\/08\/04\/un-pensiero-per-stefano-fachin\/","title":{"rendered":"UN PENSIERO PER STEFANO FACHIN"},"content":{"rendered":"<p><a href=\"https:\/\/www.carnico.it\/blog\/2015\/08\/05\/un-pensiero-per-stefano-fachin\/s-fachin\/\" rel=\"attachment wp-att-12269\"><img loading=\"lazy\" decoding=\"async\" class=\" size-medium wp-image-12269 alignleft\" src=\"https:\/\/www.carnico.it\/blog\/wp-content\/uploads\/2015\/08\/s.fachin-150x250.jpg\" alt=\"s.fachin\" width=\"150\" height=\"250\" srcset=\"https:\/\/2017.carnico.it\/blog\/wp-content\/uploads\/2015\/08\/s.fachin-150x250.jpg 150w, https:\/\/2017.carnico.it\/blog\/wp-content\/uploads\/2015\/08\/s.fachin-270x450.jpg 270w, https:\/\/2017.carnico.it\/blog\/wp-content\/uploads\/2015\/08\/s.fachin-378x630.jpg 378w, https:\/\/2017.carnico.it\/blog\/wp-content\/uploads\/2015\/08\/s.fachin.jpg 694w\" sizes=\"auto, (max-width: 150px) 100vw, 150px\" \/><\/a>Sebbene impegnati nell\u2019organizzazione dei festeggiamenti del 50\u00b0 di fondazione de La Delizia, i dirigenti della societ\u00e0 biancazzurra non si sono dimenticati di Stefano Fachin, scomparso il 6 agosto 2003 in un incidente stradale, proprio il giorno del suo compleanno. Stefano, arbitro tra i pi\u00f9 apprezzati nei prima anni del Duemila, prima di &#8220;scegliere&#8221; il fischietto aveva intrapreso l\u2019attivit\u00e0 sportiva proprio nel settore giovanile de La Delizia, squadra del suo paese d\u2019origine. Loris Rassati, con la sensibilit\u00e0 che da sempre lo distingue, ha voluto ricordarlo con un breve componimento, che proponiamo di seguito:<br \/>\n&#8221; Como un sivil\u00f2t malici\u00e0t ta l&#8217;aga di Pol\u00e8t<br \/>\ntu ses svual\u00e0t via,<br \/>\nma in ogni ricuart, pens\u00ecr,<br \/>\nbacanada tra am\u00ecs tu t\u00f2rnis a cjant\u00e0 tai nestris voi.&#8221;<\/p>\n","protected":false},"excerpt":{"rendered":"<p>Sebbene impegnati nell\u2019organizzazione dei festeggiamenti del 50\u00b0 di fondazione de La Delizia, i dirigenti della societ\u00e0 biancazzurra non si sono dimenticati di Stefano Fachin, scomparso il 6 agosto 2003 in un incidente stradale, proprio il giorno del suo compleanno. Stefano, arbitro tra i pi\u00f9 apprezzati nei prima anni del Duemila, prima di &#8220;scegliere&#8221; il fischietto [&hellip;]<\/p>\n","protected":false},"author":10,"featured_media":0,"comment_status":"open","ping_status":"closed","sticky":false,"template":"","format":"standard","meta":{"footnotes":""},"categories":[3,5],"tags":[],"class_list":["post-12268","post","type-post","status-publish","format-standard","hentry","category-carnico","category-varie"],"yoast_head":"<!-- This site is optimized with the Yoast SEO plugin v27.3 - https:\/\/yoast.com\/product\/yoast-seo-wordpress\/ -->\n<title>UN PENSIERO PER STEFANO FACHIN - Campionato Carnico 2017<\/title>\n<meta name=\"robots\" content=\"index, follow, max-snippet:-1, max-image-preview:large, max-video-preview:-1\" \/>\n<link rel=\"canonical\" href=\"https:\/\/2017.carnico.it\/blog\/2015\/08\/04\/un-pensiero-per-stefano-fachin\/\" \/>\n<meta property=\"og:locale\" content=\"it_IT\" \/>\n<meta property=\"og:type\" content=\"article\" \/>\n<meta property=\"og:title\" content=\"UN PENSIERO PER STEFANO FACHIN - Campionato Carnico 2017\" \/>\n<meta property=\"og:description\" content=\"Sebbene impegnati nell\u2019organizzazione dei festeggiamenti del 50\u00b0 di fondazione de La Delizia, i dirigenti della societ\u00e0 biancazzurra non si sono dimenticati di Stefano Fachin, scomparso il 6 agosto 2003 in un incidente stradale, proprio il giorno del suo compleanno. Stefano, arbitro tra i pi\u00f9 apprezzati nei prima anni del Duemila, prima di &#8220;scegliere&#8221; il fischietto [&hellip;]\" \/>\n<meta property=\"og:url\" content=\"https:\/\/2017.carnico.it\/blog\/2015\/08\/04\/un-pensiero-per-stefano-fachin\/\" \/>\n<meta property=\"og:site_name\" content=\"Campionato Carnico 2017\" \/>\n<meta property=\"article:publisher\" content=\"https:\/\/www.facebook.com\/campionatocarnico\/\" \/>\n<meta property=\"article:published_time\" content=\"2015-08-04T16:11:12+00:00\" \/>\n<meta property=\"article:modified_time\" content=\"2015-08-05T18:40:39+00:00\" \/>\n<meta property=\"og:image\" content=\"https:\/\/www.carnico.it\/blog\/wp-content\/uploads\/2015\/08\/s.fachin-150x250.jpg\" \/>\n<meta name=\"author\" content=\"Redazione\" \/>\n<meta name=\"twitter:card\" content=\"summary_large_image\" \/>\n<meta name=\"twitter:label1\" content=\"Scritto da\" \/>\n\t<meta name=\"twitter:data1\" content=\"Redazione\" \/>\n\t<meta name=\"twitter:label2\" content=\"Tempo di lettura stimato\" \/>\n\t<meta name=\"twitter:data2\" content=\"1 minuto\" \/>\n<script type=\"application\/ld+json\" class=\"yoast-schema-graph\">{\"@context\":\"https:\\\/\\\/schema.org\",\"@graph\":[{\"@type\":\"Article\",\"@id\":\"https:\\\/\\\/2017.carnico.it\\\/blog\\\/2015\\\/08\\\/04\\\/un-pensiero-per-stefano-fachin\\\/#article\",\"isPartOf\":{\"@id\":\"https:\\\/\\\/2017.carnico.it\\\/blog\\\/2015\\\/08\\\/04\\\/un-pensiero-per-stefano-fachin\\\/\"},\"author\":{\"name\":\"Redazione\",\"@id\":\"https:\\\/\\\/2017.carnico.it\\\/blog\\\/#\\\/schema\\\/person\\\/a68c764693d96df3238f123ea014e78c\"},\"headline\":\"UN PENSIERO PER STEFANO FACHIN\",\"datePublished\":\"2015-08-04T16:11:12+00:00\",\"dateModified\":\"2015-08-05T18:40:39+00:00\",\"mainEntityOfPage\":{\"@id\":\"https:\\\/\\\/2017.carnico.it\\\/blog\\\/2015\\\/08\\\/04\\\/un-pensiero-per-stefano-fachin\\\/\"},\"wordCount\":132,\"commentCount\":6,\"image\":{\"@id\":\"https:\\\/\\\/2017.carnico.it\\\/blog\\\/2015\\\/08\\\/04\\\/un-pensiero-per-stefano-fachin\\\/#primaryimage\"},\"thumbnailUrl\":\"https:\\\/\\\/www.carnico.it\\\/blog\\\/wp-content\\\/uploads\\\/2015\\\/08\\\/s.fachin-150x250.jpg\",\"articleSection\":[\"Carnico\",\"Varie\"],\"inLanguage\":\"it-IT\",\"potentialAction\":[{\"@type\":\"CommentAction\",\"name\":\"Comment\",\"target\":[\"https:\\\/\\\/2017.carnico.it\\\/blog\\\/2015\\\/08\\\/04\\\/un-pensiero-per-stefano-fachin\\\/#respond\"]}]},{\"@type\":\"WebPage\",\"@id\":\"https:\\\/\\\/2017.carnico.it\\\/blog\\\/2015\\\/08\\\/04\\\/un-pensiero-per-stefano-fachin\\\/\",\"url\":\"https:\\\/\\\/2017.carnico.it\\\/blog\\\/2015\\\/08\\\/04\\\/un-pensiero-per-stefano-fachin\\\/\",\"name\":\"UN PENSIERO PER STEFANO FACHIN - Campionato Carnico 2017\",\"isPartOf\":{\"@id\":\"https:\\\/\\\/2017.carnico.it\\\/blog\\\/#website\"},\"primaryImageOfPage\":{\"@id\":\"https:\\\/\\\/2017.carnico.it\\\/blog\\\/2015\\\/08\\\/04\\\/un-pensiero-per-stefano-fachin\\\/#primaryimage\"},\"image\":{\"@id\":\"https:\\\/\\\/2017.carnico.it\\\/blog\\\/2015\\\/08\\\/04\\\/un-pensiero-per-stefano-fachin\\\/#primaryimage\"},\"thumbnailUrl\":\"https:\\\/\\\/www.carnico.it\\\/blog\\\/wp-content\\\/uploads\\\/2015\\\/08\\\/s.fachin-150x250.jpg\",\"datePublished\":\"2015-08-04T16:11:12+00:00\",\"dateModified\":\"2015-08-05T18:40:39+00:00\",\"author\":{\"@id\":\"https:\\\/\\\/2017.carnico.it\\\/blog\\\/#\\\/schema\\\/person\\\/a68c764693d96df3238f123ea014e78c\"},\"breadcrumb\":{\"@id\":\"https:\\\/\\\/2017.carnico.it\\\/blog\\\/2015\\\/08\\\/04\\\/un-pensiero-per-stefano-fachin\\\/#breadcrumb\"},\"inLanguage\":\"it-IT\",\"potentialAction\":[{\"@type\":\"ReadAction\",\"target\":[\"https:\\\/\\\/2017.carnico.it\\\/blog\\\/2015\\\/08\\\/04\\\/un-pensiero-per-stefano-fachin\\\/\"]}]},{\"@type\":\"ImageObject\",\"inLanguage\":\"it-IT\",\"@id\":\"https:\\\/\\\/2017.carnico.it\\\/blog\\\/2015\\\/08\\\/04\\\/un-pensiero-per-stefano-fachin\\\/#primaryimage\",\"url\":\"https:\\\/\\\/www.carnico.it\\\/blog\\\/wp-content\\\/uploads\\\/2015\\\/08\\\/s.fachin-150x250.jpg\",\"contentUrl\":\"https:\\\/\\\/www.carnico.it\\\/blog\\\/wp-content\\\/uploads\\\/2015\\\/08\\\/s.fachin-150x250.jpg\"},{\"@type\":\"BreadcrumbList\",\"@id\":\"https:\\\/\\\/2017.carnico.it\\\/blog\\\/2015\\\/08\\\/04\\\/un-pensiero-per-stefano-fachin\\\/#breadcrumb\",\"itemListElement\":[{\"@type\":\"ListItem\",\"position\":1,\"name\":\"Home\",\"item\":\"https:\\\/\\\/2017.carnico.it\\\/blog\\\/\"},{\"@type\":\"ListItem\",\"position\":2,\"name\":\"UN PENSIERO PER STEFANO FACHIN\"}]},{\"@type\":\"WebSite\",\"@id\":\"https:\\\/\\\/2017.carnico.it\\\/blog\\\/#website\",\"url\":\"https:\\\/\\\/2017.carnico.it\\\/blog\\\/\",\"name\":\"Campionato Carnico 2017\",\"description\":\"Notizie e aggiornamenti in tempo reale sul campionato Carnico\",\"potentialAction\":[{\"@type\":\"SearchAction\",\"target\":{\"@type\":\"EntryPoint\",\"urlTemplate\":\"https:\\\/\\\/2017.carnico.it\\\/blog\\\/?s={search_term_string}\"},\"query-input\":{\"@type\":\"PropertyValueSpecification\",\"valueRequired\":true,\"valueName\":\"search_term_string\"}}],\"inLanguage\":\"it-IT\"},{\"@type\":\"Person\",\"@id\":\"https:\\\/\\\/2017.carnico.it\\\/blog\\\/#\\\/schema\\\/person\\\/a68c764693d96df3238f123ea014e78c\",\"name\":\"Redazione\",\"image\":{\"@type\":\"ImageObject\",\"inLanguage\":\"it-IT\",\"@id\":\"https:\\\/\\\/secure.gravatar.com\\\/avatar\\\/6c05bd4dddbea475e283f76b4aa2d778ecb35c06fd92df5f6e0cac552163e2ac?s=96&d=mm&r=g\",\"url\":\"https:\\\/\\\/secure.gravatar.com\\\/avatar\\\/6c05bd4dddbea475e283f76b4aa2d778ecb35c06fd92df5f6e0cac552163e2ac?s=96&d=mm&r=g\",\"contentUrl\":\"https:\\\/\\\/secure.gravatar.com\\\/avatar\\\/6c05bd4dddbea475e283f76b4aa2d778ecb35c06fd92df5f6e0cac552163e2ac?s=96&d=mm&r=g\",\"caption\":\"Redazione\"},\"url\":\"https:\\\/\\\/2017.carnico.it\\\/blog\\\/author\\\/clyco-admin\\\/\"}]}<\/script>\n<!-- \/ Yoast SEO plugin. -->","yoast_head_json":{"title":"UN PENSIERO PER STEFANO FACHIN - Campionato Carnico 2017","robots":{"index":"index","follow":"follow","max-snippet":"max-snippet:-1","max-image-preview":"max-image-preview:large","max-video-preview":"max-video-preview:-1"},"canonical":"https:\/\/2017.carnico.it\/blog\/2015\/08\/04\/un-pensiero-per-stefano-fachin\/","og_locale":"it_IT","og_type":"article","og_title":"UN PENSIERO PER STEFANO FACHIN - Campionato Carnico 2017","og_description":"Sebbene impegnati nell\u2019organizzazione dei festeggiamenti del 50\u00b0 di fondazione de La Delizia, i dirigenti della societ\u00e0 biancazzurra non si sono dimenticati di Stefano Fachin, scomparso il 6 agosto 2003 in un incidente stradale, proprio il giorno del suo compleanno. Stefano, arbitro tra i pi\u00f9 apprezzati nei prima anni del Duemila, prima di &#8220;scegliere&#8221; il fischietto [&hellip;]","og_url":"https:\/\/2017.carnico.it\/blog\/2015\/08\/04\/un-pensiero-per-stefano-fachin\/","og_site_name":"Campionato Carnico 2017","article_publisher":"https:\/\/www.facebook.com\/campionatocarnico\/","article_published_time":"2015-08-04T16:11:12+00:00","article_modified_time":"2015-08-05T18:40:39+00:00","og_image":[{"url":"https:\/\/www.carnico.it\/blog\/wp-content\/uploads\/2015\/08\/s.fachin-150x250.jpg","type":"","width":"","height":""}],"author":"Redazione","twitter_card":"summary_large_image","twitter_misc":{"Scritto da":"Redazione","Tempo di lettura stimato":"1 minuto"},"schema":{"@context":"https:\/\/schema.org","@graph":[{"@type":"Article","@id":"https:\/\/2017.carnico.it\/blog\/2015\/08\/04\/un-pensiero-per-stefano-fachin\/#article","isPartOf":{"@id":"https:\/\/2017.carnico.it\/blog\/2015\/08\/04\/un-pensiero-per-stefano-fachin\/"},"author":{"name":"Redazione","@id":"https:\/\/2017.carnico.it\/blog\/#\/schema\/person\/a68c764693d96df3238f123ea014e78c"},"headline":"UN PENSIERO PER STEFANO FACHIN","datePublished":"2015-08-04T16:11:12+00:00","dateModified":"2015-08-05T18:40:39+00:00","mainEntityOfPage":{"@id":"https:\/\/2017.carnico.it\/blog\/2015\/08\/04\/un-pensiero-per-stefano-fachin\/"},"wordCount":132,"commentCount":6,"image":{"@id":"https:\/\/2017.carnico.it\/blog\/2015\/08\/04\/un-pensiero-per-stefano-fachin\/#primaryimage"},"thumbnailUrl":"https:\/\/www.carnico.it\/blog\/wp-content\/uploads\/2015\/08\/s.fachin-150x250.jpg","articleSection":["Carnico","Varie"],"inLanguage":"it-IT","potentialAction":[{"@type":"CommentAction","name":"Comment","target":["https:\/\/2017.carnico.it\/blog\/2015\/08\/04\/un-pensiero-per-stefano-fachin\/#respond"]}]},{"@type":"WebPage","@id":"https:\/\/2017.carnico.it\/blog\/2015\/08\/04\/un-pensiero-per-stefano-fachin\/","url":"https:\/\/2017.carnico.it\/blog\/2015\/08\/04\/un-pensiero-per-stefano-fachin\/","name":"UN PENSIERO PER STEFANO FACHIN - Campionato Carnico 2017","isPartOf":{"@id":"https:\/\/2017.carnico.it\/blog\/#website"},"primaryImageOfPage":{"@id":"https:\/\/2017.carnico.it\/blog\/2015\/08\/04\/un-pensiero-per-stefano-fachin\/#primaryimage"},"image":{"@id":"https:\/\/2017.carnico.it\/blog\/2015\/08\/04\/un-pensiero-per-stefano-fachin\/#primaryimage"},"thumbnailUrl":"https:\/\/www.carnico.it\/blog\/wp-content\/uploads\/2015\/08\/s.fachin-150x250.jpg","datePublished":"2015-08-04T16:11:12+00:00","dateModified":"2015-08-05T18:40:39+00:00","author":{"@id":"https:\/\/2017.carnico.it\/blog\/#\/schema\/person\/a68c764693d96df3238f123ea014e78c"},"breadcrumb":{"@id":"https:\/\/2017.carnico.it\/blog\/2015\/08\/04\/un-pensiero-per-stefano-fachin\/#breadcrumb"},"inLanguage":"it-IT","potentialAction":[{"@type":"ReadAction","target":["https:\/\/2017.carnico.it\/blog\/2015\/08\/04\/un-pensiero-per-stefano-fachin\/"]}]},{"@type":"ImageObject","inLanguage":"it-IT","@id":"https:\/\/2017.carnico.it\/blog\/2015\/08\/04\/un-pensiero-per-stefano-fachin\/#primaryimage","url":"https:\/\/www.carnico.it\/blog\/wp-content\/uploads\/2015\/08\/s.fachin-150x250.jpg","contentUrl":"https:\/\/www.carnico.it\/blog\/wp-content\/uploads\/2015\/08\/s.fachin-150x250.jpg"},{"@type":"BreadcrumbList","@id":"https:\/\/2017.carnico.it\/blog\/2015\/08\/04\/un-pensiero-per-stefano-fachin\/#breadcrumb","itemListElement":[{"@type":"ListItem","position":1,"name":"Home","item":"https:\/\/2017.carnico.it\/blog\/"},{"@type":"ListItem","position":2,"name":"UN PENSIERO PER STEFANO FACHIN"}]},{"@type":"WebSite","@id":"https:\/\/2017.carnico.it\/blog\/#website","url":"https:\/\/2017.carnico.it\/blog\/","name":"Campionato Carnico 2017","description":"Notizie e aggiornamenti in tempo reale sul campionato Carnico","potentialAction":[{"@type":"SearchAction","target":{"@type":"EntryPoint","urlTemplate":"https:\/\/2017.carnico.it\/blog\/?s={search_term_string}"},"query-input":{"@type":"PropertyValueSpecification","valueRequired":true,"valueName":"search_term_string"}}],"inLanguage":"it-IT"},{"@type":"Person","@id":"https:\/\/2017.carnico.it\/blog\/#\/schema\/person\/a68c764693d96df3238f123ea014e78c","name":"Redazione","image":{"@type":"ImageObject","inLanguage":"it-IT","@id":"https:\/\/secure.gravatar.com\/avatar\/6c05bd4dddbea475e283f76b4aa2d778ecb35c06fd92df5f6e0cac552163e2ac?s=96&d=mm&r=g","url":"https:\/\/secure.gravatar.com\/avatar\/6c05bd4dddbea475e283f76b4aa2d778ecb35c06fd92df5f6e0cac552163e2ac?s=96&d=mm&r=g","contentUrl":"https:\/\/secure.gravatar.com\/avatar\/6c05bd4dddbea475e283f76b4aa2d778ecb35c06fd92df5f6e0cac552163e2ac?s=96&d=mm&r=g","caption":"Redazione"},"url":"https:\/\/2017.carnico.it\/blog\/author\/clyco-admin\/"}]}},"_links":{"self":[{"href":"https:\/\/2017.carnico.it\/blog\/wp-json\/wp\/v2\/posts\/12268","targetHints":{"allow":["GET"]}}],"collection":[{"href":"https:\/\/2017.carnico.it\/blog\/wp-json\/wp\/v2\/posts"}],"about":[{"href":"https:\/\/2017.carnico.it\/blog\/wp-json\/wp\/v2\/types\/post"}],"author":[{"embeddable":true,"href":"https:\/\/2017.carnico.it\/blog\/wp-json\/wp\/v2\/users\/10"}],"replies":[{"embeddable":true,"href":"https:\/\/2017.carnico.it\/blog\/wp-json\/wp\/v2\/comments?post=12268"}],"version-history":[{"count":2,"href":"https:\/\/2017.carnico.it\/blog\/wp-json\/wp\/v2\/posts\/12268\/revisions"}],"predecessor-version":[{"id":12271,"href":"https:\/\/2017.carnico.it\/blog\/wp-json\/wp\/v2\/posts\/12268\/revisions\/12271"}],"wp:attachment":[{"href":"https:\/\/2017.carnico.it\/blog\/wp-json\/wp\/v2\/media?parent=12268"}],"wp:term":[{"taxonomy":"category","embeddable":true,"href":"https:\/\/2017.carnico.it\/blog\/wp-json\/wp\/v2\/categories?post=12268"},{"taxonomy":"post_tag","embeddable":true,"href":"https:\/\/2017.carnico.it\/blog\/wp-json\/wp\/v2\/tags?post=12268"}],"curies":[{"name":"wp","href":"https:\/\/api.w.org\/{rel}","templated":true}]}}