{"id":12237,"date":"2015-08-02T00:19:37","date_gmt":"2015-08-01T22:19:37","guid":{"rendered":"http:\/\/www.carnico.it\/blog\/?p=12237"},"modified":"2015-08-02T10:25:11","modified_gmt":"2015-08-02T08:25:11","slug":"per-ricordare-gabriele","status":"publish","type":"post","link":"https:\/\/2017.carnico.it\/blog\/2015\/08\/02\/per-ricordare-gabriele\/","title":{"rendered":"PER RICORDARE GABRIELE"},"content":{"rendered":"<p style=\"text-align: left;\"><a href=\"https:\/\/www.carnico.it\/blog\/2015\/08\/02\/per-ricordare-gabriele\/gabri\/\" rel=\"attachment wp-att-12238\"><img loading=\"lazy\" decoding=\"async\" class=\" size-full wp-image-12238 alignleft\" src=\"https:\/\/www.carnico.it\/blog\/wp-content\/uploads\/2015\/08\/gabri.jpg\" alt=\"gabri\" width=\"160\" height=\"192\" \/><\/a>Sono passati 12 anni da quel 17 giugno 2003 in cui Gabriele Gressani perse la vita in un incidente che si port\u00f2 via un ottimo giocatore, ma prima di tutto un bravissimo ragazzo. Per lui non \u00e8 una frase fatta, perch\u00e9 Gabriele era davvero un bravo ragazzo. Da quel giorno chi lo ha conosciuto non perde occasione per ricordarlo, per ripensare ai tanti momenti vissuti insieme a lui dentro e fuori dal campo di calcio. Gli amici di Gabriele hanno pensato, allora, di riunire tutti i loro ricordi e si ritroveranno marted\u00ec 4 agosto, dalle ore 19, presso il Campo Sportivo \u201cAi Saletti\u201d di Paularo, dove hanno organizzato un triangolare in sua memoria . <!--more-->Saranno, quindi, 3 le squadre che scenderanno in campo, composte da amici ed ex compagni di Gabriele e dopo la partita non mancher\u00e0 un momento di aggregazione per ricordarlo. Ecco, Gabriele, se dopo tanto tempo sei sempre vivo nel ricordo di chi ti ha conosciuto, beh, allora diciamo la tua poca vita \u00e8 riuscita comunque a lasciare segni importanti. Nessuno, insomma, quaggi\u00f9 ti ha dimenticato.<\/p>\n","protected":false},"excerpt":{"rendered":"<p>Sono passati 12 anni da quel 17 giugno 2003 in cui Gabriele Gressani perse la vita in un incidente che si port\u00f2 via un ottimo giocatore, ma prima di tutto un bravissimo ragazzo. Per lui non \u00e8 una frase fatta, perch\u00e9 Gabriele era davvero un bravo ragazzo. Da quel giorno chi lo ha conosciuto non [&hellip;]<\/p>\n","protected":false},"author":10,"featured_media":0,"comment_status":"open","ping_status":"closed","sticky":false,"template":"","format":"standard","meta":{"footnotes":""},"categories":[3,5],"tags":[],"class_list":["post-12237","post","type-post","status-publish","format-standard","hentry","category-carnico","category-varie"],"yoast_head":"<!-- This site is optimized with the Yoast SEO plugin v27.3 - https:\/\/yoast.com\/product\/yoast-seo-wordpress\/ -->\n<title>PER RICORDARE GABRIELE - Campionato Carnico 2017<\/title>\n<meta name=\"robots\" content=\"index, follow, max-snippet:-1, max-image-preview:large, max-video-preview:-1\" \/>\n<link rel=\"canonical\" href=\"https:\/\/2017.carnico.it\/blog\/2015\/08\/02\/per-ricordare-gabriele\/\" \/>\n<meta property=\"og:locale\" content=\"it_IT\" \/>\n<meta property=\"og:type\" content=\"article\" \/>\n<meta property=\"og:title\" content=\"PER RICORDARE GABRIELE - Campionato Carnico 2017\" \/>\n<meta property=\"og:description\" content=\"Sono passati 12 anni da quel 17 giugno 2003 in cui Gabriele Gressani perse la vita in un incidente che si port\u00f2 via un ottimo giocatore, ma prima di tutto un bravissimo ragazzo. Per lui non \u00e8 una frase fatta, perch\u00e9 Gabriele era davvero un bravo ragazzo. Da quel giorno chi lo ha conosciuto non [&hellip;]\" \/>\n<meta property=\"og:url\" content=\"https:\/\/2017.carnico.it\/blog\/2015\/08\/02\/per-ricordare-gabriele\/\" \/>\n<meta property=\"og:site_name\" content=\"Campionato Carnico 2017\" \/>\n<meta property=\"article:publisher\" content=\"https:\/\/www.facebook.com\/campionatocarnico\/\" \/>\n<meta property=\"article:published_time\" content=\"2015-08-01T22:19:37+00:00\" \/>\n<meta property=\"article:modified_time\" content=\"2015-08-02T08:25:11+00:00\" \/>\n<meta property=\"og:image\" content=\"https:\/\/www.carnico.it\/blog\/wp-content\/uploads\/2015\/08\/gabri.jpg\" \/>\n<meta name=\"author\" content=\"Redazione\" \/>\n<meta name=\"twitter:card\" content=\"summary_large_image\" \/>\n<meta name=\"twitter:label1\" content=\"Scritto da\" \/>\n\t<meta name=\"twitter:data1\" content=\"Redazione\" \/>\n\t<meta name=\"twitter:label2\" content=\"Tempo di lettura stimato\" \/>\n\t<meta name=\"twitter:data2\" content=\"1 minuto\" \/>\n<script type=\"application\/ld+json\" class=\"yoast-schema-graph\">{\"@context\":\"https:\\\/\\\/schema.org\",\"@graph\":[{\"@type\":\"Article\",\"@id\":\"https:\\\/\\\/2017.carnico.it\\\/blog\\\/2015\\\/08\\\/02\\\/per-ricordare-gabriele\\\/#article\",\"isPartOf\":{\"@id\":\"https:\\\/\\\/2017.carnico.it\\\/blog\\\/2015\\\/08\\\/02\\\/per-ricordare-gabriele\\\/\"},\"author\":{\"name\":\"Redazione\",\"@id\":\"https:\\\/\\\/2017.carnico.it\\\/blog\\\/#\\\/schema\\\/person\\\/a68c764693d96df3238f123ea014e78c\"},\"headline\":\"PER RICORDARE GABRIELE\",\"datePublished\":\"2015-08-01T22:19:37+00:00\",\"dateModified\":\"2015-08-02T08:25:11+00:00\",\"mainEntityOfPage\":{\"@id\":\"https:\\\/\\\/2017.carnico.it\\\/blog\\\/2015\\\/08\\\/02\\\/per-ricordare-gabriele\\\/\"},\"wordCount\":173,\"commentCount\":3,\"image\":{\"@id\":\"https:\\\/\\\/2017.carnico.it\\\/blog\\\/2015\\\/08\\\/02\\\/per-ricordare-gabriele\\\/#primaryimage\"},\"thumbnailUrl\":\"https:\\\/\\\/www.carnico.it\\\/blog\\\/wp-content\\\/uploads\\\/2015\\\/08\\\/gabri.jpg\",\"articleSection\":[\"Carnico\",\"Varie\"],\"inLanguage\":\"it-IT\",\"potentialAction\":[{\"@type\":\"CommentAction\",\"name\":\"Comment\",\"target\":[\"https:\\\/\\\/2017.carnico.it\\\/blog\\\/2015\\\/08\\\/02\\\/per-ricordare-gabriele\\\/#respond\"]}]},{\"@type\":\"WebPage\",\"@id\":\"https:\\\/\\\/2017.carnico.it\\\/blog\\\/2015\\\/08\\\/02\\\/per-ricordare-gabriele\\\/\",\"url\":\"https:\\\/\\\/2017.carnico.it\\\/blog\\\/2015\\\/08\\\/02\\\/per-ricordare-gabriele\\\/\",\"name\":\"PER RICORDARE GABRIELE - Campionato Carnico 2017\",\"isPartOf\":{\"@id\":\"https:\\\/\\\/2017.carnico.it\\\/blog\\\/#website\"},\"primaryImageOfPage\":{\"@id\":\"https:\\\/\\\/2017.carnico.it\\\/blog\\\/2015\\\/08\\\/02\\\/per-ricordare-gabriele\\\/#primaryimage\"},\"image\":{\"@id\":\"https:\\\/\\\/2017.carnico.it\\\/blog\\\/2015\\\/08\\\/02\\\/per-ricordare-gabriele\\\/#primaryimage\"},\"thumbnailUrl\":\"https:\\\/\\\/www.carnico.it\\\/blog\\\/wp-content\\\/uploads\\\/2015\\\/08\\\/gabri.jpg\",\"datePublished\":\"2015-08-01T22:19:37+00:00\",\"dateModified\":\"2015-08-02T08:25:11+00:00\",\"author\":{\"@id\":\"https:\\\/\\\/2017.carnico.it\\\/blog\\\/#\\\/schema\\\/person\\\/a68c764693d96df3238f123ea014e78c\"},\"breadcrumb\":{\"@id\":\"https:\\\/\\\/2017.carnico.it\\\/blog\\\/2015\\\/08\\\/02\\\/per-ricordare-gabriele\\\/#breadcrumb\"},\"inLanguage\":\"it-IT\",\"potentialAction\":[{\"@type\":\"ReadAction\",\"target\":[\"https:\\\/\\\/2017.carnico.it\\\/blog\\\/2015\\\/08\\\/02\\\/per-ricordare-gabriele\\\/\"]}]},{\"@type\":\"ImageObject\",\"inLanguage\":\"it-IT\",\"@id\":\"https:\\\/\\\/2017.carnico.it\\\/blog\\\/2015\\\/08\\\/02\\\/per-ricordare-gabriele\\\/#primaryimage\",\"url\":\"https:\\\/\\\/www.carnico.it\\\/blog\\\/wp-content\\\/uploads\\\/2015\\\/08\\\/gabri.jpg\",\"contentUrl\":\"https:\\\/\\\/www.carnico.it\\\/blog\\\/wp-content\\\/uploads\\\/2015\\\/08\\\/gabri.jpg\"},{\"@type\":\"BreadcrumbList\",\"@id\":\"https:\\\/\\\/2017.carnico.it\\\/blog\\\/2015\\\/08\\\/02\\\/per-ricordare-gabriele\\\/#breadcrumb\",\"itemListElement\":[{\"@type\":\"ListItem\",\"position\":1,\"name\":\"Home\",\"item\":\"https:\\\/\\\/2017.carnico.it\\\/blog\\\/\"},{\"@type\":\"ListItem\",\"position\":2,\"name\":\"PER RICORDARE GABRIELE\"}]},{\"@type\":\"WebSite\",\"@id\":\"https:\\\/\\\/2017.carnico.it\\\/blog\\\/#website\",\"url\":\"https:\\\/\\\/2017.carnico.it\\\/blog\\\/\",\"name\":\"Campionato Carnico 2017\",\"description\":\"Notizie e aggiornamenti in tempo reale sul campionato Carnico\",\"potentialAction\":[{\"@type\":\"SearchAction\",\"target\":{\"@type\":\"EntryPoint\",\"urlTemplate\":\"https:\\\/\\\/2017.carnico.it\\\/blog\\\/?s={search_term_string}\"},\"query-input\":{\"@type\":\"PropertyValueSpecification\",\"valueRequired\":true,\"valueName\":\"search_term_string\"}}],\"inLanguage\":\"it-IT\"},{\"@type\":\"Person\",\"@id\":\"https:\\\/\\\/2017.carnico.it\\\/blog\\\/#\\\/schema\\\/person\\\/a68c764693d96df3238f123ea014e78c\",\"name\":\"Redazione\",\"image\":{\"@type\":\"ImageObject\",\"inLanguage\":\"it-IT\",\"@id\":\"https:\\\/\\\/secure.gravatar.com\\\/avatar\\\/6c05bd4dddbea475e283f76b4aa2d778ecb35c06fd92df5f6e0cac552163e2ac?s=96&d=mm&r=g\",\"url\":\"https:\\\/\\\/secure.gravatar.com\\\/avatar\\\/6c05bd4dddbea475e283f76b4aa2d778ecb35c06fd92df5f6e0cac552163e2ac?s=96&d=mm&r=g\",\"contentUrl\":\"https:\\\/\\\/secure.gravatar.com\\\/avatar\\\/6c05bd4dddbea475e283f76b4aa2d778ecb35c06fd92df5f6e0cac552163e2ac?s=96&d=mm&r=g\",\"caption\":\"Redazione\"},\"url\":\"https:\\\/\\\/2017.carnico.it\\\/blog\\\/author\\\/clyco-admin\\\/\"}]}<\/script>\n<!-- \/ Yoast SEO plugin. -->","yoast_head_json":{"title":"PER RICORDARE GABRIELE - Campionato Carnico 2017","robots":{"index":"index","follow":"follow","max-snippet":"max-snippet:-1","max-image-preview":"max-image-preview:large","max-video-preview":"max-video-preview:-1"},"canonical":"https:\/\/2017.carnico.it\/blog\/2015\/08\/02\/per-ricordare-gabriele\/","og_locale":"it_IT","og_type":"article","og_title":"PER RICORDARE GABRIELE - Campionato Carnico 2017","og_description":"Sono passati 12 anni da quel 17 giugno 2003 in cui Gabriele Gressani perse la vita in un incidente che si port\u00f2 via un ottimo giocatore, ma prima di tutto un bravissimo ragazzo. Per lui non \u00e8 una frase fatta, perch\u00e9 Gabriele era davvero un bravo ragazzo. Da quel giorno chi lo ha conosciuto non [&hellip;]","og_url":"https:\/\/2017.carnico.it\/blog\/2015\/08\/02\/per-ricordare-gabriele\/","og_site_name":"Campionato Carnico 2017","article_publisher":"https:\/\/www.facebook.com\/campionatocarnico\/","article_published_time":"2015-08-01T22:19:37+00:00","article_modified_time":"2015-08-02T08:25:11+00:00","og_image":[{"url":"https:\/\/www.carnico.it\/blog\/wp-content\/uploads\/2015\/08\/gabri.jpg","type":"","width":"","height":""}],"author":"Redazione","twitter_card":"summary_large_image","twitter_misc":{"Scritto da":"Redazione","Tempo di lettura stimato":"1 minuto"},"schema":{"@context":"https:\/\/schema.org","@graph":[{"@type":"Article","@id":"https:\/\/2017.carnico.it\/blog\/2015\/08\/02\/per-ricordare-gabriele\/#article","isPartOf":{"@id":"https:\/\/2017.carnico.it\/blog\/2015\/08\/02\/per-ricordare-gabriele\/"},"author":{"name":"Redazione","@id":"https:\/\/2017.carnico.it\/blog\/#\/schema\/person\/a68c764693d96df3238f123ea014e78c"},"headline":"PER RICORDARE GABRIELE","datePublished":"2015-08-01T22:19:37+00:00","dateModified":"2015-08-02T08:25:11+00:00","mainEntityOfPage":{"@id":"https:\/\/2017.carnico.it\/blog\/2015\/08\/02\/per-ricordare-gabriele\/"},"wordCount":173,"commentCount":3,"image":{"@id":"https:\/\/2017.carnico.it\/blog\/2015\/08\/02\/per-ricordare-gabriele\/#primaryimage"},"thumbnailUrl":"https:\/\/www.carnico.it\/blog\/wp-content\/uploads\/2015\/08\/gabri.jpg","articleSection":["Carnico","Varie"],"inLanguage":"it-IT","potentialAction":[{"@type":"CommentAction","name":"Comment","target":["https:\/\/2017.carnico.it\/blog\/2015\/08\/02\/per-ricordare-gabriele\/#respond"]}]},{"@type":"WebPage","@id":"https:\/\/2017.carnico.it\/blog\/2015\/08\/02\/per-ricordare-gabriele\/","url":"https:\/\/2017.carnico.it\/blog\/2015\/08\/02\/per-ricordare-gabriele\/","name":"PER RICORDARE GABRIELE - Campionato Carnico 2017","isPartOf":{"@id":"https:\/\/2017.carnico.it\/blog\/#website"},"primaryImageOfPage":{"@id":"https:\/\/2017.carnico.it\/blog\/2015\/08\/02\/per-ricordare-gabriele\/#primaryimage"},"image":{"@id":"https:\/\/2017.carnico.it\/blog\/2015\/08\/02\/per-ricordare-gabriele\/#primaryimage"},"thumbnailUrl":"https:\/\/www.carnico.it\/blog\/wp-content\/uploads\/2015\/08\/gabri.jpg","datePublished":"2015-08-01T22:19:37+00:00","dateModified":"2015-08-02T08:25:11+00:00","author":{"@id":"https:\/\/2017.carnico.it\/blog\/#\/schema\/person\/a68c764693d96df3238f123ea014e78c"},"breadcrumb":{"@id":"https:\/\/2017.carnico.it\/blog\/2015\/08\/02\/per-ricordare-gabriele\/#breadcrumb"},"inLanguage":"it-IT","potentialAction":[{"@type":"ReadAction","target":["https:\/\/2017.carnico.it\/blog\/2015\/08\/02\/per-ricordare-gabriele\/"]}]},{"@type":"ImageObject","inLanguage":"it-IT","@id":"https:\/\/2017.carnico.it\/blog\/2015\/08\/02\/per-ricordare-gabriele\/#primaryimage","url":"https:\/\/www.carnico.it\/blog\/wp-content\/uploads\/2015\/08\/gabri.jpg","contentUrl":"https:\/\/www.carnico.it\/blog\/wp-content\/uploads\/2015\/08\/gabri.jpg"},{"@type":"BreadcrumbList","@id":"https:\/\/2017.carnico.it\/blog\/2015\/08\/02\/per-ricordare-gabriele\/#breadcrumb","itemListElement":[{"@type":"ListItem","position":1,"name":"Home","item":"https:\/\/2017.carnico.it\/blog\/"},{"@type":"ListItem","position":2,"name":"PER RICORDARE GABRIELE"}]},{"@type":"WebSite","@id":"https:\/\/2017.carnico.it\/blog\/#website","url":"https:\/\/2017.carnico.it\/blog\/","name":"Campionato Carnico 2017","description":"Notizie e aggiornamenti in tempo reale sul campionato Carnico","potentialAction":[{"@type":"SearchAction","target":{"@type":"EntryPoint","urlTemplate":"https:\/\/2017.carnico.it\/blog\/?s={search_term_string}"},"query-input":{"@type":"PropertyValueSpecification","valueRequired":true,"valueName":"search_term_string"}}],"inLanguage":"it-IT"},{"@type":"Person","@id":"https:\/\/2017.carnico.it\/blog\/#\/schema\/person\/a68c764693d96df3238f123ea014e78c","name":"Redazione","image":{"@type":"ImageObject","inLanguage":"it-IT","@id":"https:\/\/secure.gravatar.com\/avatar\/6c05bd4dddbea475e283f76b4aa2d778ecb35c06fd92df5f6e0cac552163e2ac?s=96&d=mm&r=g","url":"https:\/\/secure.gravatar.com\/avatar\/6c05bd4dddbea475e283f76b4aa2d778ecb35c06fd92df5f6e0cac552163e2ac?s=96&d=mm&r=g","contentUrl":"https:\/\/secure.gravatar.com\/avatar\/6c05bd4dddbea475e283f76b4aa2d778ecb35c06fd92df5f6e0cac552163e2ac?s=96&d=mm&r=g","caption":"Redazione"},"url":"https:\/\/2017.carnico.it\/blog\/author\/clyco-admin\/"}]}},"_links":{"self":[{"href":"https:\/\/2017.carnico.it\/blog\/wp-json\/wp\/v2\/posts\/12237","targetHints":{"allow":["GET"]}}],"collection":[{"href":"https:\/\/2017.carnico.it\/blog\/wp-json\/wp\/v2\/posts"}],"about":[{"href":"https:\/\/2017.carnico.it\/blog\/wp-json\/wp\/v2\/types\/post"}],"author":[{"embeddable":true,"href":"https:\/\/2017.carnico.it\/blog\/wp-json\/wp\/v2\/users\/10"}],"replies":[{"embeddable":true,"href":"https:\/\/2017.carnico.it\/blog\/wp-json\/wp\/v2\/comments?post=12237"}],"version-history":[{"count":3,"href":"https:\/\/2017.carnico.it\/blog\/wp-json\/wp\/v2\/posts\/12237\/revisions"}],"predecessor-version":[{"id":12242,"href":"https:\/\/2017.carnico.it\/blog\/wp-json\/wp\/v2\/posts\/12237\/revisions\/12242"}],"wp:attachment":[{"href":"https:\/\/2017.carnico.it\/blog\/wp-json\/wp\/v2\/media?parent=12237"}],"wp:term":[{"taxonomy":"category","embeddable":true,"href":"https:\/\/2017.carnico.it\/blog\/wp-json\/wp\/v2\/categories?post=12237"},{"taxonomy":"post_tag","embeddable":true,"href":"https:\/\/2017.carnico.it\/blog\/wp-json\/wp\/v2\/tags?post=12237"}],"curies":[{"name":"wp","href":"https:\/\/api.w.org\/{rel}","templated":true}]}}