{"id":12215,"date":"2015-07-30T00:08:31","date_gmt":"2015-07-29T22:08:31","guid":{"rendered":"http:\/\/www.carnico.it\/blog\/?p=12215"},"modified":"2015-07-30T00:08:31","modified_gmt":"2015-07-29T22:08:31","slug":"i-fatti-della-terza","status":"publish","type":"post","link":"https:\/\/2017.carnico.it\/blog\/2015\/07\/30\/i-fatti-della-terza\/","title":{"rendered":"I FATTI DELLA TERZA"},"content":{"rendered":"<div id=\"attachment_12216\" style=\"width: 209px\" class=\"wp-caption alignleft\"><a href=\"https:\/\/www.carnico.it\/blog\/2015\/07\/30\/i-fatti-della-terza\/presenaio\/\" rel=\"attachment wp-att-12216\"><img loading=\"lazy\" decoding=\"async\" aria-describedby=\"caption-attachment-12216\" class=\"size-medium wp-image-12216\" src=\"https:\/\/www.carnico.it\/blog\/wp-content\/uploads\/2015\/07\/Presenaio-199x250.jpg\" alt=\"Il campo di Presenaio un quarto d'ora prima del fischio d'inizio.\" width=\"199\" height=\"250\" srcset=\"https:\/\/2017.carnico.it\/blog\/wp-content\/uploads\/2015\/07\/Presenaio-199x250.jpg 199w, https:\/\/2017.carnico.it\/blog\/wp-content\/uploads\/2015\/07\/Presenaio-359x450.jpg 359w, https:\/\/2017.carnico.it\/blog\/wp-content\/uploads\/2015\/07\/Presenaio-503x630.jpg 503w\" sizes=\"auto, (max-width: 199px) 100vw, 199px\" \/><\/a><p id=\"caption-attachment-12216\" class=\"wp-caption-text\">Il campo di Presenaio un quarto d&#8217;ora prima del fischio d&#8217;inizio.<\/p><\/div>\n<p>Tutto come da pronostico nel turno infrasettimanale di Terza, con le prime tutte vittoriose. La capolista Tarvisio supera abbastanza nettamente l\u2019Ancora e resta saldamente al comando della classifica, anche perch\u00e9 il San Pietro \u00e8 stato fermato dalla pioggia. A Presenaio non si \u00e8 giocato per l\u2019impraticabilit\u00e0 del campo il match col Ravascletto e la decisone dell\u2019arbitro Maieron \u00e8 parsa assolutamente giusta. Le due squadre si sono accordate per recuperare la partita mercoled\u00ec 5 agosto. Lo stop dei viola ha permesso alla Nuova Osoppo (sofferto 1 a 0 nel finale contro la Stella Azzurra) ed all\u2019Ardita (pi\u00f9 comodo il 3 a 1 sul Timaucleulis) il sorpasso ed ora le due squadre sono appaiate al secondo posto. <!--more-->Nelle altre partite successi interni dell\u2019Illegiana sulla Viola e del Lauco sul Comeglians. Senza storia la partita tra Rigolato e Cercivento sul neutro di Ravascletto. I biancorossi hanno vinto per 10 a 1 contro i biancazzurri, evidentemente ancora scossi per la vicenda \u2013 Vergazzini. Ha riposato l\u2019Ampezzo.<\/p>\n","protected":false},"excerpt":{"rendered":"<p>Tutto come da pronostico nel turno infrasettimanale di Terza, con le prime tutte vittoriose. La capolista Tarvisio supera abbastanza nettamente l\u2019Ancora e resta saldamente al comando della classifica, anche perch\u00e9 il San Pietro \u00e8 stato fermato dalla pioggia. A Presenaio non si \u00e8 giocato per l\u2019impraticabilit\u00e0 del campo il match col Ravascletto e la decisone [&hellip;]<\/p>\n","protected":false},"author":10,"featured_media":0,"comment_status":"open","ping_status":"closed","sticky":false,"template":"","format":"standard","meta":{"footnotes":""},"categories":[3,1],"tags":[],"class_list":["post-12215","post","type-post","status-publish","format-standard","hentry","category-carnico","category-commento-campionato"],"yoast_head":"<!-- This site is optimized with the Yoast SEO plugin v27.3 - https:\/\/yoast.com\/product\/yoast-seo-wordpress\/ -->\n<title>I FATTI DELLA TERZA - Campionato Carnico 2017<\/title>\n<meta name=\"robots\" content=\"index, follow, max-snippet:-1, max-image-preview:large, max-video-preview:-1\" \/>\n<link rel=\"canonical\" href=\"https:\/\/2017.carnico.it\/blog\/2015\/07\/30\/i-fatti-della-terza\/\" \/>\n<meta property=\"og:locale\" content=\"it_IT\" \/>\n<meta property=\"og:type\" content=\"article\" \/>\n<meta property=\"og:title\" content=\"I FATTI DELLA TERZA - Campionato Carnico 2017\" \/>\n<meta property=\"og:description\" content=\"Tutto come da pronostico nel turno infrasettimanale di Terza, con le prime tutte vittoriose. La capolista Tarvisio supera abbastanza nettamente l\u2019Ancora e resta saldamente al comando della classifica, anche perch\u00e9 il San Pietro \u00e8 stato fermato dalla pioggia. A Presenaio non si \u00e8 giocato per l\u2019impraticabilit\u00e0 del campo il match col Ravascletto e la decisone [&hellip;]\" \/>\n<meta property=\"og:url\" content=\"https:\/\/2017.carnico.it\/blog\/2015\/07\/30\/i-fatti-della-terza\/\" \/>\n<meta property=\"og:site_name\" content=\"Campionato Carnico 2017\" \/>\n<meta property=\"article:publisher\" content=\"https:\/\/www.facebook.com\/campionatocarnico\/\" \/>\n<meta property=\"article:published_time\" content=\"2015-07-29T22:08:31+00:00\" \/>\n<meta property=\"og:image\" content=\"https:\/\/www.carnico.it\/blog\/wp-content\/uploads\/2015\/07\/Presenaio-199x250.jpg\" \/>\n<meta name=\"author\" content=\"Redazione\" \/>\n<meta name=\"twitter:card\" content=\"summary_large_image\" \/>\n<meta name=\"twitter:label1\" content=\"Scritto da\" \/>\n\t<meta name=\"twitter:data1\" content=\"Redazione\" \/>\n\t<meta name=\"twitter:label2\" content=\"Tempo di lettura stimato\" \/>\n\t<meta name=\"twitter:data2\" content=\"1 minuto\" \/>\n<script type=\"application\/ld+json\" class=\"yoast-schema-graph\">{\"@context\":\"https:\\\/\\\/schema.org\",\"@graph\":[{\"@type\":\"Article\",\"@id\":\"https:\\\/\\\/2017.carnico.it\\\/blog\\\/2015\\\/07\\\/30\\\/i-fatti-della-terza\\\/#article\",\"isPartOf\":{\"@id\":\"https:\\\/\\\/2017.carnico.it\\\/blog\\\/2015\\\/07\\\/30\\\/i-fatti-della-terza\\\/\"},\"author\":{\"name\":\"Redazione\",\"@id\":\"https:\\\/\\\/2017.carnico.it\\\/blog\\\/#\\\/schema\\\/person\\\/a68c764693d96df3238f123ea014e78c\"},\"headline\":\"I FATTI DELLA TERZA\",\"datePublished\":\"2015-07-29T22:08:31+00:00\",\"mainEntityOfPage\":{\"@id\":\"https:\\\/\\\/2017.carnico.it\\\/blog\\\/2015\\\/07\\\/30\\\/i-fatti-della-terza\\\/\"},\"wordCount\":181,\"commentCount\":0,\"image\":{\"@id\":\"https:\\\/\\\/2017.carnico.it\\\/blog\\\/2015\\\/07\\\/30\\\/i-fatti-della-terza\\\/#primaryimage\"},\"thumbnailUrl\":\"https:\\\/\\\/www.carnico.it\\\/blog\\\/wp-content\\\/uploads\\\/2015\\\/07\\\/Presenaio-199x250.jpg\",\"articleSection\":[\"Carnico\",\"Commento al campionato\"],\"inLanguage\":\"it-IT\",\"potentialAction\":[{\"@type\":\"CommentAction\",\"name\":\"Comment\",\"target\":[\"https:\\\/\\\/2017.carnico.it\\\/blog\\\/2015\\\/07\\\/30\\\/i-fatti-della-terza\\\/#respond\"]}]},{\"@type\":\"WebPage\",\"@id\":\"https:\\\/\\\/2017.carnico.it\\\/blog\\\/2015\\\/07\\\/30\\\/i-fatti-della-terza\\\/\",\"url\":\"https:\\\/\\\/2017.carnico.it\\\/blog\\\/2015\\\/07\\\/30\\\/i-fatti-della-terza\\\/\",\"name\":\"I FATTI DELLA TERZA - Campionato Carnico 2017\",\"isPartOf\":{\"@id\":\"https:\\\/\\\/2017.carnico.it\\\/blog\\\/#website\"},\"primaryImageOfPage\":{\"@id\":\"https:\\\/\\\/2017.carnico.it\\\/blog\\\/2015\\\/07\\\/30\\\/i-fatti-della-terza\\\/#primaryimage\"},\"image\":{\"@id\":\"https:\\\/\\\/2017.carnico.it\\\/blog\\\/2015\\\/07\\\/30\\\/i-fatti-della-terza\\\/#primaryimage\"},\"thumbnailUrl\":\"https:\\\/\\\/www.carnico.it\\\/blog\\\/wp-content\\\/uploads\\\/2015\\\/07\\\/Presenaio-199x250.jpg\",\"datePublished\":\"2015-07-29T22:08:31+00:00\",\"author\":{\"@id\":\"https:\\\/\\\/2017.carnico.it\\\/blog\\\/#\\\/schema\\\/person\\\/a68c764693d96df3238f123ea014e78c\"},\"breadcrumb\":{\"@id\":\"https:\\\/\\\/2017.carnico.it\\\/blog\\\/2015\\\/07\\\/30\\\/i-fatti-della-terza\\\/#breadcrumb\"},\"inLanguage\":\"it-IT\",\"potentialAction\":[{\"@type\":\"ReadAction\",\"target\":[\"https:\\\/\\\/2017.carnico.it\\\/blog\\\/2015\\\/07\\\/30\\\/i-fatti-della-terza\\\/\"]}]},{\"@type\":\"ImageObject\",\"inLanguage\":\"it-IT\",\"@id\":\"https:\\\/\\\/2017.carnico.it\\\/blog\\\/2015\\\/07\\\/30\\\/i-fatti-della-terza\\\/#primaryimage\",\"url\":\"https:\\\/\\\/www.carnico.it\\\/blog\\\/wp-content\\\/uploads\\\/2015\\\/07\\\/Presenaio-199x250.jpg\",\"contentUrl\":\"https:\\\/\\\/www.carnico.it\\\/blog\\\/wp-content\\\/uploads\\\/2015\\\/07\\\/Presenaio-199x250.jpg\"},{\"@type\":\"BreadcrumbList\",\"@id\":\"https:\\\/\\\/2017.carnico.it\\\/blog\\\/2015\\\/07\\\/30\\\/i-fatti-della-terza\\\/#breadcrumb\",\"itemListElement\":[{\"@type\":\"ListItem\",\"position\":1,\"name\":\"Home\",\"item\":\"https:\\\/\\\/2017.carnico.it\\\/blog\\\/\"},{\"@type\":\"ListItem\",\"position\":2,\"name\":\"I FATTI DELLA TERZA\"}]},{\"@type\":\"WebSite\",\"@id\":\"https:\\\/\\\/2017.carnico.it\\\/blog\\\/#website\",\"url\":\"https:\\\/\\\/2017.carnico.it\\\/blog\\\/\",\"name\":\"Campionato Carnico 2017\",\"description\":\"Notizie e aggiornamenti in tempo reale sul campionato Carnico\",\"potentialAction\":[{\"@type\":\"SearchAction\",\"target\":{\"@type\":\"EntryPoint\",\"urlTemplate\":\"https:\\\/\\\/2017.carnico.it\\\/blog\\\/?s={search_term_string}\"},\"query-input\":{\"@type\":\"PropertyValueSpecification\",\"valueRequired\":true,\"valueName\":\"search_term_string\"}}],\"inLanguage\":\"it-IT\"},{\"@type\":\"Person\",\"@id\":\"https:\\\/\\\/2017.carnico.it\\\/blog\\\/#\\\/schema\\\/person\\\/a68c764693d96df3238f123ea014e78c\",\"name\":\"Redazione\",\"image\":{\"@type\":\"ImageObject\",\"inLanguage\":\"it-IT\",\"@id\":\"https:\\\/\\\/secure.gravatar.com\\\/avatar\\\/6c05bd4dddbea475e283f76b4aa2d778ecb35c06fd92df5f6e0cac552163e2ac?s=96&d=mm&r=g\",\"url\":\"https:\\\/\\\/secure.gravatar.com\\\/avatar\\\/6c05bd4dddbea475e283f76b4aa2d778ecb35c06fd92df5f6e0cac552163e2ac?s=96&d=mm&r=g\",\"contentUrl\":\"https:\\\/\\\/secure.gravatar.com\\\/avatar\\\/6c05bd4dddbea475e283f76b4aa2d778ecb35c06fd92df5f6e0cac552163e2ac?s=96&d=mm&r=g\",\"caption\":\"Redazione\"},\"url\":\"https:\\\/\\\/2017.carnico.it\\\/blog\\\/author\\\/clyco-admin\\\/\"}]}<\/script>\n<!-- \/ Yoast SEO plugin. -->","yoast_head_json":{"title":"I FATTI DELLA TERZA - Campionato Carnico 2017","robots":{"index":"index","follow":"follow","max-snippet":"max-snippet:-1","max-image-preview":"max-image-preview:large","max-video-preview":"max-video-preview:-1"},"canonical":"https:\/\/2017.carnico.it\/blog\/2015\/07\/30\/i-fatti-della-terza\/","og_locale":"it_IT","og_type":"article","og_title":"I FATTI DELLA TERZA - Campionato Carnico 2017","og_description":"Tutto come da pronostico nel turno infrasettimanale di Terza, con le prime tutte vittoriose. La capolista Tarvisio supera abbastanza nettamente l\u2019Ancora e resta saldamente al comando della classifica, anche perch\u00e9 il San Pietro \u00e8 stato fermato dalla pioggia. A Presenaio non si \u00e8 giocato per l\u2019impraticabilit\u00e0 del campo il match col Ravascletto e la decisone [&hellip;]","og_url":"https:\/\/2017.carnico.it\/blog\/2015\/07\/30\/i-fatti-della-terza\/","og_site_name":"Campionato Carnico 2017","article_publisher":"https:\/\/www.facebook.com\/campionatocarnico\/","article_published_time":"2015-07-29T22:08:31+00:00","og_image":[{"url":"https:\/\/www.carnico.it\/blog\/wp-content\/uploads\/2015\/07\/Presenaio-199x250.jpg","type":"","width":"","height":""}],"author":"Redazione","twitter_card":"summary_large_image","twitter_misc":{"Scritto da":"Redazione","Tempo di lettura stimato":"1 minuto"},"schema":{"@context":"https:\/\/schema.org","@graph":[{"@type":"Article","@id":"https:\/\/2017.carnico.it\/blog\/2015\/07\/30\/i-fatti-della-terza\/#article","isPartOf":{"@id":"https:\/\/2017.carnico.it\/blog\/2015\/07\/30\/i-fatti-della-terza\/"},"author":{"name":"Redazione","@id":"https:\/\/2017.carnico.it\/blog\/#\/schema\/person\/a68c764693d96df3238f123ea014e78c"},"headline":"I FATTI DELLA TERZA","datePublished":"2015-07-29T22:08:31+00:00","mainEntityOfPage":{"@id":"https:\/\/2017.carnico.it\/blog\/2015\/07\/30\/i-fatti-della-terza\/"},"wordCount":181,"commentCount":0,"image":{"@id":"https:\/\/2017.carnico.it\/blog\/2015\/07\/30\/i-fatti-della-terza\/#primaryimage"},"thumbnailUrl":"https:\/\/www.carnico.it\/blog\/wp-content\/uploads\/2015\/07\/Presenaio-199x250.jpg","articleSection":["Carnico","Commento al campionato"],"inLanguage":"it-IT","potentialAction":[{"@type":"CommentAction","name":"Comment","target":["https:\/\/2017.carnico.it\/blog\/2015\/07\/30\/i-fatti-della-terza\/#respond"]}]},{"@type":"WebPage","@id":"https:\/\/2017.carnico.it\/blog\/2015\/07\/30\/i-fatti-della-terza\/","url":"https:\/\/2017.carnico.it\/blog\/2015\/07\/30\/i-fatti-della-terza\/","name":"I FATTI DELLA TERZA - Campionato Carnico 2017","isPartOf":{"@id":"https:\/\/2017.carnico.it\/blog\/#website"},"primaryImageOfPage":{"@id":"https:\/\/2017.carnico.it\/blog\/2015\/07\/30\/i-fatti-della-terza\/#primaryimage"},"image":{"@id":"https:\/\/2017.carnico.it\/blog\/2015\/07\/30\/i-fatti-della-terza\/#primaryimage"},"thumbnailUrl":"https:\/\/www.carnico.it\/blog\/wp-content\/uploads\/2015\/07\/Presenaio-199x250.jpg","datePublished":"2015-07-29T22:08:31+00:00","author":{"@id":"https:\/\/2017.carnico.it\/blog\/#\/schema\/person\/a68c764693d96df3238f123ea014e78c"},"breadcrumb":{"@id":"https:\/\/2017.carnico.it\/blog\/2015\/07\/30\/i-fatti-della-terza\/#breadcrumb"},"inLanguage":"it-IT","potentialAction":[{"@type":"ReadAction","target":["https:\/\/2017.carnico.it\/blog\/2015\/07\/30\/i-fatti-della-terza\/"]}]},{"@type":"ImageObject","inLanguage":"it-IT","@id":"https:\/\/2017.carnico.it\/blog\/2015\/07\/30\/i-fatti-della-terza\/#primaryimage","url":"https:\/\/www.carnico.it\/blog\/wp-content\/uploads\/2015\/07\/Presenaio-199x250.jpg","contentUrl":"https:\/\/www.carnico.it\/blog\/wp-content\/uploads\/2015\/07\/Presenaio-199x250.jpg"},{"@type":"BreadcrumbList","@id":"https:\/\/2017.carnico.it\/blog\/2015\/07\/30\/i-fatti-della-terza\/#breadcrumb","itemListElement":[{"@type":"ListItem","position":1,"name":"Home","item":"https:\/\/2017.carnico.it\/blog\/"},{"@type":"ListItem","position":2,"name":"I FATTI DELLA TERZA"}]},{"@type":"WebSite","@id":"https:\/\/2017.carnico.it\/blog\/#website","url":"https:\/\/2017.carnico.it\/blog\/","name":"Campionato Carnico 2017","description":"Notizie e aggiornamenti in tempo reale sul campionato Carnico","potentialAction":[{"@type":"SearchAction","target":{"@type":"EntryPoint","urlTemplate":"https:\/\/2017.carnico.it\/blog\/?s={search_term_string}"},"query-input":{"@type":"PropertyValueSpecification","valueRequired":true,"valueName":"search_term_string"}}],"inLanguage":"it-IT"},{"@type":"Person","@id":"https:\/\/2017.carnico.it\/blog\/#\/schema\/person\/a68c764693d96df3238f123ea014e78c","name":"Redazione","image":{"@type":"ImageObject","inLanguage":"it-IT","@id":"https:\/\/secure.gravatar.com\/avatar\/6c05bd4dddbea475e283f76b4aa2d778ecb35c06fd92df5f6e0cac552163e2ac?s=96&d=mm&r=g","url":"https:\/\/secure.gravatar.com\/avatar\/6c05bd4dddbea475e283f76b4aa2d778ecb35c06fd92df5f6e0cac552163e2ac?s=96&d=mm&r=g","contentUrl":"https:\/\/secure.gravatar.com\/avatar\/6c05bd4dddbea475e283f76b4aa2d778ecb35c06fd92df5f6e0cac552163e2ac?s=96&d=mm&r=g","caption":"Redazione"},"url":"https:\/\/2017.carnico.it\/blog\/author\/clyco-admin\/"}]}},"_links":{"self":[{"href":"https:\/\/2017.carnico.it\/blog\/wp-json\/wp\/v2\/posts\/12215","targetHints":{"allow":["GET"]}}],"collection":[{"href":"https:\/\/2017.carnico.it\/blog\/wp-json\/wp\/v2\/posts"}],"about":[{"href":"https:\/\/2017.carnico.it\/blog\/wp-json\/wp\/v2\/types\/post"}],"author":[{"embeddable":true,"href":"https:\/\/2017.carnico.it\/blog\/wp-json\/wp\/v2\/users\/10"}],"replies":[{"embeddable":true,"href":"https:\/\/2017.carnico.it\/blog\/wp-json\/wp\/v2\/comments?post=12215"}],"version-history":[{"count":2,"href":"https:\/\/2017.carnico.it\/blog\/wp-json\/wp\/v2\/posts\/12215\/revisions"}],"predecessor-version":[{"id":12218,"href":"https:\/\/2017.carnico.it\/blog\/wp-json\/wp\/v2\/posts\/12215\/revisions\/12218"}],"wp:attachment":[{"href":"https:\/\/2017.carnico.it\/blog\/wp-json\/wp\/v2\/media?parent=12215"}],"wp:term":[{"taxonomy":"category","embeddable":true,"href":"https:\/\/2017.carnico.it\/blog\/wp-json\/wp\/v2\/categories?post=12215"},{"taxonomy":"post_tag","embeddable":true,"href":"https:\/\/2017.carnico.it\/blog\/wp-json\/wp\/v2\/tags?post=12215"}],"curies":[{"name":"wp","href":"https:\/\/api.w.org\/{rel}","templated":true}]}}