{"id":12158,"date":"2015-07-23T09:24:38","date_gmt":"2015-07-23T07:24:38","guid":{"rendered":"http:\/\/www.carnico.it\/blog\/?p=12158"},"modified":"2015-07-23T09:27:25","modified_gmt":"2015-07-23T07:27:25","slug":"due-anni-di-squalifica-a-michael-vergazzini","status":"publish","type":"post","link":"https:\/\/2017.carnico.it\/blog\/2015\/07\/23\/due-anni-di-squalifica-a-michael-vergazzini\/","title":{"rendered":"DUE ANNI DI SQUALIFICA A MICHAEL VERGAZZINI"},"content":{"rendered":"<p>In riferimento alla partita <strong>Viola-Rigolato<\/strong>, sospesa dall&#8217;arbitro <strong>Antonino Duca<\/strong> di Udine a pochi minuti dal termine domenica scorsa sul 3-0 per i locali, il giudice sportivo ha squalificato il giocatore del Rigolato <strong>Michael Vergazzini<\/strong> fino al <strong>23 luglio 2017.<\/strong><br \/>\nQueste le motivazioni:<br \/>\n<!--more--><br \/>\n&#8220;<em>Per aver colpito il direttore di gara con il capo sulla fronte, e ci\u00f2 successivamente all&#8217;estrazione del cartellino con il quale gli veniva comminata l&#8217;espulsione per bestemmie ed ingiurie proferite nei confronti dell&#8217;arbitro, quest&#8217;ultimo precisa di aver decretato la fine della gara in quanto riteneva non esserci pi\u00f9 le condizioni psicologiche per garantire lucidit\u00e0 e terziet\u00e0 nella conclusione della stessa. La sanzione viene contenuta in anni 2 risultando dal referto che il colpo ricevuto dal direttore di gara non ha procurato alcuna conseguenza fisica se non una iniziale perdita dell&#8217;equilibrio per la spinta ricevuta ed un lieve stato confusionale transitorio della durata di circa 3 secondi. La gara \u00e8 stata sospesa al minuto 39 del secondo tempo e non pi\u00f9 ripresa&#8221;. <\/em><\/p>\n<p>La Viola vince <strong>3-0 a tavolino: <\/strong>siccome quando una partita viene sospesa \u00e8 come non si fosse giocata, i gol realizzati sul campo (2 Mentil, 1 Fior) vengono cancellati.<\/p>\n","protected":false},"excerpt":{"rendered":"<p>In riferimento alla partita Viola-Rigolato, sospesa dall&#8217;arbitro Antonino Duca di Udine a pochi minuti dal termine domenica scorsa sul 3-0 per i locali, il giudice sportivo ha squalificato il giocatore del Rigolato Michael Vergazzini fino al 23 luglio 2017. Queste le motivazioni:<\/p>\n","protected":false},"author":10,"featured_media":0,"comment_status":"open","ping_status":"closed","sticky":false,"template":"","format":"standard","meta":{"footnotes":""},"categories":[3],"tags":[],"class_list":["post-12158","post","type-post","status-publish","format-standard","hentry","category-carnico"],"yoast_head":"<!-- This site is optimized with the Yoast SEO plugin v27.3 - https:\/\/yoast.com\/product\/yoast-seo-wordpress\/ -->\n<title>DUE ANNI DI SQUALIFICA A MICHAEL VERGAZZINI - Campionato Carnico 2017<\/title>\n<meta name=\"robots\" content=\"index, follow, max-snippet:-1, max-image-preview:large, max-video-preview:-1\" \/>\n<link rel=\"canonical\" href=\"https:\/\/2017.carnico.it\/blog\/2015\/07\/23\/due-anni-di-squalifica-a-michael-vergazzini\/\" \/>\n<meta property=\"og:locale\" content=\"it_IT\" \/>\n<meta property=\"og:type\" content=\"article\" \/>\n<meta property=\"og:title\" content=\"DUE ANNI DI SQUALIFICA A MICHAEL VERGAZZINI - Campionato Carnico 2017\" \/>\n<meta property=\"og:description\" content=\"In riferimento alla partita Viola-Rigolato, sospesa dall&#8217;arbitro Antonino Duca di Udine a pochi minuti dal termine domenica scorsa sul 3-0 per i locali, il giudice sportivo ha squalificato il giocatore del Rigolato Michael Vergazzini fino al 23 luglio 2017. Queste le motivazioni:\" \/>\n<meta property=\"og:url\" content=\"https:\/\/2017.carnico.it\/blog\/2015\/07\/23\/due-anni-di-squalifica-a-michael-vergazzini\/\" \/>\n<meta property=\"og:site_name\" content=\"Campionato Carnico 2017\" \/>\n<meta property=\"article:publisher\" content=\"https:\/\/www.facebook.com\/campionatocarnico\/\" \/>\n<meta property=\"article:published_time\" content=\"2015-07-23T07:24:38+00:00\" \/>\n<meta property=\"article:modified_time\" content=\"2015-07-23T07:27:25+00:00\" \/>\n<meta name=\"author\" content=\"Redazione\" \/>\n<meta name=\"twitter:card\" content=\"summary_large_image\" \/>\n<meta name=\"twitter:label1\" content=\"Scritto da\" \/>\n\t<meta name=\"twitter:data1\" content=\"Redazione\" \/>\n\t<meta name=\"twitter:label2\" content=\"Tempo di lettura stimato\" \/>\n\t<meta name=\"twitter:data2\" content=\"1 minuto\" \/>\n<script type=\"application\/ld+json\" class=\"yoast-schema-graph\">{\"@context\":\"https:\\\/\\\/schema.org\",\"@graph\":[{\"@type\":\"Article\",\"@id\":\"https:\\\/\\\/2017.carnico.it\\\/blog\\\/2015\\\/07\\\/23\\\/due-anni-di-squalifica-a-michael-vergazzini\\\/#article\",\"isPartOf\":{\"@id\":\"https:\\\/\\\/2017.carnico.it\\\/blog\\\/2015\\\/07\\\/23\\\/due-anni-di-squalifica-a-michael-vergazzini\\\/\"},\"author\":{\"name\":\"Redazione\",\"@id\":\"https:\\\/\\\/2017.carnico.it\\\/blog\\\/#\\\/schema\\\/person\\\/a68c764693d96df3238f123ea014e78c\"},\"headline\":\"DUE ANNI DI SQUALIFICA A MICHAEL VERGAZZINI\",\"datePublished\":\"2015-07-23T07:24:38+00:00\",\"dateModified\":\"2015-07-23T07:27:25+00:00\",\"mainEntityOfPage\":{\"@id\":\"https:\\\/\\\/2017.carnico.it\\\/blog\\\/2015\\\/07\\\/23\\\/due-anni-di-squalifica-a-michael-vergazzini\\\/\"},\"wordCount\":196,\"commentCount\":40,\"articleSection\":[\"Carnico\"],\"inLanguage\":\"it-IT\",\"potentialAction\":[{\"@type\":\"CommentAction\",\"name\":\"Comment\",\"target\":[\"https:\\\/\\\/2017.carnico.it\\\/blog\\\/2015\\\/07\\\/23\\\/due-anni-di-squalifica-a-michael-vergazzini\\\/#respond\"]}]},{\"@type\":\"WebPage\",\"@id\":\"https:\\\/\\\/2017.carnico.it\\\/blog\\\/2015\\\/07\\\/23\\\/due-anni-di-squalifica-a-michael-vergazzini\\\/\",\"url\":\"https:\\\/\\\/2017.carnico.it\\\/blog\\\/2015\\\/07\\\/23\\\/due-anni-di-squalifica-a-michael-vergazzini\\\/\",\"name\":\"DUE ANNI DI SQUALIFICA A MICHAEL VERGAZZINI - Campionato Carnico 2017\",\"isPartOf\":{\"@id\":\"https:\\\/\\\/2017.carnico.it\\\/blog\\\/#website\"},\"datePublished\":\"2015-07-23T07:24:38+00:00\",\"dateModified\":\"2015-07-23T07:27:25+00:00\",\"author\":{\"@id\":\"https:\\\/\\\/2017.carnico.it\\\/blog\\\/#\\\/schema\\\/person\\\/a68c764693d96df3238f123ea014e78c\"},\"breadcrumb\":{\"@id\":\"https:\\\/\\\/2017.carnico.it\\\/blog\\\/2015\\\/07\\\/23\\\/due-anni-di-squalifica-a-michael-vergazzini\\\/#breadcrumb\"},\"inLanguage\":\"it-IT\",\"potentialAction\":[{\"@type\":\"ReadAction\",\"target\":[\"https:\\\/\\\/2017.carnico.it\\\/blog\\\/2015\\\/07\\\/23\\\/due-anni-di-squalifica-a-michael-vergazzini\\\/\"]}]},{\"@type\":\"BreadcrumbList\",\"@id\":\"https:\\\/\\\/2017.carnico.it\\\/blog\\\/2015\\\/07\\\/23\\\/due-anni-di-squalifica-a-michael-vergazzini\\\/#breadcrumb\",\"itemListElement\":[{\"@type\":\"ListItem\",\"position\":1,\"name\":\"Home\",\"item\":\"https:\\\/\\\/2017.carnico.it\\\/blog\\\/\"},{\"@type\":\"ListItem\",\"position\":2,\"name\":\"DUE ANNI DI SQUALIFICA A MICHAEL VERGAZZINI\"}]},{\"@type\":\"WebSite\",\"@id\":\"https:\\\/\\\/2017.carnico.it\\\/blog\\\/#website\",\"url\":\"https:\\\/\\\/2017.carnico.it\\\/blog\\\/\",\"name\":\"Campionato Carnico 2017\",\"description\":\"Notizie e aggiornamenti in tempo reale sul campionato Carnico\",\"potentialAction\":[{\"@type\":\"SearchAction\",\"target\":{\"@type\":\"EntryPoint\",\"urlTemplate\":\"https:\\\/\\\/2017.carnico.it\\\/blog\\\/?s={search_term_string}\"},\"query-input\":{\"@type\":\"PropertyValueSpecification\",\"valueRequired\":true,\"valueName\":\"search_term_string\"}}],\"inLanguage\":\"it-IT\"},{\"@type\":\"Person\",\"@id\":\"https:\\\/\\\/2017.carnico.it\\\/blog\\\/#\\\/schema\\\/person\\\/a68c764693d96df3238f123ea014e78c\",\"name\":\"Redazione\",\"image\":{\"@type\":\"ImageObject\",\"inLanguage\":\"it-IT\",\"@id\":\"https:\\\/\\\/secure.gravatar.com\\\/avatar\\\/6c05bd4dddbea475e283f76b4aa2d778ecb35c06fd92df5f6e0cac552163e2ac?s=96&d=mm&r=g\",\"url\":\"https:\\\/\\\/secure.gravatar.com\\\/avatar\\\/6c05bd4dddbea475e283f76b4aa2d778ecb35c06fd92df5f6e0cac552163e2ac?s=96&d=mm&r=g\",\"contentUrl\":\"https:\\\/\\\/secure.gravatar.com\\\/avatar\\\/6c05bd4dddbea475e283f76b4aa2d778ecb35c06fd92df5f6e0cac552163e2ac?s=96&d=mm&r=g\",\"caption\":\"Redazione\"},\"url\":\"https:\\\/\\\/2017.carnico.it\\\/blog\\\/author\\\/clyco-admin\\\/\"}]}<\/script>\n<!-- \/ Yoast SEO plugin. -->","yoast_head_json":{"title":"DUE ANNI DI SQUALIFICA A MICHAEL VERGAZZINI - Campionato Carnico 2017","robots":{"index":"index","follow":"follow","max-snippet":"max-snippet:-1","max-image-preview":"max-image-preview:large","max-video-preview":"max-video-preview:-1"},"canonical":"https:\/\/2017.carnico.it\/blog\/2015\/07\/23\/due-anni-di-squalifica-a-michael-vergazzini\/","og_locale":"it_IT","og_type":"article","og_title":"DUE ANNI DI SQUALIFICA A MICHAEL VERGAZZINI - Campionato Carnico 2017","og_description":"In riferimento alla partita Viola-Rigolato, sospesa dall&#8217;arbitro Antonino Duca di Udine a pochi minuti dal termine domenica scorsa sul 3-0 per i locali, il giudice sportivo ha squalificato il giocatore del Rigolato Michael Vergazzini fino al 23 luglio 2017. Queste le motivazioni:","og_url":"https:\/\/2017.carnico.it\/blog\/2015\/07\/23\/due-anni-di-squalifica-a-michael-vergazzini\/","og_site_name":"Campionato Carnico 2017","article_publisher":"https:\/\/www.facebook.com\/campionatocarnico\/","article_published_time":"2015-07-23T07:24:38+00:00","article_modified_time":"2015-07-23T07:27:25+00:00","author":"Redazione","twitter_card":"summary_large_image","twitter_misc":{"Scritto da":"Redazione","Tempo di lettura stimato":"1 minuto"},"schema":{"@context":"https:\/\/schema.org","@graph":[{"@type":"Article","@id":"https:\/\/2017.carnico.it\/blog\/2015\/07\/23\/due-anni-di-squalifica-a-michael-vergazzini\/#article","isPartOf":{"@id":"https:\/\/2017.carnico.it\/blog\/2015\/07\/23\/due-anni-di-squalifica-a-michael-vergazzini\/"},"author":{"name":"Redazione","@id":"https:\/\/2017.carnico.it\/blog\/#\/schema\/person\/a68c764693d96df3238f123ea014e78c"},"headline":"DUE ANNI DI SQUALIFICA A MICHAEL VERGAZZINI","datePublished":"2015-07-23T07:24:38+00:00","dateModified":"2015-07-23T07:27:25+00:00","mainEntityOfPage":{"@id":"https:\/\/2017.carnico.it\/blog\/2015\/07\/23\/due-anni-di-squalifica-a-michael-vergazzini\/"},"wordCount":196,"commentCount":40,"articleSection":["Carnico"],"inLanguage":"it-IT","potentialAction":[{"@type":"CommentAction","name":"Comment","target":["https:\/\/2017.carnico.it\/blog\/2015\/07\/23\/due-anni-di-squalifica-a-michael-vergazzini\/#respond"]}]},{"@type":"WebPage","@id":"https:\/\/2017.carnico.it\/blog\/2015\/07\/23\/due-anni-di-squalifica-a-michael-vergazzini\/","url":"https:\/\/2017.carnico.it\/blog\/2015\/07\/23\/due-anni-di-squalifica-a-michael-vergazzini\/","name":"DUE ANNI DI SQUALIFICA A MICHAEL VERGAZZINI - Campionato Carnico 2017","isPartOf":{"@id":"https:\/\/2017.carnico.it\/blog\/#website"},"datePublished":"2015-07-23T07:24:38+00:00","dateModified":"2015-07-23T07:27:25+00:00","author":{"@id":"https:\/\/2017.carnico.it\/blog\/#\/schema\/person\/a68c764693d96df3238f123ea014e78c"},"breadcrumb":{"@id":"https:\/\/2017.carnico.it\/blog\/2015\/07\/23\/due-anni-di-squalifica-a-michael-vergazzini\/#breadcrumb"},"inLanguage":"it-IT","potentialAction":[{"@type":"ReadAction","target":["https:\/\/2017.carnico.it\/blog\/2015\/07\/23\/due-anni-di-squalifica-a-michael-vergazzini\/"]}]},{"@type":"BreadcrumbList","@id":"https:\/\/2017.carnico.it\/blog\/2015\/07\/23\/due-anni-di-squalifica-a-michael-vergazzini\/#breadcrumb","itemListElement":[{"@type":"ListItem","position":1,"name":"Home","item":"https:\/\/2017.carnico.it\/blog\/"},{"@type":"ListItem","position":2,"name":"DUE ANNI DI SQUALIFICA A MICHAEL VERGAZZINI"}]},{"@type":"WebSite","@id":"https:\/\/2017.carnico.it\/blog\/#website","url":"https:\/\/2017.carnico.it\/blog\/","name":"Campionato Carnico 2017","description":"Notizie e aggiornamenti in tempo reale sul campionato Carnico","potentialAction":[{"@type":"SearchAction","target":{"@type":"EntryPoint","urlTemplate":"https:\/\/2017.carnico.it\/blog\/?s={search_term_string}"},"query-input":{"@type":"PropertyValueSpecification","valueRequired":true,"valueName":"search_term_string"}}],"inLanguage":"it-IT"},{"@type":"Person","@id":"https:\/\/2017.carnico.it\/blog\/#\/schema\/person\/a68c764693d96df3238f123ea014e78c","name":"Redazione","image":{"@type":"ImageObject","inLanguage":"it-IT","@id":"https:\/\/secure.gravatar.com\/avatar\/6c05bd4dddbea475e283f76b4aa2d778ecb35c06fd92df5f6e0cac552163e2ac?s=96&d=mm&r=g","url":"https:\/\/secure.gravatar.com\/avatar\/6c05bd4dddbea475e283f76b4aa2d778ecb35c06fd92df5f6e0cac552163e2ac?s=96&d=mm&r=g","contentUrl":"https:\/\/secure.gravatar.com\/avatar\/6c05bd4dddbea475e283f76b4aa2d778ecb35c06fd92df5f6e0cac552163e2ac?s=96&d=mm&r=g","caption":"Redazione"},"url":"https:\/\/2017.carnico.it\/blog\/author\/clyco-admin\/"}]}},"_links":{"self":[{"href":"https:\/\/2017.carnico.it\/blog\/wp-json\/wp\/v2\/posts\/12158","targetHints":{"allow":["GET"]}}],"collection":[{"href":"https:\/\/2017.carnico.it\/blog\/wp-json\/wp\/v2\/posts"}],"about":[{"href":"https:\/\/2017.carnico.it\/blog\/wp-json\/wp\/v2\/types\/post"}],"author":[{"embeddable":true,"href":"https:\/\/2017.carnico.it\/blog\/wp-json\/wp\/v2\/users\/10"}],"replies":[{"embeddable":true,"href":"https:\/\/2017.carnico.it\/blog\/wp-json\/wp\/v2\/comments?post=12158"}],"version-history":[{"count":4,"href":"https:\/\/2017.carnico.it\/blog\/wp-json\/wp\/v2\/posts\/12158\/revisions"}],"predecessor-version":[{"id":12162,"href":"https:\/\/2017.carnico.it\/blog\/wp-json\/wp\/v2\/posts\/12158\/revisions\/12162"}],"wp:attachment":[{"href":"https:\/\/2017.carnico.it\/blog\/wp-json\/wp\/v2\/media?parent=12158"}],"wp:term":[{"taxonomy":"category","embeddable":true,"href":"https:\/\/2017.carnico.it\/blog\/wp-json\/wp\/v2\/categories?post=12158"},{"taxonomy":"post_tag","embeddable":true,"href":"https:\/\/2017.carnico.it\/blog\/wp-json\/wp\/v2\/tags?post=12158"}],"curies":[{"name":"wp","href":"https:\/\/api.w.org\/{rel}","templated":true}]}}