{"id":12133,"date":"2015-07-20T00:11:15","date_gmt":"2015-07-19T22:11:15","guid":{"rendered":"http:\/\/www.carnico.it\/blog\/?p=12133"},"modified":"2015-07-20T00:11:25","modified_gmt":"2015-07-19T22:11:25","slug":"il-bilanco-dellandata","status":"publish","type":"post","link":"https:\/\/2017.carnico.it\/blog\/2015\/07\/20\/il-bilanco-dellandata\/","title":{"rendered":"IL BILANCIO DELL&#8217;ANDATA"},"content":{"rendered":"<div id=\"attachment_12134\" style=\"width: 310px\" class=\"wp-caption alignleft\"><a href=\"https:\/\/www.carnico.it\/blog\/2015\/07\/20\/il-bilanco-dellandata\/ovarese-cavazzo-0-0-ph-cella\/\" rel=\"attachment wp-att-12134\"><img loading=\"lazy\" decoding=\"async\" aria-describedby=\"caption-attachment-12134\" class=\"size-medium wp-image-12134\" src=\"https:\/\/www.carnico.it\/blog\/wp-content\/uploads\/2015\/07\/OVARESE-CAVAZZO-0-0-Ph-Cella-300x199.jpg\" alt=\"Danna e Fruch si contendono la sfera in Ovarese - Cavazzo (foto A. Cella)\" width=\"300\" height=\"199\" srcset=\"https:\/\/2017.carnico.it\/blog\/wp-content\/uploads\/2015\/07\/OVARESE-CAVAZZO-0-0-Ph-Cella-300x199.jpg 300w, https:\/\/2017.carnico.it\/blog\/wp-content\/uploads\/2015\/07\/OVARESE-CAVAZZO-0-0-Ph-Cella-450x298.jpg 450w, https:\/\/2017.carnico.it\/blog\/wp-content\/uploads\/2015\/07\/OVARESE-CAVAZZO-0-0-Ph-Cella-630x417.jpg 630w\" sizes=\"auto, (max-width: 300px) 100vw, 300px\" \/><\/a><p id=\"caption-attachment-12134\" class=\"wp-caption-text\">Danna e Fruch si contendono la sfera in Ovarese &#8211; Cavazzo (foto A. Cella)<\/p><\/div>\n<p>Al termine del girone di andata, analizziamo, il comportamento delle protagoniste. Il fatto della giornata \u00e8 successo a Cavazzo, dove la partita tra Viola e Rigolato \u00e8 stata sospesa a 10&#8242; dalla fine sul 3-0 per i locali perch\u00e9 il giocatore del Rigolato Michael Vergazzini avrebbe dato una testata all&#8217;arbitro Duca di Udine. Il condizionale \u00e8 d\u2019obbligo perch\u00e9 anche secondo la stessa societ\u00e0 Viola non c&#8217;\u00e8 stata alcuna testata; il giocatore, espulso per proteste, si sarebbe avvicinato all&#8217;arbitro ma senza colpirlo.<!--more--> Vedremo, nei prossimi giorni, gli sviluppi della faccenda, fermo restando che comunque vada si \u00e8 trattato di un\u2019altra brutta giornata per il nostro campionato.<\/p>\n<p><strong>PRIMA CATEGORIA<\/strong><\/p>\n<p><strong>CAVAZZO<\/strong> un primato annunciato, maturato nelle ultime giornate, quando finalmente la corazzata viola pare aver trovato equilibri e soluzioni tattiche. Rosa ampia e variegata, anche se la perdita di Marco De Barba risulter\u00e0 grave per l\u2019assetto difensivo. Il double campionato \u2013 coppa \u00e8 ipotesi assolutamente alla portata.<br \/>\n<strong>FOLGORE<\/strong> che sorpresa! Doveva essere una delle protagoniste della lotta salvezza e invece \u00e8 l\u2019unica squadra a potere vedere da vicino il Cavazzo. Il calo fisiologico delle ultime giornate non inficia quanto di buono fatto dalla truppa di Max Brovedani fino ad ora.<br \/>\n<strong>VILLA<\/strong> stagione in linea con i pronostici iniziali. Il filotto iniziale aveva forse alimentato qualche illusione, ma Barburini \u00e8 tecnico troppo intelligente e preparato e sa perfettamente la dimensione della sua squadra: da primi posti, non da primo.<br \/>\n<strong>REAL I.C.<\/strong> vale pi\u00f9 o meno il discorso fatto per il Villa. La squadra \u00e8 rimasta pi\u00f9 o meno quella degli ultimi anni ed il solo innesto di Cimenti (ottimo giocatore, peraltro) non poteva essere sufficiente per cambiarne i destini.<br \/>\n<strong>CAMPAGNOLA<\/strong> partenza un po\u2019 in sofferenza, anche a causa dei problemi legati al reparto avanzato (Gollino, Domini e Martini non sono mai stati contemporaneamente a disposizione di Dominici). Per il resto un complesso solido e pieno di senso tattico.<br \/>\n<strong>FUSCA<\/strong> i problemi di salute dell\u2019allenatore De Sandre hanno finito col pesare sul rendimento del team di Curiedi, che comunque ha disputato un girone di andata assolutamente positivo.<br \/>\n<strong>OVARESE<\/strong> una delle delusioni della stagione. C\u2019erano tute le promesse per restare in corsa per il titolo sino alla fine ed invece la squadra annaspa a met\u00e0 classifica. Quando Rugo, per\u00f2,ha potuto schierare l\u2019undici titolare, i biancazzurri se la sono giocata alla pari con tutti.<br \/>\n<strong>CEDARCHIS<\/strong> come era prevedibile, l\u2019abbuffata di scudetti degli ultimi anni ha provocato quella saziet\u00e0 che frena slanci ed ardore. La stagione dei giallorossi \u00e8 sintetizzata dal 7 a 4 rifilato alla Folgore nell\u2019ultima di andata: un risultato non \u201cda Cedarchis\u201d!<br \/>\n<strong>ARTA<\/strong> alti e bassi e la sensazione che con una punta di ruolo accanto all\u2019interessante ma acerbo Pasta le cose sarebbero potute andare diversamente. La prospettiva di una finale di Coppa sar\u00e0 un\u2019arma a doppio taglio: da una parte condizioner\u00e0 qualche giocatore, dall\u2019altra servir\u00e0 a mantenere alti stimoli e concentrazione.<br \/>\n<strong>PALUZZA<\/strong> erano in molti a considerare il Paluzza una delle possibile retrocesse. Ed invece Alessandro Lazzara ha saputo dare un senso al dopo Moser e non era impresa semplice.<br \/>\n<strong>EDERA<\/strong> lottare per salvarsi. E questo sta facendo la squadra di Peirano, che comunque ha dmostrrato in pi\u00f9 di una circostanza di avere le carte in regola per farlo.<br \/>\n<strong>MOBILIERI<\/strong> chi ha visto i Mobilieri nelle prime giornate stenter\u00e0 a credere che la classifica sia reale. Poi, per\u00f2, qualcosa si \u00e8 inceppato ed ora i \u201cbelli gialli\u201d sono davvero in una situazione critica. La prima vittoria ottenuta proprio al giro di boa potrebbe essere l\u2019inversione di tendenza per il ritorno.<br \/>\n<strong>BORDANO<\/strong> il massiccio esodo invernale non poteva che produrre questi effetti. Sono in molti a dire che i diavoli rossi hanno gi\u00e0 un piede in Seconda e forse \u00e8 proprio cos\u00ec.<\/p>\n<p><strong>SECONDA CATEGORIA<\/strong><\/p>\n<p><strong>VERZEGNIS<\/strong> un crescendo imperioso e sicuro. La vetta della classifica conquistata nello scontro diretto ci dice che la squadra di Spiluttini ha le carte in regola per il salto in Prima. E c\u2019\u00e8 anche una finale di Coppa ancora in ballo \u2026<br \/>\n<strong>VAL DEL LAGO<\/strong> campionato in linea con quelle che erano le previsioni che volevano i biancazzurri protagonisti. Qualche passaggio a vuoto assolutamente fisiologico.<br \/>\n<strong>CASTELLO<\/strong> la semifinale di coppa e il podio conquistato nell\u2019ultimo turno di andata ci dicono di una squadra capace di tutto. Insomma, se dovessimo scommettere qualche euro sulla compagine gemonese, lo scommetteremmo.<br \/>\n<strong>AMARO<\/strong> buonissimo il girone ascendente per i ragazzi di Mazzolini: rendimento costante, buona identit\u00e0 tattica e il giusto entusiasmo. Ci sono le premesse, insomma, per provarci sino alla fine.<br \/>\n<strong>PONTEBBANA<\/strong> rendimento incostante, cosa normale per una squadra costruita con tanti giovani. Se non avessero sbagliato qualche partita i biancazzurri avrebbero avuto forse altre prospettive, anche se il podio \u00e8 l\u00ec a portata di mano.<br \/>\n<strong>VELOX<\/strong> vedi Pontebbana. Con i giovani non si sa mai cosa aspettarsi ma la squadra di Paularo \u00e8 una di quelle che sta lavorando meglio per il futuro.<br \/>\n<strong>TRASAGHIS<\/strong> senza infamia e senza lode. Risultati buttai via ed altri conquistai con grande determinazione<br \/>\n<strong>RAPID<\/strong> il solito gruppo da \u201ctutti per uno, uno per tutti\u201d, esaltato dall\u2019estro di Bonfiglioli quando \u00e8 di luna buona.<br \/>\n<strong>AUDAX<\/strong> nelle ultime giornate forse si \u00e8 trovata la quadratura giusta. Tardi, magari, per i discorsi di vertice, ma utile per iniziare a programmare il futuro.<br \/>\n<strong>VAL RESIA<\/strong> le difficolt\u00e0 iniziali sono state confermate dal campo, ma Patat ci sta mettendo tutto s\u00e9 stesso in un\u2019impresa che sapeva difficile sin dall\u2019inizio.<br \/>\n<strong>LA DELIZIA<\/strong> anche a Priuso si sapeva che la situazione non sarebbe stata semplice e il giorno d\u2019andata lo ha dimostrato<br \/>\n<strong>MOGGESE<\/strong> l\u2019obiettivo era la salvezza e tale \u00e8 restato, con difficolt\u00e0 per\u00f2 molto pi\u00f9 dure di quanto ci si potesse attendere.<br \/>\n<strong>SAPPADA<\/strong> solo 2 pareggi in 12 partite. C\u2019\u00e8 davvero poco da commentare.<\/p>\n<p><strong>TERZA CATEGORIA<\/strong><\/p>\n<p><strong>TARVISIO<\/strong> i pi\u00f9 forti! Sono ben 8 i punti di vantaggio sulla quarta. Forse \u00e8 davvero l\u2019anno buono \u2026<br \/>\n<strong>SAN PIETRO<\/strong> la promozione sfuggita lo scorso anno per un soffio, quest0\u2019anno dovrebbe arrivare, per una squadra completa.<br \/>\n<strong>ARDITA<\/strong> la forza dirompente dell\u2019attacco \u00e8 la polizza \u2013 promozione di Allotta.<br \/>\n<strong>NUOVA OSOPPO<\/strong> alti e bassi prevedibili in un complesso neonato. La lunga squalifica di Tiepolo peser\u00e0, eccome.<br \/>\n<strong>ANCORA<\/strong> posizione di classifica degnissima e la prospettiva (difficilissima) di provare a ornare in corsa per il podio.<br \/>\n<strong>ILLEGIANA<\/strong> stagione in linea peretta con le aspettative. Ripartire dalla Terza per\u00f2 \u00e8 davvero difficile.<br \/>\n<strong>STELLA AZZURRA<\/strong> anche per i gemonesi i pronostici della vigilia ci sembrano davvero rispettati.<br \/>\n<strong>LAUCO<\/strong> dopo tante stagioni negative, psre esserci stata quell\u2019impennata verso l\u2019alto che di certo servire per il futuro.<br \/>\n<strong>RAVASCLETTO<\/strong> l\u2019avvento di Cicutti ha portato maggiore convinzione e seriet\u00e0. Ma il lavoro, al momento, \u00e8 appena iniziato \u2026<br \/>\n<strong>TIMAUCLEULIS<\/strong> alti e bassi come nelle ultime stagioni.<br \/>\n<strong>AMPEZZO<\/strong> le difficolt\u00e0 ci sono, ma complimenti a Clapiz per come le sta affrontando. La sua squadra gioca un buon calcio.<br \/>\n<strong>CERCIVENTO<\/strong> il benservito al tecnico Michele Puntel \u00e8 l\u2019ultimo atto di una serie di scelte societarie un pochino avventate.<br \/>\n<strong>VIOLA<\/strong> la squadra gioca, ma l\u2019esperienza si fa con gli anni. E la Viola \u00e8 appena nata!<br \/>\n<strong>COMEGLIANS<\/strong> non \u00e8 un caso che assieme al Rigolato occupi gli ultimi due posti di classifica. Ma la fusione paventata quest\u2019inverno era davvero irrealizzabile.<br \/>\n<strong>RIGOLATO<\/strong> gi\u00e0 il fatto di trovarla ai nastri di partenza \u00e8 stato un mezzo miracolo. Cosa pretendere di pi\u00f9?<\/p>\n","protected":false},"excerpt":{"rendered":"<p>Al termine del girone di andata, analizziamo, il comportamento delle protagoniste. Il fatto della giornata \u00e8 successo a Cavazzo, dove la partita tra Viola e Rigolato \u00e8 stata sospesa a 10&#8242; dalla fine sul 3-0 per i locali perch\u00e9 il giocatore del Rigolato Michael Vergazzini avrebbe dato una testata all&#8217;arbitro Duca di Udine. Il condizionale [&hellip;]<\/p>\n","protected":false},"author":10,"featured_media":0,"comment_status":"open","ping_status":"closed","sticky":false,"template":"","format":"standard","meta":{"footnotes":""},"categories":[3,1],"tags":[],"class_list":["post-12133","post","type-post","status-publish","format-standard","hentry","category-carnico","category-commento-campionato"],"yoast_head":"<!-- This site is optimized with the Yoast SEO plugin v27.3 - https:\/\/yoast.com\/product\/yoast-seo-wordpress\/ -->\n<title>IL BILANCIO DELL&#039;ANDATA - Campionato Carnico 2017<\/title>\n<meta name=\"robots\" content=\"index, follow, max-snippet:-1, max-image-preview:large, max-video-preview:-1\" \/>\n<link rel=\"canonical\" href=\"https:\/\/2017.carnico.it\/blog\/2015\/07\/20\/il-bilanco-dellandata\/\" \/>\n<meta property=\"og:locale\" content=\"it_IT\" \/>\n<meta property=\"og:type\" content=\"article\" \/>\n<meta property=\"og:title\" content=\"IL BILANCIO DELL&#039;ANDATA - Campionato Carnico 2017\" \/>\n<meta property=\"og:description\" content=\"Al termine del girone di andata, analizziamo, il comportamento delle protagoniste. Il fatto della giornata \u00e8 successo a Cavazzo, dove la partita tra Viola e Rigolato \u00e8 stata sospesa a 10&#8242; dalla fine sul 3-0 per i locali perch\u00e9 il giocatore del Rigolato Michael Vergazzini avrebbe dato una testata all&#8217;arbitro Duca di Udine. Il condizionale [&hellip;]\" \/>\n<meta property=\"og:url\" content=\"https:\/\/2017.carnico.it\/blog\/2015\/07\/20\/il-bilanco-dellandata\/\" \/>\n<meta property=\"og:site_name\" content=\"Campionato Carnico 2017\" \/>\n<meta property=\"article:publisher\" content=\"https:\/\/www.facebook.com\/campionatocarnico\/\" \/>\n<meta property=\"article:published_time\" content=\"2015-07-19T22:11:15+00:00\" \/>\n<meta property=\"article:modified_time\" content=\"2015-07-19T22:11:25+00:00\" \/>\n<meta property=\"og:image\" content=\"https:\/\/www.carnico.it\/blog\/wp-content\/uploads\/2015\/07\/OVARESE-CAVAZZO-0-0-Ph-Cella-300x199.jpg\" \/>\n<meta name=\"author\" content=\"Redazione\" \/>\n<meta name=\"twitter:card\" content=\"summary_large_image\" \/>\n<meta name=\"twitter:label1\" content=\"Scritto da\" \/>\n\t<meta name=\"twitter:data1\" content=\"Redazione\" \/>\n\t<meta name=\"twitter:label2\" content=\"Tempo di lettura stimato\" \/>\n\t<meta name=\"twitter:data2\" content=\"6 minuti\" \/>\n<script type=\"application\/ld+json\" class=\"yoast-schema-graph\">{\"@context\":\"https:\\\/\\\/schema.org\",\"@graph\":[{\"@type\":\"Article\",\"@id\":\"https:\\\/\\\/2017.carnico.it\\\/blog\\\/2015\\\/07\\\/20\\\/il-bilanco-dellandata\\\/#article\",\"isPartOf\":{\"@id\":\"https:\\\/\\\/2017.carnico.it\\\/blog\\\/2015\\\/07\\\/20\\\/il-bilanco-dellandata\\\/\"},\"author\":{\"name\":\"Redazione\",\"@id\":\"https:\\\/\\\/2017.carnico.it\\\/blog\\\/#\\\/schema\\\/person\\\/a68c764693d96df3238f123ea014e78c\"},\"headline\":\"IL BILANCIO DELL&#8217;ANDATA\",\"datePublished\":\"2015-07-19T22:11:15+00:00\",\"dateModified\":\"2015-07-19T22:11:25+00:00\",\"mainEntityOfPage\":{\"@id\":\"https:\\\/\\\/2017.carnico.it\\\/blog\\\/2015\\\/07\\\/20\\\/il-bilanco-dellandata\\\/\"},\"wordCount\":1230,\"commentCount\":11,\"image\":{\"@id\":\"https:\\\/\\\/2017.carnico.it\\\/blog\\\/2015\\\/07\\\/20\\\/il-bilanco-dellandata\\\/#primaryimage\"},\"thumbnailUrl\":\"https:\\\/\\\/www.carnico.it\\\/blog\\\/wp-content\\\/uploads\\\/2015\\\/07\\\/OVARESE-CAVAZZO-0-0-Ph-Cella-300x199.jpg\",\"articleSection\":[\"Carnico\",\"Commento al campionato\"],\"inLanguage\":\"it-IT\",\"potentialAction\":[{\"@type\":\"CommentAction\",\"name\":\"Comment\",\"target\":[\"https:\\\/\\\/2017.carnico.it\\\/blog\\\/2015\\\/07\\\/20\\\/il-bilanco-dellandata\\\/#respond\"]}]},{\"@type\":\"WebPage\",\"@id\":\"https:\\\/\\\/2017.carnico.it\\\/blog\\\/2015\\\/07\\\/20\\\/il-bilanco-dellandata\\\/\",\"url\":\"https:\\\/\\\/2017.carnico.it\\\/blog\\\/2015\\\/07\\\/20\\\/il-bilanco-dellandata\\\/\",\"name\":\"IL BILANCIO DELL'ANDATA - Campionato Carnico 2017\",\"isPartOf\":{\"@id\":\"https:\\\/\\\/2017.carnico.it\\\/blog\\\/#website\"},\"primaryImageOfPage\":{\"@id\":\"https:\\\/\\\/2017.carnico.it\\\/blog\\\/2015\\\/07\\\/20\\\/il-bilanco-dellandata\\\/#primaryimage\"},\"image\":{\"@id\":\"https:\\\/\\\/2017.carnico.it\\\/blog\\\/2015\\\/07\\\/20\\\/il-bilanco-dellandata\\\/#primaryimage\"},\"thumbnailUrl\":\"https:\\\/\\\/www.carnico.it\\\/blog\\\/wp-content\\\/uploads\\\/2015\\\/07\\\/OVARESE-CAVAZZO-0-0-Ph-Cella-300x199.jpg\",\"datePublished\":\"2015-07-19T22:11:15+00:00\",\"dateModified\":\"2015-07-19T22:11:25+00:00\",\"author\":{\"@id\":\"https:\\\/\\\/2017.carnico.it\\\/blog\\\/#\\\/schema\\\/person\\\/a68c764693d96df3238f123ea014e78c\"},\"breadcrumb\":{\"@id\":\"https:\\\/\\\/2017.carnico.it\\\/blog\\\/2015\\\/07\\\/20\\\/il-bilanco-dellandata\\\/#breadcrumb\"},\"inLanguage\":\"it-IT\",\"potentialAction\":[{\"@type\":\"ReadAction\",\"target\":[\"https:\\\/\\\/2017.carnico.it\\\/blog\\\/2015\\\/07\\\/20\\\/il-bilanco-dellandata\\\/\"]}]},{\"@type\":\"ImageObject\",\"inLanguage\":\"it-IT\",\"@id\":\"https:\\\/\\\/2017.carnico.it\\\/blog\\\/2015\\\/07\\\/20\\\/il-bilanco-dellandata\\\/#primaryimage\",\"url\":\"https:\\\/\\\/www.carnico.it\\\/blog\\\/wp-content\\\/uploads\\\/2015\\\/07\\\/OVARESE-CAVAZZO-0-0-Ph-Cella-300x199.jpg\",\"contentUrl\":\"https:\\\/\\\/www.carnico.it\\\/blog\\\/wp-content\\\/uploads\\\/2015\\\/07\\\/OVARESE-CAVAZZO-0-0-Ph-Cella-300x199.jpg\"},{\"@type\":\"BreadcrumbList\",\"@id\":\"https:\\\/\\\/2017.carnico.it\\\/blog\\\/2015\\\/07\\\/20\\\/il-bilanco-dellandata\\\/#breadcrumb\",\"itemListElement\":[{\"@type\":\"ListItem\",\"position\":1,\"name\":\"Home\",\"item\":\"https:\\\/\\\/2017.carnico.it\\\/blog\\\/\"},{\"@type\":\"ListItem\",\"position\":2,\"name\":\"IL BILANCIO DELL&#8217;ANDATA\"}]},{\"@type\":\"WebSite\",\"@id\":\"https:\\\/\\\/2017.carnico.it\\\/blog\\\/#website\",\"url\":\"https:\\\/\\\/2017.carnico.it\\\/blog\\\/\",\"name\":\"Campionato Carnico 2017\",\"description\":\"Notizie e aggiornamenti in tempo reale sul campionato Carnico\",\"potentialAction\":[{\"@type\":\"SearchAction\",\"target\":{\"@type\":\"EntryPoint\",\"urlTemplate\":\"https:\\\/\\\/2017.carnico.it\\\/blog\\\/?s={search_term_string}\"},\"query-input\":{\"@type\":\"PropertyValueSpecification\",\"valueRequired\":true,\"valueName\":\"search_term_string\"}}],\"inLanguage\":\"it-IT\"},{\"@type\":\"Person\",\"@id\":\"https:\\\/\\\/2017.carnico.it\\\/blog\\\/#\\\/schema\\\/person\\\/a68c764693d96df3238f123ea014e78c\",\"name\":\"Redazione\",\"image\":{\"@type\":\"ImageObject\",\"inLanguage\":\"it-IT\",\"@id\":\"https:\\\/\\\/secure.gravatar.com\\\/avatar\\\/6c05bd4dddbea475e283f76b4aa2d778ecb35c06fd92df5f6e0cac552163e2ac?s=96&d=mm&r=g\",\"url\":\"https:\\\/\\\/secure.gravatar.com\\\/avatar\\\/6c05bd4dddbea475e283f76b4aa2d778ecb35c06fd92df5f6e0cac552163e2ac?s=96&d=mm&r=g\",\"contentUrl\":\"https:\\\/\\\/secure.gravatar.com\\\/avatar\\\/6c05bd4dddbea475e283f76b4aa2d778ecb35c06fd92df5f6e0cac552163e2ac?s=96&d=mm&r=g\",\"caption\":\"Redazione\"},\"url\":\"https:\\\/\\\/2017.carnico.it\\\/blog\\\/author\\\/clyco-admin\\\/\"}]}<\/script>\n<!-- \/ Yoast SEO plugin. -->","yoast_head_json":{"title":"IL BILANCIO DELL'ANDATA - Campionato Carnico 2017","robots":{"index":"index","follow":"follow","max-snippet":"max-snippet:-1","max-image-preview":"max-image-preview:large","max-video-preview":"max-video-preview:-1"},"canonical":"https:\/\/2017.carnico.it\/blog\/2015\/07\/20\/il-bilanco-dellandata\/","og_locale":"it_IT","og_type":"article","og_title":"IL BILANCIO DELL'ANDATA - Campionato Carnico 2017","og_description":"Al termine del girone di andata, analizziamo, il comportamento delle protagoniste. Il fatto della giornata \u00e8 successo a Cavazzo, dove la partita tra Viola e Rigolato \u00e8 stata sospesa a 10&#8242; dalla fine sul 3-0 per i locali perch\u00e9 il giocatore del Rigolato Michael Vergazzini avrebbe dato una testata all&#8217;arbitro Duca di Udine. Il condizionale [&hellip;]","og_url":"https:\/\/2017.carnico.it\/blog\/2015\/07\/20\/il-bilanco-dellandata\/","og_site_name":"Campionato Carnico 2017","article_publisher":"https:\/\/www.facebook.com\/campionatocarnico\/","article_published_time":"2015-07-19T22:11:15+00:00","article_modified_time":"2015-07-19T22:11:25+00:00","og_image":[{"url":"https:\/\/www.carnico.it\/blog\/wp-content\/uploads\/2015\/07\/OVARESE-CAVAZZO-0-0-Ph-Cella-300x199.jpg","type":"","width":"","height":""}],"author":"Redazione","twitter_card":"summary_large_image","twitter_misc":{"Scritto da":"Redazione","Tempo di lettura stimato":"6 minuti"},"schema":{"@context":"https:\/\/schema.org","@graph":[{"@type":"Article","@id":"https:\/\/2017.carnico.it\/blog\/2015\/07\/20\/il-bilanco-dellandata\/#article","isPartOf":{"@id":"https:\/\/2017.carnico.it\/blog\/2015\/07\/20\/il-bilanco-dellandata\/"},"author":{"name":"Redazione","@id":"https:\/\/2017.carnico.it\/blog\/#\/schema\/person\/a68c764693d96df3238f123ea014e78c"},"headline":"IL BILANCIO DELL&#8217;ANDATA","datePublished":"2015-07-19T22:11:15+00:00","dateModified":"2015-07-19T22:11:25+00:00","mainEntityOfPage":{"@id":"https:\/\/2017.carnico.it\/blog\/2015\/07\/20\/il-bilanco-dellandata\/"},"wordCount":1230,"commentCount":11,"image":{"@id":"https:\/\/2017.carnico.it\/blog\/2015\/07\/20\/il-bilanco-dellandata\/#primaryimage"},"thumbnailUrl":"https:\/\/www.carnico.it\/blog\/wp-content\/uploads\/2015\/07\/OVARESE-CAVAZZO-0-0-Ph-Cella-300x199.jpg","articleSection":["Carnico","Commento al campionato"],"inLanguage":"it-IT","potentialAction":[{"@type":"CommentAction","name":"Comment","target":["https:\/\/2017.carnico.it\/blog\/2015\/07\/20\/il-bilanco-dellandata\/#respond"]}]},{"@type":"WebPage","@id":"https:\/\/2017.carnico.it\/blog\/2015\/07\/20\/il-bilanco-dellandata\/","url":"https:\/\/2017.carnico.it\/blog\/2015\/07\/20\/il-bilanco-dellandata\/","name":"IL BILANCIO DELL'ANDATA - Campionato Carnico 2017","isPartOf":{"@id":"https:\/\/2017.carnico.it\/blog\/#website"},"primaryImageOfPage":{"@id":"https:\/\/2017.carnico.it\/blog\/2015\/07\/20\/il-bilanco-dellandata\/#primaryimage"},"image":{"@id":"https:\/\/2017.carnico.it\/blog\/2015\/07\/20\/il-bilanco-dellandata\/#primaryimage"},"thumbnailUrl":"https:\/\/www.carnico.it\/blog\/wp-content\/uploads\/2015\/07\/OVARESE-CAVAZZO-0-0-Ph-Cella-300x199.jpg","datePublished":"2015-07-19T22:11:15+00:00","dateModified":"2015-07-19T22:11:25+00:00","author":{"@id":"https:\/\/2017.carnico.it\/blog\/#\/schema\/person\/a68c764693d96df3238f123ea014e78c"},"breadcrumb":{"@id":"https:\/\/2017.carnico.it\/blog\/2015\/07\/20\/il-bilanco-dellandata\/#breadcrumb"},"inLanguage":"it-IT","potentialAction":[{"@type":"ReadAction","target":["https:\/\/2017.carnico.it\/blog\/2015\/07\/20\/il-bilanco-dellandata\/"]}]},{"@type":"ImageObject","inLanguage":"it-IT","@id":"https:\/\/2017.carnico.it\/blog\/2015\/07\/20\/il-bilanco-dellandata\/#primaryimage","url":"https:\/\/www.carnico.it\/blog\/wp-content\/uploads\/2015\/07\/OVARESE-CAVAZZO-0-0-Ph-Cella-300x199.jpg","contentUrl":"https:\/\/www.carnico.it\/blog\/wp-content\/uploads\/2015\/07\/OVARESE-CAVAZZO-0-0-Ph-Cella-300x199.jpg"},{"@type":"BreadcrumbList","@id":"https:\/\/2017.carnico.it\/blog\/2015\/07\/20\/il-bilanco-dellandata\/#breadcrumb","itemListElement":[{"@type":"ListItem","position":1,"name":"Home","item":"https:\/\/2017.carnico.it\/blog\/"},{"@type":"ListItem","position":2,"name":"IL BILANCIO DELL&#8217;ANDATA"}]},{"@type":"WebSite","@id":"https:\/\/2017.carnico.it\/blog\/#website","url":"https:\/\/2017.carnico.it\/blog\/","name":"Campionato Carnico 2017","description":"Notizie e aggiornamenti in tempo reale sul campionato Carnico","potentialAction":[{"@type":"SearchAction","target":{"@type":"EntryPoint","urlTemplate":"https:\/\/2017.carnico.it\/blog\/?s={search_term_string}"},"query-input":{"@type":"PropertyValueSpecification","valueRequired":true,"valueName":"search_term_string"}}],"inLanguage":"it-IT"},{"@type":"Person","@id":"https:\/\/2017.carnico.it\/blog\/#\/schema\/person\/a68c764693d96df3238f123ea014e78c","name":"Redazione","image":{"@type":"ImageObject","inLanguage":"it-IT","@id":"https:\/\/secure.gravatar.com\/avatar\/6c05bd4dddbea475e283f76b4aa2d778ecb35c06fd92df5f6e0cac552163e2ac?s=96&d=mm&r=g","url":"https:\/\/secure.gravatar.com\/avatar\/6c05bd4dddbea475e283f76b4aa2d778ecb35c06fd92df5f6e0cac552163e2ac?s=96&d=mm&r=g","contentUrl":"https:\/\/secure.gravatar.com\/avatar\/6c05bd4dddbea475e283f76b4aa2d778ecb35c06fd92df5f6e0cac552163e2ac?s=96&d=mm&r=g","caption":"Redazione"},"url":"https:\/\/2017.carnico.it\/blog\/author\/clyco-admin\/"}]}},"_links":{"self":[{"href":"https:\/\/2017.carnico.it\/blog\/wp-json\/wp\/v2\/posts\/12133","targetHints":{"allow":["GET"]}}],"collection":[{"href":"https:\/\/2017.carnico.it\/blog\/wp-json\/wp\/v2\/posts"}],"about":[{"href":"https:\/\/2017.carnico.it\/blog\/wp-json\/wp\/v2\/types\/post"}],"author":[{"embeddable":true,"href":"https:\/\/2017.carnico.it\/blog\/wp-json\/wp\/v2\/users\/10"}],"replies":[{"embeddable":true,"href":"https:\/\/2017.carnico.it\/blog\/wp-json\/wp\/v2\/comments?post=12133"}],"version-history":[{"count":3,"href":"https:\/\/2017.carnico.it\/blog\/wp-json\/wp\/v2\/posts\/12133\/revisions"}],"predecessor-version":[{"id":12137,"href":"https:\/\/2017.carnico.it\/blog\/wp-json\/wp\/v2\/posts\/12133\/revisions\/12137"}],"wp:attachment":[{"href":"https:\/\/2017.carnico.it\/blog\/wp-json\/wp\/v2\/media?parent=12133"}],"wp:term":[{"taxonomy":"category","embeddable":true,"href":"https:\/\/2017.carnico.it\/blog\/wp-json\/wp\/v2\/categories?post=12133"},{"taxonomy":"post_tag","embeddable":true,"href":"https:\/\/2017.carnico.it\/blog\/wp-json\/wp\/v2\/tags?post=12133"}],"curies":[{"name":"wp","href":"https:\/\/api.w.org\/{rel}","templated":true}]}}