{"id":12117,"date":"2015-07-17T16:12:54","date_gmt":"2015-07-17T14:12:54","guid":{"rendered":"http:\/\/www.carnico.it\/blog\/?p=12117"},"modified":"2015-07-18T12:13:52","modified_gmt":"2015-07-18T10:13:52","slug":"amcora-un-lutto-nel-carnico-scompare-giorgio-todua","status":"publish","type":"post","link":"https:\/\/2017.carnico.it\/blog\/2015\/07\/17\/amcora-un-lutto-nel-carnico-scompare-giorgio-todua\/","title":{"rendered":"ANCORA UN LUTTO NEL CARNICO: SCOMPARE GIORGIO TODUA"},"content":{"rendered":"<p style=\"text-align: left;\"><a href=\"https:\/\/www.carnico.it\/blog\/2015\/07\/17\/amcora-un-lutto-nel-carnico-scompare-giorgio-todua\/giorgio-todua\/\" rel=\"attachment wp-att-12119\"><img loading=\"lazy\" decoding=\"async\" class=\"  wp-image-12119 alignleft\" src=\"https:\/\/www.carnico.it\/blog\/wp-content\/uploads\/2015\/07\/Giorgio-Todua-209x250.jpg\" alt=\"Giorgio Todua\" width=\"168\" height=\"201\" srcset=\"https:\/\/2017.carnico.it\/blog\/wp-content\/uploads\/2015\/07\/Giorgio-Todua-209x250.jpg 209w, https:\/\/2017.carnico.it\/blog\/wp-content\/uploads\/2015\/07\/Giorgio-Todua-377x450.jpg 377w, https:\/\/2017.carnico.it\/blog\/wp-content\/uploads\/2015\/07\/Giorgio-Todua.jpg 402w\" sizes=\"auto, (max-width: 168px) 100vw, 168px\" \/><\/a>E\u2019 davvero un periodo nero per il calcio carnico: nella mattinata di venerdi 17 luglio ci ha lasciato anche Giorgio Todua.\u00a0 Con lui scompare un\u2019altra delle grandi figure storiche del nostro calcio.\u00a0 Si potr\u00e0 dare l&#8217; ultimo saluto a Giorgio <em><strong>l<\/strong><strong>uned\u00ec 20 luglio alle 14.30 presso la chiesa di San Giorgio a Comeglians.<\/strong><\/em> Allenatore e presidente dell\u2019Ampezzo prima e dirigente del Tolmezzo poi, ha sempre interpretato i ruoli cui era chiamato con la seriet\u00e0 e la professionalit\u00e0 che lo hanno sempre contraddistinto. Giorgio \u00e8 stato uno di quei personaggi che non rubano la scena: <!--more-->silenzioso, riservato, quasi burbero, a volte, ma sempre pronto a spendersi in prima persona, a privilegiare i fatti piuttosto che le parole. Dopo l\u2019avventura nel Carnico da qualche anno aveva iniziato la collaborazione nel Tolmezzo, rivestendo spesso il ruolo di accompagnatore ufficiale , sedendo in panchina accanto all\u2019amico Raffaele Maisano.<\/p>\n","protected":false},"excerpt":{"rendered":"<p>E\u2019 davvero un periodo nero per il calcio carnico: nella mattinata di venerdi 17 luglio ci ha lasciato anche Giorgio Todua.\u00a0 Con lui scompare un\u2019altra delle grandi figure storiche del nostro calcio.\u00a0 Si potr\u00e0 dare l&#8217; ultimo saluto a Giorgio luned\u00ec 20 luglio alle 14.30 presso la chiesa di San Giorgio a Comeglians. Allenatore e [&hellip;]<\/p>\n","protected":false},"author":10,"featured_media":0,"comment_status":"open","ping_status":"closed","sticky":false,"template":"","format":"standard","meta":{"footnotes":""},"categories":[3,5],"tags":[],"class_list":["post-12117","post","type-post","status-publish","format-standard","hentry","category-carnico","category-varie"],"yoast_head":"<!-- This site is optimized with the Yoast SEO plugin v27.3 - https:\/\/yoast.com\/product\/yoast-seo-wordpress\/ -->\n<title>ANCORA UN LUTTO NEL CARNICO: SCOMPARE GIORGIO TODUA - Campionato Carnico 2017<\/title>\n<meta name=\"robots\" content=\"index, follow, max-snippet:-1, max-image-preview:large, max-video-preview:-1\" \/>\n<link rel=\"canonical\" href=\"https:\/\/2017.carnico.it\/blog\/2015\/07\/17\/amcora-un-lutto-nel-carnico-scompare-giorgio-todua\/\" \/>\n<meta property=\"og:locale\" content=\"it_IT\" \/>\n<meta property=\"og:type\" content=\"article\" \/>\n<meta property=\"og:title\" content=\"ANCORA UN LUTTO NEL CARNICO: SCOMPARE GIORGIO TODUA - Campionato Carnico 2017\" \/>\n<meta property=\"og:description\" content=\"E\u2019 davvero un periodo nero per il calcio carnico: nella mattinata di venerdi 17 luglio ci ha lasciato anche Giorgio Todua.\u00a0 Con lui scompare un\u2019altra delle grandi figure storiche del nostro calcio.\u00a0 Si potr\u00e0 dare l&#8217; ultimo saluto a Giorgio luned\u00ec 20 luglio alle 14.30 presso la chiesa di San Giorgio a Comeglians. Allenatore e [&hellip;]\" \/>\n<meta property=\"og:url\" content=\"https:\/\/2017.carnico.it\/blog\/2015\/07\/17\/amcora-un-lutto-nel-carnico-scompare-giorgio-todua\/\" \/>\n<meta property=\"og:site_name\" content=\"Campionato Carnico 2017\" \/>\n<meta property=\"article:publisher\" content=\"https:\/\/www.facebook.com\/campionatocarnico\/\" \/>\n<meta property=\"article:published_time\" content=\"2015-07-17T14:12:54+00:00\" \/>\n<meta property=\"article:modified_time\" content=\"2015-07-18T10:13:52+00:00\" \/>\n<meta property=\"og:image\" content=\"https:\/\/www.carnico.it\/blog\/wp-content\/uploads\/2015\/07\/Giorgio-Todua-209x250.jpg\" \/>\n<meta name=\"author\" content=\"Redazione\" \/>\n<meta name=\"twitter:card\" content=\"summary_large_image\" \/>\n<meta name=\"twitter:label1\" content=\"Scritto da\" \/>\n\t<meta name=\"twitter:data1\" content=\"Redazione\" \/>\n\t<meta name=\"twitter:label2\" content=\"Tempo di lettura stimato\" \/>\n\t<meta name=\"twitter:data2\" content=\"1 minuto\" \/>\n<script type=\"application\/ld+json\" class=\"yoast-schema-graph\">{\"@context\":\"https:\\\/\\\/schema.org\",\"@graph\":[{\"@type\":\"Article\",\"@id\":\"https:\\\/\\\/2017.carnico.it\\\/blog\\\/2015\\\/07\\\/17\\\/amcora-un-lutto-nel-carnico-scompare-giorgio-todua\\\/#article\",\"isPartOf\":{\"@id\":\"https:\\\/\\\/2017.carnico.it\\\/blog\\\/2015\\\/07\\\/17\\\/amcora-un-lutto-nel-carnico-scompare-giorgio-todua\\\/\"},\"author\":{\"name\":\"Redazione\",\"@id\":\"https:\\\/\\\/2017.carnico.it\\\/blog\\\/#\\\/schema\\\/person\\\/a68c764693d96df3238f123ea014e78c\"},\"headline\":\"ANCORA UN LUTTO NEL CARNICO: SCOMPARE GIORGIO TODUA\",\"datePublished\":\"2015-07-17T14:12:54+00:00\",\"dateModified\":\"2015-07-18T10:13:52+00:00\",\"mainEntityOfPage\":{\"@id\":\"https:\\\/\\\/2017.carnico.it\\\/blog\\\/2015\\\/07\\\/17\\\/amcora-un-lutto-nel-carnico-scompare-giorgio-todua\\\/\"},\"wordCount\":152,\"commentCount\":16,\"image\":{\"@id\":\"https:\\\/\\\/2017.carnico.it\\\/blog\\\/2015\\\/07\\\/17\\\/amcora-un-lutto-nel-carnico-scompare-giorgio-todua\\\/#primaryimage\"},\"thumbnailUrl\":\"https:\\\/\\\/www.carnico.it\\\/blog\\\/wp-content\\\/uploads\\\/2015\\\/07\\\/Giorgio-Todua-209x250.jpg\",\"articleSection\":[\"Carnico\",\"Varie\"],\"inLanguage\":\"it-IT\",\"potentialAction\":[{\"@type\":\"CommentAction\",\"name\":\"Comment\",\"target\":[\"https:\\\/\\\/2017.carnico.it\\\/blog\\\/2015\\\/07\\\/17\\\/amcora-un-lutto-nel-carnico-scompare-giorgio-todua\\\/#respond\"]}]},{\"@type\":\"WebPage\",\"@id\":\"https:\\\/\\\/2017.carnico.it\\\/blog\\\/2015\\\/07\\\/17\\\/amcora-un-lutto-nel-carnico-scompare-giorgio-todua\\\/\",\"url\":\"https:\\\/\\\/2017.carnico.it\\\/blog\\\/2015\\\/07\\\/17\\\/amcora-un-lutto-nel-carnico-scompare-giorgio-todua\\\/\",\"name\":\"ANCORA UN LUTTO NEL CARNICO: SCOMPARE GIORGIO TODUA - Campionato Carnico 2017\",\"isPartOf\":{\"@id\":\"https:\\\/\\\/2017.carnico.it\\\/blog\\\/#website\"},\"primaryImageOfPage\":{\"@id\":\"https:\\\/\\\/2017.carnico.it\\\/blog\\\/2015\\\/07\\\/17\\\/amcora-un-lutto-nel-carnico-scompare-giorgio-todua\\\/#primaryimage\"},\"image\":{\"@id\":\"https:\\\/\\\/2017.carnico.it\\\/blog\\\/2015\\\/07\\\/17\\\/amcora-un-lutto-nel-carnico-scompare-giorgio-todua\\\/#primaryimage\"},\"thumbnailUrl\":\"https:\\\/\\\/www.carnico.it\\\/blog\\\/wp-content\\\/uploads\\\/2015\\\/07\\\/Giorgio-Todua-209x250.jpg\",\"datePublished\":\"2015-07-17T14:12:54+00:00\",\"dateModified\":\"2015-07-18T10:13:52+00:00\",\"author\":{\"@id\":\"https:\\\/\\\/2017.carnico.it\\\/blog\\\/#\\\/schema\\\/person\\\/a68c764693d96df3238f123ea014e78c\"},\"breadcrumb\":{\"@id\":\"https:\\\/\\\/2017.carnico.it\\\/blog\\\/2015\\\/07\\\/17\\\/amcora-un-lutto-nel-carnico-scompare-giorgio-todua\\\/#breadcrumb\"},\"inLanguage\":\"it-IT\",\"potentialAction\":[{\"@type\":\"ReadAction\",\"target\":[\"https:\\\/\\\/2017.carnico.it\\\/blog\\\/2015\\\/07\\\/17\\\/amcora-un-lutto-nel-carnico-scompare-giorgio-todua\\\/\"]}]},{\"@type\":\"ImageObject\",\"inLanguage\":\"it-IT\",\"@id\":\"https:\\\/\\\/2017.carnico.it\\\/blog\\\/2015\\\/07\\\/17\\\/amcora-un-lutto-nel-carnico-scompare-giorgio-todua\\\/#primaryimage\",\"url\":\"https:\\\/\\\/www.carnico.it\\\/blog\\\/wp-content\\\/uploads\\\/2015\\\/07\\\/Giorgio-Todua-209x250.jpg\",\"contentUrl\":\"https:\\\/\\\/www.carnico.it\\\/blog\\\/wp-content\\\/uploads\\\/2015\\\/07\\\/Giorgio-Todua-209x250.jpg\"},{\"@type\":\"BreadcrumbList\",\"@id\":\"https:\\\/\\\/2017.carnico.it\\\/blog\\\/2015\\\/07\\\/17\\\/amcora-un-lutto-nel-carnico-scompare-giorgio-todua\\\/#breadcrumb\",\"itemListElement\":[{\"@type\":\"ListItem\",\"position\":1,\"name\":\"Home\",\"item\":\"https:\\\/\\\/2017.carnico.it\\\/blog\\\/\"},{\"@type\":\"ListItem\",\"position\":2,\"name\":\"ANCORA UN LUTTO NEL CARNICO: SCOMPARE GIORGIO TODUA\"}]},{\"@type\":\"WebSite\",\"@id\":\"https:\\\/\\\/2017.carnico.it\\\/blog\\\/#website\",\"url\":\"https:\\\/\\\/2017.carnico.it\\\/blog\\\/\",\"name\":\"Campionato Carnico 2017\",\"description\":\"Notizie e aggiornamenti in tempo reale sul campionato Carnico\",\"potentialAction\":[{\"@type\":\"SearchAction\",\"target\":{\"@type\":\"EntryPoint\",\"urlTemplate\":\"https:\\\/\\\/2017.carnico.it\\\/blog\\\/?s={search_term_string}\"},\"query-input\":{\"@type\":\"PropertyValueSpecification\",\"valueRequired\":true,\"valueName\":\"search_term_string\"}}],\"inLanguage\":\"it-IT\"},{\"@type\":\"Person\",\"@id\":\"https:\\\/\\\/2017.carnico.it\\\/blog\\\/#\\\/schema\\\/person\\\/a68c764693d96df3238f123ea014e78c\",\"name\":\"Redazione\",\"image\":{\"@type\":\"ImageObject\",\"inLanguage\":\"it-IT\",\"@id\":\"https:\\\/\\\/secure.gravatar.com\\\/avatar\\\/6c05bd4dddbea475e283f76b4aa2d778ecb35c06fd92df5f6e0cac552163e2ac?s=96&d=mm&r=g\",\"url\":\"https:\\\/\\\/secure.gravatar.com\\\/avatar\\\/6c05bd4dddbea475e283f76b4aa2d778ecb35c06fd92df5f6e0cac552163e2ac?s=96&d=mm&r=g\",\"contentUrl\":\"https:\\\/\\\/secure.gravatar.com\\\/avatar\\\/6c05bd4dddbea475e283f76b4aa2d778ecb35c06fd92df5f6e0cac552163e2ac?s=96&d=mm&r=g\",\"caption\":\"Redazione\"},\"url\":\"https:\\\/\\\/2017.carnico.it\\\/blog\\\/author\\\/clyco-admin\\\/\"}]}<\/script>\n<!-- \/ Yoast SEO plugin. -->","yoast_head_json":{"title":"ANCORA UN LUTTO NEL CARNICO: SCOMPARE GIORGIO TODUA - Campionato Carnico 2017","robots":{"index":"index","follow":"follow","max-snippet":"max-snippet:-1","max-image-preview":"max-image-preview:large","max-video-preview":"max-video-preview:-1"},"canonical":"https:\/\/2017.carnico.it\/blog\/2015\/07\/17\/amcora-un-lutto-nel-carnico-scompare-giorgio-todua\/","og_locale":"it_IT","og_type":"article","og_title":"ANCORA UN LUTTO NEL CARNICO: SCOMPARE GIORGIO TODUA - Campionato Carnico 2017","og_description":"E\u2019 davvero un periodo nero per il calcio carnico: nella mattinata di venerdi 17 luglio ci ha lasciato anche Giorgio Todua.\u00a0 Con lui scompare un\u2019altra delle grandi figure storiche del nostro calcio.\u00a0 Si potr\u00e0 dare l&#8217; ultimo saluto a Giorgio luned\u00ec 20 luglio alle 14.30 presso la chiesa di San Giorgio a Comeglians. Allenatore e [&hellip;]","og_url":"https:\/\/2017.carnico.it\/blog\/2015\/07\/17\/amcora-un-lutto-nel-carnico-scompare-giorgio-todua\/","og_site_name":"Campionato Carnico 2017","article_publisher":"https:\/\/www.facebook.com\/campionatocarnico\/","article_published_time":"2015-07-17T14:12:54+00:00","article_modified_time":"2015-07-18T10:13:52+00:00","og_image":[{"url":"https:\/\/www.carnico.it\/blog\/wp-content\/uploads\/2015\/07\/Giorgio-Todua-209x250.jpg","type":"","width":"","height":""}],"author":"Redazione","twitter_card":"summary_large_image","twitter_misc":{"Scritto da":"Redazione","Tempo di lettura stimato":"1 minuto"},"schema":{"@context":"https:\/\/schema.org","@graph":[{"@type":"Article","@id":"https:\/\/2017.carnico.it\/blog\/2015\/07\/17\/amcora-un-lutto-nel-carnico-scompare-giorgio-todua\/#article","isPartOf":{"@id":"https:\/\/2017.carnico.it\/blog\/2015\/07\/17\/amcora-un-lutto-nel-carnico-scompare-giorgio-todua\/"},"author":{"name":"Redazione","@id":"https:\/\/2017.carnico.it\/blog\/#\/schema\/person\/a68c764693d96df3238f123ea014e78c"},"headline":"ANCORA UN LUTTO NEL CARNICO: SCOMPARE GIORGIO TODUA","datePublished":"2015-07-17T14:12:54+00:00","dateModified":"2015-07-18T10:13:52+00:00","mainEntityOfPage":{"@id":"https:\/\/2017.carnico.it\/blog\/2015\/07\/17\/amcora-un-lutto-nel-carnico-scompare-giorgio-todua\/"},"wordCount":152,"commentCount":16,"image":{"@id":"https:\/\/2017.carnico.it\/blog\/2015\/07\/17\/amcora-un-lutto-nel-carnico-scompare-giorgio-todua\/#primaryimage"},"thumbnailUrl":"https:\/\/www.carnico.it\/blog\/wp-content\/uploads\/2015\/07\/Giorgio-Todua-209x250.jpg","articleSection":["Carnico","Varie"],"inLanguage":"it-IT","potentialAction":[{"@type":"CommentAction","name":"Comment","target":["https:\/\/2017.carnico.it\/blog\/2015\/07\/17\/amcora-un-lutto-nel-carnico-scompare-giorgio-todua\/#respond"]}]},{"@type":"WebPage","@id":"https:\/\/2017.carnico.it\/blog\/2015\/07\/17\/amcora-un-lutto-nel-carnico-scompare-giorgio-todua\/","url":"https:\/\/2017.carnico.it\/blog\/2015\/07\/17\/amcora-un-lutto-nel-carnico-scompare-giorgio-todua\/","name":"ANCORA UN LUTTO NEL CARNICO: SCOMPARE GIORGIO TODUA - Campionato Carnico 2017","isPartOf":{"@id":"https:\/\/2017.carnico.it\/blog\/#website"},"primaryImageOfPage":{"@id":"https:\/\/2017.carnico.it\/blog\/2015\/07\/17\/amcora-un-lutto-nel-carnico-scompare-giorgio-todua\/#primaryimage"},"image":{"@id":"https:\/\/2017.carnico.it\/blog\/2015\/07\/17\/amcora-un-lutto-nel-carnico-scompare-giorgio-todua\/#primaryimage"},"thumbnailUrl":"https:\/\/www.carnico.it\/blog\/wp-content\/uploads\/2015\/07\/Giorgio-Todua-209x250.jpg","datePublished":"2015-07-17T14:12:54+00:00","dateModified":"2015-07-18T10:13:52+00:00","author":{"@id":"https:\/\/2017.carnico.it\/blog\/#\/schema\/person\/a68c764693d96df3238f123ea014e78c"},"breadcrumb":{"@id":"https:\/\/2017.carnico.it\/blog\/2015\/07\/17\/amcora-un-lutto-nel-carnico-scompare-giorgio-todua\/#breadcrumb"},"inLanguage":"it-IT","potentialAction":[{"@type":"ReadAction","target":["https:\/\/2017.carnico.it\/blog\/2015\/07\/17\/amcora-un-lutto-nel-carnico-scompare-giorgio-todua\/"]}]},{"@type":"ImageObject","inLanguage":"it-IT","@id":"https:\/\/2017.carnico.it\/blog\/2015\/07\/17\/amcora-un-lutto-nel-carnico-scompare-giorgio-todua\/#primaryimage","url":"https:\/\/www.carnico.it\/blog\/wp-content\/uploads\/2015\/07\/Giorgio-Todua-209x250.jpg","contentUrl":"https:\/\/www.carnico.it\/blog\/wp-content\/uploads\/2015\/07\/Giorgio-Todua-209x250.jpg"},{"@type":"BreadcrumbList","@id":"https:\/\/2017.carnico.it\/blog\/2015\/07\/17\/amcora-un-lutto-nel-carnico-scompare-giorgio-todua\/#breadcrumb","itemListElement":[{"@type":"ListItem","position":1,"name":"Home","item":"https:\/\/2017.carnico.it\/blog\/"},{"@type":"ListItem","position":2,"name":"ANCORA UN LUTTO NEL CARNICO: SCOMPARE GIORGIO TODUA"}]},{"@type":"WebSite","@id":"https:\/\/2017.carnico.it\/blog\/#website","url":"https:\/\/2017.carnico.it\/blog\/","name":"Campionato Carnico 2017","description":"Notizie e aggiornamenti in tempo reale sul campionato Carnico","potentialAction":[{"@type":"SearchAction","target":{"@type":"EntryPoint","urlTemplate":"https:\/\/2017.carnico.it\/blog\/?s={search_term_string}"},"query-input":{"@type":"PropertyValueSpecification","valueRequired":true,"valueName":"search_term_string"}}],"inLanguage":"it-IT"},{"@type":"Person","@id":"https:\/\/2017.carnico.it\/blog\/#\/schema\/person\/a68c764693d96df3238f123ea014e78c","name":"Redazione","image":{"@type":"ImageObject","inLanguage":"it-IT","@id":"https:\/\/secure.gravatar.com\/avatar\/6c05bd4dddbea475e283f76b4aa2d778ecb35c06fd92df5f6e0cac552163e2ac?s=96&d=mm&r=g","url":"https:\/\/secure.gravatar.com\/avatar\/6c05bd4dddbea475e283f76b4aa2d778ecb35c06fd92df5f6e0cac552163e2ac?s=96&d=mm&r=g","contentUrl":"https:\/\/secure.gravatar.com\/avatar\/6c05bd4dddbea475e283f76b4aa2d778ecb35c06fd92df5f6e0cac552163e2ac?s=96&d=mm&r=g","caption":"Redazione"},"url":"https:\/\/2017.carnico.it\/blog\/author\/clyco-admin\/"}]}},"_links":{"self":[{"href":"https:\/\/2017.carnico.it\/blog\/wp-json\/wp\/v2\/posts\/12117","targetHints":{"allow":["GET"]}}],"collection":[{"href":"https:\/\/2017.carnico.it\/blog\/wp-json\/wp\/v2\/posts"}],"about":[{"href":"https:\/\/2017.carnico.it\/blog\/wp-json\/wp\/v2\/types\/post"}],"author":[{"embeddable":true,"href":"https:\/\/2017.carnico.it\/blog\/wp-json\/wp\/v2\/users\/10"}],"replies":[{"embeddable":true,"href":"https:\/\/2017.carnico.it\/blog\/wp-json\/wp\/v2\/comments?post=12117"}],"version-history":[{"count":5,"href":"https:\/\/2017.carnico.it\/blog\/wp-json\/wp\/v2\/posts\/12117\/revisions"}],"predecessor-version":[{"id":12130,"href":"https:\/\/2017.carnico.it\/blog\/wp-json\/wp\/v2\/posts\/12117\/revisions\/12130"}],"wp:attachment":[{"href":"https:\/\/2017.carnico.it\/blog\/wp-json\/wp\/v2\/media?parent=12117"}],"wp:term":[{"taxonomy":"category","embeddable":true,"href":"https:\/\/2017.carnico.it\/blog\/wp-json\/wp\/v2\/categories?post=12117"},{"taxonomy":"post_tag","embeddable":true,"href":"https:\/\/2017.carnico.it\/blog\/wp-json\/wp\/v2\/tags?post=12117"}],"curies":[{"name":"wp","href":"https:\/\/api.w.org\/{rel}","templated":true}]}}