{"id":11820,"date":"2015-06-10T18:41:54","date_gmt":"2015-06-10T16:41:54","guid":{"rendered":"http:\/\/www.carnico.it\/blog\/?p=11820"},"modified":"2015-06-10T18:42:19","modified_gmt":"2015-06-10T16:42:19","slug":"300-gol-per-lorenzo-sala","status":"publish","type":"post","link":"https:\/\/2017.carnico.it\/blog\/2015\/06\/10\/300-gol-per-lorenzo-sala\/","title":{"rendered":"300 GOL PER LORENZO SALA"},"content":{"rendered":"<div id=\"attachment_11821\" style=\"width: 195px\" class=\"wp-caption alignleft\"><a href=\"https:\/\/www.carnico.it\/blog\/2015\/06\/10\/300-gol-per-lorenzo-sala\/sala-festeggiato-doipo-i-300-gol\/\" rel=\"attachment wp-att-11821\"><img loading=\"lazy\" decoding=\"async\" aria-describedby=\"caption-attachment-11821\" class=\"size-medium wp-image-11821\" src=\"https:\/\/www.carnico.it\/blog\/wp-content\/uploads\/2015\/06\/Sala-festeggiato-doipo-i-300-gol-185x250.jpg\" alt=\"Lorenzo Sala festeggiato dai compagni.\" width=\"185\" height=\"250\" srcset=\"https:\/\/2017.carnico.it\/blog\/wp-content\/uploads\/2015\/06\/Sala-festeggiato-doipo-i-300-gol-185x250.jpg 185w, https:\/\/2017.carnico.it\/blog\/wp-content\/uploads\/2015\/06\/Sala-festeggiato-doipo-i-300-gol-334x450.jpg 334w, https:\/\/2017.carnico.it\/blog\/wp-content\/uploads\/2015\/06\/Sala-festeggiato-doipo-i-300-gol.jpg 356w\" sizes=\"auto, (max-width: 185px) 100vw, 185px\" \/><\/a><p id=\"caption-attachment-11821\" class=\"wp-caption-text\">Lorenzo Sala festeggiato dai compagni.<\/p><\/div>\n<p>Importantissimo traguardo per Lorenzo Sala che con la doppietta rifilata domenica scorsa al Sappada raggiunge i 300 gol in carriera. L&#8217;attaccante dell&#8217;Audax diventa uno dei marcatori pi\u00f9 prolifici del Carnico. Trecento gol ed una lealt\u00e0, una correttezza ed una sportivit\u00e0 da prendere come esempio. Bravo Lorenzo! Complimenti da parte di tutta la redazione e dagli sportivi veri come te.<\/p>\n","protected":false},"excerpt":{"rendered":"<p>Importantissimo traguardo per Lorenzo Sala che con la doppietta rifilata domenica scorsa al Sappada raggiunge i 300 gol in carriera. L&#8217;attaccante dell&#8217;Audax diventa uno dei marcatori pi\u00f9 prolifici del Carnico. Trecento gol ed una lealt\u00e0, una correttezza ed una sportivit\u00e0 da prendere come esempio. Bravo Lorenzo! Complimenti da parte di tutta la redazione e dagli [&hellip;]<\/p>\n","protected":false},"author":10,"featured_media":0,"comment_status":"open","ping_status":"closed","sticky":false,"template":"","format":"standard","meta":{"footnotes":""},"categories":[3,5],"tags":[],"class_list":["post-11820","post","type-post","status-publish","format-standard","hentry","category-carnico","category-varie"],"yoast_head":"<!-- This site is optimized with the Yoast SEO plugin v27.3 - https:\/\/yoast.com\/product\/yoast-seo-wordpress\/ -->\n<title>300 GOL PER LORENZO SALA - Campionato Carnico 2017<\/title>\n<meta name=\"robots\" content=\"index, follow, max-snippet:-1, max-image-preview:large, max-video-preview:-1\" \/>\n<link rel=\"canonical\" href=\"https:\/\/2017.carnico.it\/blog\/2015\/06\/10\/300-gol-per-lorenzo-sala\/\" \/>\n<meta property=\"og:locale\" content=\"it_IT\" \/>\n<meta property=\"og:type\" content=\"article\" \/>\n<meta property=\"og:title\" content=\"300 GOL PER LORENZO SALA - Campionato Carnico 2017\" \/>\n<meta property=\"og:description\" content=\"Importantissimo traguardo per Lorenzo Sala che con la doppietta rifilata domenica scorsa al Sappada raggiunge i 300 gol in carriera. L&#8217;attaccante dell&#8217;Audax diventa uno dei marcatori pi\u00f9 prolifici del Carnico. Trecento gol ed una lealt\u00e0, una correttezza ed una sportivit\u00e0 da prendere come esempio. Bravo Lorenzo! Complimenti da parte di tutta la redazione e dagli [&hellip;]\" \/>\n<meta property=\"og:url\" content=\"https:\/\/2017.carnico.it\/blog\/2015\/06\/10\/300-gol-per-lorenzo-sala\/\" \/>\n<meta property=\"og:site_name\" content=\"Campionato Carnico 2017\" \/>\n<meta property=\"article:publisher\" content=\"https:\/\/www.facebook.com\/campionatocarnico\/\" \/>\n<meta property=\"article:published_time\" content=\"2015-06-10T16:41:54+00:00\" \/>\n<meta property=\"article:modified_time\" content=\"2015-06-10T16:42:19+00:00\" \/>\n<meta property=\"og:image\" content=\"https:\/\/www.carnico.it\/blog\/wp-content\/uploads\/2015\/06\/Sala-festeggiato-doipo-i-300-gol-185x250.jpg\" \/>\n<meta name=\"author\" content=\"Redazione\" \/>\n<meta name=\"twitter:card\" content=\"summary_large_image\" \/>\n<meta name=\"twitter:label1\" content=\"Scritto da\" \/>\n\t<meta name=\"twitter:data1\" content=\"Redazione\" \/>\n<script type=\"application\/ld+json\" class=\"yoast-schema-graph\">{\"@context\":\"https:\\\/\\\/schema.org\",\"@graph\":[{\"@type\":\"Article\",\"@id\":\"https:\\\/\\\/2017.carnico.it\\\/blog\\\/2015\\\/06\\\/10\\\/300-gol-per-lorenzo-sala\\\/#article\",\"isPartOf\":{\"@id\":\"https:\\\/\\\/2017.carnico.it\\\/blog\\\/2015\\\/06\\\/10\\\/300-gol-per-lorenzo-sala\\\/\"},\"author\":{\"name\":\"Redazione\",\"@id\":\"https:\\\/\\\/2017.carnico.it\\\/blog\\\/#\\\/schema\\\/person\\\/a68c764693d96df3238f123ea014e78c\"},\"headline\":\"300 GOL PER LORENZO SALA\",\"datePublished\":\"2015-06-10T16:41:54+00:00\",\"dateModified\":\"2015-06-10T16:42:19+00:00\",\"mainEntityOfPage\":{\"@id\":\"https:\\\/\\\/2017.carnico.it\\\/blog\\\/2015\\\/06\\\/10\\\/300-gol-per-lorenzo-sala\\\/\"},\"wordCount\":76,\"commentCount\":29,\"image\":{\"@id\":\"https:\\\/\\\/2017.carnico.it\\\/blog\\\/2015\\\/06\\\/10\\\/300-gol-per-lorenzo-sala\\\/#primaryimage\"},\"thumbnailUrl\":\"https:\\\/\\\/www.carnico.it\\\/blog\\\/wp-content\\\/uploads\\\/2015\\\/06\\\/Sala-festeggiato-doipo-i-300-gol-185x250.jpg\",\"articleSection\":[\"Carnico\",\"Varie\"],\"inLanguage\":\"it-IT\",\"potentialAction\":[{\"@type\":\"CommentAction\",\"name\":\"Comment\",\"target\":[\"https:\\\/\\\/2017.carnico.it\\\/blog\\\/2015\\\/06\\\/10\\\/300-gol-per-lorenzo-sala\\\/#respond\"]}]},{\"@type\":\"WebPage\",\"@id\":\"https:\\\/\\\/2017.carnico.it\\\/blog\\\/2015\\\/06\\\/10\\\/300-gol-per-lorenzo-sala\\\/\",\"url\":\"https:\\\/\\\/2017.carnico.it\\\/blog\\\/2015\\\/06\\\/10\\\/300-gol-per-lorenzo-sala\\\/\",\"name\":\"300 GOL PER LORENZO SALA - Campionato Carnico 2017\",\"isPartOf\":{\"@id\":\"https:\\\/\\\/2017.carnico.it\\\/blog\\\/#website\"},\"primaryImageOfPage\":{\"@id\":\"https:\\\/\\\/2017.carnico.it\\\/blog\\\/2015\\\/06\\\/10\\\/300-gol-per-lorenzo-sala\\\/#primaryimage\"},\"image\":{\"@id\":\"https:\\\/\\\/2017.carnico.it\\\/blog\\\/2015\\\/06\\\/10\\\/300-gol-per-lorenzo-sala\\\/#primaryimage\"},\"thumbnailUrl\":\"https:\\\/\\\/www.carnico.it\\\/blog\\\/wp-content\\\/uploads\\\/2015\\\/06\\\/Sala-festeggiato-doipo-i-300-gol-185x250.jpg\",\"datePublished\":\"2015-06-10T16:41:54+00:00\",\"dateModified\":\"2015-06-10T16:42:19+00:00\",\"author\":{\"@id\":\"https:\\\/\\\/2017.carnico.it\\\/blog\\\/#\\\/schema\\\/person\\\/a68c764693d96df3238f123ea014e78c\"},\"breadcrumb\":{\"@id\":\"https:\\\/\\\/2017.carnico.it\\\/blog\\\/2015\\\/06\\\/10\\\/300-gol-per-lorenzo-sala\\\/#breadcrumb\"},\"inLanguage\":\"it-IT\",\"potentialAction\":[{\"@type\":\"ReadAction\",\"target\":[\"https:\\\/\\\/2017.carnico.it\\\/blog\\\/2015\\\/06\\\/10\\\/300-gol-per-lorenzo-sala\\\/\"]}]},{\"@type\":\"ImageObject\",\"inLanguage\":\"it-IT\",\"@id\":\"https:\\\/\\\/2017.carnico.it\\\/blog\\\/2015\\\/06\\\/10\\\/300-gol-per-lorenzo-sala\\\/#primaryimage\",\"url\":\"https:\\\/\\\/www.carnico.it\\\/blog\\\/wp-content\\\/uploads\\\/2015\\\/06\\\/Sala-festeggiato-doipo-i-300-gol-185x250.jpg\",\"contentUrl\":\"https:\\\/\\\/www.carnico.it\\\/blog\\\/wp-content\\\/uploads\\\/2015\\\/06\\\/Sala-festeggiato-doipo-i-300-gol-185x250.jpg\"},{\"@type\":\"BreadcrumbList\",\"@id\":\"https:\\\/\\\/2017.carnico.it\\\/blog\\\/2015\\\/06\\\/10\\\/300-gol-per-lorenzo-sala\\\/#breadcrumb\",\"itemListElement\":[{\"@type\":\"ListItem\",\"position\":1,\"name\":\"Home\",\"item\":\"https:\\\/\\\/2017.carnico.it\\\/blog\\\/\"},{\"@type\":\"ListItem\",\"position\":2,\"name\":\"300 GOL PER LORENZO SALA\"}]},{\"@type\":\"WebSite\",\"@id\":\"https:\\\/\\\/2017.carnico.it\\\/blog\\\/#website\",\"url\":\"https:\\\/\\\/2017.carnico.it\\\/blog\\\/\",\"name\":\"Campionato Carnico 2017\",\"description\":\"Notizie e aggiornamenti in tempo reale sul campionato Carnico\",\"potentialAction\":[{\"@type\":\"SearchAction\",\"target\":{\"@type\":\"EntryPoint\",\"urlTemplate\":\"https:\\\/\\\/2017.carnico.it\\\/blog\\\/?s={search_term_string}\"},\"query-input\":{\"@type\":\"PropertyValueSpecification\",\"valueRequired\":true,\"valueName\":\"search_term_string\"}}],\"inLanguage\":\"it-IT\"},{\"@type\":\"Person\",\"@id\":\"https:\\\/\\\/2017.carnico.it\\\/blog\\\/#\\\/schema\\\/person\\\/a68c764693d96df3238f123ea014e78c\",\"name\":\"Redazione\",\"image\":{\"@type\":\"ImageObject\",\"inLanguage\":\"it-IT\",\"@id\":\"https:\\\/\\\/secure.gravatar.com\\\/avatar\\\/6c05bd4dddbea475e283f76b4aa2d778ecb35c06fd92df5f6e0cac552163e2ac?s=96&d=mm&r=g\",\"url\":\"https:\\\/\\\/secure.gravatar.com\\\/avatar\\\/6c05bd4dddbea475e283f76b4aa2d778ecb35c06fd92df5f6e0cac552163e2ac?s=96&d=mm&r=g\",\"contentUrl\":\"https:\\\/\\\/secure.gravatar.com\\\/avatar\\\/6c05bd4dddbea475e283f76b4aa2d778ecb35c06fd92df5f6e0cac552163e2ac?s=96&d=mm&r=g\",\"caption\":\"Redazione\"},\"url\":\"https:\\\/\\\/2017.carnico.it\\\/blog\\\/author\\\/clyco-admin\\\/\"}]}<\/script>\n<!-- \/ Yoast SEO plugin. -->","yoast_head_json":{"title":"300 GOL PER LORENZO SALA - Campionato Carnico 2017","robots":{"index":"index","follow":"follow","max-snippet":"max-snippet:-1","max-image-preview":"max-image-preview:large","max-video-preview":"max-video-preview:-1"},"canonical":"https:\/\/2017.carnico.it\/blog\/2015\/06\/10\/300-gol-per-lorenzo-sala\/","og_locale":"it_IT","og_type":"article","og_title":"300 GOL PER LORENZO SALA - Campionato Carnico 2017","og_description":"Importantissimo traguardo per Lorenzo Sala che con la doppietta rifilata domenica scorsa al Sappada raggiunge i 300 gol in carriera. L&#8217;attaccante dell&#8217;Audax diventa uno dei marcatori pi\u00f9 prolifici del Carnico. Trecento gol ed una lealt\u00e0, una correttezza ed una sportivit\u00e0 da prendere come esempio. Bravo Lorenzo! Complimenti da parte di tutta la redazione e dagli [&hellip;]","og_url":"https:\/\/2017.carnico.it\/blog\/2015\/06\/10\/300-gol-per-lorenzo-sala\/","og_site_name":"Campionato Carnico 2017","article_publisher":"https:\/\/www.facebook.com\/campionatocarnico\/","article_published_time":"2015-06-10T16:41:54+00:00","article_modified_time":"2015-06-10T16:42:19+00:00","og_image":[{"url":"https:\/\/www.carnico.it\/blog\/wp-content\/uploads\/2015\/06\/Sala-festeggiato-doipo-i-300-gol-185x250.jpg","type":"","width":"","height":""}],"author":"Redazione","twitter_card":"summary_large_image","twitter_misc":{"Scritto da":"Redazione"},"schema":{"@context":"https:\/\/schema.org","@graph":[{"@type":"Article","@id":"https:\/\/2017.carnico.it\/blog\/2015\/06\/10\/300-gol-per-lorenzo-sala\/#article","isPartOf":{"@id":"https:\/\/2017.carnico.it\/blog\/2015\/06\/10\/300-gol-per-lorenzo-sala\/"},"author":{"name":"Redazione","@id":"https:\/\/2017.carnico.it\/blog\/#\/schema\/person\/a68c764693d96df3238f123ea014e78c"},"headline":"300 GOL PER LORENZO SALA","datePublished":"2015-06-10T16:41:54+00:00","dateModified":"2015-06-10T16:42:19+00:00","mainEntityOfPage":{"@id":"https:\/\/2017.carnico.it\/blog\/2015\/06\/10\/300-gol-per-lorenzo-sala\/"},"wordCount":76,"commentCount":29,"image":{"@id":"https:\/\/2017.carnico.it\/blog\/2015\/06\/10\/300-gol-per-lorenzo-sala\/#primaryimage"},"thumbnailUrl":"https:\/\/www.carnico.it\/blog\/wp-content\/uploads\/2015\/06\/Sala-festeggiato-doipo-i-300-gol-185x250.jpg","articleSection":["Carnico","Varie"],"inLanguage":"it-IT","potentialAction":[{"@type":"CommentAction","name":"Comment","target":["https:\/\/2017.carnico.it\/blog\/2015\/06\/10\/300-gol-per-lorenzo-sala\/#respond"]}]},{"@type":"WebPage","@id":"https:\/\/2017.carnico.it\/blog\/2015\/06\/10\/300-gol-per-lorenzo-sala\/","url":"https:\/\/2017.carnico.it\/blog\/2015\/06\/10\/300-gol-per-lorenzo-sala\/","name":"300 GOL PER LORENZO SALA - Campionato Carnico 2017","isPartOf":{"@id":"https:\/\/2017.carnico.it\/blog\/#website"},"primaryImageOfPage":{"@id":"https:\/\/2017.carnico.it\/blog\/2015\/06\/10\/300-gol-per-lorenzo-sala\/#primaryimage"},"image":{"@id":"https:\/\/2017.carnico.it\/blog\/2015\/06\/10\/300-gol-per-lorenzo-sala\/#primaryimage"},"thumbnailUrl":"https:\/\/www.carnico.it\/blog\/wp-content\/uploads\/2015\/06\/Sala-festeggiato-doipo-i-300-gol-185x250.jpg","datePublished":"2015-06-10T16:41:54+00:00","dateModified":"2015-06-10T16:42:19+00:00","author":{"@id":"https:\/\/2017.carnico.it\/blog\/#\/schema\/person\/a68c764693d96df3238f123ea014e78c"},"breadcrumb":{"@id":"https:\/\/2017.carnico.it\/blog\/2015\/06\/10\/300-gol-per-lorenzo-sala\/#breadcrumb"},"inLanguage":"it-IT","potentialAction":[{"@type":"ReadAction","target":["https:\/\/2017.carnico.it\/blog\/2015\/06\/10\/300-gol-per-lorenzo-sala\/"]}]},{"@type":"ImageObject","inLanguage":"it-IT","@id":"https:\/\/2017.carnico.it\/blog\/2015\/06\/10\/300-gol-per-lorenzo-sala\/#primaryimage","url":"https:\/\/www.carnico.it\/blog\/wp-content\/uploads\/2015\/06\/Sala-festeggiato-doipo-i-300-gol-185x250.jpg","contentUrl":"https:\/\/www.carnico.it\/blog\/wp-content\/uploads\/2015\/06\/Sala-festeggiato-doipo-i-300-gol-185x250.jpg"},{"@type":"BreadcrumbList","@id":"https:\/\/2017.carnico.it\/blog\/2015\/06\/10\/300-gol-per-lorenzo-sala\/#breadcrumb","itemListElement":[{"@type":"ListItem","position":1,"name":"Home","item":"https:\/\/2017.carnico.it\/blog\/"},{"@type":"ListItem","position":2,"name":"300 GOL PER LORENZO SALA"}]},{"@type":"WebSite","@id":"https:\/\/2017.carnico.it\/blog\/#website","url":"https:\/\/2017.carnico.it\/blog\/","name":"Campionato Carnico 2017","description":"Notizie e aggiornamenti in tempo reale sul campionato Carnico","potentialAction":[{"@type":"SearchAction","target":{"@type":"EntryPoint","urlTemplate":"https:\/\/2017.carnico.it\/blog\/?s={search_term_string}"},"query-input":{"@type":"PropertyValueSpecification","valueRequired":true,"valueName":"search_term_string"}}],"inLanguage":"it-IT"},{"@type":"Person","@id":"https:\/\/2017.carnico.it\/blog\/#\/schema\/person\/a68c764693d96df3238f123ea014e78c","name":"Redazione","image":{"@type":"ImageObject","inLanguage":"it-IT","@id":"https:\/\/secure.gravatar.com\/avatar\/6c05bd4dddbea475e283f76b4aa2d778ecb35c06fd92df5f6e0cac552163e2ac?s=96&d=mm&r=g","url":"https:\/\/secure.gravatar.com\/avatar\/6c05bd4dddbea475e283f76b4aa2d778ecb35c06fd92df5f6e0cac552163e2ac?s=96&d=mm&r=g","contentUrl":"https:\/\/secure.gravatar.com\/avatar\/6c05bd4dddbea475e283f76b4aa2d778ecb35c06fd92df5f6e0cac552163e2ac?s=96&d=mm&r=g","caption":"Redazione"},"url":"https:\/\/2017.carnico.it\/blog\/author\/clyco-admin\/"}]}},"_links":{"self":[{"href":"https:\/\/2017.carnico.it\/blog\/wp-json\/wp\/v2\/posts\/11820","targetHints":{"allow":["GET"]}}],"collection":[{"href":"https:\/\/2017.carnico.it\/blog\/wp-json\/wp\/v2\/posts"}],"about":[{"href":"https:\/\/2017.carnico.it\/blog\/wp-json\/wp\/v2\/types\/post"}],"author":[{"embeddable":true,"href":"https:\/\/2017.carnico.it\/blog\/wp-json\/wp\/v2\/users\/10"}],"replies":[{"embeddable":true,"href":"https:\/\/2017.carnico.it\/blog\/wp-json\/wp\/v2\/comments?post=11820"}],"version-history":[{"count":2,"href":"https:\/\/2017.carnico.it\/blog\/wp-json\/wp\/v2\/posts\/11820\/revisions"}],"predecessor-version":[{"id":11823,"href":"https:\/\/2017.carnico.it\/blog\/wp-json\/wp\/v2\/posts\/11820\/revisions\/11823"}],"wp:attachment":[{"href":"https:\/\/2017.carnico.it\/blog\/wp-json\/wp\/v2\/media?parent=11820"}],"wp:term":[{"taxonomy":"category","embeddable":true,"href":"https:\/\/2017.carnico.it\/blog\/wp-json\/wp\/v2\/categories?post=11820"},{"taxonomy":"post_tag","embeddable":true,"href":"https:\/\/2017.carnico.it\/blog\/wp-json\/wp\/v2\/tags?post=11820"}],"curies":[{"name":"wp","href":"https:\/\/api.w.org\/{rel}","templated":true}]}}