{"id":11705,"date":"2015-05-25T22:28:04","date_gmt":"2015-05-25T20:28:04","guid":{"rendered":"http:\/\/www.carnico.it\/blog\/?p=11705"},"modified":"2015-05-25T22:28:19","modified_gmt":"2015-05-25T20:28:19","slug":"settima-edizione-del-parco-intercomunale-delle-colline-carniche","status":"publish","type":"post","link":"https:\/\/2017.carnico.it\/blog\/2015\/05\/25\/settima-edizione-del-parco-intercomunale-delle-colline-carniche\/","title":{"rendered":"SETTIMA EDIZIONE  DEL &#8220;PARCO INTERCOMUNALE DELLE COLLINE CARNICHE&#8221;"},"content":{"rendered":"<div id=\"attachment_11706\" style=\"width: 310px\" class=\"wp-caption alignleft\"><a href=\"https:\/\/www.carnico.it\/blog\/2015\/05\/25\/settima-edizione-del-parco-intercomunale-delle-colline-carniche\/akademie-karnten-vicnitrice-della-passata-edizione\/\" rel=\"attachment wp-att-11706\"><img loading=\"lazy\" decoding=\"async\" aria-describedby=\"caption-attachment-11706\" class=\"size-medium wp-image-11706\" src=\"https:\/\/www.carnico.it\/blog\/wp-content\/uploads\/2015\/05\/Akademie-Karnten-vicnitrice-della-passata-edizione-300x169.jpg\" alt=\"Akademie-Karnten, vicnitrice della passata edizione\" width=\"300\" height=\"169\" srcset=\"https:\/\/2017.carnico.it\/blog\/wp-content\/uploads\/2015\/05\/Akademie-Karnten-vicnitrice-della-passata-edizione-300x169.jpg 300w, https:\/\/2017.carnico.it\/blog\/wp-content\/uploads\/2015\/05\/Akademie-Karnten-vicnitrice-della-passata-edizione-450x254.jpg 450w, https:\/\/2017.carnico.it\/blog\/wp-content\/uploads\/2015\/05\/Akademie-Karnten-vicnitrice-della-passata-edizione-630x356.jpg 630w, https:\/\/2017.carnico.it\/blog\/wp-content\/uploads\/2015\/05\/Akademie-Karnten-vicnitrice-della-passata-edizione.jpg 700w\" sizes=\"auto, (max-width: 300px) 100vw, 300px\" \/><\/a><p id=\"caption-attachment-11706\" class=\"wp-caption-text\">Akademie-Karnten, vincitrice della passata edizione<\/p><\/div>\n<p>Sabato 30 e domenica 31 maggio al via la 7\u00aa edizione del Torneo \u201cParco intercomunale delle Colline Carniche\u201d riservato alla categoria Giovanissimi. Torneo che vede la collaborazione della Federazione Italiana Gioco calcio, la sezione allenatori della Carnia (Aiac) e la sezione carnica del settore arbitrale (Aia). Hanno dato la loro adesione otto formazioni che il Comitato organizzatore ha suddiviso in due gironi cos\u00ec composti: nel girone A giocheranno Udinese, Venezia, Pordenone e Casarsa. <!--more-->Nel girone B si misureranno Koper Capodistria, Vicenza, Ancona e Tolmezzo Carnia. Le gare si disputeranno sui campi di Villa Santina (sede centrale della manifestazione), Enemonzo, Lauco, Raveo e come \u201cfuori zona\u201d il comunale di Ampezzo. Il programma dettagliato.<br \/>\nSabato 30 maggio 2015<br \/>\nGirone A. Alle 15.30 ad Enemonzo, Casarsa-Pordenone e a Ampezzo, Udinese-Casarsa.<br \/>\nGirone B. Alle 15.30 a Lauco, Vicenza-Ancona e a Raveo, Tolmezzo Carnia- Koper Capodistria.<br \/>\nGirone A. Alle 18 ad Ampezzo, Udinese-Casarsa e a Villa Santina, Venezia-Pordenone.<br \/>\nGirone B. Alle 18 a Lauco, Vicenza Koper Capodistria e a\u00a0 Raveo, Tolmezzo Carnia-Ancona.<br \/>\nDomenica 31 maggio 2015<br \/>\nGirone A. Alle 10 ad Enemonzo, Venezia-Casarsa e ad Ampezzo,\u00a0 Udinese-Pordenone.<br \/>\nGirone B. Alle 10 a Raveo, Vicenza Tolmezzo Carnia e a Lauco Ancona-Koper Capodistria.<br \/>\nPer la compilazione delle classifiche finali al termine della fase eliminatoria, in caso di parit\u00e0 tra pi\u00f9 squadre si terr\u00e0 conto nell\u2019ordine del risultato dello scontro diretto, della differenza reti negli incontri fra le squadre a parit\u00e0 di punti, della differenza reti sul totale degli incontri del girone, del maggior numero di reti segnate nel girone ed in caso di persistente parit\u00e0 si proceder\u00e0 al sorteggio. Nel pomeriggio di domenica 31 maggio, le finali che vedranno alle 14 per il 7\u00b0 e 8\u00b0 posto le quarte classificate dei rispettivi gironi; alle 15 per il 5\u00b0 e 6\u00b0 posto le terze classificate dei gironi; alle 16 per il 3\u00b0 e 4\u00b0 posto le seconde classificate dei gironi ed alle 17 per il 1\u00b0 e 2\u00b0 posto le prime classificate dei due gironi. Alle 18.15 la cerimonia di premiazioni.<\/p>\n","protected":false},"excerpt":{"rendered":"<p>Sabato 30 e domenica 31 maggio al via la 7\u00aa edizione del Torneo \u201cParco intercomunale delle Colline Carniche\u201d riservato alla categoria Giovanissimi. Torneo che vede la collaborazione della Federazione Italiana Gioco calcio, la sezione allenatori della Carnia (Aiac) e la sezione carnica del settore arbitrale (Aia). Hanno dato la loro adesione otto formazioni che il [&hellip;]<\/p>\n","protected":false},"author":10,"featured_media":0,"comment_status":"open","ping_status":"closed","sticky":false,"template":"","format":"standard","meta":{"footnotes":""},"categories":[5],"tags":[],"class_list":["post-11705","post","type-post","status-publish","format-standard","hentry","category-varie"],"yoast_head":"<!-- This site is optimized with the Yoast SEO plugin v27.3 - https:\/\/yoast.com\/product\/yoast-seo-wordpress\/ -->\n<title>SETTIMA EDIZIONE DEL &quot;PARCO INTERCOMUNALE DELLE COLLINE CARNICHE&quot; - Campionato Carnico 2017<\/title>\n<meta name=\"robots\" content=\"index, follow, max-snippet:-1, max-image-preview:large, max-video-preview:-1\" \/>\n<link rel=\"canonical\" href=\"https:\/\/2017.carnico.it\/blog\/2015\/05\/25\/settima-edizione-del-parco-intercomunale-delle-colline-carniche\/\" \/>\n<meta property=\"og:locale\" content=\"it_IT\" \/>\n<meta property=\"og:type\" content=\"article\" \/>\n<meta property=\"og:title\" content=\"SETTIMA EDIZIONE DEL &quot;PARCO INTERCOMUNALE DELLE COLLINE CARNICHE&quot; - Campionato Carnico 2017\" \/>\n<meta property=\"og:description\" content=\"Sabato 30 e domenica 31 maggio al via la 7\u00aa edizione del Torneo \u201cParco intercomunale delle Colline Carniche\u201d riservato alla categoria Giovanissimi. Torneo che vede la collaborazione della Federazione Italiana Gioco calcio, la sezione allenatori della Carnia (Aiac) e la sezione carnica del settore arbitrale (Aia). Hanno dato la loro adesione otto formazioni che il [&hellip;]\" \/>\n<meta property=\"og:url\" content=\"https:\/\/2017.carnico.it\/blog\/2015\/05\/25\/settima-edizione-del-parco-intercomunale-delle-colline-carniche\/\" \/>\n<meta property=\"og:site_name\" content=\"Campionato Carnico 2017\" \/>\n<meta property=\"article:publisher\" content=\"https:\/\/www.facebook.com\/campionatocarnico\/\" \/>\n<meta property=\"article:published_time\" content=\"2015-05-25T20:28:04+00:00\" \/>\n<meta property=\"article:modified_time\" content=\"2015-05-25T20:28:19+00:00\" \/>\n<meta property=\"og:image\" content=\"https:\/\/www.carnico.it\/blog\/wp-content\/uploads\/2015\/05\/Akademie-Karnten-vicnitrice-della-passata-edizione-300x169.jpg\" \/>\n<meta name=\"author\" content=\"Redazione\" \/>\n<meta name=\"twitter:card\" content=\"summary_large_image\" \/>\n<meta name=\"twitter:label1\" content=\"Scritto da\" \/>\n\t<meta name=\"twitter:data1\" content=\"Redazione\" \/>\n\t<meta name=\"twitter:label2\" content=\"Tempo di lettura stimato\" \/>\n\t<meta name=\"twitter:data2\" content=\"2 minuti\" \/>\n<script type=\"application\/ld+json\" class=\"yoast-schema-graph\">{\"@context\":\"https:\\\/\\\/schema.org\",\"@graph\":[{\"@type\":\"Article\",\"@id\":\"https:\\\/\\\/2017.carnico.it\\\/blog\\\/2015\\\/05\\\/25\\\/settima-edizione-del-parco-intercomunale-delle-colline-carniche\\\/#article\",\"isPartOf\":{\"@id\":\"https:\\\/\\\/2017.carnico.it\\\/blog\\\/2015\\\/05\\\/25\\\/settima-edizione-del-parco-intercomunale-delle-colline-carniche\\\/\"},\"author\":{\"name\":\"Redazione\",\"@id\":\"https:\\\/\\\/2017.carnico.it\\\/blog\\\/#\\\/schema\\\/person\\\/a68c764693d96df3238f123ea014e78c\"},\"headline\":\"SETTIMA EDIZIONE DEL &#8220;PARCO INTERCOMUNALE DELLE COLLINE CARNICHE&#8221;\",\"datePublished\":\"2015-05-25T20:28:04+00:00\",\"dateModified\":\"2015-05-25T20:28:19+00:00\",\"mainEntityOfPage\":{\"@id\":\"https:\\\/\\\/2017.carnico.it\\\/blog\\\/2015\\\/05\\\/25\\\/settima-edizione-del-parco-intercomunale-delle-colline-carniche\\\/\"},\"wordCount\":327,\"commentCount\":3,\"image\":{\"@id\":\"https:\\\/\\\/2017.carnico.it\\\/blog\\\/2015\\\/05\\\/25\\\/settima-edizione-del-parco-intercomunale-delle-colline-carniche\\\/#primaryimage\"},\"thumbnailUrl\":\"https:\\\/\\\/www.carnico.it\\\/blog\\\/wp-content\\\/uploads\\\/2015\\\/05\\\/Akademie-Karnten-vicnitrice-della-passata-edizione-300x169.jpg\",\"articleSection\":[\"Varie\"],\"inLanguage\":\"it-IT\",\"potentialAction\":[{\"@type\":\"CommentAction\",\"name\":\"Comment\",\"target\":[\"https:\\\/\\\/2017.carnico.it\\\/blog\\\/2015\\\/05\\\/25\\\/settima-edizione-del-parco-intercomunale-delle-colline-carniche\\\/#respond\"]}]},{\"@type\":\"WebPage\",\"@id\":\"https:\\\/\\\/2017.carnico.it\\\/blog\\\/2015\\\/05\\\/25\\\/settima-edizione-del-parco-intercomunale-delle-colline-carniche\\\/\",\"url\":\"https:\\\/\\\/2017.carnico.it\\\/blog\\\/2015\\\/05\\\/25\\\/settima-edizione-del-parco-intercomunale-delle-colline-carniche\\\/\",\"name\":\"SETTIMA EDIZIONE DEL \\\"PARCO INTERCOMUNALE DELLE COLLINE CARNICHE\\\" - Campionato Carnico 2017\",\"isPartOf\":{\"@id\":\"https:\\\/\\\/2017.carnico.it\\\/blog\\\/#website\"},\"primaryImageOfPage\":{\"@id\":\"https:\\\/\\\/2017.carnico.it\\\/blog\\\/2015\\\/05\\\/25\\\/settima-edizione-del-parco-intercomunale-delle-colline-carniche\\\/#primaryimage\"},\"image\":{\"@id\":\"https:\\\/\\\/2017.carnico.it\\\/blog\\\/2015\\\/05\\\/25\\\/settima-edizione-del-parco-intercomunale-delle-colline-carniche\\\/#primaryimage\"},\"thumbnailUrl\":\"https:\\\/\\\/www.carnico.it\\\/blog\\\/wp-content\\\/uploads\\\/2015\\\/05\\\/Akademie-Karnten-vicnitrice-della-passata-edizione-300x169.jpg\",\"datePublished\":\"2015-05-25T20:28:04+00:00\",\"dateModified\":\"2015-05-25T20:28:19+00:00\",\"author\":{\"@id\":\"https:\\\/\\\/2017.carnico.it\\\/blog\\\/#\\\/schema\\\/person\\\/a68c764693d96df3238f123ea014e78c\"},\"breadcrumb\":{\"@id\":\"https:\\\/\\\/2017.carnico.it\\\/blog\\\/2015\\\/05\\\/25\\\/settima-edizione-del-parco-intercomunale-delle-colline-carniche\\\/#breadcrumb\"},\"inLanguage\":\"it-IT\",\"potentialAction\":[{\"@type\":\"ReadAction\",\"target\":[\"https:\\\/\\\/2017.carnico.it\\\/blog\\\/2015\\\/05\\\/25\\\/settima-edizione-del-parco-intercomunale-delle-colline-carniche\\\/\"]}]},{\"@type\":\"ImageObject\",\"inLanguage\":\"it-IT\",\"@id\":\"https:\\\/\\\/2017.carnico.it\\\/blog\\\/2015\\\/05\\\/25\\\/settima-edizione-del-parco-intercomunale-delle-colline-carniche\\\/#primaryimage\",\"url\":\"https:\\\/\\\/www.carnico.it\\\/blog\\\/wp-content\\\/uploads\\\/2015\\\/05\\\/Akademie-Karnten-vicnitrice-della-passata-edizione-300x169.jpg\",\"contentUrl\":\"https:\\\/\\\/www.carnico.it\\\/blog\\\/wp-content\\\/uploads\\\/2015\\\/05\\\/Akademie-Karnten-vicnitrice-della-passata-edizione-300x169.jpg\"},{\"@type\":\"BreadcrumbList\",\"@id\":\"https:\\\/\\\/2017.carnico.it\\\/blog\\\/2015\\\/05\\\/25\\\/settima-edizione-del-parco-intercomunale-delle-colline-carniche\\\/#breadcrumb\",\"itemListElement\":[{\"@type\":\"ListItem\",\"position\":1,\"name\":\"Home\",\"item\":\"https:\\\/\\\/2017.carnico.it\\\/blog\\\/\"},{\"@type\":\"ListItem\",\"position\":2,\"name\":\"SETTIMA EDIZIONE DEL &#8220;PARCO INTERCOMUNALE DELLE COLLINE CARNICHE&#8221;\"}]},{\"@type\":\"WebSite\",\"@id\":\"https:\\\/\\\/2017.carnico.it\\\/blog\\\/#website\",\"url\":\"https:\\\/\\\/2017.carnico.it\\\/blog\\\/\",\"name\":\"Campionato Carnico 2017\",\"description\":\"Notizie e aggiornamenti in tempo reale sul campionato Carnico\",\"potentialAction\":[{\"@type\":\"SearchAction\",\"target\":{\"@type\":\"EntryPoint\",\"urlTemplate\":\"https:\\\/\\\/2017.carnico.it\\\/blog\\\/?s={search_term_string}\"},\"query-input\":{\"@type\":\"PropertyValueSpecification\",\"valueRequired\":true,\"valueName\":\"search_term_string\"}}],\"inLanguage\":\"it-IT\"},{\"@type\":\"Person\",\"@id\":\"https:\\\/\\\/2017.carnico.it\\\/blog\\\/#\\\/schema\\\/person\\\/a68c764693d96df3238f123ea014e78c\",\"name\":\"Redazione\",\"image\":{\"@type\":\"ImageObject\",\"inLanguage\":\"it-IT\",\"@id\":\"https:\\\/\\\/secure.gravatar.com\\\/avatar\\\/6c05bd4dddbea475e283f76b4aa2d778ecb35c06fd92df5f6e0cac552163e2ac?s=96&d=mm&r=g\",\"url\":\"https:\\\/\\\/secure.gravatar.com\\\/avatar\\\/6c05bd4dddbea475e283f76b4aa2d778ecb35c06fd92df5f6e0cac552163e2ac?s=96&d=mm&r=g\",\"contentUrl\":\"https:\\\/\\\/secure.gravatar.com\\\/avatar\\\/6c05bd4dddbea475e283f76b4aa2d778ecb35c06fd92df5f6e0cac552163e2ac?s=96&d=mm&r=g\",\"caption\":\"Redazione\"},\"url\":\"https:\\\/\\\/2017.carnico.it\\\/blog\\\/author\\\/clyco-admin\\\/\"}]}<\/script>\n<!-- \/ Yoast SEO plugin. -->","yoast_head_json":{"title":"SETTIMA EDIZIONE DEL \"PARCO INTERCOMUNALE DELLE COLLINE CARNICHE\" - Campionato Carnico 2017","robots":{"index":"index","follow":"follow","max-snippet":"max-snippet:-1","max-image-preview":"max-image-preview:large","max-video-preview":"max-video-preview:-1"},"canonical":"https:\/\/2017.carnico.it\/blog\/2015\/05\/25\/settima-edizione-del-parco-intercomunale-delle-colline-carniche\/","og_locale":"it_IT","og_type":"article","og_title":"SETTIMA EDIZIONE DEL \"PARCO INTERCOMUNALE DELLE COLLINE CARNICHE\" - Campionato Carnico 2017","og_description":"Sabato 30 e domenica 31 maggio al via la 7\u00aa edizione del Torneo \u201cParco intercomunale delle Colline Carniche\u201d riservato alla categoria Giovanissimi. Torneo che vede la collaborazione della Federazione Italiana Gioco calcio, la sezione allenatori della Carnia (Aiac) e la sezione carnica del settore arbitrale (Aia). Hanno dato la loro adesione otto formazioni che il [&hellip;]","og_url":"https:\/\/2017.carnico.it\/blog\/2015\/05\/25\/settima-edizione-del-parco-intercomunale-delle-colline-carniche\/","og_site_name":"Campionato Carnico 2017","article_publisher":"https:\/\/www.facebook.com\/campionatocarnico\/","article_published_time":"2015-05-25T20:28:04+00:00","article_modified_time":"2015-05-25T20:28:19+00:00","og_image":[{"url":"https:\/\/www.carnico.it\/blog\/wp-content\/uploads\/2015\/05\/Akademie-Karnten-vicnitrice-della-passata-edizione-300x169.jpg","type":"","width":"","height":""}],"author":"Redazione","twitter_card":"summary_large_image","twitter_misc":{"Scritto da":"Redazione","Tempo di lettura stimato":"2 minuti"},"schema":{"@context":"https:\/\/schema.org","@graph":[{"@type":"Article","@id":"https:\/\/2017.carnico.it\/blog\/2015\/05\/25\/settima-edizione-del-parco-intercomunale-delle-colline-carniche\/#article","isPartOf":{"@id":"https:\/\/2017.carnico.it\/blog\/2015\/05\/25\/settima-edizione-del-parco-intercomunale-delle-colline-carniche\/"},"author":{"name":"Redazione","@id":"https:\/\/2017.carnico.it\/blog\/#\/schema\/person\/a68c764693d96df3238f123ea014e78c"},"headline":"SETTIMA EDIZIONE DEL &#8220;PARCO INTERCOMUNALE DELLE COLLINE CARNICHE&#8221;","datePublished":"2015-05-25T20:28:04+00:00","dateModified":"2015-05-25T20:28:19+00:00","mainEntityOfPage":{"@id":"https:\/\/2017.carnico.it\/blog\/2015\/05\/25\/settima-edizione-del-parco-intercomunale-delle-colline-carniche\/"},"wordCount":327,"commentCount":3,"image":{"@id":"https:\/\/2017.carnico.it\/blog\/2015\/05\/25\/settima-edizione-del-parco-intercomunale-delle-colline-carniche\/#primaryimage"},"thumbnailUrl":"https:\/\/www.carnico.it\/blog\/wp-content\/uploads\/2015\/05\/Akademie-Karnten-vicnitrice-della-passata-edizione-300x169.jpg","articleSection":["Varie"],"inLanguage":"it-IT","potentialAction":[{"@type":"CommentAction","name":"Comment","target":["https:\/\/2017.carnico.it\/blog\/2015\/05\/25\/settima-edizione-del-parco-intercomunale-delle-colline-carniche\/#respond"]}]},{"@type":"WebPage","@id":"https:\/\/2017.carnico.it\/blog\/2015\/05\/25\/settima-edizione-del-parco-intercomunale-delle-colline-carniche\/","url":"https:\/\/2017.carnico.it\/blog\/2015\/05\/25\/settima-edizione-del-parco-intercomunale-delle-colline-carniche\/","name":"SETTIMA EDIZIONE DEL \"PARCO INTERCOMUNALE DELLE COLLINE CARNICHE\" - Campionato Carnico 2017","isPartOf":{"@id":"https:\/\/2017.carnico.it\/blog\/#website"},"primaryImageOfPage":{"@id":"https:\/\/2017.carnico.it\/blog\/2015\/05\/25\/settima-edizione-del-parco-intercomunale-delle-colline-carniche\/#primaryimage"},"image":{"@id":"https:\/\/2017.carnico.it\/blog\/2015\/05\/25\/settima-edizione-del-parco-intercomunale-delle-colline-carniche\/#primaryimage"},"thumbnailUrl":"https:\/\/www.carnico.it\/blog\/wp-content\/uploads\/2015\/05\/Akademie-Karnten-vicnitrice-della-passata-edizione-300x169.jpg","datePublished":"2015-05-25T20:28:04+00:00","dateModified":"2015-05-25T20:28:19+00:00","author":{"@id":"https:\/\/2017.carnico.it\/blog\/#\/schema\/person\/a68c764693d96df3238f123ea014e78c"},"breadcrumb":{"@id":"https:\/\/2017.carnico.it\/blog\/2015\/05\/25\/settima-edizione-del-parco-intercomunale-delle-colline-carniche\/#breadcrumb"},"inLanguage":"it-IT","potentialAction":[{"@type":"ReadAction","target":["https:\/\/2017.carnico.it\/blog\/2015\/05\/25\/settima-edizione-del-parco-intercomunale-delle-colline-carniche\/"]}]},{"@type":"ImageObject","inLanguage":"it-IT","@id":"https:\/\/2017.carnico.it\/blog\/2015\/05\/25\/settima-edizione-del-parco-intercomunale-delle-colline-carniche\/#primaryimage","url":"https:\/\/www.carnico.it\/blog\/wp-content\/uploads\/2015\/05\/Akademie-Karnten-vicnitrice-della-passata-edizione-300x169.jpg","contentUrl":"https:\/\/www.carnico.it\/blog\/wp-content\/uploads\/2015\/05\/Akademie-Karnten-vicnitrice-della-passata-edizione-300x169.jpg"},{"@type":"BreadcrumbList","@id":"https:\/\/2017.carnico.it\/blog\/2015\/05\/25\/settima-edizione-del-parco-intercomunale-delle-colline-carniche\/#breadcrumb","itemListElement":[{"@type":"ListItem","position":1,"name":"Home","item":"https:\/\/2017.carnico.it\/blog\/"},{"@type":"ListItem","position":2,"name":"SETTIMA EDIZIONE DEL &#8220;PARCO INTERCOMUNALE DELLE COLLINE CARNICHE&#8221;"}]},{"@type":"WebSite","@id":"https:\/\/2017.carnico.it\/blog\/#website","url":"https:\/\/2017.carnico.it\/blog\/","name":"Campionato Carnico 2017","description":"Notizie e aggiornamenti in tempo reale sul campionato Carnico","potentialAction":[{"@type":"SearchAction","target":{"@type":"EntryPoint","urlTemplate":"https:\/\/2017.carnico.it\/blog\/?s={search_term_string}"},"query-input":{"@type":"PropertyValueSpecification","valueRequired":true,"valueName":"search_term_string"}}],"inLanguage":"it-IT"},{"@type":"Person","@id":"https:\/\/2017.carnico.it\/blog\/#\/schema\/person\/a68c764693d96df3238f123ea014e78c","name":"Redazione","image":{"@type":"ImageObject","inLanguage":"it-IT","@id":"https:\/\/secure.gravatar.com\/avatar\/6c05bd4dddbea475e283f76b4aa2d778ecb35c06fd92df5f6e0cac552163e2ac?s=96&d=mm&r=g","url":"https:\/\/secure.gravatar.com\/avatar\/6c05bd4dddbea475e283f76b4aa2d778ecb35c06fd92df5f6e0cac552163e2ac?s=96&d=mm&r=g","contentUrl":"https:\/\/secure.gravatar.com\/avatar\/6c05bd4dddbea475e283f76b4aa2d778ecb35c06fd92df5f6e0cac552163e2ac?s=96&d=mm&r=g","caption":"Redazione"},"url":"https:\/\/2017.carnico.it\/blog\/author\/clyco-admin\/"}]}},"_links":{"self":[{"href":"https:\/\/2017.carnico.it\/blog\/wp-json\/wp\/v2\/posts\/11705","targetHints":{"allow":["GET"]}}],"collection":[{"href":"https:\/\/2017.carnico.it\/blog\/wp-json\/wp\/v2\/posts"}],"about":[{"href":"https:\/\/2017.carnico.it\/blog\/wp-json\/wp\/v2\/types\/post"}],"author":[{"embeddable":true,"href":"https:\/\/2017.carnico.it\/blog\/wp-json\/wp\/v2\/users\/10"}],"replies":[{"embeddable":true,"href":"https:\/\/2017.carnico.it\/blog\/wp-json\/wp\/v2\/comments?post=11705"}],"version-history":[{"count":2,"href":"https:\/\/2017.carnico.it\/blog\/wp-json\/wp\/v2\/posts\/11705\/revisions"}],"predecessor-version":[{"id":11708,"href":"https:\/\/2017.carnico.it\/blog\/wp-json\/wp\/v2\/posts\/11705\/revisions\/11708"}],"wp:attachment":[{"href":"https:\/\/2017.carnico.it\/blog\/wp-json\/wp\/v2\/media?parent=11705"}],"wp:term":[{"taxonomy":"category","embeddable":true,"href":"https:\/\/2017.carnico.it\/blog\/wp-json\/wp\/v2\/categories?post=11705"},{"taxonomy":"post_tag","embeddable":true,"href":"https:\/\/2017.carnico.it\/blog\/wp-json\/wp\/v2\/tags?post=11705"}],"curies":[{"name":"wp","href":"https:\/\/api.w.org\/{rel}","templated":true}]}}